{"id":988,"date":"2009-11-19T00:02:29","date_gmt":"2009-11-19T02:02:29","guid":{"rendered":"http:\/\/www.adf.org.br\/home\/?p=988"},"modified":"2009-11-19T00:02:29","modified_gmt":"2009-11-19T02:02:29","slug":"catolicos-defendem-o-crucifixo-nas-escolas-da-italia","status":"publish","type":"post","link":"https:\/\/www.adf.org.br\/home\/catolicos-defendem-o-crucifixo-nas-escolas-da-italia\/","title":{"rendered":"Cat\u00f3licos defendem o Crucifixo nas escolas da It\u00e1lia"},"content":{"rendered":"<p><img loading=\"lazy\" class=\"alignleft size-full wp-image-989\" title=\"Crucifixo_em_sala_de_aula\" src=\"http:\/\/www.adf.org.br\/home\/wp-content\/uploads\/2009\/11\/Crucifixo_em_sala_de_aula.jpg\" alt=\"Crucifixo_em_sala_de_aula\" width=\"351\" height=\"273\" \/>O catolicidade do povo italiano est\u00e1 reagindo de um modo admir\u00e1vel \u00e0 uma senten\u00e7a anticrist\u00e3 do Tribunal Europeu de Direitos Humanos que pro\u00edbe os crucifixos nas salas de aula.<\/p>\n<p>O Tribunal pretextou que a presen\u00e7a de Jesus Crucificado constitui <em>\u201cviola\u00e7\u00e3o da liberdade dos pais a educar seus filhos segundo suas convic\u00e7\u00f5es\u201d<\/em> e uma \u201c<em>viola\u00e7\u00e3o da liberdade religiosas dos alunos\u201d.<\/em><\/p>\n<p>A in\u00edqua decis\u00e3o \u00e9 inteiramente acorde com o esp\u00edrito e as finalidades do processo de unifica\u00e7\u00e3o europ\u00e9ia.<\/p>\n<p>Nesse processo, a Uni\u00e3o Europ\u00e9ia (UE) \u00e9 a organiza\u00e7\u00e3o mais conhecida, e vem escondendo seu rosto anti-crist\u00e3o e anti-europeu com artif\u00edcios verbais, textos legais obscuros e agindo de costas aos povos europeus.<\/p>\n<p>Mas a cat\u00f3lica It\u00e1lia, desta vez, n\u00e3o se deixou ludibriar. A ag\u00eancia alem\u00e3 <a href=\"http:\/\/www.kreuz.net\/article.10127.html\">kreuz.net <\/a>publicou farta informa\u00e7\u00e3o sobre esta exemplar rea\u00e7\u00e3o popular, sob o sintom\u00e1tico t\u00edtulo: \u201c<a href=\"http:\/\/www.kreuz.net\/article.10116.html%20\">Esta \u00e9 a resposta ao Juiz turco de Estrasburgo<\/a>!\u201d Em toda a It\u00e1lia inicia-se uma competi\u00e7\u00e3o para mostrar isso aos ju\u00edzes de Estrasburgo.<\/p>\n<p>Por exemplo, o prefeito de San Remo, Maurizio Zoccarato, colocou uma cruz de dois metros no pr\u00e9dio da prefeitura e convidou todos os diretores de escolas a afixarem cruzes nas salas de aula. A cidade de San Remo encontra-se no extremo noroeste da It\u00e1lia.<\/p>\n<p><a href=\"http:\/\/3.bp.blogspot.com\/_Y_eZ2Dg0N8A\/SwLgV9zLzgI\/AAAAAAAAEEQ\/xRaUd9z9W7M\/s1600\/Croce_Teatro_Vincenzo_Bellini,_Catania.jpg\"><\/a><img loading=\"lazy\" class=\"alignright size-full wp-image-990\" title=\"Croce_Teatro_Vincenzo_Bellini,_Catania\" src=\"http:\/\/www.adf.org.br\/home\/wp-content\/uploads\/2009\/11\/Croce_Teatro_Vincenzo_Bellini_Catania.jpg\" alt=\"Croce_Teatro_Vincenzo_Bellini,_Catania\" width=\"320\" height=\"213\" srcset=\"https:\/\/www.adf.org.br\/home\/wp-content\/uploads\/2009\/11\/Croce_Teatro_Vincenzo_Bellini_Catania.jpg 320w, https:\/\/www.adf.org.br\/home\/wp-content\/uploads\/2009\/11\/Croce_Teatro_Vincenzo_Bellini_Catania-300x200.jpg 300w\" sizes=\"(max-width: 320px) 100vw, 320px\" \/>Na cidade de Busto Arsizio, perto de Mil\u00e3o, a administra\u00e7\u00e3o municipal hasteou as bandeiras da Uni\u00e3o Europ\u00e9ia em frente aos pr\u00e9dios oficiais a meio mastro.<\/p>\n<p><strong>Teatro Bellini de Catania, na Sic\u00edlia<\/strong><\/p>\n<p>Um enorme crucifixo est\u00e1 resplandecendo h\u00e1 pouco tempo diante da fachada do Teatro Bellini de Catania, na Sic\u00edlia. A decis\u00e3o foi do superintendente Antonio Fiumefreddo, que declarou: \u201cfique claro que n\u00f3s n\u00e3o pretendemos esconder nossa F\u00e9 nem tir\u00e1-la dos muros, pelo contr\u00e1rio queremos nos mostrar orgulhosos dela\u201d.<\/p>\n<p>A iniciativa, entretanto, foi <a href=\"http:\/\/palermo.repubblica.it\/dettaglio\/Appello-di-un-prete:-Via-la-croce-dal-teatro\/1770994?ref=rephp\">criticada pelo vice-p\u00e1roco <\/a>da igreja de S\u00e3o Pedro e S\u00e3o Paulo de Catania, Pe Salvatore Resca, um dos poucos que aderiu \u00e0 campanha contra Cristo, tal vez em nome de uma mal-entendida modernidade. O sacerdote foi aplaudido pela <a href=\"http:\/\/www.uaar.it\/news\/2009\/11\/05\/no-europeo-crocifisso-comuni-oltranzisti\/\">Uni\u00e3o dos ateus e agn\u00f3sticos racionalistas.<br \/>\n<\/a><br \/>\nIn\u00fameras comunidades italianas encomendaram novas cruzes para as suas escolas.<\/p>\n<p>A cidade Sassuolo na prov\u00edncia de Modena no norte da It\u00e1lia encomendou cinq\u00fcenta novos crucifixos. Eles dever\u00e3o ser pendurados em todas as salas de aula em que ainda n\u00e3o houver algum.<\/p>\n<p><a href=\"http:\/\/2.bp.blogspot.com\/_Y_eZ2Dg0N8A\/SwLg-eRgN3I\/AAAAAAAAEEY\/3ButxEWMTfA\/s1600\/Crucifixo,_San_Donato,_Italia.jpg\"><\/a><img loading=\"lazy\" class=\"alignleft size-full wp-image-991\" title=\"Crucifixo,_San_Donato,_Italia\" src=\"http:\/\/www.adf.org.br\/home\/wp-content\/uploads\/2009\/11\/Crucifixo_San_Donato_Italia.jpg\" alt=\"Crucifixo,_San_Donato,_Italia\" width=\"260\" height=\"333\" srcset=\"https:\/\/www.adf.org.br\/home\/wp-content\/uploads\/2009\/11\/Crucifixo_San_Donato_Italia.jpg 312w, https:\/\/www.adf.org.br\/home\/wp-content\/uploads\/2009\/11\/Crucifixo_San_Donato_Italia-234x300.jpg 234w\" sizes=\"(max-width: 260px) 100vw, 260px\" \/>O Ministro da Defesa Ignazio La Russa abordou o tema da defesa nacional espiritual em uma discuss\u00e3o de TV: \u201cTodas as cruzes devem permanecer penduradas, e os opositores da cruz que morram, juntamente com essas institui\u00e7\u00f5es aparentemente internacionais!\u201d<\/p>\n<p>A comunidade Montegrotto Terme com 10.000 habitantes \u2013 onze quil\u00f4metros a sudoeste de P\u00e1dua \u2013 anuncia em placas de n\u00e9on: \u201cNoi non lo togliamo\u201d \u2013 \u201cN\u00f3s n\u00e3o o tiramos\u201d.<\/p>\n<p>O prefeito da cidade de Treviso, noroeste da It\u00e1lia, resumiu a situa\u00e7\u00e3o muito bem: \u201cEncontramo-nos no reino da dem\u00eancia, essa \u00e9 uma decis\u00e3o, que clama por vingan\u00e7a. O tribunal deve processar a si mesmo pelo crime que cometeu!\u201d<\/p>\n<p>O prefeito de Assis sugeriu que al\u00e9m dos crucifixos fossem colocados tamb\u00e9m pres\u00e9pios nas salas de aula. O pres\u00e9pio foi inventado por S\u00e3o Francisco de Assis na Idade M\u00e9dia e est\u00e1 se aproximando a \u00e9poca de Natal.<\/p>\n<p>O prefeito da cidade de Trieste esclareceu que tudo permaneceria do jeito que est\u00e1.<\/p>\n<p>A C\u00e2mara de Com\u00e9rcio de Roma \u2012 Confcommercio, pediu que as lojas pendurassem crucifixos.<\/p>\n<p><a href=\"http:\/\/4.bp.blogspot.com\/_Y_eZ2Dg0N8A\/SwLhLcOq7AI\/AAAAAAAAEEg\/RVBwdsauZek\/s1600\/Crucifixo,_Paolo_Veneziano_(1300-1362).jpg\"><\/a><img loading=\"lazy\" class=\"alignright size-full wp-image-992\" title=\"Crucifixo,_Paolo_Veneziano_(1300-1362)\" src=\"http:\/\/www.adf.org.br\/home\/wp-content\/uploads\/2009\/11\/Crucifixo_Paolo_Veneziano_1300-1362.jpg\" alt=\"Crucifixo,_Paolo_Veneziano_(1300-1362)\" width=\"264\" height=\"250\" \/>Na comunidade Abano Terme \u2013 onde mora a ate\u00edsta militante finlandesa que reclamou do crucifixo \u2013 houve protestos em frente das escolas a favor da Cruz de Cristo.<\/p>\n<p><strong>Crucifixo,PaoloVeneziano &#8211; Foto<\/strong><\/p>\n<p>Segundo a Uni\u00e3o dos ateus e agn\u00f3sticos racionalistas \u2012 que obviamente rejubila com a proibi\u00e7\u00e3o anticrist\u00e3 \u2012 Massimo Bitonci, prefeito de Cittadella aconselhou ao prefeito de Abano Terme revogar a licencia de resid\u00eancia da fam\u00edlia Albertin, e advertiu que \u201cse estas pessoas tivessem que passar por Cittadella poderiam encontrar suas fotos coladas nas paredes com o dizer \u201cWanted\u201d.<\/p>\n<p>O prefeito de Galzignano Terme na prov\u00edncia de P\u00e1dua, Riccardo Roman, ordenou coloca\u00e7\u00e3o imediata de cruzes em todos os edif\u00edcios p\u00fablicos \u2013 n\u00e3o somente escolas, mas tamb\u00e9m na Prefeitura e museus.<\/p>\n<p><a href=\"http:\/\/1.bp.blogspot.com\/_Y_eZ2Dg0N8A\/SwLhV65t9AI\/AAAAAAAAEEo\/9pLmJijdpps\/s1600\/Crucifixo,_Santa_Maria_in_Aracoeli,_Roma,_Fra_Vincenzo_da_Bassiano.jpg\"><\/a><img loading=\"lazy\" class=\"alignleft size-full wp-image-993\" title=\"Crucifixo,_Santa_Maria_in_Aracoeli,_Roma,_Fra_Vincenzo_da_Bassiano\" src=\"http:\/\/www.adf.org.br\/home\/wp-content\/uploads\/2009\/11\/Crucifixo_Santa_Maria_in_Aracoeli_Roma_Fra_Vincenzo_da_Bassiano.jpg\" alt=\"Crucifixo,_Santa_Maria_in_Aracoeli,_Roma,_Fra_Vincenzo_da_Bassiano\" width=\"348\" height=\"222\" \/>Dentro de duas semanas a pol\u00edcia ir\u00e1 conferir se a ordem foi obedecida, caso contr\u00e1rio haver\u00e1 uma multa de 500 Euros.<\/p>\n<p>O Prefeito Maurizio Bizzarri da comunidade de Scarlino no sul da Toscana imp\u00f4s uma multa de 500 \u20acuros para aqueles que retirarem uma cruz dos pr\u00e9dios p\u00fablicos.<\/p>\n<p><strong>Crucifixo,Santa Maria in Aracoeli, Roma. &#8211; Foto<\/strong><\/p>\n<p>Na cidade de Trapani no extremo oeste da Sic\u00edlia o presidente e o assessor do governo da prov\u00edncia encomendaram 72 cruzes com recursos pr\u00f3prios.<\/p>\n<p>Na cidade de N\u00e1poles uma picha\u00e7\u00e3o dizia: \u201cSe arrancar a cruz, eu arranco a tua m\u00e3o!\u201d<\/p>\n<p><strong>Fonte: <a href=\"http:\/\/luzesdeesperanca.blogspot.com\/2009\/11\/catolicos-saem-em-defesa-do-crucifixo.html\">Blog Luzes de Esperan\u00e7a<\/a><\/strong><\/p>\n","protected":false},"excerpt":{"rendered":"<p>O catolicidade do povo italiano est\u00e1 reagindo de um modo admir\u00e1vel \u00e0 uma senten\u00e7a anticrist\u00e3 do Tribunal Europeu de Direitos Humanos que pro\u00edbe os crucifixos nas salas de aula. O Tribunal pretextou que a presen\u00e7a de Jesus Crucificado constitui \u201cviola\u00e7\u00e3o da liberdade dos pais a educar seus filhos segundo suas convic\u00e7\u00f5es\u201d e uma \u201cviola\u00e7\u00e3o da [&hellip;]<\/p>\n","protected":false},"author":27,"featured_media":0,"comment_status":"open","ping_status":"open","sticky":false,"template":"","format":"standard","meta":[],"categories":[20],"tags":[],"yoast_head":"<!-- This site is optimized with the Yoast SEO plugin v17.4 - https:\/\/yoast.com\/wordpress\/plugins\/seo\/ -->\n<title>Cat\u00f3licos defendem o Crucifixo nas escolas da It\u00e1lia - Associa\u00e7\u00e3o Devotos de F\u00e1tima<\/title>\n<meta name=\"robots\" content=\"index, follow, max-snippet:-1, max-image-preview:large, max-video-preview:-1\" \/>\n<link rel=\"canonical\" href=\"https:\/\/www.adf.org.br\/home\/catolicos-defendem-o-crucifixo-nas-escolas-da-italia\/\" \/>\n<meta property=\"og:locale\" content=\"pt_BR\" \/>\n<meta property=\"og:type\" content=\"article\" \/>\n<meta property=\"og:title\" content=\"Cat\u00f3licos defendem o Crucifixo nas escolas da It\u00e1lia - Associa\u00e7\u00e3o Devotos de F\u00e1tima\" \/>\n<meta property=\"og:description\" content=\"O catolicidade do povo italiano est\u00e1 reagindo de um modo admir\u00e1vel \u00e0 uma senten\u00e7a anticrist\u00e3 do Tribunal Europeu de Direitos Humanos que pro\u00edbe os crucifixos nas salas de aula. O Tribunal pretextou que a presen\u00e7a de Jesus Crucificado constitui \u201cviola\u00e7\u00e3o da liberdade dos pais a educar seus filhos segundo suas convic\u00e7\u00f5es\u201d e uma \u201cviola\u00e7\u00e3o da [&hellip;]\" \/>\n<meta property=\"og:url\" content=\"https:\/\/www.adf.org.br\/home\/catolicos-defendem-o-crucifixo-nas-escolas-da-italia\/\" \/>\n<meta property=\"og:site_name\" content=\"Associa\u00e7\u00e3o Devotos de F\u00e1tima\" \/>\n<meta property=\"article:published_time\" content=\"2009-11-19T02:02:29+00:00\" \/>\n<meta property=\"og:image\" content=\"http:\/\/www.adf.org.br\/home\/wp-content\/uploads\/2009\/11\/Crucifixo_em_sala_de_aula.jpg\" \/>\n<meta name=\"twitter:card\" content=\"summary_large_image\" \/>\n<meta name=\"twitter:label1\" content=\"Escrito por\" \/>\n\t<meta name=\"twitter:data1\" content=\"Gabriel Barbosa\" \/>\n\t<meta name=\"twitter:label2\" content=\"Est. tempo de leitura\" \/>\n\t<meta name=\"twitter:data2\" content=\"4 minutos\" \/>\n<script type=\"application\/ld+json\" class=\"yoast-schema-graph\">{\"@context\":\"https:\/\/schema.org\",\"@graph\":[{\"@type\":\"WebSite\",\"@id\":\"https:\/\/www.adf.org.br\/home\/#website\",\"url\":\"https:\/\/www.adf.org.br\/home\/\",\"name\":\"Associa\\u00e7\\u00e3o Devotos de F\\u00e1tima\",\"description\":\"Associa\\u00e7\\u00e3o Devotos de F\\u00e1tima\",\"potentialAction\":[{\"@type\":\"SearchAction\",\"target\":{\"@type\":\"EntryPoint\",\"urlTemplate\":\"https:\/\/www.adf.org.br\/home\/?s={search_term_string}\"},\"query-input\":\"required name=search_term_string\"}],\"inLanguage\":\"pt-BR\"},{\"@type\":\"ImageObject\",\"@id\":\"https:\/\/www.adf.org.br\/home\/catolicos-defendem-o-crucifixo-nas-escolas-da-italia\/#primaryimage\",\"inLanguage\":\"pt-BR\",\"url\":\"http:\/\/www.adf.org.br\/home\/wp-content\/uploads\/2009\/11\/Crucifixo_em_sala_de_aula.jpg\",\"contentUrl\":\"http:\/\/www.adf.org.br\/home\/wp-content\/uploads\/2009\/11\/Crucifixo_em_sala_de_aula.jpg\"},{\"@type\":\"WebPage\",\"@id\":\"https:\/\/www.adf.org.br\/home\/catolicos-defendem-o-crucifixo-nas-escolas-da-italia\/#webpage\",\"url\":\"https:\/\/www.adf.org.br\/home\/catolicos-defendem-o-crucifixo-nas-escolas-da-italia\/\",\"name\":\"Cat\\u00f3licos defendem o Crucifixo nas escolas da It\\u00e1lia - Associa\\u00e7\\u00e3o Devotos de F\\u00e1tima\",\"isPartOf\":{\"@id\":\"https:\/\/www.adf.org.br\/home\/#website\"},\"primaryImageOfPage\":{\"@id\":\"https:\/\/www.adf.org.br\/home\/catolicos-defendem-o-crucifixo-nas-escolas-da-italia\/#primaryimage\"},\"datePublished\":\"2009-11-19T02:02:29+00:00\",\"dateModified\":\"2009-11-19T02:02:29+00:00\",\"author\":{\"@id\":\"https:\/\/www.adf.org.br\/home\/#\/schema\/person\/affa494ecf91434f3620f5392de44327\"},\"breadcrumb\":{\"@id\":\"https:\/\/www.adf.org.br\/home\/catolicos-defendem-o-crucifixo-nas-escolas-da-italia\/#breadcrumb\"},\"inLanguage\":\"pt-BR\",\"potentialAction\":[{\"@type\":\"ReadAction\",\"target\":[\"https:\/\/www.adf.org.br\/home\/catolicos-defendem-o-crucifixo-nas-escolas-da-italia\/\"]}]},{\"@type\":\"BreadcrumbList\",\"@id\":\"https:\/\/www.adf.org.br\/home\/catolicos-defendem-o-crucifixo-nas-escolas-da-italia\/#breadcrumb\",\"itemListElement\":[{\"@type\":\"ListItem\",\"position\":1,\"name\":\"Home\",\"item\":\"https:\/\/www.adf.org.br\/home\/\"},{\"@type\":\"ListItem\",\"position\":2,\"name\":\"Cat\\u00f3licos defendem o Crucifixo nas escolas da It\\u00e1lia\"}]},{\"@type\":\"Person\",\"@id\":\"https:\/\/www.adf.org.br\/home\/#\/schema\/person\/affa494ecf91434f3620f5392de44327\",\"name\":\"Gabriel Barbosa\",\"image\":{\"@type\":\"ImageObject\",\"@id\":\"https:\/\/www.adf.org.br\/home\/#personlogo\",\"inLanguage\":\"pt-BR\",\"url\":\"https:\/\/secure.gravatar.com\/avatar\/ecf2eab02e30486a7038f8b2858de06a?s=96&d=mm&r=g\",\"contentUrl\":\"https:\/\/secure.gravatar.com\/avatar\/ecf2eab02e30486a7038f8b2858de06a?s=96&d=mm&r=g\",\"caption\":\"Gabriel Barbosa\"},\"url\":\"https:\/\/www.adf.org.br\/home\/author\/gabriel-aascj\/\"}]}<\/script>\n<!-- \/ Yoast SEO plugin. -->","yoast_head_json":{"title":"Cat\u00f3licos defendem o Crucifixo nas escolas da It\u00e1lia - Associa\u00e7\u00e3o Devotos de F\u00e1tima","robots":{"index":"index","follow":"follow","max-snippet":"max-snippet:-1","max-image-preview":"max-image-preview:large","max-video-preview":"max-video-preview:-1"},"canonical":"https:\/\/www.adf.org.br\/home\/catolicos-defendem-o-crucifixo-nas-escolas-da-italia\/","og_locale":"pt_BR","og_type":"article","og_title":"Cat\u00f3licos defendem o Crucifixo nas escolas da It\u00e1lia - Associa\u00e7\u00e3o Devotos de F\u00e1tima","og_description":"O catolicidade do povo italiano est\u00e1 reagindo de um modo admir\u00e1vel \u00e0 uma senten\u00e7a anticrist\u00e3 do Tribunal Europeu de Direitos Humanos que pro\u00edbe os crucifixos nas salas de aula. O Tribunal pretextou que a presen\u00e7a de Jesus Crucificado constitui \u201cviola\u00e7\u00e3o da liberdade dos pais a educar seus filhos segundo suas convic\u00e7\u00f5es\u201d e uma \u201cviola\u00e7\u00e3o da [&hellip;]","og_url":"https:\/\/www.adf.org.br\/home\/catolicos-defendem-o-crucifixo-nas-escolas-da-italia\/","og_site_name":"Associa\u00e7\u00e3o Devotos de F\u00e1tima","article_published_time":"2009-11-19T02:02:29+00:00","og_image":[{"url":"http:\/\/www.adf.org.br\/home\/wp-content\/uploads\/2009\/11\/Crucifixo_em_sala_de_aula.jpg"}],"twitter_card":"summary_large_image","twitter_misc":{"Escrito por":"Gabriel Barbosa","Est. tempo de leitura":"4 minutos"},"schema":{"@context":"https:\/\/schema.org","@graph":[{"@type":"WebSite","@id":"https:\/\/www.adf.org.br\/home\/#website","url":"https:\/\/www.adf.org.br\/home\/","name":"Associa\u00e7\u00e3o Devotos de F\u00e1tima","description":"Associa\u00e7\u00e3o Devotos de F\u00e1tima","potentialAction":[{"@type":"SearchAction","target":{"@type":"EntryPoint","urlTemplate":"https:\/\/www.adf.org.br\/home\/?s={search_term_string}"},"query-input":"required name=search_term_string"}],"inLanguage":"pt-BR"},{"@type":"ImageObject","@id":"https:\/\/www.adf.org.br\/home\/catolicos-defendem-o-crucifixo-nas-escolas-da-italia\/#primaryimage","inLanguage":"pt-BR","url":"http:\/\/www.adf.org.br\/home\/wp-content\/uploads\/2009\/11\/Crucifixo_em_sala_de_aula.jpg","contentUrl":"http:\/\/www.adf.org.br\/home\/wp-content\/uploads\/2009\/11\/Crucifixo_em_sala_de_aula.jpg"},{"@type":"WebPage","@id":"https:\/\/www.adf.org.br\/home\/catolicos-defendem-o-crucifixo-nas-escolas-da-italia\/#webpage","url":"https:\/\/www.adf.org.br\/home\/catolicos-defendem-o-crucifixo-nas-escolas-da-italia\/","name":"Cat\u00f3licos defendem o Crucifixo nas escolas da It\u00e1lia - Associa\u00e7\u00e3o Devotos de F\u00e1tima","isPartOf":{"@id":"https:\/\/www.adf.org.br\/home\/#website"},"primaryImageOfPage":{"@id":"https:\/\/www.adf.org.br\/home\/catolicos-defendem-o-crucifixo-nas-escolas-da-italia\/#primaryimage"},"datePublished":"2009-11-19T02:02:29+00:00","dateModified":"2009-11-19T02:02:29+00:00","author":{"@id":"https:\/\/www.adf.org.br\/home\/#\/schema\/person\/affa494ecf91434f3620f5392de44327"},"breadcrumb":{"@id":"https:\/\/www.adf.org.br\/home\/catolicos-defendem-o-crucifixo-nas-escolas-da-italia\/#breadcrumb"},"inLanguage":"pt-BR","potentialAction":[{"@type":"ReadAction","target":["https:\/\/www.adf.org.br\/home\/catolicos-defendem-o-crucifixo-nas-escolas-da-italia\/"]}]},{"@type":"BreadcrumbList","@id":"https:\/\/www.adf.org.br\/home\/catolicos-defendem-o-crucifixo-nas-escolas-da-italia\/#breadcrumb","itemListElement":[{"@type":"ListItem","position":1,"name":"Home","item":"https:\/\/www.adf.org.br\/home\/"},{"@type":"ListItem","position":2,"name":"Cat\u00f3licos defendem o Crucifixo nas escolas da It\u00e1lia"}]},{"@type":"Person","@id":"https:\/\/www.adf.org.br\/home\/#\/schema\/person\/affa494ecf91434f3620f5392de44327","name":"Gabriel Barbosa","image":{"@type":"ImageObject","@id":"https:\/\/www.adf.org.br\/home\/#personlogo","inLanguage":"pt-BR","url":"https:\/\/secure.gravatar.com\/avatar\/ecf2eab02e30486a7038f8b2858de06a?s=96&d=mm&r=g","contentUrl":"https:\/\/secure.gravatar.com\/avatar\/ecf2eab02e30486a7038f8b2858de06a?s=96&d=mm&r=g","caption":"Gabriel Barbosa"},"url":"https:\/\/www.adf.org.br\/home\/author\/gabriel-aascj\/"}]}},"_links":{"self":[{"href":"https:\/\/www.adf.org.br\/home\/wp-json\/wp\/v2\/posts\/988"}],"collection":[{"href":"https:\/\/www.adf.org.br\/home\/wp-json\/wp\/v2\/posts"}],"about":[{"href":"https:\/\/www.adf.org.br\/home\/wp-json\/wp\/v2\/types\/post"}],"author":[{"embeddable":true,"href":"https:\/\/www.adf.org.br\/home\/wp-json\/wp\/v2\/users\/27"}],"replies":[{"embeddable":true,"href":"https:\/\/www.adf.org.br\/home\/wp-json\/wp\/v2\/comments?post=988"}],"version-history":[{"count":0,"href":"https:\/\/www.adf.org.br\/home\/wp-json\/wp\/v2\/posts\/988\/revisions"}],"wp:attachment":[{"href":"https:\/\/www.adf.org.br\/home\/wp-json\/wp\/v2\/media?parent=988"}],"wp:term":[{"taxonomy":"category","embeddable":true,"href":"https:\/\/www.adf.org.br\/home\/wp-json\/wp\/v2\/categories?post=988"},{"taxonomy":"post_tag","embeddable":true,"href":"https:\/\/www.adf.org.br\/home\/wp-json\/wp\/v2\/tags?post=988"}],"curies":[{"name":"wp","href":"https:\/\/api.w.org\/{rel}","templated":true}]}}