{"id":984,"date":"2009-11-18T00:02:19","date_gmt":"2009-11-18T02:02:19","guid":{"rendered":"http:\/\/www.adf.org.br\/home\/?p=984"},"modified":"2009-11-18T00:02:19","modified_gmt":"2009-11-18T02:02:19","slug":"comece-no-dia-19-de-novembro-a-novena-da-medalha-milagrosa","status":"publish","type":"post","link":"https:\/\/www.adf.org.br\/home\/comece-no-dia-19-de-novembro-a-novena-da-medalha-milagrosa\/","title":{"rendered":"Comece amanh\u00e3 a Novena da Medalha Milagrosa"},"content":{"rendered":"<div style=\"DISPLAY: block\"><img loading=\"lazy\" class=\"aligncenter size-full wp-image-986\" title=\"nossa_senhora_das_gra\u00e7as_medalha01\" src=\"http:\/\/www.adf.org.br\/home\/wp-content\/uploads\/2009\/11\/nossa_senhora_das_gra\u00e7as_medalha01.jpg\" alt=\"nossa_senhora_das_gra\u00e7as_medalha01\" width=\"200\" height=\"275\" \/><\/div>\n<div style=\"DISPLAY: block\">\n<p>Dia 27 de novembro \u00e9 <strong>Dia de Nossa Senhora das Gra\u00e7as<\/strong>, por isso come\u00e7aremos a postar a <strong>Novena da Medalha Milagrosa<\/strong>, com bel\u00edssimas ilustra\u00e7\u00f5es coloridas, a partir de amanh\u00e3, quinta feira ,\u00a019 de novembro at\u00e9 o dia 27.<\/p>\n<\/div>\n<div style=\"DISPLAY: block\">\nFazer a novena e levar consigo a medalha, \u00e9 colocar-se sob a prote\u00e7\u00e3o da Sant\u00edssima Virgem.<\/div>\n<p>Como lembra o Diret\u00f3rio sobre a Piedade Popular e a Liturgia&#8221;, publicado pela Congrega\u00e7\u00e3o para o Culto Divino da Santa S\u00e9, <em>&#8220;A promessa da Virgem, segundo a qual &#8216;os que a levarem consigo receber\u00e3o grandes gra\u00e7as&#8217;,<\/em> exige dos fi\u00e9is uma ades\u00e3o humilde e constante \u00e0 mensagem crist\u00e3, uma ora\u00e7\u00e3o perseverante e confiante, e uma conduta moral coerente.&#8221;<\/p>\n<p>A mensagem da medalha \u00e9 clara: \u201c<em>\u00d3 Maria, concebida sem pecado, rogai por n\u00f3s que recorremos a v\u00f3s.\u201d <\/em><\/p>\n<p>Ela nos revela a Imaculada Concei\u00e7\u00e3o de Maria e sua coopera\u00e7\u00e3o na salva\u00e7\u00e3o concedida por seu Divino Filho, bem como sua maternidade universal.<\/p>\n<p>N\u00e3o perca essa oportunidade, pe\u00e7a sua medalha e fa\u00e7a sua novena.<\/p>\n<div style=\"DISPLAY: block\"><a href=\"http:\/\/maismedalhas.blogspot.com\/\" target=\"_blank\" rel=\"noopener noreferrer\"><img loading=\"lazy\" class=\"aligncenter size-full wp-image-985\" title=\"banner_medalha_milagrosa\" src=\"http:\/\/www.adf.org.br\/home\/wp-content\/uploads\/2009\/11\/banner_medalha_milagrosa1.gif\" alt=\"banner_medalha_milagrosa\" width=\"400\" height=\"146\" \/><\/a><\/div>\n","protected":false},"excerpt":{"rendered":"<p>Dia 27 de novembro \u00e9 Dia de Nossa Senhora das Gra\u00e7as, por isso come\u00e7aremos a postar a Novena da Medalha Milagrosa, com bel\u00edssimas ilustra\u00e7\u00f5es coloridas, a partir de amanh\u00e3, quinta feira ,\u00a019 de novembro at\u00e9 o dia 27. Fazer a novena e levar consigo a medalha, \u00e9 colocar-se sob a prote\u00e7\u00e3o da Sant\u00edssima Virgem. Como [&hellip;]<\/p>\n","protected":false},"author":27,"featured_media":0,"comment_status":"open","ping_status":"open","sticky":false,"template":"","format":"standard","meta":[],"categories":[20],"tags":[],"yoast_head":"<!-- This site is optimized with the Yoast SEO plugin v17.4 - https:\/\/yoast.com\/wordpress\/plugins\/seo\/ -->\n<title>Comece amanh\u00e3 a Novena da Medalha Milagrosa - Associa\u00e7\u00e3o Devotos de F\u00e1tima<\/title>\n<meta name=\"robots\" content=\"index, follow, max-snippet:-1, max-image-preview:large, max-video-preview:-1\" \/>\n<link rel=\"canonical\" href=\"https:\/\/www.adf.org.br\/home\/comece-no-dia-19-de-novembro-a-novena-da-medalha-milagrosa\/\" \/>\n<meta property=\"og:locale\" content=\"pt_BR\" \/>\n<meta property=\"og:type\" content=\"article\" \/>\n<meta property=\"og:title\" content=\"Comece amanh\u00e3 a Novena da Medalha Milagrosa - Associa\u00e7\u00e3o Devotos de F\u00e1tima\" \/>\n<meta property=\"og:description\" content=\"Dia 27 de novembro \u00e9 Dia de Nossa Senhora das Gra\u00e7as, por isso come\u00e7aremos a postar a Novena da Medalha Milagrosa, com bel\u00edssimas ilustra\u00e7\u00f5es coloridas, a partir de amanh\u00e3, quinta feira ,\u00a019 de novembro at\u00e9 o dia 27. Fazer a novena e levar consigo a medalha, \u00e9 colocar-se sob a prote\u00e7\u00e3o da Sant\u00edssima Virgem. Como [&hellip;]\" \/>\n<meta property=\"og:url\" content=\"https:\/\/www.adf.org.br\/home\/comece-no-dia-19-de-novembro-a-novena-da-medalha-milagrosa\/\" \/>\n<meta property=\"og:site_name\" content=\"Associa\u00e7\u00e3o Devotos de F\u00e1tima\" \/>\n<meta property=\"article:published_time\" content=\"2009-11-18T02:02:19+00:00\" \/>\n<meta property=\"og:image\" content=\"http:\/\/www.adf.org.br\/home\/wp-content\/uploads\/2009\/11\/nossa_senhora_das_gra\u00e7as_medalha01.jpg\" \/>\n<meta name=\"twitter:card\" content=\"summary_large_image\" \/>\n<meta name=\"twitter:label1\" content=\"Escrito por\" \/>\n\t<meta name=\"twitter:data1\" content=\"Gabriel Barbosa\" \/>\n\t<meta name=\"twitter:label2\" content=\"Est. tempo de leitura\" \/>\n\t<meta name=\"twitter:data2\" content=\"1 minuto\" \/>\n<script type=\"application\/ld+json\" class=\"yoast-schema-graph\">{\"@context\":\"https:\/\/schema.org\",\"@graph\":[{\"@type\":\"WebSite\",\"@id\":\"https:\/\/www.adf.org.br\/home\/#website\",\"url\":\"https:\/\/www.adf.org.br\/home\/\",\"name\":\"Associa\\u00e7\\u00e3o Devotos de F\\u00e1tima\",\"description\":\"Associa\\u00e7\\u00e3o Devotos de F\\u00e1tima\",\"potentialAction\":[{\"@type\":\"SearchAction\",\"target\":{\"@type\":\"EntryPoint\",\"urlTemplate\":\"https:\/\/www.adf.org.br\/home\/?s={search_term_string}\"},\"query-input\":\"required name=search_term_string\"}],\"inLanguage\":\"pt-BR\"},{\"@type\":\"ImageObject\",\"@id\":\"https:\/\/www.adf.org.br\/home\/comece-no-dia-19-de-novembro-a-novena-da-medalha-milagrosa\/#primaryimage\",\"inLanguage\":\"pt-BR\",\"url\":\"http:\/\/www.adf.org.br\/home\/wp-content\/uploads\/2009\/11\/nossa_senhora_das_gra\\u00e7as_medalha01.jpg\",\"contentUrl\":\"http:\/\/www.adf.org.br\/home\/wp-content\/uploads\/2009\/11\/nossa_senhora_das_gra\\u00e7as_medalha01.jpg\"},{\"@type\":\"WebPage\",\"@id\":\"https:\/\/www.adf.org.br\/home\/comece-no-dia-19-de-novembro-a-novena-da-medalha-milagrosa\/#webpage\",\"url\":\"https:\/\/www.adf.org.br\/home\/comece-no-dia-19-de-novembro-a-novena-da-medalha-milagrosa\/\",\"name\":\"Comece amanh\\u00e3 a Novena da Medalha Milagrosa - Associa\\u00e7\\u00e3o Devotos de F\\u00e1tima\",\"isPartOf\":{\"@id\":\"https:\/\/www.adf.org.br\/home\/#website\"},\"primaryImageOfPage\":{\"@id\":\"https:\/\/www.adf.org.br\/home\/comece-no-dia-19-de-novembro-a-novena-da-medalha-milagrosa\/#primaryimage\"},\"datePublished\":\"2009-11-18T02:02:19+00:00\",\"dateModified\":\"2009-11-18T02:02:19+00:00\",\"author\":{\"@id\":\"https:\/\/www.adf.org.br\/home\/#\/schema\/person\/affa494ecf91434f3620f5392de44327\"},\"breadcrumb\":{\"@id\":\"https:\/\/www.adf.org.br\/home\/comece-no-dia-19-de-novembro-a-novena-da-medalha-milagrosa\/#breadcrumb\"},\"inLanguage\":\"pt-BR\",\"potentialAction\":[{\"@type\":\"ReadAction\",\"target\":[\"https:\/\/www.adf.org.br\/home\/comece-no-dia-19-de-novembro-a-novena-da-medalha-milagrosa\/\"]}]},{\"@type\":\"BreadcrumbList\",\"@id\":\"https:\/\/www.adf.org.br\/home\/comece-no-dia-19-de-novembro-a-novena-da-medalha-milagrosa\/#breadcrumb\",\"itemListElement\":[{\"@type\":\"ListItem\",\"position\":1,\"name\":\"Home\",\"item\":\"https:\/\/www.adf.org.br\/home\/\"},{\"@type\":\"ListItem\",\"position\":2,\"name\":\"Comece amanh\\u00e3 a Novena da Medalha Milagrosa\"}]},{\"@type\":\"Person\",\"@id\":\"https:\/\/www.adf.org.br\/home\/#\/schema\/person\/affa494ecf91434f3620f5392de44327\",\"name\":\"Gabriel Barbosa\",\"image\":{\"@type\":\"ImageObject\",\"@id\":\"https:\/\/www.adf.org.br\/home\/#personlogo\",\"inLanguage\":\"pt-BR\",\"url\":\"https:\/\/secure.gravatar.com\/avatar\/ecf2eab02e30486a7038f8b2858de06a?s=96&d=mm&r=g\",\"contentUrl\":\"https:\/\/secure.gravatar.com\/avatar\/ecf2eab02e30486a7038f8b2858de06a?s=96&d=mm&r=g\",\"caption\":\"Gabriel Barbosa\"},\"url\":\"https:\/\/www.adf.org.br\/home\/author\/gabriel-aascj\/\"}]}<\/script>\n<!-- \/ Yoast SEO plugin. -->","yoast_head_json":{"title":"Comece amanh\u00e3 a Novena da Medalha Milagrosa - Associa\u00e7\u00e3o Devotos de F\u00e1tima","robots":{"index":"index","follow":"follow","max-snippet":"max-snippet:-1","max-image-preview":"max-image-preview:large","max-video-preview":"max-video-preview:-1"},"canonical":"https:\/\/www.adf.org.br\/home\/comece-no-dia-19-de-novembro-a-novena-da-medalha-milagrosa\/","og_locale":"pt_BR","og_type":"article","og_title":"Comece amanh\u00e3 a Novena da Medalha Milagrosa - Associa\u00e7\u00e3o Devotos de F\u00e1tima","og_description":"Dia 27 de novembro \u00e9 Dia de Nossa Senhora das Gra\u00e7as, por isso come\u00e7aremos a postar a Novena da Medalha Milagrosa, com bel\u00edssimas ilustra\u00e7\u00f5es coloridas, a partir de amanh\u00e3, quinta feira ,\u00a019 de novembro at\u00e9 o dia 27. Fazer a novena e levar consigo a medalha, \u00e9 colocar-se sob a prote\u00e7\u00e3o da Sant\u00edssima Virgem. Como [&hellip;]","og_url":"https:\/\/www.adf.org.br\/home\/comece-no-dia-19-de-novembro-a-novena-da-medalha-milagrosa\/","og_site_name":"Associa\u00e7\u00e3o Devotos de F\u00e1tima","article_published_time":"2009-11-18T02:02:19+00:00","og_image":[{"url":"http:\/\/www.adf.org.br\/home\/wp-content\/uploads\/2009\/11\/nossa_senhora_das_gra\u00e7as_medalha01.jpg"}],"twitter_card":"summary_large_image","twitter_misc":{"Escrito por":"Gabriel Barbosa","Est. tempo de leitura":"1 minuto"},"schema":{"@context":"https:\/\/schema.org","@graph":[{"@type":"WebSite","@id":"https:\/\/www.adf.org.br\/home\/#website","url":"https:\/\/www.adf.org.br\/home\/","name":"Associa\u00e7\u00e3o Devotos de F\u00e1tima","description":"Associa\u00e7\u00e3o Devotos de F\u00e1tima","potentialAction":[{"@type":"SearchAction","target":{"@type":"EntryPoint","urlTemplate":"https:\/\/www.adf.org.br\/home\/?s={search_term_string}"},"query-input":"required name=search_term_string"}],"inLanguage":"pt-BR"},{"@type":"ImageObject","@id":"https:\/\/www.adf.org.br\/home\/comece-no-dia-19-de-novembro-a-novena-da-medalha-milagrosa\/#primaryimage","inLanguage":"pt-BR","url":"http:\/\/www.adf.org.br\/home\/wp-content\/uploads\/2009\/11\/nossa_senhora_das_gra\u00e7as_medalha01.jpg","contentUrl":"http:\/\/www.adf.org.br\/home\/wp-content\/uploads\/2009\/11\/nossa_senhora_das_gra\u00e7as_medalha01.jpg"},{"@type":"WebPage","@id":"https:\/\/www.adf.org.br\/home\/comece-no-dia-19-de-novembro-a-novena-da-medalha-milagrosa\/#webpage","url":"https:\/\/www.adf.org.br\/home\/comece-no-dia-19-de-novembro-a-novena-da-medalha-milagrosa\/","name":"Comece amanh\u00e3 a Novena da Medalha Milagrosa - Associa\u00e7\u00e3o Devotos de F\u00e1tima","isPartOf":{"@id":"https:\/\/www.adf.org.br\/home\/#website"},"primaryImageOfPage":{"@id":"https:\/\/www.adf.org.br\/home\/comece-no-dia-19-de-novembro-a-novena-da-medalha-milagrosa\/#primaryimage"},"datePublished":"2009-11-18T02:02:19+00:00","dateModified":"2009-11-18T02:02:19+00:00","author":{"@id":"https:\/\/www.adf.org.br\/home\/#\/schema\/person\/affa494ecf91434f3620f5392de44327"},"breadcrumb":{"@id":"https:\/\/www.adf.org.br\/home\/comece-no-dia-19-de-novembro-a-novena-da-medalha-milagrosa\/#breadcrumb"},"inLanguage":"pt-BR","potentialAction":[{"@type":"ReadAction","target":["https:\/\/www.adf.org.br\/home\/comece-no-dia-19-de-novembro-a-novena-da-medalha-milagrosa\/"]}]},{"@type":"BreadcrumbList","@id":"https:\/\/www.adf.org.br\/home\/comece-no-dia-19-de-novembro-a-novena-da-medalha-milagrosa\/#breadcrumb","itemListElement":[{"@type":"ListItem","position":1,"name":"Home","item":"https:\/\/www.adf.org.br\/home\/"},{"@type":"ListItem","position":2,"name":"Comece amanh\u00e3 a Novena da Medalha Milagrosa"}]},{"@type":"Person","@id":"https:\/\/www.adf.org.br\/home\/#\/schema\/person\/affa494ecf91434f3620f5392de44327","name":"Gabriel Barbosa","image":{"@type":"ImageObject","@id":"https:\/\/www.adf.org.br\/home\/#personlogo","inLanguage":"pt-BR","url":"https:\/\/secure.gravatar.com\/avatar\/ecf2eab02e30486a7038f8b2858de06a?s=96&d=mm&r=g","contentUrl":"https:\/\/secure.gravatar.com\/avatar\/ecf2eab02e30486a7038f8b2858de06a?s=96&d=mm&r=g","caption":"Gabriel Barbosa"},"url":"https:\/\/www.adf.org.br\/home\/author\/gabriel-aascj\/"}]}},"_links":{"self":[{"href":"https:\/\/www.adf.org.br\/home\/wp-json\/wp\/v2\/posts\/984"}],"collection":[{"href":"https:\/\/www.adf.org.br\/home\/wp-json\/wp\/v2\/posts"}],"about":[{"href":"https:\/\/www.adf.org.br\/home\/wp-json\/wp\/v2\/types\/post"}],"author":[{"embeddable":true,"href":"https:\/\/www.adf.org.br\/home\/wp-json\/wp\/v2\/users\/27"}],"replies":[{"embeddable":true,"href":"https:\/\/www.adf.org.br\/home\/wp-json\/wp\/v2\/comments?post=984"}],"version-history":[{"count":0,"href":"https:\/\/www.adf.org.br\/home\/wp-json\/wp\/v2\/posts\/984\/revisions"}],"wp:attachment":[{"href":"https:\/\/www.adf.org.br\/home\/wp-json\/wp\/v2\/media?parent=984"}],"wp:term":[{"taxonomy":"category","embeddable":true,"href":"https:\/\/www.adf.org.br\/home\/wp-json\/wp\/v2\/categories?post=984"},{"taxonomy":"post_tag","embeddable":true,"href":"https:\/\/www.adf.org.br\/home\/wp-json\/wp\/v2\/tags?post=984"}],"curies":[{"name":"wp","href":"https:\/\/api.w.org\/{rel}","templated":true}]}}