{"id":9774,"date":"2011-07-08T00:00:04","date_gmt":"2011-07-08T03:00:04","guid":{"rendered":"http:\/\/www.adf.org.br\/home\/?p=9774"},"modified":"2011-07-08T00:00:04","modified_gmt":"2011-07-08T03:00:04","slug":"nossa-senhora-disse-deus-nos-prepara-um-castigo","status":"publish","type":"post","link":"https:\/\/www.adf.org.br\/home\/nossa-senhora-disse-deus-nos-prepara-um-castigo\/","title":{"rendered":"Nossa Senhora disse: Deus nos prepara um castigo"},"content":{"rendered":"<p><a href=\"http:\/\/www.adf.org.br\/nossa-senhora-de-akita\/?origem=1\" target=\"_blank\" rel=\"noopener noreferrer\"><img loading=\"lazy\" class=\"aligncenter size-full wp-image-9778\" title=\"teaser_akita_topo\" src=\"http:\/\/www.adf.org.br\/home\/wp-content\/uploads\/2011\/07\/teaser_akita_topo.jpg\" alt=\"\" width=\"600\" height=\"279\" \/><\/a><\/p>\n<p>No ano de 1973, Nossa Senhora apareceu no Jap\u00e3o para a irm\u00e3 Agnes Sasagawa e fez uma revela\u00e7\u00e3o que se estende a toda humanidade:<\/p>\n<p>\u201cPara que o mundo possa conhecer Sua c\u00f3lera, o Pai Celeste est\u00e1 preparando um grande castigo para todos os homens\u201d.<\/p>\n<p>Em seguida, revelou porque deste castigo:<\/p>\n<p>\u201cse os homens n\u00e3o melhorarem e n\u00e3o se arrependerem, o Pai infligir\u00e1 uma terr\u00edvel puni\u00e7\u00e3o a toda a humanidade. Ser\u00e1 um castigo pior do que o dil\u00favio, como ningu\u00e9m viu antes. O fogo cair\u00e1 do c\u00e9u e destruir\u00e1 uma grande parte da humanidade&#8230; Os que sobreviverem &#8230; invejar\u00e3o os mortos\u201d.<\/p>\n<p>Muitos n\u00e3o conhecem estas revela\u00e7\u00f5es, e, por isso, a Associa\u00e7\u00e3o Devotos de F\u00e1tima quer, com a sua ajuda, distribuir o livro Nossa Senhora de Akita \u2013 Um alerta para o mundo atrav\u00e9s do Jap\u00e3o.<\/p>\n<p><strong><span style=\"font-size: medium;\"><a href=\"http:\/\/www.adf.org.br\/nossa-senhora-de-akita\/?origem=1\" target=\"_blank\" rel=\"noopener noreferrer\">Veja aqui como ajudar esta campanha e receba seu livro como retribui\u00e7\u00e3o<\/a><\/span><\/strong><strong><\/p>\n<dl id=\"attachment_9779\" class=\"wp-caption alignright\" style=\"width: 282px;\">\n<dt class=\"wp-caption-dt\"><a href=\"http:\/\/www.adf.org.br\/nossa-senhora-de-akita\/?origem=1\" target=\"_blank\" rel=\"noopener noreferrer\"><img loading=\"lazy\" class=\"size-full wp-image-9779 \" title=\"Santu\u00e1rio de Nossa Senhora de Akita, em Sendai\" src=\"http:\/\/www.adf.org.br\/home\/wp-content\/uploads\/2011\/07\/Akita-santuario-Yuzawadai-Sendai.jpg\" alt=\"\" width=\"272\" height=\"280\" \/><\/a><\/dt>\n<dd class=\"wp-caption-dd\" style=\"text-align: center;\"><span style=\"color: #800000;\">Santu\u00e1rio de Nossa Senhora de Akita, em Sendai<\/span><\/dd>\n<\/dl>\n<p> <\/strong><\/p>\n<p><strong> <\/strong><\/p>\n<p><strong> <\/strong><\/p>\n<p>As apari\u00e7\u00f5es de Nossa M\u00e3e no Jap\u00e3o ajudar\u00e3o a voc\u00ea a interpretar algumas trag\u00e9dias atuais.<\/p>\n<p>Ao ler o livro, voc\u00ea entender\u00e1 como as previs\u00f5es passadas pela Virgem Maria h\u00e1 40 anos est\u00e3o se cumprindo hoje em dia.<\/p>\n<p>Com tantas cat\u00e1strofes acontecendo no mundo, uma pergunta vem inevitavelmente:<\/p>\n<p>Ser\u00e1 que o terremoto do come\u00e7o do ano no Jap\u00e3o n\u00e3o seria um sinal do Divino Criador, com a inten\u00e7\u00e3o de alertar os homens que d\u2019Ele se afastam dia a dia?<\/p>\n<p><span style=\"font-size: medium;\"><strong>(<a href=\"http:\/\/www.adf.org.br\/nossa-senhora-de-akita\/?origem=1\" target=\"_blank\" rel=\"noopener noreferrer\">Saiba mais lendo o livro<\/a>)<\/strong><\/span><\/p>\n<p>Nossa Senhora tamb\u00e9m tinha nos alertado para isso em F\u00e1tima, em 1917. Ela disse aos pastorinhos:<\/p>\n<p>\u201cse n\u00e3o deixarem de ofender a Deus (&#8230;) \u00e9 o grande sinal que Deus vos d\u00e1, de que vai punir o mundo de seus crimes, por meio da guerra, da fome &#8230;\u201d.<\/p>\n<p><strong>Ser\u00e1 que o mundo deu ouvidos a Nossa Senhora?<\/strong><\/p>\n<p>Pelo que vemos hoje em dia, com tantas blasf\u00eamias que ocorrem, infelizmente parece que n\u00e3o!<\/p>\n<p>E este \u00e9 um momento muito oportuno para nos voltarmos a Nossa Senhora e lhe dar a aten\u00e7\u00e3o e obedi\u00eancia que Ela merece.<\/p>\n<p>Por isso, \u00e9 importante que este livro seja distribu\u00eddo. Com uma doa\u00e7\u00e3o voc\u00ea pode nos ajudar a imprimir mais livros e em retribui\u00e7\u00e3o, a Associa\u00e7\u00e3o Devotos de F\u00e1tima ir\u00e1 lhe enviar o livro ou os livros, e acordo com sua contribui\u00e7\u00e3o:<\/p>\n<p style=\"padding-left: 60px;\"><span style=\"color: #800000;\"><strong>*<a href=\"http:\/\/www.adf.org.br\/nossa-senhora-de-akita\/?origem=1\" target=\"_blank\" rel=\"noopener noreferrer\">Doe R$ 20<\/a> e receba 1 livro pelo correio<\/strong><\/span><\/p>\n<p style=\"padding-left: 60px;\"><span style=\"color: #800000;\"><strong>*<a href=\"http:\/\/www.adf.org.br\/nossa-senhora-de-akita\/?origem=1\" target=\"_blank\" rel=\"noopener noreferrer\">Doe R$ 40<\/a> e receba 2 livros<\/strong><\/span><\/p>\n<p style=\"padding-left: 60px;\"><span style=\"color: #800000;\"><strong>*<a href=\"http:\/\/www.adf.org.br\/nossa-senhora-de-akita\/?origem=1\" target=\"_blank\" rel=\"noopener noreferrer\">Doe R$ 60<\/a> e receba 3 livros<\/strong><\/span><\/p>\n<p style=\"padding-left: 60px;\"><span style=\"color: #800000;\"><strong>*<a href=\"http:\/\/www.adf.org.br\/nossa-senhora-de-akita\/?origem=1\" target=\"_blank\" rel=\"noopener noreferrer\">Doe R$ 100<\/a> e receba 5 livros para distribuir entre seus amigos e familiares<\/strong><\/span><\/p>\n<p>As pessoas precisam conhecer o que Nossa Senhora nos pediu para a salva\u00e7\u00e3o da humanidade. <a href=\"http:\/\/www.adf.org.br\/nossa-senhora-de-akita\/?origem=1\" target=\"_blank\" rel=\"noopener noreferrer\">Envie o seu apoio e receba seu livro em casa<\/a>, como agradecimento.<\/p>\n<p>Pela sua generosidade, tenha certeza que a Virgem Maria lhe retribuir\u00e1 ao c\u00eantuplo.<\/p>\n","protected":false},"excerpt":{"rendered":"<p>No ano de 1973, Nossa Senhora apareceu no Jap\u00e3o para a irm\u00e3 Agnes Sasagawa e fez uma revela\u00e7\u00e3o que se estende a toda humanidade: \u201cPara que o mundo possa conhecer Sua c\u00f3lera, o Pai Celeste est\u00e1 preparando um grande castigo para todos os homens\u201d. Em seguida, revelou porque deste castigo: \u201cse os homens n\u00e3o melhorarem [&hellip;]<\/p>\n","protected":false},"author":31,"featured_media":0,"comment_status":"open","ping_status":"open","sticky":false,"template":"","format":"standard","meta":[],"categories":[20],"tags":[481,1252,605],"yoast_head":"<!-- This site is optimized with the Yoast SEO plugin v17.4 - https:\/\/yoast.com\/wordpress\/plugins\/seo\/ -->\n<title>Nossa Senhora disse: Deus nos prepara um castigo - Associa\u00e7\u00e3o Devotos de F\u00e1tima<\/title>\n<meta name=\"robots\" content=\"index, follow, max-snippet:-1, max-image-preview:large, max-video-preview:-1\" \/>\n<link rel=\"canonical\" href=\"https:\/\/www.adf.org.br\/home\/nossa-senhora-disse-deus-nos-prepara-um-castigo\/\" \/>\n<meta property=\"og:locale\" content=\"pt_BR\" \/>\n<meta property=\"og:type\" content=\"article\" \/>\n<meta property=\"og:title\" content=\"Nossa Senhora disse: Deus nos prepara um castigo - Associa\u00e7\u00e3o Devotos de F\u00e1tima\" \/>\n<meta property=\"og:description\" content=\"No ano de 1973, Nossa Senhora apareceu no Jap\u00e3o para a irm\u00e3 Agnes Sasagawa e fez uma revela\u00e7\u00e3o que se estende a toda humanidade: \u201cPara que o mundo possa conhecer Sua c\u00f3lera, o Pai Celeste est\u00e1 preparando um grande castigo para todos os homens\u201d. Em seguida, revelou porque deste castigo: \u201cse os homens n\u00e3o melhorarem [&hellip;]\" \/>\n<meta property=\"og:url\" content=\"https:\/\/www.adf.org.br\/home\/nossa-senhora-disse-deus-nos-prepara-um-castigo\/\" \/>\n<meta property=\"og:site_name\" content=\"Associa\u00e7\u00e3o Devotos de F\u00e1tima\" \/>\n<meta property=\"article:published_time\" content=\"2011-07-08T03:00:04+00:00\" \/>\n<meta property=\"og:image\" content=\"http:\/\/www.adf.org.br\/home\/wp-content\/uploads\/2011\/07\/teaser_akita_topo.jpg\" \/>\n<meta name=\"twitter:card\" content=\"summary_large_image\" \/>\n<meta name=\"twitter:label1\" content=\"Escrito por\" \/>\n\t<meta name=\"twitter:data1\" content=\"Gabriel Barbosa\" \/>\n\t<meta name=\"twitter:label2\" content=\"Est. tempo de leitura\" \/>\n\t<meta name=\"twitter:data2\" content=\"2 minutos\" \/>\n<script type=\"application\/ld+json\" class=\"yoast-schema-graph\">{\"@context\":\"https:\/\/schema.org\",\"@graph\":[{\"@type\":\"WebSite\",\"@id\":\"https:\/\/www.adf.org.br\/home\/#website\",\"url\":\"https:\/\/www.adf.org.br\/home\/\",\"name\":\"Associa\\u00e7\\u00e3o Devotos de F\\u00e1tima\",\"description\":\"Associa\\u00e7\\u00e3o Devotos de F\\u00e1tima\",\"potentialAction\":[{\"@type\":\"SearchAction\",\"target\":{\"@type\":\"EntryPoint\",\"urlTemplate\":\"https:\/\/www.adf.org.br\/home\/?s={search_term_string}\"},\"query-input\":\"required name=search_term_string\"}],\"inLanguage\":\"pt-BR\"},{\"@type\":\"ImageObject\",\"@id\":\"https:\/\/www.adf.org.br\/home\/nossa-senhora-disse-deus-nos-prepara-um-castigo\/#primaryimage\",\"inLanguage\":\"pt-BR\",\"url\":\"http:\/\/www.adf.org.br\/home\/wp-content\/uploads\/2011\/07\/teaser_akita_topo.jpg\",\"contentUrl\":\"http:\/\/www.adf.org.br\/home\/wp-content\/uploads\/2011\/07\/teaser_akita_topo.jpg\"},{\"@type\":\"WebPage\",\"@id\":\"https:\/\/www.adf.org.br\/home\/nossa-senhora-disse-deus-nos-prepara-um-castigo\/#webpage\",\"url\":\"https:\/\/www.adf.org.br\/home\/nossa-senhora-disse-deus-nos-prepara-um-castigo\/\",\"name\":\"Nossa Senhora disse: Deus nos prepara um castigo - Associa\\u00e7\\u00e3o Devotos de F\\u00e1tima\",\"isPartOf\":{\"@id\":\"https:\/\/www.adf.org.br\/home\/#website\"},\"primaryImageOfPage\":{\"@id\":\"https:\/\/www.adf.org.br\/home\/nossa-senhora-disse-deus-nos-prepara-um-castigo\/#primaryimage\"},\"datePublished\":\"2011-07-08T03:00:04+00:00\",\"dateModified\":\"2011-07-08T03:00:04+00:00\",\"author\":{\"@id\":\"https:\/\/www.adf.org.br\/home\/#\/schema\/person\/f35a5c5aa7728a3dedf4ea9aa1fc2753\"},\"breadcrumb\":{\"@id\":\"https:\/\/www.adf.org.br\/home\/nossa-senhora-disse-deus-nos-prepara-um-castigo\/#breadcrumb\"},\"inLanguage\":\"pt-BR\",\"potentialAction\":[{\"@type\":\"ReadAction\",\"target\":[\"https:\/\/www.adf.org.br\/home\/nossa-senhora-disse-deus-nos-prepara-um-castigo\/\"]}]},{\"@type\":\"BreadcrumbList\",\"@id\":\"https:\/\/www.adf.org.br\/home\/nossa-senhora-disse-deus-nos-prepara-um-castigo\/#breadcrumb\",\"itemListElement\":[{\"@type\":\"ListItem\",\"position\":1,\"name\":\"Home\",\"item\":\"https:\/\/www.adf.org.br\/home\/\"},{\"@type\":\"ListItem\",\"position\":2,\"name\":\"Nossa Senhora disse: Deus nos prepara um castigo\"}]},{\"@type\":\"Person\",\"@id\":\"https:\/\/www.adf.org.br\/home\/#\/schema\/person\/f35a5c5aa7728a3dedf4ea9aa1fc2753\",\"name\":\"Gabriel Barbosa\",\"image\":{\"@type\":\"ImageObject\",\"@id\":\"https:\/\/www.adf.org.br\/home\/#personlogo\",\"inLanguage\":\"pt-BR\",\"url\":\"https:\/\/secure.gravatar.com\/avatar\/2b2cb2f4637682c5605e8d36818f51ef?s=96&d=mm&r=g\",\"contentUrl\":\"https:\/\/secure.gravatar.com\/avatar\/2b2cb2f4637682c5605e8d36818f51ef?s=96&d=mm&r=g\",\"caption\":\"Gabriel Barbosa\"},\"url\":\"https:\/\/www.adf.org.br\/home\/author\/gabrielpmk-com-br\/\"}]}<\/script>\n<!-- \/ Yoast SEO plugin. -->","yoast_head_json":{"title":"Nossa Senhora disse: Deus nos prepara um castigo - Associa\u00e7\u00e3o Devotos de F\u00e1tima","robots":{"index":"index","follow":"follow","max-snippet":"max-snippet:-1","max-image-preview":"max-image-preview:large","max-video-preview":"max-video-preview:-1"},"canonical":"https:\/\/www.adf.org.br\/home\/nossa-senhora-disse-deus-nos-prepara-um-castigo\/","og_locale":"pt_BR","og_type":"article","og_title":"Nossa Senhora disse: Deus nos prepara um castigo - Associa\u00e7\u00e3o Devotos de F\u00e1tima","og_description":"No ano de 1973, Nossa Senhora apareceu no Jap\u00e3o para a irm\u00e3 Agnes Sasagawa e fez uma revela\u00e7\u00e3o que se estende a toda humanidade: \u201cPara que o mundo possa conhecer Sua c\u00f3lera, o Pai Celeste est\u00e1 preparando um grande castigo para todos os homens\u201d. Em seguida, revelou porque deste castigo: \u201cse os homens n\u00e3o melhorarem [&hellip;]","og_url":"https:\/\/www.adf.org.br\/home\/nossa-senhora-disse-deus-nos-prepara-um-castigo\/","og_site_name":"Associa\u00e7\u00e3o Devotos de F\u00e1tima","article_published_time":"2011-07-08T03:00:04+00:00","og_image":[{"url":"http:\/\/www.adf.org.br\/home\/wp-content\/uploads\/2011\/07\/teaser_akita_topo.jpg"}],"twitter_card":"summary_large_image","twitter_misc":{"Escrito por":"Gabriel Barbosa","Est. tempo de leitura":"2 minutos"},"schema":{"@context":"https:\/\/schema.org","@graph":[{"@type":"WebSite","@id":"https:\/\/www.adf.org.br\/home\/#website","url":"https:\/\/www.adf.org.br\/home\/","name":"Associa\u00e7\u00e3o Devotos de F\u00e1tima","description":"Associa\u00e7\u00e3o Devotos de F\u00e1tima","potentialAction":[{"@type":"SearchAction","target":{"@type":"EntryPoint","urlTemplate":"https:\/\/www.adf.org.br\/home\/?s={search_term_string}"},"query-input":"required name=search_term_string"}],"inLanguage":"pt-BR"},{"@type":"ImageObject","@id":"https:\/\/www.adf.org.br\/home\/nossa-senhora-disse-deus-nos-prepara-um-castigo\/#primaryimage","inLanguage":"pt-BR","url":"http:\/\/www.adf.org.br\/home\/wp-content\/uploads\/2011\/07\/teaser_akita_topo.jpg","contentUrl":"http:\/\/www.adf.org.br\/home\/wp-content\/uploads\/2011\/07\/teaser_akita_topo.jpg"},{"@type":"WebPage","@id":"https:\/\/www.adf.org.br\/home\/nossa-senhora-disse-deus-nos-prepara-um-castigo\/#webpage","url":"https:\/\/www.adf.org.br\/home\/nossa-senhora-disse-deus-nos-prepara-um-castigo\/","name":"Nossa Senhora disse: Deus nos prepara um castigo - Associa\u00e7\u00e3o Devotos de F\u00e1tima","isPartOf":{"@id":"https:\/\/www.adf.org.br\/home\/#website"},"primaryImageOfPage":{"@id":"https:\/\/www.adf.org.br\/home\/nossa-senhora-disse-deus-nos-prepara-um-castigo\/#primaryimage"},"datePublished":"2011-07-08T03:00:04+00:00","dateModified":"2011-07-08T03:00:04+00:00","author":{"@id":"https:\/\/www.adf.org.br\/home\/#\/schema\/person\/f35a5c5aa7728a3dedf4ea9aa1fc2753"},"breadcrumb":{"@id":"https:\/\/www.adf.org.br\/home\/nossa-senhora-disse-deus-nos-prepara-um-castigo\/#breadcrumb"},"inLanguage":"pt-BR","potentialAction":[{"@type":"ReadAction","target":["https:\/\/www.adf.org.br\/home\/nossa-senhora-disse-deus-nos-prepara-um-castigo\/"]}]},{"@type":"BreadcrumbList","@id":"https:\/\/www.adf.org.br\/home\/nossa-senhora-disse-deus-nos-prepara-um-castigo\/#breadcrumb","itemListElement":[{"@type":"ListItem","position":1,"name":"Home","item":"https:\/\/www.adf.org.br\/home\/"},{"@type":"ListItem","position":2,"name":"Nossa Senhora disse: Deus nos prepara um castigo"}]},{"@type":"Person","@id":"https:\/\/www.adf.org.br\/home\/#\/schema\/person\/f35a5c5aa7728a3dedf4ea9aa1fc2753","name":"Gabriel Barbosa","image":{"@type":"ImageObject","@id":"https:\/\/www.adf.org.br\/home\/#personlogo","inLanguage":"pt-BR","url":"https:\/\/secure.gravatar.com\/avatar\/2b2cb2f4637682c5605e8d36818f51ef?s=96&d=mm&r=g","contentUrl":"https:\/\/secure.gravatar.com\/avatar\/2b2cb2f4637682c5605e8d36818f51ef?s=96&d=mm&r=g","caption":"Gabriel Barbosa"},"url":"https:\/\/www.adf.org.br\/home\/author\/gabrielpmk-com-br\/"}]}},"_links":{"self":[{"href":"https:\/\/www.adf.org.br\/home\/wp-json\/wp\/v2\/posts\/9774"}],"collection":[{"href":"https:\/\/www.adf.org.br\/home\/wp-json\/wp\/v2\/posts"}],"about":[{"href":"https:\/\/www.adf.org.br\/home\/wp-json\/wp\/v2\/types\/post"}],"author":[{"embeddable":true,"href":"https:\/\/www.adf.org.br\/home\/wp-json\/wp\/v2\/users\/31"}],"replies":[{"embeddable":true,"href":"https:\/\/www.adf.org.br\/home\/wp-json\/wp\/v2\/comments?post=9774"}],"version-history":[{"count":0,"href":"https:\/\/www.adf.org.br\/home\/wp-json\/wp\/v2\/posts\/9774\/revisions"}],"wp:attachment":[{"href":"https:\/\/www.adf.org.br\/home\/wp-json\/wp\/v2\/media?parent=9774"}],"wp:term":[{"taxonomy":"category","embeddable":true,"href":"https:\/\/www.adf.org.br\/home\/wp-json\/wp\/v2\/categories?post=9774"},{"taxonomy":"post_tag","embeddable":true,"href":"https:\/\/www.adf.org.br\/home\/wp-json\/wp\/v2\/tags?post=9774"}],"curies":[{"name":"wp","href":"https:\/\/api.w.org\/{rel}","templated":true}]}}