{"id":9364,"date":"2011-06-06T00:00:17","date_gmt":"2011-06-06T03:00:17","guid":{"rendered":"http:\/\/www.adf.org.br\/home\/?p=9364"},"modified":"2011-06-06T00:00:17","modified_gmt":"2011-06-06T03:00:17","slug":"e-quando-a-oracao-nao-funciona","status":"publish","type":"post","link":"https:\/\/www.adf.org.br\/home\/e-quando-a-oracao-nao-funciona\/","title":{"rendered":"E quando a ora\u00e7\u00e3o n\u00e3o funciona?"},"content":{"rendered":"<p style=\"padding-left: 60px;\"><span style=\"color: #800080;\"><strong>E quando mesmo orando mais, suplicando e recorrendo ao auxilio do Senhor, acabamos caindo em alguma falta? <\/strong><\/span><\/p>\n<p style=\"padding-left: 60px;\"><span style=\"color: #800080;\"><strong>Parece que a ora\u00e7\u00e3o n\u00e3o foi eficaz?<\/strong><\/span><\/p>\n<p><a rel=\"attachment wp-att-9366\" href=\"http:\/\/www.adf.org.br\/home\/2011\/06\/e-quando-a-oracao-nao-funciona\/oracao-2\/\"><img loading=\"lazy\" class=\"alignright size-medium wp-image-9366\" title=\"oracao\" src=\"http:\/\/www.adf.org.br\/home\/wp-content\/uploads\/2011\/06\/oracao-290x300.jpg\" alt=\"\" width=\"203\" height=\"210\" \/><\/a><em>\u201cRevesti-vos da armadura de Deus, para que possais resistir \u00e0s ciladas do dem\u00f4nio. Porque n\u00f3s n\u00e3o temos que lutar (somente) contra a carne e o sangue, mas sim contra os principados e potestades (do inferno), contra os dominadores deste mundo tenebroso, contra os esp\u00edritos malignos (espalhados) pelos ares. Portanto, tomai a armadura de Deus, para que possais resistir no dia mau e ficar de p\u00e9 depois de ter vencido tudo.\u201d<\/em> (Ef\u00e9sio 6, 11-13.)<\/p>\n<p>Certamente muitas vezes temos passado e ainda possamos passar por esse \u201cdia mau\u201d de que fala S\u00e3o Paulo. H\u00e1 dias em que logo nas primeiras horas percebemos que a luta ser\u00e1 mais intensa e que as tenta\u00e7\u00f5es se levantam contra n\u00f3s com muito mais \u00edmpeto. Muitas vezes, conscientes de nossa fraqueza, j\u00e1 nas primeiras ora\u00e7\u00f5es pedimos a Nosso Senhor, por meio de Nossa Senhora, um aux\u00edlio maior para determinadas situa\u00e7\u00f5es.<\/p>\n<p>\u00c9 que nesses \u201cdias maus\u201d as ocasi\u00f5es de pecado se apresentam muitas vezes de forma sutil, e em outras, de forma violenta. \u00c9 um verdadeiro sofrimento!  Ent\u00e3o devemos suplicar mais intensamente o aux\u00edlio de Deus.<\/p>\n<p>Mas, infelizmente, mesmo orando mais, suplicando e recorrendo ao auxilio sobrenatural, a pessoa pode acabar caindo!<\/p>\n<p>Pode-se indagar por que raz\u00e3o que, embora essa pessoa se tenha dado conta, com anteced\u00eancia, das dificuldades a serem enfrentadas e ter feito as ora\u00e7\u00f5es, no entanto isto n\u00e3o lhe adiantou no sentido de ter evitado cometer a falta? Por que lhe faltaram as for\u00e7as suficientes para ela se manter de p\u00e9?<\/p>\n<p><a href=\"http:\/\/oratoriodamedalhamilagrosa.org.br\/home\/acenda-sua-vela-30\/?origem=1\" target=\"_blank\" rel=\"noopener noreferrer\"><img loading=\"lazy\" class=\"alignleft size-medium wp-image-9368\" title=\"Nossa Senhora de F\u00e1tima\" src=\"http:\/\/www.adf.org.br\/home\/wp-content\/uploads\/2011\/06\/DSC03193-225x300.jpg\" alt=\"\" width=\"225\" height=\"300\" \/><\/a>Acontece que, al\u00e9m da ora\u00e7\u00e3o, \u00e9 indispens\u00e1vel tamb\u00e9m a vigil\u00e2ncia. Ou seja, \u00e9 preciso prevenir e evitar as ocasi\u00f5es.<\/p>\n<p><em><span style=\"color: #ff0000;\"><strong>\u201cVigiai e orai para que n\u00e3o entreis em tenta\u00e7\u00e3o. Pois o esp\u00edrito est\u00e1 pronto, mas a carne \u00e9 fraca.\u201d <\/strong><\/span><\/em>(S\u00e3o Marcos 14,38.)<\/p>\n<p>O grande problema, muitas vezes, quando sofremos tenta\u00e7\u00f5es fortes, \u00e9 deixarmos nos levar apenas pelos sentidos e n\u00e3o por uma pr\u00e9via delibera\u00e7\u00e3o firme da vontade. A\u00ed cedemos aos impulsos emocionais mais agudos.<\/p>\n<p>Em momentos como estes, acabamos olhando apenas para o objeto da tenta\u00e7\u00e3o e ignoramos as circunst\u00e2ncias que a produzem.<\/p>\n<p>A vigil\u00e2ncia est\u00e1 em antever o problema, em buscar resolv\u00ea-lo antes que se manifeste, evitando a ocasi\u00e3o. \u00c9 como um general que tem os soldados sempre prontos para o combate. Ao perceber qualquer ind\u00edcio de prov\u00e1vel advers\u00e1rio, imobiliza-o antes que ele se aproxime.<\/p>\n<p>Quando Nosso Senhor acordou os Ap\u00f3stolos e disse:<em> \u201cLevantai-vos, vamos; eis que aquele que me h\u00e1 de entregar est\u00e1 pr\u00f3ximo\u201d<\/em> (S\u00e3o Marcos, 14, 42), Ele n\u00e3o os adverte para que fujam, mas para que se d\u00eaem conta de que o inimigo est\u00e1 chegando.<\/p>\n<p>Da mesma forma, <span style=\"font-size: medium;\"><strong>n\u00f3s devemos estar atentos para n\u00e3o darmos nenhuma oportunidade a inimigo de nossas almas nos surpreenda \u201cdormindo\u201d.<\/strong><\/span><\/p>\n<p>Devemos prestar aten\u00e7\u00e3o nas circunst\u00e2ncias e rejeitar toda e qualquer concess\u00e3o que mais tarde se tornar\u00e1 numa fraqueza quando a tenta\u00e7\u00e3o se manifestar.<\/p>\n<p><a href=\"http:\/\/oratoriodamedalhamilagrosa.org.br\/home\/acenda-sua-vela-30\/?origem=1\" target=\"_blank\" rel=\"noopener noreferrer\"><img loading=\"lazy\" class=\"aligncenter size-full wp-image-9370\" title=\"banner_oratorio1\" src=\"http:\/\/www.adf.org.br\/home\/wp-content\/uploads\/2011\/06\/banner_oratorio11.jpg\" alt=\"\" width=\"450\" height=\"159\" \/><\/a><\/p>\n<p>Vigiar \u00e9 estar atento a tudo o que acontece ao nosso redor. Deus d\u00e1-nos a capacidade de perceber as realidades e os perigos que nos rodeiam. A\u00ed, rezando, Ele nos d\u00e1 as gra\u00e7as e a for\u00e7a necess\u00e1ria para reagir.<\/p>\n<p>Devemos proceder como a dona de casa que, ao olhar para o c\u00e9u e perceber que vir\u00e1 chuva, corre at\u00e9 o varal e recolhe as roupas para que n\u00e3o sejam molhadas. N\u00e3o basta a pessoa rezar, mas n\u00e3o evitar, por exemplo, programas, filmes, revistas e conversas que ir\u00e3o lhe instigar e lhe arrastar ao pecado!  Ser\u00e1 uma falta de vigil\u00e2ncia.<\/p>\n<p>Todos n\u00f3s temos plenas condi\u00e7\u00f5es de identificar em que ponto somos ou estamos mais fracos, pois Deus concede-nos sua gra\u00e7a e a capacidade de nos conhecermos a n\u00f3s mesmos. \u00c9 preciso, pois, vigiar (agir sobre as tend\u00eancias m\u00e1s) e orar.<\/p>\n<p><em>Baseado em http:\/\/cotidianoespiritual.blogspot.com\/<\/em><\/p>\n<p><br class=\"spacer_\" \/><\/p>\n","protected":false},"excerpt":{"rendered":"<p>E quando mesmo orando mais, suplicando e recorrendo ao auxilio do Senhor, acabamos caindo em alguma falta? Parece que a ora\u00e7\u00e3o n\u00e3o foi eficaz? \u201cRevesti-vos da armadura de Deus, para que possais resistir \u00e0s ciladas do dem\u00f4nio. Porque n\u00f3s n\u00e3o temos que lutar (somente) contra a carne e o sangue, mas sim contra os principados [&hellip;]<\/p>\n","protected":false},"author":31,"featured_media":0,"comment_status":"open","ping_status":"open","sticky":false,"template":"","format":"standard","meta":[],"categories":[20],"tags":[],"yoast_head":"<!-- This site is optimized with the Yoast SEO plugin v17.4 - https:\/\/yoast.com\/wordpress\/plugins\/seo\/ -->\n<title>E quando a ora\u00e7\u00e3o n\u00e3o funciona? - Associa\u00e7\u00e3o Devotos de F\u00e1tima<\/title>\n<meta name=\"robots\" content=\"index, follow, max-snippet:-1, max-image-preview:large, max-video-preview:-1\" \/>\n<link rel=\"canonical\" href=\"https:\/\/www.adf.org.br\/home\/e-quando-a-oracao-nao-funciona\/\" \/>\n<meta property=\"og:locale\" content=\"pt_BR\" \/>\n<meta property=\"og:type\" content=\"article\" \/>\n<meta property=\"og:title\" content=\"E quando a ora\u00e7\u00e3o n\u00e3o funciona? - Associa\u00e7\u00e3o Devotos de F\u00e1tima\" \/>\n<meta property=\"og:description\" content=\"E quando mesmo orando mais, suplicando e recorrendo ao auxilio do Senhor, acabamos caindo em alguma falta? Parece que a ora\u00e7\u00e3o n\u00e3o foi eficaz? \u201cRevesti-vos da armadura de Deus, para que possais resistir \u00e0s ciladas do dem\u00f4nio. Porque n\u00f3s n\u00e3o temos que lutar (somente) contra a carne e o sangue, mas sim contra os principados [&hellip;]\" \/>\n<meta property=\"og:url\" content=\"https:\/\/www.adf.org.br\/home\/e-quando-a-oracao-nao-funciona\/\" \/>\n<meta property=\"og:site_name\" content=\"Associa\u00e7\u00e3o Devotos de F\u00e1tima\" \/>\n<meta property=\"article:published_time\" content=\"2011-06-06T03:00:17+00:00\" \/>\n<meta property=\"og:image\" content=\"http:\/\/www.adf.org.br\/home\/wp-content\/uploads\/2011\/06\/oracao-290x300.jpg\" \/>\n<meta name=\"twitter:card\" content=\"summary_large_image\" \/>\n<meta name=\"twitter:label1\" content=\"Escrito por\" \/>\n\t<meta name=\"twitter:data1\" content=\"Gabriel Barbosa\" \/>\n\t<meta name=\"twitter:label2\" content=\"Est. tempo de leitura\" \/>\n\t<meta name=\"twitter:data2\" content=\"3 minutos\" \/>\n<script type=\"application\/ld+json\" class=\"yoast-schema-graph\">{\"@context\":\"https:\/\/schema.org\",\"@graph\":[{\"@type\":\"WebSite\",\"@id\":\"https:\/\/www.adf.org.br\/home\/#website\",\"url\":\"https:\/\/www.adf.org.br\/home\/\",\"name\":\"Associa\\u00e7\\u00e3o Devotos de F\\u00e1tima\",\"description\":\"Associa\\u00e7\\u00e3o Devotos de F\\u00e1tima\",\"potentialAction\":[{\"@type\":\"SearchAction\",\"target\":{\"@type\":\"EntryPoint\",\"urlTemplate\":\"https:\/\/www.adf.org.br\/home\/?s={search_term_string}\"},\"query-input\":\"required name=search_term_string\"}],\"inLanguage\":\"pt-BR\"},{\"@type\":\"ImageObject\",\"@id\":\"https:\/\/www.adf.org.br\/home\/e-quando-a-oracao-nao-funciona\/#primaryimage\",\"inLanguage\":\"pt-BR\",\"url\":\"http:\/\/www.adf.org.br\/home\/wp-content\/uploads\/2011\/06\/oracao-290x300.jpg\",\"contentUrl\":\"http:\/\/www.adf.org.br\/home\/wp-content\/uploads\/2011\/06\/oracao-290x300.jpg\"},{\"@type\":\"WebPage\",\"@id\":\"https:\/\/www.adf.org.br\/home\/e-quando-a-oracao-nao-funciona\/#webpage\",\"url\":\"https:\/\/www.adf.org.br\/home\/e-quando-a-oracao-nao-funciona\/\",\"name\":\"E quando a ora\\u00e7\\u00e3o n\\u00e3o funciona? - Associa\\u00e7\\u00e3o Devotos de F\\u00e1tima\",\"isPartOf\":{\"@id\":\"https:\/\/www.adf.org.br\/home\/#website\"},\"primaryImageOfPage\":{\"@id\":\"https:\/\/www.adf.org.br\/home\/e-quando-a-oracao-nao-funciona\/#primaryimage\"},\"datePublished\":\"2011-06-06T03:00:17+00:00\",\"dateModified\":\"2011-06-06T03:00:17+00:00\",\"author\":{\"@id\":\"https:\/\/www.adf.org.br\/home\/#\/schema\/person\/f35a5c5aa7728a3dedf4ea9aa1fc2753\"},\"breadcrumb\":{\"@id\":\"https:\/\/www.adf.org.br\/home\/e-quando-a-oracao-nao-funciona\/#breadcrumb\"},\"inLanguage\":\"pt-BR\",\"potentialAction\":[{\"@type\":\"ReadAction\",\"target\":[\"https:\/\/www.adf.org.br\/home\/e-quando-a-oracao-nao-funciona\/\"]}]},{\"@type\":\"BreadcrumbList\",\"@id\":\"https:\/\/www.adf.org.br\/home\/e-quando-a-oracao-nao-funciona\/#breadcrumb\",\"itemListElement\":[{\"@type\":\"ListItem\",\"position\":1,\"name\":\"Home\",\"item\":\"https:\/\/www.adf.org.br\/home\/\"},{\"@type\":\"ListItem\",\"position\":2,\"name\":\"E quando a ora\\u00e7\\u00e3o n\\u00e3o funciona?\"}]},{\"@type\":\"Person\",\"@id\":\"https:\/\/www.adf.org.br\/home\/#\/schema\/person\/f35a5c5aa7728a3dedf4ea9aa1fc2753\",\"name\":\"Gabriel Barbosa\",\"image\":{\"@type\":\"ImageObject\",\"@id\":\"https:\/\/www.adf.org.br\/home\/#personlogo\",\"inLanguage\":\"pt-BR\",\"url\":\"https:\/\/secure.gravatar.com\/avatar\/2b2cb2f4637682c5605e8d36818f51ef?s=96&d=mm&r=g\",\"contentUrl\":\"https:\/\/secure.gravatar.com\/avatar\/2b2cb2f4637682c5605e8d36818f51ef?s=96&d=mm&r=g\",\"caption\":\"Gabriel Barbosa\"},\"url\":\"https:\/\/www.adf.org.br\/home\/author\/gabrielpmk-com-br\/\"}]}<\/script>\n<!-- \/ Yoast SEO plugin. -->","yoast_head_json":{"title":"E quando a ora\u00e7\u00e3o n\u00e3o funciona? - Associa\u00e7\u00e3o Devotos de F\u00e1tima","robots":{"index":"index","follow":"follow","max-snippet":"max-snippet:-1","max-image-preview":"max-image-preview:large","max-video-preview":"max-video-preview:-1"},"canonical":"https:\/\/www.adf.org.br\/home\/e-quando-a-oracao-nao-funciona\/","og_locale":"pt_BR","og_type":"article","og_title":"E quando a ora\u00e7\u00e3o n\u00e3o funciona? - Associa\u00e7\u00e3o Devotos de F\u00e1tima","og_description":"E quando mesmo orando mais, suplicando e recorrendo ao auxilio do Senhor, acabamos caindo em alguma falta? Parece que a ora\u00e7\u00e3o n\u00e3o foi eficaz? \u201cRevesti-vos da armadura de Deus, para que possais resistir \u00e0s ciladas do dem\u00f4nio. Porque n\u00f3s n\u00e3o temos que lutar (somente) contra a carne e o sangue, mas sim contra os principados [&hellip;]","og_url":"https:\/\/www.adf.org.br\/home\/e-quando-a-oracao-nao-funciona\/","og_site_name":"Associa\u00e7\u00e3o Devotos de F\u00e1tima","article_published_time":"2011-06-06T03:00:17+00:00","og_image":[{"url":"http:\/\/www.adf.org.br\/home\/wp-content\/uploads\/2011\/06\/oracao-290x300.jpg"}],"twitter_card":"summary_large_image","twitter_misc":{"Escrito por":"Gabriel Barbosa","Est. tempo de leitura":"3 minutos"},"schema":{"@context":"https:\/\/schema.org","@graph":[{"@type":"WebSite","@id":"https:\/\/www.adf.org.br\/home\/#website","url":"https:\/\/www.adf.org.br\/home\/","name":"Associa\u00e7\u00e3o Devotos de F\u00e1tima","description":"Associa\u00e7\u00e3o Devotos de F\u00e1tima","potentialAction":[{"@type":"SearchAction","target":{"@type":"EntryPoint","urlTemplate":"https:\/\/www.adf.org.br\/home\/?s={search_term_string}"},"query-input":"required name=search_term_string"}],"inLanguage":"pt-BR"},{"@type":"ImageObject","@id":"https:\/\/www.adf.org.br\/home\/e-quando-a-oracao-nao-funciona\/#primaryimage","inLanguage":"pt-BR","url":"http:\/\/www.adf.org.br\/home\/wp-content\/uploads\/2011\/06\/oracao-290x300.jpg","contentUrl":"http:\/\/www.adf.org.br\/home\/wp-content\/uploads\/2011\/06\/oracao-290x300.jpg"},{"@type":"WebPage","@id":"https:\/\/www.adf.org.br\/home\/e-quando-a-oracao-nao-funciona\/#webpage","url":"https:\/\/www.adf.org.br\/home\/e-quando-a-oracao-nao-funciona\/","name":"E quando a ora\u00e7\u00e3o n\u00e3o funciona? - Associa\u00e7\u00e3o Devotos de F\u00e1tima","isPartOf":{"@id":"https:\/\/www.adf.org.br\/home\/#website"},"primaryImageOfPage":{"@id":"https:\/\/www.adf.org.br\/home\/e-quando-a-oracao-nao-funciona\/#primaryimage"},"datePublished":"2011-06-06T03:00:17+00:00","dateModified":"2011-06-06T03:00:17+00:00","author":{"@id":"https:\/\/www.adf.org.br\/home\/#\/schema\/person\/f35a5c5aa7728a3dedf4ea9aa1fc2753"},"breadcrumb":{"@id":"https:\/\/www.adf.org.br\/home\/e-quando-a-oracao-nao-funciona\/#breadcrumb"},"inLanguage":"pt-BR","potentialAction":[{"@type":"ReadAction","target":["https:\/\/www.adf.org.br\/home\/e-quando-a-oracao-nao-funciona\/"]}]},{"@type":"BreadcrumbList","@id":"https:\/\/www.adf.org.br\/home\/e-quando-a-oracao-nao-funciona\/#breadcrumb","itemListElement":[{"@type":"ListItem","position":1,"name":"Home","item":"https:\/\/www.adf.org.br\/home\/"},{"@type":"ListItem","position":2,"name":"E quando a ora\u00e7\u00e3o n\u00e3o funciona?"}]},{"@type":"Person","@id":"https:\/\/www.adf.org.br\/home\/#\/schema\/person\/f35a5c5aa7728a3dedf4ea9aa1fc2753","name":"Gabriel Barbosa","image":{"@type":"ImageObject","@id":"https:\/\/www.adf.org.br\/home\/#personlogo","inLanguage":"pt-BR","url":"https:\/\/secure.gravatar.com\/avatar\/2b2cb2f4637682c5605e8d36818f51ef?s=96&d=mm&r=g","contentUrl":"https:\/\/secure.gravatar.com\/avatar\/2b2cb2f4637682c5605e8d36818f51ef?s=96&d=mm&r=g","caption":"Gabriel Barbosa"},"url":"https:\/\/www.adf.org.br\/home\/author\/gabrielpmk-com-br\/"}]}},"_links":{"self":[{"href":"https:\/\/www.adf.org.br\/home\/wp-json\/wp\/v2\/posts\/9364"}],"collection":[{"href":"https:\/\/www.adf.org.br\/home\/wp-json\/wp\/v2\/posts"}],"about":[{"href":"https:\/\/www.adf.org.br\/home\/wp-json\/wp\/v2\/types\/post"}],"author":[{"embeddable":true,"href":"https:\/\/www.adf.org.br\/home\/wp-json\/wp\/v2\/users\/31"}],"replies":[{"embeddable":true,"href":"https:\/\/www.adf.org.br\/home\/wp-json\/wp\/v2\/comments?post=9364"}],"version-history":[{"count":0,"href":"https:\/\/www.adf.org.br\/home\/wp-json\/wp\/v2\/posts\/9364\/revisions"}],"wp:attachment":[{"href":"https:\/\/www.adf.org.br\/home\/wp-json\/wp\/v2\/media?parent=9364"}],"wp:term":[{"taxonomy":"category","embeddable":true,"href":"https:\/\/www.adf.org.br\/home\/wp-json\/wp\/v2\/categories?post=9364"},{"taxonomy":"post_tag","embeddable":true,"href":"https:\/\/www.adf.org.br\/home\/wp-json\/wp\/v2\/tags?post=9364"}],"curies":[{"name":"wp","href":"https:\/\/api.w.org\/{rel}","templated":true}]}}