{"id":9247,"date":"2011-05-26T00:00:07","date_gmt":"2011-05-26T03:00:07","guid":{"rendered":"http:\/\/www.adf.org.br\/home\/?p=9247"},"modified":"2011-05-26T00:00:07","modified_gmt":"2011-05-26T03:00:07","slug":"a-pomba-do-diluvio-e-a-virgem-maria","status":"publish","type":"post","link":"https:\/\/www.adf.org.br\/home\/a-pomba-do-diluvio-e-a-virgem-maria\/","title":{"rendered":"A pomba do Dil\u00favio e a Virgem Maria"},"content":{"rendered":"<p><img loading=\"lazy\" class=\"alignleft size-full wp-image-9250\" title=\"pomba\" src=\"http:\/\/www.adf.org.br\/home\/wp-content\/uploads\/2011\/05\/pomba.jpg\" alt=\"\" width=\"298\" height=\"183\" \/>A pomba que, ao cair o crep\u00fasculo da tarde, trouxe \u00e0 fam\u00edlia de No\u00e9 o ramo de oliveira, press\u00e1gio da cessa\u00e7\u00e3o do flagelo, diz Santo Alberto Magno, \u00e9 evidentemente a imagem de Maria, que apareceu nos \u00faltimos vislumbres do mundo antigo, carregada da oliveira da paz.<\/p>\n<p>Por estas palavras: &#8220;Eis aqui a serva do Senhor&#8221;, Ela anunciava o apaziguamento da c\u00f3lera divina. (Bibl. Mar. in Gen. 8,11.)<\/p>\n<p>&#8220;Maria \u00e9 a pomba inocente, imaculada e bela&#8221;, dizem Santo Epif\u00e2nio, Santo Andr\u00e9 de Creta e S\u00e3o Louren\u00e7o Justiniano.<\/p>\n<p><em> (Por que amo Maria, pelo Padre J\u00falio Maria de Lombaerde, Vozes, 1945)<\/em><\/p>\n<p><em><a href=\"bit.ly\/velavirtual\" target=\"_blank\" rel=\"noopener noreferrer\"><img loading=\"lazy\" class=\"aligncenter size-full wp-image-9252\" title=\"oratorio_celular\" src=\"http:\/\/www.adf.org.br\/home\/wp-content\/uploads\/2011\/05\/oratorio_celular.jpg\" alt=\"\" width=\"531\" height=\"192\" \/><\/a><br \/>\n<\/em><\/p>\n<p><em>Fonte: A grande guerra<br \/>\n <\/em><\/p>\n","protected":false},"excerpt":{"rendered":"<p>A pomba que, ao cair o crep\u00fasculo da tarde, trouxe \u00e0 fam\u00edlia de No\u00e9 o ramo de oliveira, press\u00e1gio da cessa\u00e7\u00e3o do flagelo, diz Santo Alberto Magno, \u00e9 evidentemente a imagem de Maria, que apareceu nos \u00faltimos vislumbres do mundo antigo, carregada da oliveira da paz. Por estas palavras: &#8220;Eis aqui a serva do Senhor&#8221;, [&hellip;]<\/p>\n","protected":false},"author":31,"featured_media":0,"comment_status":"open","ping_status":"open","sticky":false,"template":"","format":"standard","meta":[],"categories":[20],"tags":[1002],"yoast_head":"<!-- This site is optimized with the Yoast SEO plugin v17.4 - https:\/\/yoast.com\/wordpress\/plugins\/seo\/ -->\n<title>A pomba do Dil\u00favio e a Virgem Maria - Associa\u00e7\u00e3o Devotos de F\u00e1tima<\/title>\n<meta name=\"robots\" content=\"index, follow, max-snippet:-1, max-image-preview:large, max-video-preview:-1\" \/>\n<link rel=\"canonical\" href=\"https:\/\/www.adf.org.br\/home\/a-pomba-do-diluvio-e-a-virgem-maria\/\" \/>\n<meta property=\"og:locale\" content=\"pt_BR\" \/>\n<meta property=\"og:type\" content=\"article\" \/>\n<meta property=\"og:title\" content=\"A pomba do Dil\u00favio e a Virgem Maria - Associa\u00e7\u00e3o Devotos de F\u00e1tima\" \/>\n<meta property=\"og:description\" content=\"A pomba que, ao cair o crep\u00fasculo da tarde, trouxe \u00e0 fam\u00edlia de No\u00e9 o ramo de oliveira, press\u00e1gio da cessa\u00e7\u00e3o do flagelo, diz Santo Alberto Magno, \u00e9 evidentemente a imagem de Maria, que apareceu nos \u00faltimos vislumbres do mundo antigo, carregada da oliveira da paz. Por estas palavras: &#8220;Eis aqui a serva do Senhor&#8221;, [&hellip;]\" \/>\n<meta property=\"og:url\" content=\"https:\/\/www.adf.org.br\/home\/a-pomba-do-diluvio-e-a-virgem-maria\/\" \/>\n<meta property=\"og:site_name\" content=\"Associa\u00e7\u00e3o Devotos de F\u00e1tima\" \/>\n<meta property=\"article:published_time\" content=\"2011-05-26T03:00:07+00:00\" \/>\n<meta property=\"og:image\" content=\"http:\/\/www.adf.org.br\/home\/wp-content\/uploads\/2011\/05\/pomba.jpg\" \/>\n<meta name=\"twitter:card\" content=\"summary_large_image\" \/>\n<meta name=\"twitter:label1\" content=\"Escrito por\" \/>\n\t<meta name=\"twitter:data1\" content=\"Gabriel Barbosa\" \/>\n\t<meta name=\"twitter:label2\" content=\"Est. tempo de leitura\" \/>\n\t<meta name=\"twitter:data2\" content=\"1 minuto\" \/>\n<script type=\"application\/ld+json\" class=\"yoast-schema-graph\">{\"@context\":\"https:\/\/schema.org\",\"@graph\":[{\"@type\":\"WebSite\",\"@id\":\"https:\/\/www.adf.org.br\/home\/#website\",\"url\":\"https:\/\/www.adf.org.br\/home\/\",\"name\":\"Associa\\u00e7\\u00e3o Devotos de F\\u00e1tima\",\"description\":\"Associa\\u00e7\\u00e3o Devotos de F\\u00e1tima\",\"potentialAction\":[{\"@type\":\"SearchAction\",\"target\":{\"@type\":\"EntryPoint\",\"urlTemplate\":\"https:\/\/www.adf.org.br\/home\/?s={search_term_string}\"},\"query-input\":\"required name=search_term_string\"}],\"inLanguage\":\"pt-BR\"},{\"@type\":\"ImageObject\",\"@id\":\"https:\/\/www.adf.org.br\/home\/a-pomba-do-diluvio-e-a-virgem-maria\/#primaryimage\",\"inLanguage\":\"pt-BR\",\"url\":\"http:\/\/www.adf.org.br\/home\/wp-content\/uploads\/2011\/05\/pomba.jpg\",\"contentUrl\":\"http:\/\/www.adf.org.br\/home\/wp-content\/uploads\/2011\/05\/pomba.jpg\"},{\"@type\":\"WebPage\",\"@id\":\"https:\/\/www.adf.org.br\/home\/a-pomba-do-diluvio-e-a-virgem-maria\/#webpage\",\"url\":\"https:\/\/www.adf.org.br\/home\/a-pomba-do-diluvio-e-a-virgem-maria\/\",\"name\":\"A pomba do Dil\\u00favio e a Virgem Maria - Associa\\u00e7\\u00e3o Devotos de F\\u00e1tima\",\"isPartOf\":{\"@id\":\"https:\/\/www.adf.org.br\/home\/#website\"},\"primaryImageOfPage\":{\"@id\":\"https:\/\/www.adf.org.br\/home\/a-pomba-do-diluvio-e-a-virgem-maria\/#primaryimage\"},\"datePublished\":\"2011-05-26T03:00:07+00:00\",\"dateModified\":\"2011-05-26T03:00:07+00:00\",\"author\":{\"@id\":\"https:\/\/www.adf.org.br\/home\/#\/schema\/person\/f35a5c5aa7728a3dedf4ea9aa1fc2753\"},\"breadcrumb\":{\"@id\":\"https:\/\/www.adf.org.br\/home\/a-pomba-do-diluvio-e-a-virgem-maria\/#breadcrumb\"},\"inLanguage\":\"pt-BR\",\"potentialAction\":[{\"@type\":\"ReadAction\",\"target\":[\"https:\/\/www.adf.org.br\/home\/a-pomba-do-diluvio-e-a-virgem-maria\/\"]}]},{\"@type\":\"BreadcrumbList\",\"@id\":\"https:\/\/www.adf.org.br\/home\/a-pomba-do-diluvio-e-a-virgem-maria\/#breadcrumb\",\"itemListElement\":[{\"@type\":\"ListItem\",\"position\":1,\"name\":\"Home\",\"item\":\"https:\/\/www.adf.org.br\/home\/\"},{\"@type\":\"ListItem\",\"position\":2,\"name\":\"A pomba do Dil\\u00favio e a Virgem Maria\"}]},{\"@type\":\"Person\",\"@id\":\"https:\/\/www.adf.org.br\/home\/#\/schema\/person\/f35a5c5aa7728a3dedf4ea9aa1fc2753\",\"name\":\"Gabriel Barbosa\",\"image\":{\"@type\":\"ImageObject\",\"@id\":\"https:\/\/www.adf.org.br\/home\/#personlogo\",\"inLanguage\":\"pt-BR\",\"url\":\"https:\/\/secure.gravatar.com\/avatar\/2b2cb2f4637682c5605e8d36818f51ef?s=96&d=mm&r=g\",\"contentUrl\":\"https:\/\/secure.gravatar.com\/avatar\/2b2cb2f4637682c5605e8d36818f51ef?s=96&d=mm&r=g\",\"caption\":\"Gabriel Barbosa\"},\"url\":\"https:\/\/www.adf.org.br\/home\/author\/gabrielpmk-com-br\/\"}]}<\/script>\n<!-- \/ Yoast SEO plugin. -->","yoast_head_json":{"title":"A pomba do Dil\u00favio e a Virgem Maria - Associa\u00e7\u00e3o Devotos de F\u00e1tima","robots":{"index":"index","follow":"follow","max-snippet":"max-snippet:-1","max-image-preview":"max-image-preview:large","max-video-preview":"max-video-preview:-1"},"canonical":"https:\/\/www.adf.org.br\/home\/a-pomba-do-diluvio-e-a-virgem-maria\/","og_locale":"pt_BR","og_type":"article","og_title":"A pomba do Dil\u00favio e a Virgem Maria - Associa\u00e7\u00e3o Devotos de F\u00e1tima","og_description":"A pomba que, ao cair o crep\u00fasculo da tarde, trouxe \u00e0 fam\u00edlia de No\u00e9 o ramo de oliveira, press\u00e1gio da cessa\u00e7\u00e3o do flagelo, diz Santo Alberto Magno, \u00e9 evidentemente a imagem de Maria, que apareceu nos \u00faltimos vislumbres do mundo antigo, carregada da oliveira da paz. Por estas palavras: &#8220;Eis aqui a serva do Senhor&#8221;, [&hellip;]","og_url":"https:\/\/www.adf.org.br\/home\/a-pomba-do-diluvio-e-a-virgem-maria\/","og_site_name":"Associa\u00e7\u00e3o Devotos de F\u00e1tima","article_published_time":"2011-05-26T03:00:07+00:00","og_image":[{"url":"http:\/\/www.adf.org.br\/home\/wp-content\/uploads\/2011\/05\/pomba.jpg"}],"twitter_card":"summary_large_image","twitter_misc":{"Escrito por":"Gabriel Barbosa","Est. tempo de leitura":"1 minuto"},"schema":{"@context":"https:\/\/schema.org","@graph":[{"@type":"WebSite","@id":"https:\/\/www.adf.org.br\/home\/#website","url":"https:\/\/www.adf.org.br\/home\/","name":"Associa\u00e7\u00e3o Devotos de F\u00e1tima","description":"Associa\u00e7\u00e3o Devotos de F\u00e1tima","potentialAction":[{"@type":"SearchAction","target":{"@type":"EntryPoint","urlTemplate":"https:\/\/www.adf.org.br\/home\/?s={search_term_string}"},"query-input":"required name=search_term_string"}],"inLanguage":"pt-BR"},{"@type":"ImageObject","@id":"https:\/\/www.adf.org.br\/home\/a-pomba-do-diluvio-e-a-virgem-maria\/#primaryimage","inLanguage":"pt-BR","url":"http:\/\/www.adf.org.br\/home\/wp-content\/uploads\/2011\/05\/pomba.jpg","contentUrl":"http:\/\/www.adf.org.br\/home\/wp-content\/uploads\/2011\/05\/pomba.jpg"},{"@type":"WebPage","@id":"https:\/\/www.adf.org.br\/home\/a-pomba-do-diluvio-e-a-virgem-maria\/#webpage","url":"https:\/\/www.adf.org.br\/home\/a-pomba-do-diluvio-e-a-virgem-maria\/","name":"A pomba do Dil\u00favio e a Virgem Maria - Associa\u00e7\u00e3o Devotos de F\u00e1tima","isPartOf":{"@id":"https:\/\/www.adf.org.br\/home\/#website"},"primaryImageOfPage":{"@id":"https:\/\/www.adf.org.br\/home\/a-pomba-do-diluvio-e-a-virgem-maria\/#primaryimage"},"datePublished":"2011-05-26T03:00:07+00:00","dateModified":"2011-05-26T03:00:07+00:00","author":{"@id":"https:\/\/www.adf.org.br\/home\/#\/schema\/person\/f35a5c5aa7728a3dedf4ea9aa1fc2753"},"breadcrumb":{"@id":"https:\/\/www.adf.org.br\/home\/a-pomba-do-diluvio-e-a-virgem-maria\/#breadcrumb"},"inLanguage":"pt-BR","potentialAction":[{"@type":"ReadAction","target":["https:\/\/www.adf.org.br\/home\/a-pomba-do-diluvio-e-a-virgem-maria\/"]}]},{"@type":"BreadcrumbList","@id":"https:\/\/www.adf.org.br\/home\/a-pomba-do-diluvio-e-a-virgem-maria\/#breadcrumb","itemListElement":[{"@type":"ListItem","position":1,"name":"Home","item":"https:\/\/www.adf.org.br\/home\/"},{"@type":"ListItem","position":2,"name":"A pomba do Dil\u00favio e a Virgem Maria"}]},{"@type":"Person","@id":"https:\/\/www.adf.org.br\/home\/#\/schema\/person\/f35a5c5aa7728a3dedf4ea9aa1fc2753","name":"Gabriel Barbosa","image":{"@type":"ImageObject","@id":"https:\/\/www.adf.org.br\/home\/#personlogo","inLanguage":"pt-BR","url":"https:\/\/secure.gravatar.com\/avatar\/2b2cb2f4637682c5605e8d36818f51ef?s=96&d=mm&r=g","contentUrl":"https:\/\/secure.gravatar.com\/avatar\/2b2cb2f4637682c5605e8d36818f51ef?s=96&d=mm&r=g","caption":"Gabriel Barbosa"},"url":"https:\/\/www.adf.org.br\/home\/author\/gabrielpmk-com-br\/"}]}},"_links":{"self":[{"href":"https:\/\/www.adf.org.br\/home\/wp-json\/wp\/v2\/posts\/9247"}],"collection":[{"href":"https:\/\/www.adf.org.br\/home\/wp-json\/wp\/v2\/posts"}],"about":[{"href":"https:\/\/www.adf.org.br\/home\/wp-json\/wp\/v2\/types\/post"}],"author":[{"embeddable":true,"href":"https:\/\/www.adf.org.br\/home\/wp-json\/wp\/v2\/users\/31"}],"replies":[{"embeddable":true,"href":"https:\/\/www.adf.org.br\/home\/wp-json\/wp\/v2\/comments?post=9247"}],"version-history":[{"count":0,"href":"https:\/\/www.adf.org.br\/home\/wp-json\/wp\/v2\/posts\/9247\/revisions"}],"wp:attachment":[{"href":"https:\/\/www.adf.org.br\/home\/wp-json\/wp\/v2\/media?parent=9247"}],"wp:term":[{"taxonomy":"category","embeddable":true,"href":"https:\/\/www.adf.org.br\/home\/wp-json\/wp\/v2\/categories?post=9247"},{"taxonomy":"post_tag","embeddable":true,"href":"https:\/\/www.adf.org.br\/home\/wp-json\/wp\/v2\/tags?post=9247"}],"curies":[{"name":"wp","href":"https:\/\/api.w.org\/{rel}","templated":true}]}}