{"id":8950,"date":"2011-04-24T23:30:17","date_gmt":"2011-04-25T02:30:17","guid":{"rendered":"http:\/\/www.adf.org.br\/home\/?p=8950"},"modified":"2011-04-24T23:30:17","modified_gmt":"2011-04-25T02:30:17","slug":"oratorio-da-medalha-milagrosa-intencoes-da-semana-25-de-abril-a-1%c2%ba-de-maio","status":"publish","type":"post","link":"https:\/\/www.adf.org.br\/home\/oratorio-da-medalha-milagrosa-intencoes-da-semana-25-de-abril-a-1%c2%ba-de-maio\/","title":{"rendered":"Orat\u00f3rio da Medalha Milagrosa: Inten\u00e7\u00f5es da semana \u2013 25 de abril a 1\u00ba de maio"},"content":{"rendered":"<div>\n<p><strong><img loading=\"lazy\" title=\"miracolo-193x300\" src=\"http:\/\/www.adf.org.br\/home\/wp-content\/uploads\/2011\/04\/miracolo-193x3002.jpg\" alt=\"\" width=\"193\" height=\"300\" \/>S<\/strong>\u00e3o as seguintes as inten\u00e7\u00f5es das ora\u00e7\u00f5es feitas pela <a onclick=\"javascript:pageTracker._trackPageview('\/outgoing\/oratoriodamedalhamilagrosa.org.br\/home\/acenda-sua-vela-30\/?origem=1');\" href=\"http:\/\/oratoriodamedalhamilagrosa.org.br\/home\/acenda-sua-vela-30\/?origem=1\" target=\"_blank\" rel=\"noopener noreferrer\">Comunidade do Orat\u00f3rio da Medalha Milagrosa<\/a> e pelos Orantes nesta semana:<\/p>\n<p><strong><span style=\"font-size: small;\">1)\u00a0 Pelo in\u00edcio de Maio, m\u00eas de Nossa Senhora.<\/span> <\/strong>Que, nesta \u00e9poca, mais pessoas pratiquem a devo\u00e7\u00e3o mariana &#8211; <a href=\"http:\/\/www.adf.org.br\/home\/2011\/04\/8828\/\">fa\u00e7a aqui <\/a>uma ora\u00e7\u00e3o especial a Nossa Senhora;<\/p>\n<p><strong><span style=\"font-size: small;\">2) Para que todos os leitores deste boletim tenham tido uma Boa P\u00e1scoa.<\/span><\/strong> Que Nossa Senhora tenha protegido todos os que\u00a0viajaram neste feriado;<\/p>\n<p>3) Pelo bem da sa\u00fade de todos os brasileiros &#8211; <a href=\"http:\/\/www.adf.org.br\/vela-da-saude\/?origem=44\">Acenda aqui <\/a>uma Vela da Sa\u00fade, de Nossa Senhora de Lourdes.<\/p>\n<p>4) Para que voc\u00ea possa participar da peregrina\u00e7\u00e3o em F\u00e1tima.<strong> <\/strong><a onclick=\"javascript:pageTracker._trackPageview('\/outgoing\/www.oratoriodamedalhamilagrosa.org.br\/vela-de-fatima\/?origem=72');\" href=\"http:\/\/www.oratoriodamedalhamilagrosa.org.br\/vela-de-fatima\/?origem=72\" target=\"_blank\" rel=\"noopener noreferrer\">Veja aqui<\/a> como levar suas inten\u00e7\u00f5es para o Santu\u00e1rio de F\u00e1tima no dia 13 de maio;<\/p>\n<p>5)\u00a0 Pelos nossos generosos mantenedores.<strong> <\/strong>Que Nossa Senhora e Seu Filho Amado, Nosso Senhor Jesus Cristo, os recompensem com infinitas gra\u00e7as, concedendo-lhes o c\u00eantuplo do que fazem por nossa Causa;<\/p>\n<p><strong><strong><span style=\"font-size: small;\">6 ) Pela campanha S\u00e3o Paulo pela Vida<\/span><\/strong><\/strong><strong><strong><span style=\"font-size: small;\">.<\/span><\/strong> <\/strong><a onclick=\"javascript:pageTracker._trackPageview('\/outgoing\/www.saopaulopelavida.com.br\/?origem=1');\" href=\"http:\/\/www.saopaulopelavida.com.br\/?origem=1\" target=\"_blank\" rel=\"noopener noreferrer\">Assine aqui <\/a>a peti\u00e7\u00e3o p\u00fablica em defesa da vida, contra o aborto.<\/p>\n<p><strong> <\/strong><\/p>\n<p><strong>Que Nossa Senhora das Gra\u00e7as, rogai por n\u00f3s<\/strong>!<\/p>\n<p><a onclick=\"javascript:pageTracker._trackPageview('\/outgoing\/feedburner.google.com\/fb\/a\/mailverify?uri=devotosdefatima');\" href=\"http:\/\/feedburner.google.com\/fb\/a\/mailverify?uri=devotosdefatima\" target=\"_blank\" rel=\"noopener noreferrer\">Cadastre aqui<\/a> seu e-mail para receber estas inten\u00e7\u00f5es\u00a0atualizadas todas as semanas e participar das ora\u00e7\u00f5es\u00a0(\u00e9 preciso validar o pedido de cadastro clicando no link que enviaremos para seu e-mail).<\/p>\n<p>Aqueles que quiserem incluir seus nomes e inten\u00e7\u00f5es especiais nas Missas que ser\u00e3o celebradas nesse per\u00edodo,\u00a0poder\u00e3o faz\u00ea-lo ligando para 0800 773 1119 e ligue para<strong> 4368-2253 <\/strong><strong> <\/strong>se estiver em S\u00e3o Paulo.<\/p>\n<\/div>\n","protected":false},"excerpt":{"rendered":"<p>S\u00e3o as seguintes as inten\u00e7\u00f5es das ora\u00e7\u00f5es feitas pela Comunidade do Orat\u00f3rio da Medalha Milagrosa e pelos Orantes nesta semana: 1)\u00a0 Pelo in\u00edcio de Maio, m\u00eas de Nossa Senhora. Que, nesta \u00e9poca, mais pessoas pratiquem a devo\u00e7\u00e3o mariana &#8211; fa\u00e7a aqui uma ora\u00e7\u00e3o especial a Nossa Senhora; 2) Para que todos os leitores deste boletim [&hellip;]<\/p>\n","protected":false},"author":31,"featured_media":0,"comment_status":"closed","ping_status":"open","sticky":false,"template":"","format":"standard","meta":[],"categories":[20,60,50],"tags":[],"yoast_head":"<!-- This site is optimized with the Yoast SEO plugin v17.4 - https:\/\/yoast.com\/wordpress\/plugins\/seo\/ -->\n<title>Orat\u00f3rio da Medalha Milagrosa: Inten\u00e7\u00f5es da semana \u2013 25 de abril a 1\u00ba de maio - Associa\u00e7\u00e3o Devotos de F\u00e1tima<\/title>\n<meta name=\"robots\" content=\"index, follow, max-snippet:-1, max-image-preview:large, max-video-preview:-1\" \/>\n<link rel=\"canonical\" href=\"https:\/\/www.adf.org.br\/home\/oratorio-da-medalha-milagrosa-intencoes-da-semana-25-de-abril-a-1\u00ba-de-maio\/\" \/>\n<meta property=\"og:locale\" content=\"pt_BR\" \/>\n<meta property=\"og:type\" content=\"article\" \/>\n<meta property=\"og:title\" content=\"Orat\u00f3rio da Medalha Milagrosa: Inten\u00e7\u00f5es da semana \u2013 25 de abril a 1\u00ba de maio - Associa\u00e7\u00e3o Devotos de F\u00e1tima\" \/>\n<meta property=\"og:description\" content=\"S\u00e3o as seguintes as inten\u00e7\u00f5es das ora\u00e7\u00f5es feitas pela Comunidade do Orat\u00f3rio da Medalha Milagrosa e pelos Orantes nesta semana: 1)\u00a0 Pelo in\u00edcio de Maio, m\u00eas de Nossa Senhora. Que, nesta \u00e9poca, mais pessoas pratiquem a devo\u00e7\u00e3o mariana &#8211; fa\u00e7a aqui uma ora\u00e7\u00e3o especial a Nossa Senhora; 2) Para que todos os leitores deste boletim [&hellip;]\" \/>\n<meta property=\"og:url\" content=\"https:\/\/www.adf.org.br\/home\/oratorio-da-medalha-milagrosa-intencoes-da-semana-25-de-abril-a-1\u00ba-de-maio\/\" \/>\n<meta property=\"og:site_name\" content=\"Associa\u00e7\u00e3o Devotos de F\u00e1tima\" \/>\n<meta property=\"article:published_time\" content=\"2011-04-25T02:30:17+00:00\" \/>\n<meta property=\"og:image\" content=\"http:\/\/www.adf.org.br\/home\/wp-content\/uploads\/2011\/04\/miracolo-193x3002.jpg\" \/>\n<meta name=\"twitter:card\" content=\"summary_large_image\" \/>\n<meta name=\"twitter:label1\" content=\"Escrito por\" \/>\n\t<meta name=\"twitter:data1\" content=\"Gabriel Barbosa\" \/>\n\t<meta name=\"twitter:label2\" content=\"Est. tempo de leitura\" \/>\n\t<meta name=\"twitter:data2\" content=\"1 minuto\" \/>\n<script type=\"application\/ld+json\" class=\"yoast-schema-graph\">{\"@context\":\"https:\/\/schema.org\",\"@graph\":[{\"@type\":\"WebSite\",\"@id\":\"https:\/\/www.adf.org.br\/home\/#website\",\"url\":\"https:\/\/www.adf.org.br\/home\/\",\"name\":\"Associa\\u00e7\\u00e3o Devotos de F\\u00e1tima\",\"description\":\"Associa\\u00e7\\u00e3o Devotos de F\\u00e1tima\",\"potentialAction\":[{\"@type\":\"SearchAction\",\"target\":{\"@type\":\"EntryPoint\",\"urlTemplate\":\"https:\/\/www.adf.org.br\/home\/?s={search_term_string}\"},\"query-input\":\"required name=search_term_string\"}],\"inLanguage\":\"pt-BR\"},{\"@type\":\"ImageObject\",\"@id\":\"https:\/\/www.adf.org.br\/home\/oratorio-da-medalha-milagrosa-intencoes-da-semana-25-de-abril-a-1%c2%ba-de-maio\/#primaryimage\",\"inLanguage\":\"pt-BR\",\"url\":\"http:\/\/www.adf.org.br\/home\/wp-content\/uploads\/2011\/04\/miracolo-193x3002.jpg\",\"contentUrl\":\"http:\/\/www.adf.org.br\/home\/wp-content\/uploads\/2011\/04\/miracolo-193x3002.jpg\"},{\"@type\":\"WebPage\",\"@id\":\"https:\/\/www.adf.org.br\/home\/oratorio-da-medalha-milagrosa-intencoes-da-semana-25-de-abril-a-1%c2%ba-de-maio\/#webpage\",\"url\":\"https:\/\/www.adf.org.br\/home\/oratorio-da-medalha-milagrosa-intencoes-da-semana-25-de-abril-a-1%c2%ba-de-maio\/\",\"name\":\"Orat\\u00f3rio da Medalha Milagrosa: Inten\\u00e7\\u00f5es da semana \\u2013 25 de abril a 1\\u00ba de maio - Associa\\u00e7\\u00e3o Devotos de F\\u00e1tima\",\"isPartOf\":{\"@id\":\"https:\/\/www.adf.org.br\/home\/#website\"},\"primaryImageOfPage\":{\"@id\":\"https:\/\/www.adf.org.br\/home\/oratorio-da-medalha-milagrosa-intencoes-da-semana-25-de-abril-a-1%c2%ba-de-maio\/#primaryimage\"},\"datePublished\":\"2011-04-25T02:30:17+00:00\",\"dateModified\":\"2011-04-25T02:30:17+00:00\",\"author\":{\"@id\":\"https:\/\/www.adf.org.br\/home\/#\/schema\/person\/f35a5c5aa7728a3dedf4ea9aa1fc2753\"},\"breadcrumb\":{\"@id\":\"https:\/\/www.adf.org.br\/home\/oratorio-da-medalha-milagrosa-intencoes-da-semana-25-de-abril-a-1%c2%ba-de-maio\/#breadcrumb\"},\"inLanguage\":\"pt-BR\",\"potentialAction\":[{\"@type\":\"ReadAction\",\"target\":[\"https:\/\/www.adf.org.br\/home\/oratorio-da-medalha-milagrosa-intencoes-da-semana-25-de-abril-a-1%c2%ba-de-maio\/\"]}]},{\"@type\":\"BreadcrumbList\",\"@id\":\"https:\/\/www.adf.org.br\/home\/oratorio-da-medalha-milagrosa-intencoes-da-semana-25-de-abril-a-1%c2%ba-de-maio\/#breadcrumb\",\"itemListElement\":[{\"@type\":\"ListItem\",\"position\":1,\"name\":\"Home\",\"item\":\"https:\/\/www.adf.org.br\/home\/\"},{\"@type\":\"ListItem\",\"position\":2,\"name\":\"Orat\\u00f3rio da Medalha Milagrosa: Inten\\u00e7\\u00f5es da semana \\u2013 25 de abril a 1\\u00ba de maio\"}]},{\"@type\":\"Person\",\"@id\":\"https:\/\/www.adf.org.br\/home\/#\/schema\/person\/f35a5c5aa7728a3dedf4ea9aa1fc2753\",\"name\":\"Gabriel Barbosa\",\"image\":{\"@type\":\"ImageObject\",\"@id\":\"https:\/\/www.adf.org.br\/home\/#personlogo\",\"inLanguage\":\"pt-BR\",\"url\":\"https:\/\/secure.gravatar.com\/avatar\/2b2cb2f4637682c5605e8d36818f51ef?s=96&d=mm&r=g\",\"contentUrl\":\"https:\/\/secure.gravatar.com\/avatar\/2b2cb2f4637682c5605e8d36818f51ef?s=96&d=mm&r=g\",\"caption\":\"Gabriel Barbosa\"},\"url\":\"https:\/\/www.adf.org.br\/home\/author\/gabrielpmk-com-br\/\"}]}<\/script>\n<!-- \/ Yoast SEO plugin. -->","yoast_head_json":{"title":"Orat\u00f3rio da Medalha Milagrosa: Inten\u00e7\u00f5es da semana \u2013 25 de abril a 1\u00ba de maio - Associa\u00e7\u00e3o Devotos de F\u00e1tima","robots":{"index":"index","follow":"follow","max-snippet":"max-snippet:-1","max-image-preview":"max-image-preview:large","max-video-preview":"max-video-preview:-1"},"canonical":"https:\/\/www.adf.org.br\/home\/oratorio-da-medalha-milagrosa-intencoes-da-semana-25-de-abril-a-1\u00ba-de-maio\/","og_locale":"pt_BR","og_type":"article","og_title":"Orat\u00f3rio da Medalha Milagrosa: Inten\u00e7\u00f5es da semana \u2013 25 de abril a 1\u00ba de maio - Associa\u00e7\u00e3o Devotos de F\u00e1tima","og_description":"S\u00e3o as seguintes as inten\u00e7\u00f5es das ora\u00e7\u00f5es feitas pela Comunidade do Orat\u00f3rio da Medalha Milagrosa e pelos Orantes nesta semana: 1)\u00a0 Pelo in\u00edcio de Maio, m\u00eas de Nossa Senhora. Que, nesta \u00e9poca, mais pessoas pratiquem a devo\u00e7\u00e3o mariana &#8211; fa\u00e7a aqui uma ora\u00e7\u00e3o especial a Nossa Senhora; 2) Para que todos os leitores deste boletim [&hellip;]","og_url":"https:\/\/www.adf.org.br\/home\/oratorio-da-medalha-milagrosa-intencoes-da-semana-25-de-abril-a-1\u00ba-de-maio\/","og_site_name":"Associa\u00e7\u00e3o Devotos de F\u00e1tima","article_published_time":"2011-04-25T02:30:17+00:00","og_image":[{"url":"http:\/\/www.adf.org.br\/home\/wp-content\/uploads\/2011\/04\/miracolo-193x3002.jpg"}],"twitter_card":"summary_large_image","twitter_misc":{"Escrito por":"Gabriel Barbosa","Est. tempo de leitura":"1 minuto"},"schema":{"@context":"https:\/\/schema.org","@graph":[{"@type":"WebSite","@id":"https:\/\/www.adf.org.br\/home\/#website","url":"https:\/\/www.adf.org.br\/home\/","name":"Associa\u00e7\u00e3o Devotos de F\u00e1tima","description":"Associa\u00e7\u00e3o Devotos de F\u00e1tima","potentialAction":[{"@type":"SearchAction","target":{"@type":"EntryPoint","urlTemplate":"https:\/\/www.adf.org.br\/home\/?s={search_term_string}"},"query-input":"required name=search_term_string"}],"inLanguage":"pt-BR"},{"@type":"ImageObject","@id":"https:\/\/www.adf.org.br\/home\/oratorio-da-medalha-milagrosa-intencoes-da-semana-25-de-abril-a-1%c2%ba-de-maio\/#primaryimage","inLanguage":"pt-BR","url":"http:\/\/www.adf.org.br\/home\/wp-content\/uploads\/2011\/04\/miracolo-193x3002.jpg","contentUrl":"http:\/\/www.adf.org.br\/home\/wp-content\/uploads\/2011\/04\/miracolo-193x3002.jpg"},{"@type":"WebPage","@id":"https:\/\/www.adf.org.br\/home\/oratorio-da-medalha-milagrosa-intencoes-da-semana-25-de-abril-a-1%c2%ba-de-maio\/#webpage","url":"https:\/\/www.adf.org.br\/home\/oratorio-da-medalha-milagrosa-intencoes-da-semana-25-de-abril-a-1%c2%ba-de-maio\/","name":"Orat\u00f3rio da Medalha Milagrosa: Inten\u00e7\u00f5es da semana \u2013 25 de abril a 1\u00ba de maio - Associa\u00e7\u00e3o Devotos de F\u00e1tima","isPartOf":{"@id":"https:\/\/www.adf.org.br\/home\/#website"},"primaryImageOfPage":{"@id":"https:\/\/www.adf.org.br\/home\/oratorio-da-medalha-milagrosa-intencoes-da-semana-25-de-abril-a-1%c2%ba-de-maio\/#primaryimage"},"datePublished":"2011-04-25T02:30:17+00:00","dateModified":"2011-04-25T02:30:17+00:00","author":{"@id":"https:\/\/www.adf.org.br\/home\/#\/schema\/person\/f35a5c5aa7728a3dedf4ea9aa1fc2753"},"breadcrumb":{"@id":"https:\/\/www.adf.org.br\/home\/oratorio-da-medalha-milagrosa-intencoes-da-semana-25-de-abril-a-1%c2%ba-de-maio\/#breadcrumb"},"inLanguage":"pt-BR","potentialAction":[{"@type":"ReadAction","target":["https:\/\/www.adf.org.br\/home\/oratorio-da-medalha-milagrosa-intencoes-da-semana-25-de-abril-a-1%c2%ba-de-maio\/"]}]},{"@type":"BreadcrumbList","@id":"https:\/\/www.adf.org.br\/home\/oratorio-da-medalha-milagrosa-intencoes-da-semana-25-de-abril-a-1%c2%ba-de-maio\/#breadcrumb","itemListElement":[{"@type":"ListItem","position":1,"name":"Home","item":"https:\/\/www.adf.org.br\/home\/"},{"@type":"ListItem","position":2,"name":"Orat\u00f3rio da Medalha Milagrosa: Inten\u00e7\u00f5es da semana \u2013 25 de abril a 1\u00ba de maio"}]},{"@type":"Person","@id":"https:\/\/www.adf.org.br\/home\/#\/schema\/person\/f35a5c5aa7728a3dedf4ea9aa1fc2753","name":"Gabriel Barbosa","image":{"@type":"ImageObject","@id":"https:\/\/www.adf.org.br\/home\/#personlogo","inLanguage":"pt-BR","url":"https:\/\/secure.gravatar.com\/avatar\/2b2cb2f4637682c5605e8d36818f51ef?s=96&d=mm&r=g","contentUrl":"https:\/\/secure.gravatar.com\/avatar\/2b2cb2f4637682c5605e8d36818f51ef?s=96&d=mm&r=g","caption":"Gabriel Barbosa"},"url":"https:\/\/www.adf.org.br\/home\/author\/gabrielpmk-com-br\/"}]}},"_links":{"self":[{"href":"https:\/\/www.adf.org.br\/home\/wp-json\/wp\/v2\/posts\/8950"}],"collection":[{"href":"https:\/\/www.adf.org.br\/home\/wp-json\/wp\/v2\/posts"}],"about":[{"href":"https:\/\/www.adf.org.br\/home\/wp-json\/wp\/v2\/types\/post"}],"author":[{"embeddable":true,"href":"https:\/\/www.adf.org.br\/home\/wp-json\/wp\/v2\/users\/31"}],"replies":[{"embeddable":true,"href":"https:\/\/www.adf.org.br\/home\/wp-json\/wp\/v2\/comments?post=8950"}],"version-history":[{"count":0,"href":"https:\/\/www.adf.org.br\/home\/wp-json\/wp\/v2\/posts\/8950\/revisions"}],"wp:attachment":[{"href":"https:\/\/www.adf.org.br\/home\/wp-json\/wp\/v2\/media?parent=8950"}],"wp:term":[{"taxonomy":"category","embeddable":true,"href":"https:\/\/www.adf.org.br\/home\/wp-json\/wp\/v2\/categories?post=8950"},{"taxonomy":"post_tag","embeddable":true,"href":"https:\/\/www.adf.org.br\/home\/wp-json\/wp\/v2\/tags?post=8950"}],"curies":[{"name":"wp","href":"https:\/\/api.w.org\/{rel}","templated":true}]}}