{"id":8926,"date":"2011-04-13T00:00:52","date_gmt":"2011-04-13T03:00:52","guid":{"rendered":"http:\/\/www.adf.org.br\/home\/?p=8926"},"modified":"2011-04-13T00:00:52","modified_gmt":"2011-04-13T03:00:52","slug":"homossexualismo-e-um-fator-de-risco-para-contagio-do-virus-hiv-afirmou-ministra-francesa","status":"publish","type":"post","link":"https:\/\/www.adf.org.br\/home\/homossexualismo-e-um-fator-de-risco-para-contagio-do-virus-hiv-afirmou-ministra-francesa\/","title":{"rendered":"Homossexualismo \u00e9 um fator de risco para cont\u00e1gio do v\u00edrus HIV, afirmou ministra francesa"},"content":{"rendered":"<p class=\"mceTemp\">\u00a0<\/p>\n<dl id=\"attachment_8929\" class=\"wp-caption alignright\" style=\"width: 236px;\">\n<dt class=\"wp-caption-dt\"><img loading=\"lazy\" class=\"size-full wp-image-8929\" title=\"Nora Berra\" src=\"http:\/\/www.adf.org.br\/home\/wp-content\/uploads\/2011\/04\/Nora-Berra.jpg\" alt=\"\" width=\"226\" height=\"126\" \/><\/dt>\n<dd class=\"wp-caption-dd\" style=\"text-align: center;\">\n<p><span style=\"color: #0000ff;\"><strong>Ministra da sa\u00fade da Fran\u00e7a Nora Berra<\/strong><\/span><\/p>\n<\/dd>\n<\/dl>\n<p>O jornal La Croix (3\/4\/2011) informou que a ministra da sa\u00fade da Fran\u00e7a Nora Berra disse, diante do senado, que \u201c<em>a homossexualidade \u00e9 um fator de risco para o cont\u00e1gio do virus HIV<\/em>\u201d. (1)<\/p>\n<p>Essa realidade \u00e9 comprovada por duas pesquisas, uma feita nos Estados  Unidos e outra no Brasil. Segundo o Centro de Controle e Preven\u00e7\u00e3o de  Doen\u00e7as (CCDs) dos EUA, em uma pesquisa realizada em 2006 para saber  qual \u00e9 a maior parcela da sociedade que possui o v\u00edrus HIV, 53 % de  todos os americanos soro positivo s\u00e3o homens homossexuais. (2)<\/p>\n<p>No Brasil, isso n\u00e3o fica muito atr\u00e1s. Embora os homossexuais sejam  aqui uma minoria, o n\u00famero de soro positivos entre eles tem subido. Para a  Secretaria da Sa\u00fade do Estado de S\u00e3o Paulo, houve um aumento de 24,1%,  em 2000, para 35,3% em 2009 de cont\u00e1gios de AIDS entre os homossexuais  nesse Estado. (3)<\/p>\n<p>Pierre Berg\u00e9, presidente da Sidaction, (associa\u00e7\u00e3o francesa que tenta  encontrar a cura da AIDS), em entrevista ao canal televisivo France 3,  respondeu que a declara\u00e7\u00e3o de Nora \u00e9 \u201c<em>insuport\u00e1vel<\/em>\u201d.<\/p>\n<p>Essas pesquisas demonstram que a declara\u00e7\u00e3o de Nora \u00e9 sustentada em  dados reais.  Mas, como n\u00e3o poderia deixar de ser, a afirma\u00e7\u00e3o dela  suscitou muita  indigna\u00e7\u00e3o, especialmente daqueles que favorecem de  algum modo esse  v\u00edcio.<\/p>\n<p><strong>A solu\u00e7\u00e3o para esse problema \u00e9 simples de se enunciar, mas complicado  de se concretizar sem a pr\u00e1tica da ora\u00e7\u00e3o por aqueles que se desviaram  da ordem natural: a pr\u00e1ticas dos mandamentos da Lei de Deus.<\/strong><\/p>\n<p>______<\/p>\n<p>Refer\u00eancias<\/p>\n<p>(1)\tLa Croix \u2013 acessado em 05-04-2011 \u2013<br \/>\n <a href=\"http:\/\/www.la-croix.com\/afp.static\/pages\/110403214303.13vhz66a.htm\" target=\"_blank\" rel=\"noopener noreferrer\"> http:\/\/www.la-croix.com\/afp.static\/pages\/110403214303.13vhz66a.htm<\/a><br \/>\n (2)\tCenter for Disease Control \u2013 acessado em 05-04-2011 \u2013    <a href=\"http:\/\/www.cdc.gov\/hiv\/topics\/surveillance\/incidence.htm\" target=\"_blank\" rel=\"noopener noreferrer\">www.cdc.gov\/hiv\/topics\/surveillance\/incidence.htm<\/a><br \/>\n (3)\tPortal do governo do estado de S\u00e3o Paulo \u2013 acessado em 05-04-2011 <a href=\"http:\/\/www.saopaulo.sp.gov.br\/spnoticias\/lenoticia.php?id=212963\" target=\"_blank\" rel=\"noopener noreferrer\">http:\/\/www.saopaulo.sp.gov.br\/spnoticias\/lenoticia.php?id=212963<\/a><\/p>\n","protected":false},"excerpt":{"rendered":"<p>\u00a0 Ministra da sa\u00fade da Fran\u00e7a Nora Berra O jornal La Croix (3\/4\/2011) informou que a ministra da sa\u00fade da Fran\u00e7a Nora Berra disse, diante do senado, que \u201ca homossexualidade \u00e9 um fator de risco para o cont\u00e1gio do virus HIV\u201d. (1) Essa realidade \u00e9 comprovada por duas pesquisas, uma feita nos Estados Unidos e [&hellip;]<\/p>\n","protected":false},"author":31,"featured_media":0,"comment_status":"open","ping_status":"open","sticky":false,"template":"","format":"standard","meta":[],"categories":[20],"tags":[117],"yoast_head":"<!-- This site is optimized with the Yoast SEO plugin v17.4 - https:\/\/yoast.com\/wordpress\/plugins\/seo\/ -->\n<title>Homossexualismo \u00e9 um fator de risco para cont\u00e1gio do v\u00edrus HIV, afirmou ministra francesa - Associa\u00e7\u00e3o Devotos de F\u00e1tima<\/title>\n<meta name=\"robots\" content=\"index, follow, max-snippet:-1, max-image-preview:large, max-video-preview:-1\" \/>\n<link rel=\"canonical\" href=\"https:\/\/www.adf.org.br\/home\/homossexualismo-e-um-fator-de-risco-para-contagio-do-virus-hiv-afirmou-ministra-francesa\/\" \/>\n<meta property=\"og:locale\" content=\"pt_BR\" \/>\n<meta property=\"og:type\" content=\"article\" \/>\n<meta property=\"og:title\" content=\"Homossexualismo \u00e9 um fator de risco para cont\u00e1gio do v\u00edrus HIV, afirmou ministra francesa - Associa\u00e7\u00e3o Devotos de F\u00e1tima\" \/>\n<meta property=\"og:description\" content=\"\u00a0 Ministra da sa\u00fade da Fran\u00e7a Nora Berra O jornal La Croix (3\/4\/2011) informou que a ministra da sa\u00fade da Fran\u00e7a Nora Berra disse, diante do senado, que \u201ca homossexualidade \u00e9 um fator de risco para o cont\u00e1gio do virus HIV\u201d. (1) Essa realidade \u00e9 comprovada por duas pesquisas, uma feita nos Estados Unidos e [&hellip;]\" \/>\n<meta property=\"og:url\" content=\"https:\/\/www.adf.org.br\/home\/homossexualismo-e-um-fator-de-risco-para-contagio-do-virus-hiv-afirmou-ministra-francesa\/\" \/>\n<meta property=\"og:site_name\" content=\"Associa\u00e7\u00e3o Devotos de F\u00e1tima\" \/>\n<meta property=\"article:published_time\" content=\"2011-04-13T03:00:52+00:00\" \/>\n<meta property=\"og:image\" content=\"http:\/\/www.adf.org.br\/home\/wp-content\/uploads\/2011\/04\/Nora-Berra.jpg\" \/>\n<meta name=\"twitter:card\" content=\"summary_large_image\" \/>\n<meta name=\"twitter:label1\" content=\"Escrito por\" \/>\n\t<meta name=\"twitter:data1\" content=\"Gabriel Barbosa\" \/>\n\t<meta name=\"twitter:label2\" content=\"Est. tempo de leitura\" \/>\n\t<meta name=\"twitter:data2\" content=\"2 minutos\" \/>\n<script type=\"application\/ld+json\" class=\"yoast-schema-graph\">{\"@context\":\"https:\/\/schema.org\",\"@graph\":[{\"@type\":\"WebSite\",\"@id\":\"https:\/\/www.adf.org.br\/home\/#website\",\"url\":\"https:\/\/www.adf.org.br\/home\/\",\"name\":\"Associa\\u00e7\\u00e3o Devotos de F\\u00e1tima\",\"description\":\"Associa\\u00e7\\u00e3o Devotos de F\\u00e1tima\",\"potentialAction\":[{\"@type\":\"SearchAction\",\"target\":{\"@type\":\"EntryPoint\",\"urlTemplate\":\"https:\/\/www.adf.org.br\/home\/?s={search_term_string}\"},\"query-input\":\"required name=search_term_string\"}],\"inLanguage\":\"pt-BR\"},{\"@type\":\"ImageObject\",\"@id\":\"https:\/\/www.adf.org.br\/home\/homossexualismo-e-um-fator-de-risco-para-contagio-do-virus-hiv-afirmou-ministra-francesa\/#primaryimage\",\"inLanguage\":\"pt-BR\",\"url\":\"http:\/\/www.adf.org.br\/home\/wp-content\/uploads\/2011\/04\/Nora-Berra.jpg\",\"contentUrl\":\"http:\/\/www.adf.org.br\/home\/wp-content\/uploads\/2011\/04\/Nora-Berra.jpg\"},{\"@type\":\"WebPage\",\"@id\":\"https:\/\/www.adf.org.br\/home\/homossexualismo-e-um-fator-de-risco-para-contagio-do-virus-hiv-afirmou-ministra-francesa\/#webpage\",\"url\":\"https:\/\/www.adf.org.br\/home\/homossexualismo-e-um-fator-de-risco-para-contagio-do-virus-hiv-afirmou-ministra-francesa\/\",\"name\":\"Homossexualismo \\u00e9 um fator de risco para cont\\u00e1gio do v\\u00edrus HIV, afirmou ministra francesa - Associa\\u00e7\\u00e3o Devotos de F\\u00e1tima\",\"isPartOf\":{\"@id\":\"https:\/\/www.adf.org.br\/home\/#website\"},\"primaryImageOfPage\":{\"@id\":\"https:\/\/www.adf.org.br\/home\/homossexualismo-e-um-fator-de-risco-para-contagio-do-virus-hiv-afirmou-ministra-francesa\/#primaryimage\"},\"datePublished\":\"2011-04-13T03:00:52+00:00\",\"dateModified\":\"2011-04-13T03:00:52+00:00\",\"author\":{\"@id\":\"https:\/\/www.adf.org.br\/home\/#\/schema\/person\/f35a5c5aa7728a3dedf4ea9aa1fc2753\"},\"breadcrumb\":{\"@id\":\"https:\/\/www.adf.org.br\/home\/homossexualismo-e-um-fator-de-risco-para-contagio-do-virus-hiv-afirmou-ministra-francesa\/#breadcrumb\"},\"inLanguage\":\"pt-BR\",\"potentialAction\":[{\"@type\":\"ReadAction\",\"target\":[\"https:\/\/www.adf.org.br\/home\/homossexualismo-e-um-fator-de-risco-para-contagio-do-virus-hiv-afirmou-ministra-francesa\/\"]}]},{\"@type\":\"BreadcrumbList\",\"@id\":\"https:\/\/www.adf.org.br\/home\/homossexualismo-e-um-fator-de-risco-para-contagio-do-virus-hiv-afirmou-ministra-francesa\/#breadcrumb\",\"itemListElement\":[{\"@type\":\"ListItem\",\"position\":1,\"name\":\"Home\",\"item\":\"https:\/\/www.adf.org.br\/home\/\"},{\"@type\":\"ListItem\",\"position\":2,\"name\":\"Homossexualismo \\u00e9 um fator de risco para cont\\u00e1gio do v\\u00edrus HIV, afirmou ministra francesa\"}]},{\"@type\":\"Person\",\"@id\":\"https:\/\/www.adf.org.br\/home\/#\/schema\/person\/f35a5c5aa7728a3dedf4ea9aa1fc2753\",\"name\":\"Gabriel Barbosa\",\"image\":{\"@type\":\"ImageObject\",\"@id\":\"https:\/\/www.adf.org.br\/home\/#personlogo\",\"inLanguage\":\"pt-BR\",\"url\":\"https:\/\/secure.gravatar.com\/avatar\/2b2cb2f4637682c5605e8d36818f51ef?s=96&d=mm&r=g\",\"contentUrl\":\"https:\/\/secure.gravatar.com\/avatar\/2b2cb2f4637682c5605e8d36818f51ef?s=96&d=mm&r=g\",\"caption\":\"Gabriel Barbosa\"},\"url\":\"https:\/\/www.adf.org.br\/home\/author\/gabrielpmk-com-br\/\"}]}<\/script>\n<!-- \/ Yoast SEO plugin. -->","yoast_head_json":{"title":"Homossexualismo \u00e9 um fator de risco para cont\u00e1gio do v\u00edrus HIV, afirmou ministra francesa - Associa\u00e7\u00e3o Devotos de F\u00e1tima","robots":{"index":"index","follow":"follow","max-snippet":"max-snippet:-1","max-image-preview":"max-image-preview:large","max-video-preview":"max-video-preview:-1"},"canonical":"https:\/\/www.adf.org.br\/home\/homossexualismo-e-um-fator-de-risco-para-contagio-do-virus-hiv-afirmou-ministra-francesa\/","og_locale":"pt_BR","og_type":"article","og_title":"Homossexualismo \u00e9 um fator de risco para cont\u00e1gio do v\u00edrus HIV, afirmou ministra francesa - Associa\u00e7\u00e3o Devotos de F\u00e1tima","og_description":"\u00a0 Ministra da sa\u00fade da Fran\u00e7a Nora Berra O jornal La Croix (3\/4\/2011) informou que a ministra da sa\u00fade da Fran\u00e7a Nora Berra disse, diante do senado, que \u201ca homossexualidade \u00e9 um fator de risco para o cont\u00e1gio do virus HIV\u201d. (1) Essa realidade \u00e9 comprovada por duas pesquisas, uma feita nos Estados Unidos e [&hellip;]","og_url":"https:\/\/www.adf.org.br\/home\/homossexualismo-e-um-fator-de-risco-para-contagio-do-virus-hiv-afirmou-ministra-francesa\/","og_site_name":"Associa\u00e7\u00e3o Devotos de F\u00e1tima","article_published_time":"2011-04-13T03:00:52+00:00","og_image":[{"url":"http:\/\/www.adf.org.br\/home\/wp-content\/uploads\/2011\/04\/Nora-Berra.jpg"}],"twitter_card":"summary_large_image","twitter_misc":{"Escrito por":"Gabriel Barbosa","Est. tempo de leitura":"2 minutos"},"schema":{"@context":"https:\/\/schema.org","@graph":[{"@type":"WebSite","@id":"https:\/\/www.adf.org.br\/home\/#website","url":"https:\/\/www.adf.org.br\/home\/","name":"Associa\u00e7\u00e3o Devotos de F\u00e1tima","description":"Associa\u00e7\u00e3o Devotos de F\u00e1tima","potentialAction":[{"@type":"SearchAction","target":{"@type":"EntryPoint","urlTemplate":"https:\/\/www.adf.org.br\/home\/?s={search_term_string}"},"query-input":"required name=search_term_string"}],"inLanguage":"pt-BR"},{"@type":"ImageObject","@id":"https:\/\/www.adf.org.br\/home\/homossexualismo-e-um-fator-de-risco-para-contagio-do-virus-hiv-afirmou-ministra-francesa\/#primaryimage","inLanguage":"pt-BR","url":"http:\/\/www.adf.org.br\/home\/wp-content\/uploads\/2011\/04\/Nora-Berra.jpg","contentUrl":"http:\/\/www.adf.org.br\/home\/wp-content\/uploads\/2011\/04\/Nora-Berra.jpg"},{"@type":"WebPage","@id":"https:\/\/www.adf.org.br\/home\/homossexualismo-e-um-fator-de-risco-para-contagio-do-virus-hiv-afirmou-ministra-francesa\/#webpage","url":"https:\/\/www.adf.org.br\/home\/homossexualismo-e-um-fator-de-risco-para-contagio-do-virus-hiv-afirmou-ministra-francesa\/","name":"Homossexualismo \u00e9 um fator de risco para cont\u00e1gio do v\u00edrus HIV, afirmou ministra francesa - Associa\u00e7\u00e3o Devotos de F\u00e1tima","isPartOf":{"@id":"https:\/\/www.adf.org.br\/home\/#website"},"primaryImageOfPage":{"@id":"https:\/\/www.adf.org.br\/home\/homossexualismo-e-um-fator-de-risco-para-contagio-do-virus-hiv-afirmou-ministra-francesa\/#primaryimage"},"datePublished":"2011-04-13T03:00:52+00:00","dateModified":"2011-04-13T03:00:52+00:00","author":{"@id":"https:\/\/www.adf.org.br\/home\/#\/schema\/person\/f35a5c5aa7728a3dedf4ea9aa1fc2753"},"breadcrumb":{"@id":"https:\/\/www.adf.org.br\/home\/homossexualismo-e-um-fator-de-risco-para-contagio-do-virus-hiv-afirmou-ministra-francesa\/#breadcrumb"},"inLanguage":"pt-BR","potentialAction":[{"@type":"ReadAction","target":["https:\/\/www.adf.org.br\/home\/homossexualismo-e-um-fator-de-risco-para-contagio-do-virus-hiv-afirmou-ministra-francesa\/"]}]},{"@type":"BreadcrumbList","@id":"https:\/\/www.adf.org.br\/home\/homossexualismo-e-um-fator-de-risco-para-contagio-do-virus-hiv-afirmou-ministra-francesa\/#breadcrumb","itemListElement":[{"@type":"ListItem","position":1,"name":"Home","item":"https:\/\/www.adf.org.br\/home\/"},{"@type":"ListItem","position":2,"name":"Homossexualismo \u00e9 um fator de risco para cont\u00e1gio do v\u00edrus HIV, afirmou ministra francesa"}]},{"@type":"Person","@id":"https:\/\/www.adf.org.br\/home\/#\/schema\/person\/f35a5c5aa7728a3dedf4ea9aa1fc2753","name":"Gabriel Barbosa","image":{"@type":"ImageObject","@id":"https:\/\/www.adf.org.br\/home\/#personlogo","inLanguage":"pt-BR","url":"https:\/\/secure.gravatar.com\/avatar\/2b2cb2f4637682c5605e8d36818f51ef?s=96&d=mm&r=g","contentUrl":"https:\/\/secure.gravatar.com\/avatar\/2b2cb2f4637682c5605e8d36818f51ef?s=96&d=mm&r=g","caption":"Gabriel Barbosa"},"url":"https:\/\/www.adf.org.br\/home\/author\/gabrielpmk-com-br\/"}]}},"_links":{"self":[{"href":"https:\/\/www.adf.org.br\/home\/wp-json\/wp\/v2\/posts\/8926"}],"collection":[{"href":"https:\/\/www.adf.org.br\/home\/wp-json\/wp\/v2\/posts"}],"about":[{"href":"https:\/\/www.adf.org.br\/home\/wp-json\/wp\/v2\/types\/post"}],"author":[{"embeddable":true,"href":"https:\/\/www.adf.org.br\/home\/wp-json\/wp\/v2\/users\/31"}],"replies":[{"embeddable":true,"href":"https:\/\/www.adf.org.br\/home\/wp-json\/wp\/v2\/comments?post=8926"}],"version-history":[{"count":0,"href":"https:\/\/www.adf.org.br\/home\/wp-json\/wp\/v2\/posts\/8926\/revisions"}],"wp:attachment":[{"href":"https:\/\/www.adf.org.br\/home\/wp-json\/wp\/v2\/media?parent=8926"}],"wp:term":[{"taxonomy":"category","embeddable":true,"href":"https:\/\/www.adf.org.br\/home\/wp-json\/wp\/v2\/categories?post=8926"},{"taxonomy":"post_tag","embeddable":true,"href":"https:\/\/www.adf.org.br\/home\/wp-json\/wp\/v2\/tags?post=8926"}],"curies":[{"name":"wp","href":"https:\/\/api.w.org\/{rel}","templated":true}]}}