{"id":8922,"date":"2011-04-12T00:00:12","date_gmt":"2011-04-12T03:00:12","guid":{"rendered":"http:\/\/www.adf.org.br\/home\/?p=8922"},"modified":"2011-04-12T00:00:12","modified_gmt":"2011-04-12T03:00:12","slug":"procissao-anti-catolica-na-espanha-promovida-por-ateus","status":"publish","type":"post","link":"https:\/\/www.adf.org.br\/home\/procissao-anti-catolica-na-espanha-promovida-por-ateus\/","title":{"rendered":"\u201cProciss\u00e3o\u201d anti-cat\u00f3lica na Espanha promovida por ateus"},"content":{"rendered":"<dl id=\"attachment_8923\" class=\"wp-caption alignright\" style=\"width: 186px;\">\n<dt class=\"wp-caption-dt\"><img loading=\"lazy\" class=\"size-full wp-image-8923\" title=\"virgendelamacarena\" src=\"http:\/\/www.adf.org.br\/home\/wp-content\/uploads\/2011\/04\/virgendelamacarena1.jpg\" alt=\"\" width=\"176\" height=\"280\" \/><\/dt>\n<dd class=\"wp-caption-dd\" style=\"text-align: center;\">\n<p><span style=\"color: #0000ff;\"><strong>Vamos rezar para que esta grande ofensa n\u00e3o seja praticada. <a href=\"http:\/\/oratoriodamedalhamilagrosa.org.br\/vela-da-reparacao\/?origem=1\" target=\"_blank\" rel=\"noopener noreferrer\">Acenda aqui <\/a>uma Vela em Repara\u00e7\u00e3o a Nossa Senhora.<br \/>\n <\/strong><\/span><\/p>\n<\/dd>\n<\/dl>\n<p>Segundo  informa a ag\u00eancia ACI (6\/2\/2011), ateus prometem promover, em Madrid,  ofensas aos cat\u00f3licos durante a pr\u00f3xima quinta-feira Santa.<\/p>\n<p>Est\u00e1 sendo convocada para o dia 21 de abril, quinta-feira Santa, uma \u201c<em>prociss\u00e3o at\u00e9ia<\/em>\u201d  que vai percorrer o centro da capital espanhola. De acordo com os  organizadores, o grupo de ateus se manifestar\u00e1 por ruas e pra\u00e7as cujos  nomes sejam inspirados na F\u00e9 crist\u00e3.<\/p>\n<p>O objetivo deles, conforme an\u00fancio na internet, \u00e9 \u201c<em>castigar a consci\u00eancia cat\u00f3lica<\/em>\u201d.  Na \u201cprociss\u00e3o\u201d n\u00e3o faltar\u00e3o atos de demonstra\u00e7\u00e3o de \u00f3dio contra a  Igreja. Ser\u00e3o apresentados alguns passos com nomes provocativos como \u201cI<em>rmandade da Santa Pedofilia\u201d, a \u201cConfraria do Papa do Santo Latroc\u00ednio<\/em>\u201d e outros incluindo ataques contra Nossa Senhora.<\/p>\n<p>A organiza\u00e7\u00e3o ainda promete outros eventos posteriores de manifesta\u00e7\u00f5es anti-cat\u00f3licas.<\/p>\n<blockquote>\n<p><strong>Assine a carta de protesto para que esta &#8220;prociss\u00e3o&#8221; n\u00e3o se realize. <\/strong><\/p>\n<p><strong>(<a href=\"http:\/\/www.hazteoir.org\/firma\/37378-firma-no-procesion-atea-en-jueves-santo\">clique aqui<\/a>)<\/strong><\/p>\n<\/blockquote>\n<p>Em protesto, a associa\u00e7\u00e3o civil espanhola HazteOir.org lan\u00e7ou uma  campanha de mensagens \u00e0 Delega\u00e7\u00e3o do Governo de Madrid pedindo para que  as autoridades detenham esse ato, que segundo ela \u201c<em>estas declara\u00e7\u00f5es  dos organizadores da prociss\u00e3o at\u00e9ia podem ser constitutivas de delitos  de amea\u00e7as e ofensas \u00e0s cren\u00e7as religiosas, todos eles tipificados no  C\u00f3digo Penal<\/em>\u201c.<\/p>\n<p>Nos dias atuais uma das cr\u00edticas mais comuns dos ateus \u00e9 contra a  Igreja ter definido Verdades de F\u00e9, no entanto, eles querem impor suas  opini\u00f5es contr\u00e1rias como verdades indiscut\u00edveis. Da mesma forma, um dos  jarg\u00f5es que eles mais usam \u00e9 de que as religi\u00f5es foram e s\u00e3o causadoras  de guerras, no entanto, os ateus n\u00e3o hesitam em partir para uma quando o  objetivo \u00e9 atacar a Igreja.<\/p>\n<p><br class=\"spacer_\" \/><\/p>\n<p>Fonte: <a href=\"http:\/\/www.ipco.org.br\/home\/noticias\/%E2%80%9Cprocissao%E2%80%9D-anti-catolica-na-espanha-promovida-por-ateus?utm_source=feedburner&amp;utm_medium=email&amp;utm_campaign=Feed%3A+ipco+%28IPCO+-+Instituto+Pl%C3%ADnio+Corr%C3%AAa+de+Oliveira%29\" target=\"_blank\" rel=\"noopener noreferrer\">Instituto Plinio Corr\u00eaa de Oliveira <\/a><\/p>\n","protected":false},"excerpt":{"rendered":"<p>Vamos rezar para que esta grande ofensa n\u00e3o seja praticada. Acenda aqui uma Vela em Repara\u00e7\u00e3o a Nossa Senhora. Segundo informa a ag\u00eancia ACI (6\/2\/2011), ateus prometem promover, em Madrid, ofensas aos cat\u00f3licos durante a pr\u00f3xima quinta-feira Santa. Est\u00e1 sendo convocada para o dia 21 de abril, quinta-feira Santa, uma \u201cprociss\u00e3o at\u00e9ia\u201d que vai percorrer [&hellip;]<\/p>\n","protected":false},"author":31,"featured_media":0,"comment_status":"open","ping_status":"open","sticky":false,"template":"","format":"standard","meta":[],"categories":[20],"tags":[792,381],"yoast_head":"<!-- This site is optimized with the Yoast SEO plugin v17.4 - https:\/\/yoast.com\/wordpress\/plugins\/seo\/ -->\n<title>\u201cProciss\u00e3o\u201d anti-cat\u00f3lica na Espanha promovida por ateus - Associa\u00e7\u00e3o Devotos de F\u00e1tima<\/title>\n<meta name=\"robots\" content=\"index, follow, max-snippet:-1, max-image-preview:large, max-video-preview:-1\" \/>\n<link rel=\"canonical\" href=\"https:\/\/www.adf.org.br\/home\/procissao-anti-catolica-na-espanha-promovida-por-ateus\/\" \/>\n<meta property=\"og:locale\" content=\"pt_BR\" \/>\n<meta property=\"og:type\" content=\"article\" \/>\n<meta property=\"og:title\" content=\"\u201cProciss\u00e3o\u201d anti-cat\u00f3lica na Espanha promovida por ateus - Associa\u00e7\u00e3o Devotos de F\u00e1tima\" \/>\n<meta property=\"og:description\" content=\"Vamos rezar para que esta grande ofensa n\u00e3o seja praticada. Acenda aqui uma Vela em Repara\u00e7\u00e3o a Nossa Senhora. Segundo informa a ag\u00eancia ACI (6\/2\/2011), ateus prometem promover, em Madrid, ofensas aos cat\u00f3licos durante a pr\u00f3xima quinta-feira Santa. Est\u00e1 sendo convocada para o dia 21 de abril, quinta-feira Santa, uma \u201cprociss\u00e3o at\u00e9ia\u201d que vai percorrer [&hellip;]\" \/>\n<meta property=\"og:url\" content=\"https:\/\/www.adf.org.br\/home\/procissao-anti-catolica-na-espanha-promovida-por-ateus\/\" \/>\n<meta property=\"og:site_name\" content=\"Associa\u00e7\u00e3o Devotos de F\u00e1tima\" \/>\n<meta property=\"article:published_time\" content=\"2011-04-12T03:00:12+00:00\" \/>\n<meta property=\"og:image\" content=\"http:\/\/www.adf.org.br\/home\/wp-content\/uploads\/2011\/04\/virgendelamacarena1.jpg\" \/>\n<meta name=\"twitter:card\" content=\"summary_large_image\" \/>\n<meta name=\"twitter:label1\" content=\"Escrito por\" \/>\n\t<meta name=\"twitter:data1\" content=\"Gabriel Barbosa\" \/>\n\t<meta name=\"twitter:label2\" content=\"Est. tempo de leitura\" \/>\n\t<meta name=\"twitter:data2\" content=\"2 minutos\" \/>\n<script type=\"application\/ld+json\" class=\"yoast-schema-graph\">{\"@context\":\"https:\/\/schema.org\",\"@graph\":[{\"@type\":\"WebSite\",\"@id\":\"https:\/\/www.adf.org.br\/home\/#website\",\"url\":\"https:\/\/www.adf.org.br\/home\/\",\"name\":\"Associa\\u00e7\\u00e3o Devotos de F\\u00e1tima\",\"description\":\"Associa\\u00e7\\u00e3o Devotos de F\\u00e1tima\",\"potentialAction\":[{\"@type\":\"SearchAction\",\"target\":{\"@type\":\"EntryPoint\",\"urlTemplate\":\"https:\/\/www.adf.org.br\/home\/?s={search_term_string}\"},\"query-input\":\"required name=search_term_string\"}],\"inLanguage\":\"pt-BR\"},{\"@type\":\"ImageObject\",\"@id\":\"https:\/\/www.adf.org.br\/home\/procissao-anti-catolica-na-espanha-promovida-por-ateus\/#primaryimage\",\"inLanguage\":\"pt-BR\",\"url\":\"http:\/\/www.adf.org.br\/home\/wp-content\/uploads\/2011\/04\/virgendelamacarena1.jpg\",\"contentUrl\":\"http:\/\/www.adf.org.br\/home\/wp-content\/uploads\/2011\/04\/virgendelamacarena1.jpg\"},{\"@type\":\"WebPage\",\"@id\":\"https:\/\/www.adf.org.br\/home\/procissao-anti-catolica-na-espanha-promovida-por-ateus\/#webpage\",\"url\":\"https:\/\/www.adf.org.br\/home\/procissao-anti-catolica-na-espanha-promovida-por-ateus\/\",\"name\":\"\\u201cProciss\\u00e3o\\u201d anti-cat\\u00f3lica na Espanha promovida por ateus - Associa\\u00e7\\u00e3o Devotos de F\\u00e1tima\",\"isPartOf\":{\"@id\":\"https:\/\/www.adf.org.br\/home\/#website\"},\"primaryImageOfPage\":{\"@id\":\"https:\/\/www.adf.org.br\/home\/procissao-anti-catolica-na-espanha-promovida-por-ateus\/#primaryimage\"},\"datePublished\":\"2011-04-12T03:00:12+00:00\",\"dateModified\":\"2011-04-12T03:00:12+00:00\",\"author\":{\"@id\":\"https:\/\/www.adf.org.br\/home\/#\/schema\/person\/f35a5c5aa7728a3dedf4ea9aa1fc2753\"},\"breadcrumb\":{\"@id\":\"https:\/\/www.adf.org.br\/home\/procissao-anti-catolica-na-espanha-promovida-por-ateus\/#breadcrumb\"},\"inLanguage\":\"pt-BR\",\"potentialAction\":[{\"@type\":\"ReadAction\",\"target\":[\"https:\/\/www.adf.org.br\/home\/procissao-anti-catolica-na-espanha-promovida-por-ateus\/\"]}]},{\"@type\":\"BreadcrumbList\",\"@id\":\"https:\/\/www.adf.org.br\/home\/procissao-anti-catolica-na-espanha-promovida-por-ateus\/#breadcrumb\",\"itemListElement\":[{\"@type\":\"ListItem\",\"position\":1,\"name\":\"Home\",\"item\":\"https:\/\/www.adf.org.br\/home\/\"},{\"@type\":\"ListItem\",\"position\":2,\"name\":\"\\u201cProciss\\u00e3o\\u201d anti-cat\\u00f3lica na Espanha promovida por ateus\"}]},{\"@type\":\"Person\",\"@id\":\"https:\/\/www.adf.org.br\/home\/#\/schema\/person\/f35a5c5aa7728a3dedf4ea9aa1fc2753\",\"name\":\"Gabriel Barbosa\",\"image\":{\"@type\":\"ImageObject\",\"@id\":\"https:\/\/www.adf.org.br\/home\/#personlogo\",\"inLanguage\":\"pt-BR\",\"url\":\"https:\/\/secure.gravatar.com\/avatar\/2b2cb2f4637682c5605e8d36818f51ef?s=96&d=mm&r=g\",\"contentUrl\":\"https:\/\/secure.gravatar.com\/avatar\/2b2cb2f4637682c5605e8d36818f51ef?s=96&d=mm&r=g\",\"caption\":\"Gabriel Barbosa\"},\"url\":\"https:\/\/www.adf.org.br\/home\/author\/gabrielpmk-com-br\/\"}]}<\/script>\n<!-- \/ Yoast SEO plugin. -->","yoast_head_json":{"title":"\u201cProciss\u00e3o\u201d anti-cat\u00f3lica na Espanha promovida por ateus - Associa\u00e7\u00e3o Devotos de F\u00e1tima","robots":{"index":"index","follow":"follow","max-snippet":"max-snippet:-1","max-image-preview":"max-image-preview:large","max-video-preview":"max-video-preview:-1"},"canonical":"https:\/\/www.adf.org.br\/home\/procissao-anti-catolica-na-espanha-promovida-por-ateus\/","og_locale":"pt_BR","og_type":"article","og_title":"\u201cProciss\u00e3o\u201d anti-cat\u00f3lica na Espanha promovida por ateus - Associa\u00e7\u00e3o Devotos de F\u00e1tima","og_description":"Vamos rezar para que esta grande ofensa n\u00e3o seja praticada. Acenda aqui uma Vela em Repara\u00e7\u00e3o a Nossa Senhora. Segundo informa a ag\u00eancia ACI (6\/2\/2011), ateus prometem promover, em Madrid, ofensas aos cat\u00f3licos durante a pr\u00f3xima quinta-feira Santa. Est\u00e1 sendo convocada para o dia 21 de abril, quinta-feira Santa, uma \u201cprociss\u00e3o at\u00e9ia\u201d que vai percorrer [&hellip;]","og_url":"https:\/\/www.adf.org.br\/home\/procissao-anti-catolica-na-espanha-promovida-por-ateus\/","og_site_name":"Associa\u00e7\u00e3o Devotos de F\u00e1tima","article_published_time":"2011-04-12T03:00:12+00:00","og_image":[{"url":"http:\/\/www.adf.org.br\/home\/wp-content\/uploads\/2011\/04\/virgendelamacarena1.jpg"}],"twitter_card":"summary_large_image","twitter_misc":{"Escrito por":"Gabriel Barbosa","Est. tempo de leitura":"2 minutos"},"schema":{"@context":"https:\/\/schema.org","@graph":[{"@type":"WebSite","@id":"https:\/\/www.adf.org.br\/home\/#website","url":"https:\/\/www.adf.org.br\/home\/","name":"Associa\u00e7\u00e3o Devotos de F\u00e1tima","description":"Associa\u00e7\u00e3o Devotos de F\u00e1tima","potentialAction":[{"@type":"SearchAction","target":{"@type":"EntryPoint","urlTemplate":"https:\/\/www.adf.org.br\/home\/?s={search_term_string}"},"query-input":"required name=search_term_string"}],"inLanguage":"pt-BR"},{"@type":"ImageObject","@id":"https:\/\/www.adf.org.br\/home\/procissao-anti-catolica-na-espanha-promovida-por-ateus\/#primaryimage","inLanguage":"pt-BR","url":"http:\/\/www.adf.org.br\/home\/wp-content\/uploads\/2011\/04\/virgendelamacarena1.jpg","contentUrl":"http:\/\/www.adf.org.br\/home\/wp-content\/uploads\/2011\/04\/virgendelamacarena1.jpg"},{"@type":"WebPage","@id":"https:\/\/www.adf.org.br\/home\/procissao-anti-catolica-na-espanha-promovida-por-ateus\/#webpage","url":"https:\/\/www.adf.org.br\/home\/procissao-anti-catolica-na-espanha-promovida-por-ateus\/","name":"\u201cProciss\u00e3o\u201d anti-cat\u00f3lica na Espanha promovida por ateus - Associa\u00e7\u00e3o Devotos de F\u00e1tima","isPartOf":{"@id":"https:\/\/www.adf.org.br\/home\/#website"},"primaryImageOfPage":{"@id":"https:\/\/www.adf.org.br\/home\/procissao-anti-catolica-na-espanha-promovida-por-ateus\/#primaryimage"},"datePublished":"2011-04-12T03:00:12+00:00","dateModified":"2011-04-12T03:00:12+00:00","author":{"@id":"https:\/\/www.adf.org.br\/home\/#\/schema\/person\/f35a5c5aa7728a3dedf4ea9aa1fc2753"},"breadcrumb":{"@id":"https:\/\/www.adf.org.br\/home\/procissao-anti-catolica-na-espanha-promovida-por-ateus\/#breadcrumb"},"inLanguage":"pt-BR","potentialAction":[{"@type":"ReadAction","target":["https:\/\/www.adf.org.br\/home\/procissao-anti-catolica-na-espanha-promovida-por-ateus\/"]}]},{"@type":"BreadcrumbList","@id":"https:\/\/www.adf.org.br\/home\/procissao-anti-catolica-na-espanha-promovida-por-ateus\/#breadcrumb","itemListElement":[{"@type":"ListItem","position":1,"name":"Home","item":"https:\/\/www.adf.org.br\/home\/"},{"@type":"ListItem","position":2,"name":"\u201cProciss\u00e3o\u201d anti-cat\u00f3lica na Espanha promovida por ateus"}]},{"@type":"Person","@id":"https:\/\/www.adf.org.br\/home\/#\/schema\/person\/f35a5c5aa7728a3dedf4ea9aa1fc2753","name":"Gabriel Barbosa","image":{"@type":"ImageObject","@id":"https:\/\/www.adf.org.br\/home\/#personlogo","inLanguage":"pt-BR","url":"https:\/\/secure.gravatar.com\/avatar\/2b2cb2f4637682c5605e8d36818f51ef?s=96&d=mm&r=g","contentUrl":"https:\/\/secure.gravatar.com\/avatar\/2b2cb2f4637682c5605e8d36818f51ef?s=96&d=mm&r=g","caption":"Gabriel Barbosa"},"url":"https:\/\/www.adf.org.br\/home\/author\/gabrielpmk-com-br\/"}]}},"_links":{"self":[{"href":"https:\/\/www.adf.org.br\/home\/wp-json\/wp\/v2\/posts\/8922"}],"collection":[{"href":"https:\/\/www.adf.org.br\/home\/wp-json\/wp\/v2\/posts"}],"about":[{"href":"https:\/\/www.adf.org.br\/home\/wp-json\/wp\/v2\/types\/post"}],"author":[{"embeddable":true,"href":"https:\/\/www.adf.org.br\/home\/wp-json\/wp\/v2\/users\/31"}],"replies":[{"embeddable":true,"href":"https:\/\/www.adf.org.br\/home\/wp-json\/wp\/v2\/comments?post=8922"}],"version-history":[{"count":0,"href":"https:\/\/www.adf.org.br\/home\/wp-json\/wp\/v2\/posts\/8922\/revisions"}],"wp:attachment":[{"href":"https:\/\/www.adf.org.br\/home\/wp-json\/wp\/v2\/media?parent=8922"}],"wp:term":[{"taxonomy":"category","embeddable":true,"href":"https:\/\/www.adf.org.br\/home\/wp-json\/wp\/v2\/categories?post=8922"},{"taxonomy":"post_tag","embeddable":true,"href":"https:\/\/www.adf.org.br\/home\/wp-json\/wp\/v2\/tags?post=8922"}],"curies":[{"name":"wp","href":"https:\/\/api.w.org\/{rel}","templated":true}]}}