{"id":8901,"date":"2011-04-11T00:00:41","date_gmt":"2011-04-11T03:00:41","guid":{"rendered":"http:\/\/www.adf.org.br\/home\/?p=8901"},"modified":"2011-04-11T00:00:41","modified_gmt":"2011-04-11T03:00:41","slug":"a-tragedia-da-familia-soubirous","status":"publish","type":"post","link":"https:\/\/www.adf.org.br\/home\/a-tragedia-da-familia-soubirous\/","title":{"rendered":"A trag\u00e9dia da fam\u00edlia Soubirous"},"content":{"rendered":"<p class=\"mceTemp\">\n<dl id=\"attachment_8905\" class=\"wp-caption alignleft\" style=\"width: 247px;\">\n<dt class=\"wp-caption-dt\"><a href=\"http:\/\/www.adf.org.br\/vela-da-saude\/?origem=1\" target=\"_blank\" rel=\"noopener noreferrer\"><img loading=\"lazy\" class=\"size-medium wp-image-8905\" title=\"Entrada da cela, Aparicoes de Lourdes\" src=\"http:\/\/www.adf.org.br\/home\/wp-content\/uploads\/2011\/04\/Entrada-da-cela-Aparicoes-de-Lourdes-237x300.jpg\" alt=\"\" width=\"237\" height=\"300\" \/><\/a><\/dt>\n<dd class=\"wp-caption-dd\" style=\"text-align: center;\">\n<p><span style=\"color: #0000ff;\"><strong>Cela onde viveu Santa Bernadette<\/strong><\/span><\/p>\n<\/dd>\n<\/dl>\n<p>No meio das fam\u00edlias pobres de Lourdes havia uma sobre a qual a  inclem\u00eancia dos flagelos se abateu com especial empenho: a de Francisco  Soubirous, sua esposa Louise e seu quatro filhos: Bernadette, a mais  velha, Marie, Jean-Marie e Justin.<\/p>\n<p>A desgra\u00e7a atingira-os sem piedade. Francisco e Louise pertenciam a fam\u00edlias de propriet\u00e1rios de moinhos de trigo.<\/p>\n<p>Esta condi\u00e7\u00e3o n\u00e3o era apenas uma fonte de renda, mas um t\u00edtulo de honra e preemin\u00eancia no ambiente campon\u00eas de Lourdes.<\/p>\n<p>Mas, para eles, tudo dera errado. A crise arruinou seus moinhos. As d\u00edvidas e maus neg\u00f3cios consumiram o resto.<\/p>\n<p>Ca\u00edram numa mis\u00e9ria t\u00e3o funda que perderam at\u00e9 a casa onde moravam.<\/p>\n<p class=\"mceTemp\">\n<dl id=\"attachment_8907\" class=\"wp-caption alignright\" style=\"width: 310px;\">\n<dt class=\"wp-caption-dt\"><a href=\"http:\/\/www.adf.org.br\/vela-da-saude\/?origem=1\" target=\"_blank\" rel=\"noopener noreferrer\"><img loading=\"lazy\" class=\"size-medium wp-image-8907\" title=\"cela\" src=\"http:\/\/www.adf.org.br\/home\/wp-content\/uploads\/2011\/04\/cela-300x225.jpg\" alt=\"\" width=\"300\" height=\"225\" \/><\/a><\/dt>\n<dd class=\"wp-caption-dd\" style=\"text-align: center;\">\n<p><span style=\"color: #0000ff;\"><strong>Interior da cela<\/strong><\/span><\/p>\n<\/dd>\n<\/dl>\n<p>Em desespero de causa tiveram que se instalar numa antiga cela da pris\u00e3o  da cidade que fora desativada por falta de condi\u00e7\u00f5es higi\u00eanicas.<\/p>\n<p>Ali vivia Santa Bernadette no tempo das apari\u00e7\u00f5es.<\/p>\n<p>\u00c9 o famoso \u201ccachot\u201d (=cela) onde hoje os peregrinos se recolhem em admirada contempla\u00e7\u00e3o como num local sagrado.<\/p>\n<p>Um modesto quartinho com uma lareira e uma min\u00fascula pia.<\/p>\n<p>A \u00fanica janela, ainda hoje fechada por grades carcer\u00e1rias, dava para um curral pestilencial.<\/p>\n<p><em>Fonte: Lourdes e suas apari\u00e7\u00f5es<\/em><\/p>\n","protected":false},"excerpt":{"rendered":"<p>Cela onde viveu Santa Bernadette No meio das fam\u00edlias pobres de Lourdes havia uma sobre a qual a inclem\u00eancia dos flagelos se abateu com especial empenho: a de Francisco Soubirous, sua esposa Louise e seu quatro filhos: Bernadette, a mais velha, Marie, Jean-Marie e Justin. A desgra\u00e7a atingira-os sem piedade. Francisco e Louise pertenciam a [&hellip;]<\/p>\n","protected":false},"author":31,"featured_media":0,"comment_status":"open","ping_status":"open","sticky":false,"template":"","format":"standard","meta":[],"categories":[20],"tags":[],"yoast_head":"<!-- This site is optimized with the Yoast SEO plugin v17.4 - https:\/\/yoast.com\/wordpress\/plugins\/seo\/ -->\n<title>A trag\u00e9dia da fam\u00edlia Soubirous - Associa\u00e7\u00e3o Devotos de F\u00e1tima<\/title>\n<meta name=\"robots\" content=\"index, follow, max-snippet:-1, max-image-preview:large, max-video-preview:-1\" \/>\n<link rel=\"canonical\" href=\"https:\/\/www.adf.org.br\/home\/a-tragedia-da-familia-soubirous\/\" \/>\n<meta property=\"og:locale\" content=\"pt_BR\" \/>\n<meta property=\"og:type\" content=\"article\" \/>\n<meta property=\"og:title\" content=\"A trag\u00e9dia da fam\u00edlia Soubirous - Associa\u00e7\u00e3o Devotos de F\u00e1tima\" \/>\n<meta property=\"og:description\" content=\"Cela onde viveu Santa Bernadette No meio das fam\u00edlias pobres de Lourdes havia uma sobre a qual a inclem\u00eancia dos flagelos se abateu com especial empenho: a de Francisco Soubirous, sua esposa Louise e seu quatro filhos: Bernadette, a mais velha, Marie, Jean-Marie e Justin. A desgra\u00e7a atingira-os sem piedade. Francisco e Louise pertenciam a [&hellip;]\" \/>\n<meta property=\"og:url\" content=\"https:\/\/www.adf.org.br\/home\/a-tragedia-da-familia-soubirous\/\" \/>\n<meta property=\"og:site_name\" content=\"Associa\u00e7\u00e3o Devotos de F\u00e1tima\" \/>\n<meta property=\"article:published_time\" content=\"2011-04-11T03:00:41+00:00\" \/>\n<meta property=\"og:image\" content=\"http:\/\/www.adf.org.br\/home\/wp-content\/uploads\/2011\/04\/Entrada-da-cela-Aparicoes-de-Lourdes-237x300.jpg\" \/>\n<meta name=\"twitter:card\" content=\"summary_large_image\" \/>\n<meta name=\"twitter:label1\" content=\"Escrito por\" \/>\n\t<meta name=\"twitter:data1\" content=\"Gabriel Barbosa\" \/>\n\t<meta name=\"twitter:label2\" content=\"Est. tempo de leitura\" \/>\n\t<meta name=\"twitter:data2\" content=\"1 minuto\" \/>\n<script type=\"application\/ld+json\" class=\"yoast-schema-graph\">{\"@context\":\"https:\/\/schema.org\",\"@graph\":[{\"@type\":\"WebSite\",\"@id\":\"https:\/\/www.adf.org.br\/home\/#website\",\"url\":\"https:\/\/www.adf.org.br\/home\/\",\"name\":\"Associa\\u00e7\\u00e3o Devotos de F\\u00e1tima\",\"description\":\"Associa\\u00e7\\u00e3o Devotos de F\\u00e1tima\",\"potentialAction\":[{\"@type\":\"SearchAction\",\"target\":{\"@type\":\"EntryPoint\",\"urlTemplate\":\"https:\/\/www.adf.org.br\/home\/?s={search_term_string}\"},\"query-input\":\"required name=search_term_string\"}],\"inLanguage\":\"pt-BR\"},{\"@type\":\"ImageObject\",\"@id\":\"https:\/\/www.adf.org.br\/home\/a-tragedia-da-familia-soubirous\/#primaryimage\",\"inLanguage\":\"pt-BR\",\"url\":\"http:\/\/www.adf.org.br\/home\/wp-content\/uploads\/2011\/04\/Entrada-da-cela-Aparicoes-de-Lourdes-237x300.jpg\",\"contentUrl\":\"http:\/\/www.adf.org.br\/home\/wp-content\/uploads\/2011\/04\/Entrada-da-cela-Aparicoes-de-Lourdes-237x300.jpg\"},{\"@type\":\"WebPage\",\"@id\":\"https:\/\/www.adf.org.br\/home\/a-tragedia-da-familia-soubirous\/#webpage\",\"url\":\"https:\/\/www.adf.org.br\/home\/a-tragedia-da-familia-soubirous\/\",\"name\":\"A trag\\u00e9dia da fam\\u00edlia Soubirous - Associa\\u00e7\\u00e3o Devotos de F\\u00e1tima\",\"isPartOf\":{\"@id\":\"https:\/\/www.adf.org.br\/home\/#website\"},\"primaryImageOfPage\":{\"@id\":\"https:\/\/www.adf.org.br\/home\/a-tragedia-da-familia-soubirous\/#primaryimage\"},\"datePublished\":\"2011-04-11T03:00:41+00:00\",\"dateModified\":\"2011-04-11T03:00:41+00:00\",\"author\":{\"@id\":\"https:\/\/www.adf.org.br\/home\/#\/schema\/person\/f35a5c5aa7728a3dedf4ea9aa1fc2753\"},\"breadcrumb\":{\"@id\":\"https:\/\/www.adf.org.br\/home\/a-tragedia-da-familia-soubirous\/#breadcrumb\"},\"inLanguage\":\"pt-BR\",\"potentialAction\":[{\"@type\":\"ReadAction\",\"target\":[\"https:\/\/www.adf.org.br\/home\/a-tragedia-da-familia-soubirous\/\"]}]},{\"@type\":\"BreadcrumbList\",\"@id\":\"https:\/\/www.adf.org.br\/home\/a-tragedia-da-familia-soubirous\/#breadcrumb\",\"itemListElement\":[{\"@type\":\"ListItem\",\"position\":1,\"name\":\"Home\",\"item\":\"https:\/\/www.adf.org.br\/home\/\"},{\"@type\":\"ListItem\",\"position\":2,\"name\":\"A trag\\u00e9dia da fam\\u00edlia Soubirous\"}]},{\"@type\":\"Person\",\"@id\":\"https:\/\/www.adf.org.br\/home\/#\/schema\/person\/f35a5c5aa7728a3dedf4ea9aa1fc2753\",\"name\":\"Gabriel Barbosa\",\"image\":{\"@type\":\"ImageObject\",\"@id\":\"https:\/\/www.adf.org.br\/home\/#personlogo\",\"inLanguage\":\"pt-BR\",\"url\":\"https:\/\/secure.gravatar.com\/avatar\/2b2cb2f4637682c5605e8d36818f51ef?s=96&d=mm&r=g\",\"contentUrl\":\"https:\/\/secure.gravatar.com\/avatar\/2b2cb2f4637682c5605e8d36818f51ef?s=96&d=mm&r=g\",\"caption\":\"Gabriel Barbosa\"},\"url\":\"https:\/\/www.adf.org.br\/home\/author\/gabrielpmk-com-br\/\"}]}<\/script>\n<!-- \/ Yoast SEO plugin. -->","yoast_head_json":{"title":"A trag\u00e9dia da fam\u00edlia Soubirous - Associa\u00e7\u00e3o Devotos de F\u00e1tima","robots":{"index":"index","follow":"follow","max-snippet":"max-snippet:-1","max-image-preview":"max-image-preview:large","max-video-preview":"max-video-preview:-1"},"canonical":"https:\/\/www.adf.org.br\/home\/a-tragedia-da-familia-soubirous\/","og_locale":"pt_BR","og_type":"article","og_title":"A trag\u00e9dia da fam\u00edlia Soubirous - Associa\u00e7\u00e3o Devotos de F\u00e1tima","og_description":"Cela onde viveu Santa Bernadette No meio das fam\u00edlias pobres de Lourdes havia uma sobre a qual a inclem\u00eancia dos flagelos se abateu com especial empenho: a de Francisco Soubirous, sua esposa Louise e seu quatro filhos: Bernadette, a mais velha, Marie, Jean-Marie e Justin. A desgra\u00e7a atingira-os sem piedade. Francisco e Louise pertenciam a [&hellip;]","og_url":"https:\/\/www.adf.org.br\/home\/a-tragedia-da-familia-soubirous\/","og_site_name":"Associa\u00e7\u00e3o Devotos de F\u00e1tima","article_published_time":"2011-04-11T03:00:41+00:00","og_image":[{"url":"http:\/\/www.adf.org.br\/home\/wp-content\/uploads\/2011\/04\/Entrada-da-cela-Aparicoes-de-Lourdes-237x300.jpg"}],"twitter_card":"summary_large_image","twitter_misc":{"Escrito por":"Gabriel Barbosa","Est. tempo de leitura":"1 minuto"},"schema":{"@context":"https:\/\/schema.org","@graph":[{"@type":"WebSite","@id":"https:\/\/www.adf.org.br\/home\/#website","url":"https:\/\/www.adf.org.br\/home\/","name":"Associa\u00e7\u00e3o Devotos de F\u00e1tima","description":"Associa\u00e7\u00e3o Devotos de F\u00e1tima","potentialAction":[{"@type":"SearchAction","target":{"@type":"EntryPoint","urlTemplate":"https:\/\/www.adf.org.br\/home\/?s={search_term_string}"},"query-input":"required name=search_term_string"}],"inLanguage":"pt-BR"},{"@type":"ImageObject","@id":"https:\/\/www.adf.org.br\/home\/a-tragedia-da-familia-soubirous\/#primaryimage","inLanguage":"pt-BR","url":"http:\/\/www.adf.org.br\/home\/wp-content\/uploads\/2011\/04\/Entrada-da-cela-Aparicoes-de-Lourdes-237x300.jpg","contentUrl":"http:\/\/www.adf.org.br\/home\/wp-content\/uploads\/2011\/04\/Entrada-da-cela-Aparicoes-de-Lourdes-237x300.jpg"},{"@type":"WebPage","@id":"https:\/\/www.adf.org.br\/home\/a-tragedia-da-familia-soubirous\/#webpage","url":"https:\/\/www.adf.org.br\/home\/a-tragedia-da-familia-soubirous\/","name":"A trag\u00e9dia da fam\u00edlia Soubirous - Associa\u00e7\u00e3o Devotos de F\u00e1tima","isPartOf":{"@id":"https:\/\/www.adf.org.br\/home\/#website"},"primaryImageOfPage":{"@id":"https:\/\/www.adf.org.br\/home\/a-tragedia-da-familia-soubirous\/#primaryimage"},"datePublished":"2011-04-11T03:00:41+00:00","dateModified":"2011-04-11T03:00:41+00:00","author":{"@id":"https:\/\/www.adf.org.br\/home\/#\/schema\/person\/f35a5c5aa7728a3dedf4ea9aa1fc2753"},"breadcrumb":{"@id":"https:\/\/www.adf.org.br\/home\/a-tragedia-da-familia-soubirous\/#breadcrumb"},"inLanguage":"pt-BR","potentialAction":[{"@type":"ReadAction","target":["https:\/\/www.adf.org.br\/home\/a-tragedia-da-familia-soubirous\/"]}]},{"@type":"BreadcrumbList","@id":"https:\/\/www.adf.org.br\/home\/a-tragedia-da-familia-soubirous\/#breadcrumb","itemListElement":[{"@type":"ListItem","position":1,"name":"Home","item":"https:\/\/www.adf.org.br\/home\/"},{"@type":"ListItem","position":2,"name":"A trag\u00e9dia da fam\u00edlia Soubirous"}]},{"@type":"Person","@id":"https:\/\/www.adf.org.br\/home\/#\/schema\/person\/f35a5c5aa7728a3dedf4ea9aa1fc2753","name":"Gabriel Barbosa","image":{"@type":"ImageObject","@id":"https:\/\/www.adf.org.br\/home\/#personlogo","inLanguage":"pt-BR","url":"https:\/\/secure.gravatar.com\/avatar\/2b2cb2f4637682c5605e8d36818f51ef?s=96&d=mm&r=g","contentUrl":"https:\/\/secure.gravatar.com\/avatar\/2b2cb2f4637682c5605e8d36818f51ef?s=96&d=mm&r=g","caption":"Gabriel Barbosa"},"url":"https:\/\/www.adf.org.br\/home\/author\/gabrielpmk-com-br\/"}]}},"_links":{"self":[{"href":"https:\/\/www.adf.org.br\/home\/wp-json\/wp\/v2\/posts\/8901"}],"collection":[{"href":"https:\/\/www.adf.org.br\/home\/wp-json\/wp\/v2\/posts"}],"about":[{"href":"https:\/\/www.adf.org.br\/home\/wp-json\/wp\/v2\/types\/post"}],"author":[{"embeddable":true,"href":"https:\/\/www.adf.org.br\/home\/wp-json\/wp\/v2\/users\/31"}],"replies":[{"embeddable":true,"href":"https:\/\/www.adf.org.br\/home\/wp-json\/wp\/v2\/comments?post=8901"}],"version-history":[{"count":0,"href":"https:\/\/www.adf.org.br\/home\/wp-json\/wp\/v2\/posts\/8901\/revisions"}],"wp:attachment":[{"href":"https:\/\/www.adf.org.br\/home\/wp-json\/wp\/v2\/media?parent=8901"}],"wp:term":[{"taxonomy":"category","embeddable":true,"href":"https:\/\/www.adf.org.br\/home\/wp-json\/wp\/v2\/categories?post=8901"},{"taxonomy":"post_tag","embeddable":true,"href":"https:\/\/www.adf.org.br\/home\/wp-json\/wp\/v2\/tags?post=8901"}],"curies":[{"name":"wp","href":"https:\/\/api.w.org\/{rel}","templated":true}]}}