{"id":8891,"date":"2011-04-18T00:00:50","date_gmt":"2011-04-18T03:00:50","guid":{"rendered":"http:\/\/www.adf.org.br\/home\/?p=8891"},"modified":"2011-04-18T00:00:50","modified_gmt":"2011-04-18T03:00:50","slug":"8891-2","status":"publish","type":"post","link":"https:\/\/www.adf.org.br\/home\/8891-2\/","title":{"rendered":"A M\u00e3e Sant\u00edssima e o sofrimento da crucifica\u00e7\u00e3o de Nosso Senhor"},"content":{"rendered":"<p>Isa\u00edas chamou Nosso Senhor de \u2018Vir dolorum\u2019 (Is. 53,3) o Var\u00e3o das Dores.<\/p>\n<p>De Nossa Senhora, espelho da Sabedoria que reflete em Si tudo quanto \u00e9 de Jesus Cristo, pode-se dizer que \u00e9 \u2018Mulier dolorum\u2019, a Dama das Dores.  Num oceano de sofrimentos, tudo n\u2019Ela era equilibrado e raciocinado.<\/p>\n<p>O amor era incompar\u00e1vel, sem super-emo\u00e7\u00f5es, mas com uma infinitude de sentimento.  Sem torcidas, sem p\u00e2nicos, embora numa ang\u00fastia quase estra\u00e7alhante.<\/p>\n<p>Quando o Madeiro foi levantado, as dores de Nosso Senhor atingiram o insond\u00e1vel.  Ela, ent\u00e3o, ficou na alternativa: de um lado, queria que Ele morresse logo, para interromper os tormentos; de outro lado, desejava que Ele ainda vivesse, pois toda m\u00e3e quer alongar a vida de seu filho.<\/p>\n<p>Mas Nossa Senhora sabia que era melhor para os pecadores a imola\u00e7\u00e3o ir at\u00e9 o fim.<\/p>\n<p>A grandeza de Nossa Senhora n\u00e3o est\u00e1 tanto na enormidade dos seus padecimentos, mas em ter desejado que seu Filho cumprisse esse sacrif\u00edcio supremo por amor de n\u00f3s.<\/p>\n<p>Deus amou-nos tanto, que desejou sacrificar o seu Filho Unig\u00eanito.<\/p>\n<p>Nossa Senhora teve tanta dile\u00e7\u00e3o por n\u00f3s, que Ela aderiu a essa fun\u00e7\u00e3o sacrifical.<\/p>\n<p><img loading=\"lazy\" class=\"aligncenter size-full wp-image-8892\" title=\"Santa Missa de P\u00e1scoa\" src=\"http:\/\/www.adf.org.br\/home\/wp-content\/uploads\/2011\/04\/adf_01-2.jpg\" alt=\"\" width=\"505\" height=\"340\" \/><\/p>\n<p><span style=\"font-size: x-small;\"><em> Fonte: Blog Luzes de Esperan\u00e7a<\/em><\/span><\/p>\n","protected":false},"excerpt":{"rendered":"<p>Isa\u00edas chamou Nosso Senhor de \u2018Vir dolorum\u2019 (Is. 53,3) o Var\u00e3o das Dores. De Nossa Senhora, espelho da Sabedoria que reflete em Si tudo quanto \u00e9 de Jesus Cristo, pode-se dizer que \u00e9 \u2018Mulier dolorum\u2019, a Dama das Dores. Num oceano de sofrimentos, tudo n\u2019Ela era equilibrado e raciocinado. O amor era incompar\u00e1vel, sem super-emo\u00e7\u00f5es, [&hellip;]<\/p>\n","protected":false},"author":31,"featured_media":0,"comment_status":"open","ping_status":"open","sticky":false,"template":"","format":"standard","meta":[],"categories":[20],"tags":[],"yoast_head":"<!-- This site is optimized with the Yoast SEO plugin v17.4 - https:\/\/yoast.com\/wordpress\/plugins\/seo\/ -->\n<title>A M\u00e3e Sant\u00edssima e o sofrimento da crucifica\u00e7\u00e3o de Nosso Senhor - Associa\u00e7\u00e3o Devotos de F\u00e1tima<\/title>\n<meta name=\"robots\" content=\"index, follow, max-snippet:-1, max-image-preview:large, max-video-preview:-1\" \/>\n<link rel=\"canonical\" href=\"https:\/\/www.adf.org.br\/home\/8891-2\/\" \/>\n<meta property=\"og:locale\" content=\"pt_BR\" \/>\n<meta property=\"og:type\" content=\"article\" \/>\n<meta property=\"og:title\" content=\"A M\u00e3e Sant\u00edssima e o sofrimento da crucifica\u00e7\u00e3o de Nosso Senhor - Associa\u00e7\u00e3o Devotos de F\u00e1tima\" \/>\n<meta property=\"og:description\" content=\"Isa\u00edas chamou Nosso Senhor de \u2018Vir dolorum\u2019 (Is. 53,3) o Var\u00e3o das Dores. De Nossa Senhora, espelho da Sabedoria que reflete em Si tudo quanto \u00e9 de Jesus Cristo, pode-se dizer que \u00e9 \u2018Mulier dolorum\u2019, a Dama das Dores. Num oceano de sofrimentos, tudo n\u2019Ela era equilibrado e raciocinado. O amor era incompar\u00e1vel, sem super-emo\u00e7\u00f5es, [&hellip;]\" \/>\n<meta property=\"og:url\" content=\"https:\/\/www.adf.org.br\/home\/8891-2\/\" \/>\n<meta property=\"og:site_name\" content=\"Associa\u00e7\u00e3o Devotos de F\u00e1tima\" \/>\n<meta property=\"article:published_time\" content=\"2011-04-18T03:00:50+00:00\" \/>\n<meta property=\"og:image\" content=\"http:\/\/www.adf.org.br\/home\/wp-content\/uploads\/2011\/04\/adf_01-2.jpg\" \/>\n<meta name=\"twitter:card\" content=\"summary_large_image\" \/>\n<meta name=\"twitter:label1\" content=\"Escrito por\" \/>\n\t<meta name=\"twitter:data1\" content=\"Gabriel Barbosa\" \/>\n\t<meta name=\"twitter:label2\" content=\"Est. tempo de leitura\" \/>\n\t<meta name=\"twitter:data2\" content=\"1 minuto\" \/>\n<script type=\"application\/ld+json\" class=\"yoast-schema-graph\">{\"@context\":\"https:\/\/schema.org\",\"@graph\":[{\"@type\":\"WebSite\",\"@id\":\"https:\/\/www.adf.org.br\/home\/#website\",\"url\":\"https:\/\/www.adf.org.br\/home\/\",\"name\":\"Associa\\u00e7\\u00e3o Devotos de F\\u00e1tima\",\"description\":\"Associa\\u00e7\\u00e3o Devotos de F\\u00e1tima\",\"potentialAction\":[{\"@type\":\"SearchAction\",\"target\":{\"@type\":\"EntryPoint\",\"urlTemplate\":\"https:\/\/www.adf.org.br\/home\/?s={search_term_string}\"},\"query-input\":\"required name=search_term_string\"}],\"inLanguage\":\"pt-BR\"},{\"@type\":\"ImageObject\",\"@id\":\"https:\/\/www.adf.org.br\/home\/8891-2\/#primaryimage\",\"inLanguage\":\"pt-BR\",\"url\":\"http:\/\/www.adf.org.br\/home\/wp-content\/uploads\/2011\/04\/adf_01-2.jpg\",\"contentUrl\":\"http:\/\/www.adf.org.br\/home\/wp-content\/uploads\/2011\/04\/adf_01-2.jpg\"},{\"@type\":\"WebPage\",\"@id\":\"https:\/\/www.adf.org.br\/home\/8891-2\/#webpage\",\"url\":\"https:\/\/www.adf.org.br\/home\/8891-2\/\",\"name\":\"A M\\u00e3e Sant\\u00edssima e o sofrimento da crucifica\\u00e7\\u00e3o de Nosso Senhor - Associa\\u00e7\\u00e3o Devotos de F\\u00e1tima\",\"isPartOf\":{\"@id\":\"https:\/\/www.adf.org.br\/home\/#website\"},\"primaryImageOfPage\":{\"@id\":\"https:\/\/www.adf.org.br\/home\/8891-2\/#primaryimage\"},\"datePublished\":\"2011-04-18T03:00:50+00:00\",\"dateModified\":\"2011-04-18T03:00:50+00:00\",\"author\":{\"@id\":\"https:\/\/www.adf.org.br\/home\/#\/schema\/person\/f35a5c5aa7728a3dedf4ea9aa1fc2753\"},\"breadcrumb\":{\"@id\":\"https:\/\/www.adf.org.br\/home\/8891-2\/#breadcrumb\"},\"inLanguage\":\"pt-BR\",\"potentialAction\":[{\"@type\":\"ReadAction\",\"target\":[\"https:\/\/www.adf.org.br\/home\/8891-2\/\"]}]},{\"@type\":\"BreadcrumbList\",\"@id\":\"https:\/\/www.adf.org.br\/home\/8891-2\/#breadcrumb\",\"itemListElement\":[{\"@type\":\"ListItem\",\"position\":1,\"name\":\"Home\",\"item\":\"https:\/\/www.adf.org.br\/home\/\"},{\"@type\":\"ListItem\",\"position\":2,\"name\":\"A M\\u00e3e Sant\\u00edssima e o sofrimento da crucifica\\u00e7\\u00e3o de Nosso Senhor\"}]},{\"@type\":\"Person\",\"@id\":\"https:\/\/www.adf.org.br\/home\/#\/schema\/person\/f35a5c5aa7728a3dedf4ea9aa1fc2753\",\"name\":\"Gabriel Barbosa\",\"image\":{\"@type\":\"ImageObject\",\"@id\":\"https:\/\/www.adf.org.br\/home\/#personlogo\",\"inLanguage\":\"pt-BR\",\"url\":\"https:\/\/secure.gravatar.com\/avatar\/2b2cb2f4637682c5605e8d36818f51ef?s=96&d=mm&r=g\",\"contentUrl\":\"https:\/\/secure.gravatar.com\/avatar\/2b2cb2f4637682c5605e8d36818f51ef?s=96&d=mm&r=g\",\"caption\":\"Gabriel Barbosa\"},\"url\":\"https:\/\/www.adf.org.br\/home\/author\/gabrielpmk-com-br\/\"}]}<\/script>\n<!-- \/ Yoast SEO plugin. -->","yoast_head_json":{"title":"A M\u00e3e Sant\u00edssima e o sofrimento da crucifica\u00e7\u00e3o de Nosso Senhor - Associa\u00e7\u00e3o Devotos de F\u00e1tima","robots":{"index":"index","follow":"follow","max-snippet":"max-snippet:-1","max-image-preview":"max-image-preview:large","max-video-preview":"max-video-preview:-1"},"canonical":"https:\/\/www.adf.org.br\/home\/8891-2\/","og_locale":"pt_BR","og_type":"article","og_title":"A M\u00e3e Sant\u00edssima e o sofrimento da crucifica\u00e7\u00e3o de Nosso Senhor - Associa\u00e7\u00e3o Devotos de F\u00e1tima","og_description":"Isa\u00edas chamou Nosso Senhor de \u2018Vir dolorum\u2019 (Is. 53,3) o Var\u00e3o das Dores. De Nossa Senhora, espelho da Sabedoria que reflete em Si tudo quanto \u00e9 de Jesus Cristo, pode-se dizer que \u00e9 \u2018Mulier dolorum\u2019, a Dama das Dores. Num oceano de sofrimentos, tudo n\u2019Ela era equilibrado e raciocinado. O amor era incompar\u00e1vel, sem super-emo\u00e7\u00f5es, [&hellip;]","og_url":"https:\/\/www.adf.org.br\/home\/8891-2\/","og_site_name":"Associa\u00e7\u00e3o Devotos de F\u00e1tima","article_published_time":"2011-04-18T03:00:50+00:00","og_image":[{"url":"http:\/\/www.adf.org.br\/home\/wp-content\/uploads\/2011\/04\/adf_01-2.jpg"}],"twitter_card":"summary_large_image","twitter_misc":{"Escrito por":"Gabriel Barbosa","Est. tempo de leitura":"1 minuto"},"schema":{"@context":"https:\/\/schema.org","@graph":[{"@type":"WebSite","@id":"https:\/\/www.adf.org.br\/home\/#website","url":"https:\/\/www.adf.org.br\/home\/","name":"Associa\u00e7\u00e3o Devotos de F\u00e1tima","description":"Associa\u00e7\u00e3o Devotos de F\u00e1tima","potentialAction":[{"@type":"SearchAction","target":{"@type":"EntryPoint","urlTemplate":"https:\/\/www.adf.org.br\/home\/?s={search_term_string}"},"query-input":"required name=search_term_string"}],"inLanguage":"pt-BR"},{"@type":"ImageObject","@id":"https:\/\/www.adf.org.br\/home\/8891-2\/#primaryimage","inLanguage":"pt-BR","url":"http:\/\/www.adf.org.br\/home\/wp-content\/uploads\/2011\/04\/adf_01-2.jpg","contentUrl":"http:\/\/www.adf.org.br\/home\/wp-content\/uploads\/2011\/04\/adf_01-2.jpg"},{"@type":"WebPage","@id":"https:\/\/www.adf.org.br\/home\/8891-2\/#webpage","url":"https:\/\/www.adf.org.br\/home\/8891-2\/","name":"A M\u00e3e Sant\u00edssima e o sofrimento da crucifica\u00e7\u00e3o de Nosso Senhor - Associa\u00e7\u00e3o Devotos de F\u00e1tima","isPartOf":{"@id":"https:\/\/www.adf.org.br\/home\/#website"},"primaryImageOfPage":{"@id":"https:\/\/www.adf.org.br\/home\/8891-2\/#primaryimage"},"datePublished":"2011-04-18T03:00:50+00:00","dateModified":"2011-04-18T03:00:50+00:00","author":{"@id":"https:\/\/www.adf.org.br\/home\/#\/schema\/person\/f35a5c5aa7728a3dedf4ea9aa1fc2753"},"breadcrumb":{"@id":"https:\/\/www.adf.org.br\/home\/8891-2\/#breadcrumb"},"inLanguage":"pt-BR","potentialAction":[{"@type":"ReadAction","target":["https:\/\/www.adf.org.br\/home\/8891-2\/"]}]},{"@type":"BreadcrumbList","@id":"https:\/\/www.adf.org.br\/home\/8891-2\/#breadcrumb","itemListElement":[{"@type":"ListItem","position":1,"name":"Home","item":"https:\/\/www.adf.org.br\/home\/"},{"@type":"ListItem","position":2,"name":"A M\u00e3e Sant\u00edssima e o sofrimento da crucifica\u00e7\u00e3o de Nosso Senhor"}]},{"@type":"Person","@id":"https:\/\/www.adf.org.br\/home\/#\/schema\/person\/f35a5c5aa7728a3dedf4ea9aa1fc2753","name":"Gabriel Barbosa","image":{"@type":"ImageObject","@id":"https:\/\/www.adf.org.br\/home\/#personlogo","inLanguage":"pt-BR","url":"https:\/\/secure.gravatar.com\/avatar\/2b2cb2f4637682c5605e8d36818f51ef?s=96&d=mm&r=g","contentUrl":"https:\/\/secure.gravatar.com\/avatar\/2b2cb2f4637682c5605e8d36818f51ef?s=96&d=mm&r=g","caption":"Gabriel Barbosa"},"url":"https:\/\/www.adf.org.br\/home\/author\/gabrielpmk-com-br\/"}]}},"_links":{"self":[{"href":"https:\/\/www.adf.org.br\/home\/wp-json\/wp\/v2\/posts\/8891"}],"collection":[{"href":"https:\/\/www.adf.org.br\/home\/wp-json\/wp\/v2\/posts"}],"about":[{"href":"https:\/\/www.adf.org.br\/home\/wp-json\/wp\/v2\/types\/post"}],"author":[{"embeddable":true,"href":"https:\/\/www.adf.org.br\/home\/wp-json\/wp\/v2\/users\/31"}],"replies":[{"embeddable":true,"href":"https:\/\/www.adf.org.br\/home\/wp-json\/wp\/v2\/comments?post=8891"}],"version-history":[{"count":0,"href":"https:\/\/www.adf.org.br\/home\/wp-json\/wp\/v2\/posts\/8891\/revisions"}],"wp:attachment":[{"href":"https:\/\/www.adf.org.br\/home\/wp-json\/wp\/v2\/media?parent=8891"}],"wp:term":[{"taxonomy":"category","embeddable":true,"href":"https:\/\/www.adf.org.br\/home\/wp-json\/wp\/v2\/categories?post=8891"},{"taxonomy":"post_tag","embeddable":true,"href":"https:\/\/www.adf.org.br\/home\/wp-json\/wp\/v2\/tags?post=8891"}],"curies":[{"name":"wp","href":"https:\/\/api.w.org\/{rel}","templated":true}]}}