{"id":8885,"date":"2011-04-15T00:00:25","date_gmt":"2011-04-15T03:00:25","guid":{"rendered":"http:\/\/www.adf.org.br\/home\/?p=8885"},"modified":"2011-04-15T00:00:25","modified_gmt":"2011-04-15T03:00:25","slug":"maria-tambem-e-mae-dos-pecadores-arrependidos","status":"publish","type":"post","link":"https:\/\/www.adf.org.br\/home\/maria-tambem-e-mae-dos-pecadores-arrependidos\/","title":{"rendered":"Maria tamb\u00e9m \u00e9 M\u00e3e dos pecadores arrependidos"},"content":{"rendered":"<p>Nossa Senhora garantiu a Santa Brigida que \u00e9 M\u00e3e n\u00e3o s\u00f3 dos justos e inocentes, mas tamb\u00e9m dos pecadores que se querem emendar.<\/p>\n<p>Se desejoso de emenda, recorre um pecador a esta M\u00e3e de Miseric\u00f3rdia, oh! Como a encontra pronta para o abra\u00e7ar e socorrer, ainda mais do que se fosse sua m\u00e3e corporal.<\/p>\n<p>Era justamente o que o Papa Greg\u00f3rio VII escrevia \u00e0 princesa Matilde: Desiste da vontade de pecar e achar\u00e1s Maria, eu o garanto, mais pronta em amar-te do que tua pr\u00f3pria m\u00e3e.<\/p>\n<p>Portanto, quem aspira a ser filho desta grande M\u00e3e, \u00e9 preciso que primeiro deixe o pecado, e depois ser\u00e1 sem d\u00favida aceito por filho.<\/p>\n<p style=\"text-align: left;\"><em>Extra\u00eddo do livro: &#8220;Gl\u00f3rias de Maria&#8221; . S. Afonso de Lig\u00f3rio<\/em><a href=\"http:\/\/www.adf.org.br\/conjuntonsra\/inicio-1\" target=\"_blank\" rel=\"noopener noreferrer\"><img loading=\"lazy\" class=\"aligncenter size-full wp-image-8887\" title=\"conjunto devo\u00e7\u00e3o\" src=\"http:\/\/www.adf.org.br\/home\/wp-content\/uploads\/2011\/04\/conjunto-devo\u00e7\u00e3o.gif\" alt=\"\" width=\"550\" height=\"148\" \/><\/a><\/p>\n","protected":false},"excerpt":{"rendered":"<p>Nossa Senhora garantiu a Santa Brigida que \u00e9 M\u00e3e n\u00e3o s\u00f3 dos justos e inocentes, mas tamb\u00e9m dos pecadores que se querem emendar. Se desejoso de emenda, recorre um pecador a esta M\u00e3e de Miseric\u00f3rdia, oh! Como a encontra pronta para o abra\u00e7ar e socorrer, ainda mais do que se fosse sua m\u00e3e corporal. Era [&hellip;]<\/p>\n","protected":false},"author":31,"featured_media":0,"comment_status":"open","ping_status":"open","sticky":false,"template":"","format":"standard","meta":[],"categories":[20],"tags":[780,659],"yoast_head":"<!-- This site is optimized with the Yoast SEO plugin v17.4 - https:\/\/yoast.com\/wordpress\/plugins\/seo\/ -->\n<title>Maria tamb\u00e9m \u00e9 M\u00e3e dos pecadores arrependidos - Associa\u00e7\u00e3o Devotos de F\u00e1tima<\/title>\n<meta name=\"robots\" content=\"index, follow, max-snippet:-1, max-image-preview:large, max-video-preview:-1\" \/>\n<link rel=\"canonical\" href=\"https:\/\/www.adf.org.br\/home\/maria-tambem-e-mae-dos-pecadores-arrependidos\/\" \/>\n<meta property=\"og:locale\" content=\"pt_BR\" \/>\n<meta property=\"og:type\" content=\"article\" \/>\n<meta property=\"og:title\" content=\"Maria tamb\u00e9m \u00e9 M\u00e3e dos pecadores arrependidos - Associa\u00e7\u00e3o Devotos de F\u00e1tima\" \/>\n<meta property=\"og:description\" content=\"Nossa Senhora garantiu a Santa Brigida que \u00e9 M\u00e3e n\u00e3o s\u00f3 dos justos e inocentes, mas tamb\u00e9m dos pecadores que se querem emendar. Se desejoso de emenda, recorre um pecador a esta M\u00e3e de Miseric\u00f3rdia, oh! Como a encontra pronta para o abra\u00e7ar e socorrer, ainda mais do que se fosse sua m\u00e3e corporal. Era [&hellip;]\" \/>\n<meta property=\"og:url\" content=\"https:\/\/www.adf.org.br\/home\/maria-tambem-e-mae-dos-pecadores-arrependidos\/\" \/>\n<meta property=\"og:site_name\" content=\"Associa\u00e7\u00e3o Devotos de F\u00e1tima\" \/>\n<meta property=\"article:published_time\" content=\"2011-04-15T03:00:25+00:00\" \/>\n<meta property=\"og:image\" content=\"http:\/\/www.adf.org.br\/home\/wp-content\/uploads\/2011\/04\/conjunto-devo\u00e7\u00e3o.gif\" \/>\n<meta name=\"twitter:card\" content=\"summary_large_image\" \/>\n<meta name=\"twitter:label1\" content=\"Escrito por\" \/>\n\t<meta name=\"twitter:data1\" content=\"Gabriel Barbosa\" \/>\n\t<meta name=\"twitter:label2\" content=\"Est. tempo de leitura\" \/>\n\t<meta name=\"twitter:data2\" content=\"1 minuto\" \/>\n<script type=\"application\/ld+json\" class=\"yoast-schema-graph\">{\"@context\":\"https:\/\/schema.org\",\"@graph\":[{\"@type\":\"WebSite\",\"@id\":\"https:\/\/www.adf.org.br\/home\/#website\",\"url\":\"https:\/\/www.adf.org.br\/home\/\",\"name\":\"Associa\\u00e7\\u00e3o Devotos de F\\u00e1tima\",\"description\":\"Associa\\u00e7\\u00e3o Devotos de F\\u00e1tima\",\"potentialAction\":[{\"@type\":\"SearchAction\",\"target\":{\"@type\":\"EntryPoint\",\"urlTemplate\":\"https:\/\/www.adf.org.br\/home\/?s={search_term_string}\"},\"query-input\":\"required name=search_term_string\"}],\"inLanguage\":\"pt-BR\"},{\"@type\":\"ImageObject\",\"@id\":\"https:\/\/www.adf.org.br\/home\/maria-tambem-e-mae-dos-pecadores-arrependidos\/#primaryimage\",\"inLanguage\":\"pt-BR\",\"url\":\"http:\/\/www.adf.org.br\/home\/wp-content\/uploads\/2011\/04\/conjunto-devo\\u00e7\\u00e3o.gif\",\"contentUrl\":\"http:\/\/www.adf.org.br\/home\/wp-content\/uploads\/2011\/04\/conjunto-devo\\u00e7\\u00e3o.gif\"},{\"@type\":\"WebPage\",\"@id\":\"https:\/\/www.adf.org.br\/home\/maria-tambem-e-mae-dos-pecadores-arrependidos\/#webpage\",\"url\":\"https:\/\/www.adf.org.br\/home\/maria-tambem-e-mae-dos-pecadores-arrependidos\/\",\"name\":\"Maria tamb\\u00e9m \\u00e9 M\\u00e3e dos pecadores arrependidos - Associa\\u00e7\\u00e3o Devotos de F\\u00e1tima\",\"isPartOf\":{\"@id\":\"https:\/\/www.adf.org.br\/home\/#website\"},\"primaryImageOfPage\":{\"@id\":\"https:\/\/www.adf.org.br\/home\/maria-tambem-e-mae-dos-pecadores-arrependidos\/#primaryimage\"},\"datePublished\":\"2011-04-15T03:00:25+00:00\",\"dateModified\":\"2011-04-15T03:00:25+00:00\",\"author\":{\"@id\":\"https:\/\/www.adf.org.br\/home\/#\/schema\/person\/f35a5c5aa7728a3dedf4ea9aa1fc2753\"},\"breadcrumb\":{\"@id\":\"https:\/\/www.adf.org.br\/home\/maria-tambem-e-mae-dos-pecadores-arrependidos\/#breadcrumb\"},\"inLanguage\":\"pt-BR\",\"potentialAction\":[{\"@type\":\"ReadAction\",\"target\":[\"https:\/\/www.adf.org.br\/home\/maria-tambem-e-mae-dos-pecadores-arrependidos\/\"]}]},{\"@type\":\"BreadcrumbList\",\"@id\":\"https:\/\/www.adf.org.br\/home\/maria-tambem-e-mae-dos-pecadores-arrependidos\/#breadcrumb\",\"itemListElement\":[{\"@type\":\"ListItem\",\"position\":1,\"name\":\"Home\",\"item\":\"https:\/\/www.adf.org.br\/home\/\"},{\"@type\":\"ListItem\",\"position\":2,\"name\":\"Maria tamb\\u00e9m \\u00e9 M\\u00e3e dos pecadores arrependidos\"}]},{\"@type\":\"Person\",\"@id\":\"https:\/\/www.adf.org.br\/home\/#\/schema\/person\/f35a5c5aa7728a3dedf4ea9aa1fc2753\",\"name\":\"Gabriel Barbosa\",\"image\":{\"@type\":\"ImageObject\",\"@id\":\"https:\/\/www.adf.org.br\/home\/#personlogo\",\"inLanguage\":\"pt-BR\",\"url\":\"https:\/\/secure.gravatar.com\/avatar\/2b2cb2f4637682c5605e8d36818f51ef?s=96&d=mm&r=g\",\"contentUrl\":\"https:\/\/secure.gravatar.com\/avatar\/2b2cb2f4637682c5605e8d36818f51ef?s=96&d=mm&r=g\",\"caption\":\"Gabriel Barbosa\"},\"url\":\"https:\/\/www.adf.org.br\/home\/author\/gabrielpmk-com-br\/\"}]}<\/script>\n<!-- \/ Yoast SEO plugin. -->","yoast_head_json":{"title":"Maria tamb\u00e9m \u00e9 M\u00e3e dos pecadores arrependidos - Associa\u00e7\u00e3o Devotos de F\u00e1tima","robots":{"index":"index","follow":"follow","max-snippet":"max-snippet:-1","max-image-preview":"max-image-preview:large","max-video-preview":"max-video-preview:-1"},"canonical":"https:\/\/www.adf.org.br\/home\/maria-tambem-e-mae-dos-pecadores-arrependidos\/","og_locale":"pt_BR","og_type":"article","og_title":"Maria tamb\u00e9m \u00e9 M\u00e3e dos pecadores arrependidos - Associa\u00e7\u00e3o Devotos de F\u00e1tima","og_description":"Nossa Senhora garantiu a Santa Brigida que \u00e9 M\u00e3e n\u00e3o s\u00f3 dos justos e inocentes, mas tamb\u00e9m dos pecadores que se querem emendar. Se desejoso de emenda, recorre um pecador a esta M\u00e3e de Miseric\u00f3rdia, oh! Como a encontra pronta para o abra\u00e7ar e socorrer, ainda mais do que se fosse sua m\u00e3e corporal. Era [&hellip;]","og_url":"https:\/\/www.adf.org.br\/home\/maria-tambem-e-mae-dos-pecadores-arrependidos\/","og_site_name":"Associa\u00e7\u00e3o Devotos de F\u00e1tima","article_published_time":"2011-04-15T03:00:25+00:00","og_image":[{"url":"http:\/\/www.adf.org.br\/home\/wp-content\/uploads\/2011\/04\/conjunto-devo\u00e7\u00e3o.gif"}],"twitter_card":"summary_large_image","twitter_misc":{"Escrito por":"Gabriel Barbosa","Est. tempo de leitura":"1 minuto"},"schema":{"@context":"https:\/\/schema.org","@graph":[{"@type":"WebSite","@id":"https:\/\/www.adf.org.br\/home\/#website","url":"https:\/\/www.adf.org.br\/home\/","name":"Associa\u00e7\u00e3o Devotos de F\u00e1tima","description":"Associa\u00e7\u00e3o Devotos de F\u00e1tima","potentialAction":[{"@type":"SearchAction","target":{"@type":"EntryPoint","urlTemplate":"https:\/\/www.adf.org.br\/home\/?s={search_term_string}"},"query-input":"required name=search_term_string"}],"inLanguage":"pt-BR"},{"@type":"ImageObject","@id":"https:\/\/www.adf.org.br\/home\/maria-tambem-e-mae-dos-pecadores-arrependidos\/#primaryimage","inLanguage":"pt-BR","url":"http:\/\/www.adf.org.br\/home\/wp-content\/uploads\/2011\/04\/conjunto-devo\u00e7\u00e3o.gif","contentUrl":"http:\/\/www.adf.org.br\/home\/wp-content\/uploads\/2011\/04\/conjunto-devo\u00e7\u00e3o.gif"},{"@type":"WebPage","@id":"https:\/\/www.adf.org.br\/home\/maria-tambem-e-mae-dos-pecadores-arrependidos\/#webpage","url":"https:\/\/www.adf.org.br\/home\/maria-tambem-e-mae-dos-pecadores-arrependidos\/","name":"Maria tamb\u00e9m \u00e9 M\u00e3e dos pecadores arrependidos - Associa\u00e7\u00e3o Devotos de F\u00e1tima","isPartOf":{"@id":"https:\/\/www.adf.org.br\/home\/#website"},"primaryImageOfPage":{"@id":"https:\/\/www.adf.org.br\/home\/maria-tambem-e-mae-dos-pecadores-arrependidos\/#primaryimage"},"datePublished":"2011-04-15T03:00:25+00:00","dateModified":"2011-04-15T03:00:25+00:00","author":{"@id":"https:\/\/www.adf.org.br\/home\/#\/schema\/person\/f35a5c5aa7728a3dedf4ea9aa1fc2753"},"breadcrumb":{"@id":"https:\/\/www.adf.org.br\/home\/maria-tambem-e-mae-dos-pecadores-arrependidos\/#breadcrumb"},"inLanguage":"pt-BR","potentialAction":[{"@type":"ReadAction","target":["https:\/\/www.adf.org.br\/home\/maria-tambem-e-mae-dos-pecadores-arrependidos\/"]}]},{"@type":"BreadcrumbList","@id":"https:\/\/www.adf.org.br\/home\/maria-tambem-e-mae-dos-pecadores-arrependidos\/#breadcrumb","itemListElement":[{"@type":"ListItem","position":1,"name":"Home","item":"https:\/\/www.adf.org.br\/home\/"},{"@type":"ListItem","position":2,"name":"Maria tamb\u00e9m \u00e9 M\u00e3e dos pecadores arrependidos"}]},{"@type":"Person","@id":"https:\/\/www.adf.org.br\/home\/#\/schema\/person\/f35a5c5aa7728a3dedf4ea9aa1fc2753","name":"Gabriel Barbosa","image":{"@type":"ImageObject","@id":"https:\/\/www.adf.org.br\/home\/#personlogo","inLanguage":"pt-BR","url":"https:\/\/secure.gravatar.com\/avatar\/2b2cb2f4637682c5605e8d36818f51ef?s=96&d=mm&r=g","contentUrl":"https:\/\/secure.gravatar.com\/avatar\/2b2cb2f4637682c5605e8d36818f51ef?s=96&d=mm&r=g","caption":"Gabriel Barbosa"},"url":"https:\/\/www.adf.org.br\/home\/author\/gabrielpmk-com-br\/"}]}},"_links":{"self":[{"href":"https:\/\/www.adf.org.br\/home\/wp-json\/wp\/v2\/posts\/8885"}],"collection":[{"href":"https:\/\/www.adf.org.br\/home\/wp-json\/wp\/v2\/posts"}],"about":[{"href":"https:\/\/www.adf.org.br\/home\/wp-json\/wp\/v2\/types\/post"}],"author":[{"embeddable":true,"href":"https:\/\/www.adf.org.br\/home\/wp-json\/wp\/v2\/users\/31"}],"replies":[{"embeddable":true,"href":"https:\/\/www.adf.org.br\/home\/wp-json\/wp\/v2\/comments?post=8885"}],"version-history":[{"count":0,"href":"https:\/\/www.adf.org.br\/home\/wp-json\/wp\/v2\/posts\/8885\/revisions"}],"wp:attachment":[{"href":"https:\/\/www.adf.org.br\/home\/wp-json\/wp\/v2\/media?parent=8885"}],"wp:term":[{"taxonomy":"category","embeddable":true,"href":"https:\/\/www.adf.org.br\/home\/wp-json\/wp\/v2\/categories?post=8885"},{"taxonomy":"post_tag","embeddable":true,"href":"https:\/\/www.adf.org.br\/home\/wp-json\/wp\/v2\/tags?post=8885"}],"curies":[{"name":"wp","href":"https:\/\/api.w.org\/{rel}","templated":true}]}}