{"id":8866,"date":"2011-04-14T00:00:38","date_gmt":"2011-04-14T03:00:38","guid":{"rendered":"http:\/\/www.adf.org.br\/home\/?p=8866"},"modified":"2011-04-14T00:00:38","modified_gmt":"2011-04-14T03:00:38","slug":"maria-santissima-arca-da-alianca-mae-do-filho-de-deus","status":"publish","type":"post","link":"https:\/\/www.adf.org.br\/home\/maria-santissima-arca-da-alianca-mae-do-filho-de-deus\/","title":{"rendered":"Maria Sant\u00edssima, Arca da Alian\u00e7a, M\u00e3e do Filho de Deus"},"content":{"rendered":"<p><strong>A arca da alian\u00e7a: prefigura da Virgem Maria<\/strong><img loading=\"lazy\" class=\"alignright size-full wp-image-8867\" title=\"pinturas sec.XIX  E (96)\" src=\"http:\/\/www.adf.org.br\/home\/wp-content\/uploads\/2011\/04\/pinturas-sec.XIX-E-96.jpg\" alt=\"\" width=\"265\" height=\"352\" \/><\/p>\n<p>T\u00e3o misteriosa e sagrada Arca, constru\u00edda pela m\u00e3o do pr\u00f3prio Deus para sua habita\u00e7\u00e3o e propiciat\u00f3rio de seu povo, deveria ficar no Templo, onde se encontrava a outra arca material do Antigo Testamento. Por esta raz\u00e3o, Deus ordenou que Maria Sant\u00edssima fosse apresentada ao Templo aos tr\u00eas anos de idade. Ali permaneceu at\u00e9 os 13 anos e meio.<\/p>\n<p>Os sacerdotes do Templo, movidos por inspira\u00e7\u00e3o divina, julgaram que, conforme o uso da \u00e9poca, deviam estabelecer Maria no estado do matrim\u00f4nio.<\/p>\n<p>Consultada por um dos sacerdotes do Templo, ela declarou: Quanto \u00e0 minha vontade, sempre desejei guardar perp\u00e9tua virgindade, dedicando-me a Deus e ao seu servi\u00e7o neste santo Templo. V\u00f3s, por\u00e9m, que estais no lugar de Deus, me ensinareis o que for de sua santa vontade.<\/p>\n<p>Com um milagroso sinal, o c\u00e9u indicou S\u00e3o Jos\u00e9 como o escolhido para desposar a pur\u00edssima jovem, a futura esposa do Esp\u00edrito Santo e m\u00e3e do Filho de Deus.<\/p>\n<p>Maria Sant\u00edssima confiou a S\u00e3o Jos\u00e9 seu voto de perp\u00e9tua castidade, dizendo-lhe: \u201cMeu senhor e esposo, em meus primeiros anos consagrei-me a Deus com perp\u00e9tuo voto de ser casta de alma e corpo. Para cumpri-lo, quero que me ajudeis, e no mais, serei vossa fiel serva\u201d.<\/p>\n<p>Repleto de j\u00fabilo pelas palavras de sua Esposa, o cast\u00edssimo S\u00e3o Jos\u00e9 lhe respondeu: \u201cQuero que saibais, Senhora, que aos doze anos, tamb\u00e9m eu fiz promessa de servir ao Alt\u00edssimo em castidade perp\u00e9tua. Confirmo-a agora e prometo ajudar-vos quanto estiver em minhas for\u00e7as para que, em toda pureza o ameis e sirvais. Serei vosso fidel\u00edssimo servo e guarda\u201d.<\/p>\n<p>Sobre estes divinos alicerces \u2013 ou seja, virgindade ilibada, ora\u00e7\u00e3o, humildade, conc\u00f3rdia &#8211; fundou-se o lar e a uni\u00e3o da sant\u00edssima Virgem Maria e do cast\u00edssimo S\u00e3o Jos\u00e9.<\/p>\n<p>Assim foram sendo preparados para o mist\u00e9rio da Encarna\u00e7\u00e3o do Verbo, miss\u00e3o para a qual Deus os havia destinado.<\/p>\n<p><em>(Fonte: \u201cM\u00edstica Cidade de Deus\u201d \u2013 Volume II)<\/em><\/p>\n","protected":false},"excerpt":{"rendered":"<p>A arca da alian\u00e7a: prefigura da Virgem Maria T\u00e3o misteriosa e sagrada Arca, constru\u00edda pela m\u00e3o do pr\u00f3prio Deus para sua habita\u00e7\u00e3o e propiciat\u00f3rio de seu povo, deveria ficar no Templo, onde se encontrava a outra arca material do Antigo Testamento. Por esta raz\u00e3o, Deus ordenou que Maria Sant\u00edssima fosse apresentada ao Templo aos tr\u00eas [&hellip;]<\/p>\n","protected":false},"author":31,"featured_media":0,"comment_status":"open","ping_status":"open","sticky":false,"template":"","format":"standard","meta":[],"categories":[20],"tags":[139],"yoast_head":"<!-- This site is optimized with the Yoast SEO plugin v17.4 - https:\/\/yoast.com\/wordpress\/plugins\/seo\/ -->\n<title>Maria Sant\u00edssima, Arca da Alian\u00e7a, M\u00e3e do Filho de Deus - Associa\u00e7\u00e3o Devotos de F\u00e1tima<\/title>\n<meta name=\"robots\" content=\"index, follow, max-snippet:-1, max-image-preview:large, max-video-preview:-1\" \/>\n<link rel=\"canonical\" href=\"https:\/\/www.adf.org.br\/home\/maria-santissima-arca-da-alianca-mae-do-filho-de-deus\/\" \/>\n<meta property=\"og:locale\" content=\"pt_BR\" \/>\n<meta property=\"og:type\" content=\"article\" \/>\n<meta property=\"og:title\" content=\"Maria Sant\u00edssima, Arca da Alian\u00e7a, M\u00e3e do Filho de Deus - Associa\u00e7\u00e3o Devotos de F\u00e1tima\" \/>\n<meta property=\"og:description\" content=\"A arca da alian\u00e7a: prefigura da Virgem Maria T\u00e3o misteriosa e sagrada Arca, constru\u00edda pela m\u00e3o do pr\u00f3prio Deus para sua habita\u00e7\u00e3o e propiciat\u00f3rio de seu povo, deveria ficar no Templo, onde se encontrava a outra arca material do Antigo Testamento. Por esta raz\u00e3o, Deus ordenou que Maria Sant\u00edssima fosse apresentada ao Templo aos tr\u00eas [&hellip;]\" \/>\n<meta property=\"og:url\" content=\"https:\/\/www.adf.org.br\/home\/maria-santissima-arca-da-alianca-mae-do-filho-de-deus\/\" \/>\n<meta property=\"og:site_name\" content=\"Associa\u00e7\u00e3o Devotos de F\u00e1tima\" \/>\n<meta property=\"article:published_time\" content=\"2011-04-14T03:00:38+00:00\" \/>\n<meta property=\"og:image\" content=\"http:\/\/www.adf.org.br\/home\/wp-content\/uploads\/2011\/04\/pinturas-sec.XIX-E-96.jpg\" \/>\n<meta name=\"twitter:card\" content=\"summary_large_image\" \/>\n<meta name=\"twitter:label1\" content=\"Escrito por\" \/>\n\t<meta name=\"twitter:data1\" content=\"Gabriel Barbosa\" \/>\n\t<meta name=\"twitter:label2\" content=\"Est. tempo de leitura\" \/>\n\t<meta name=\"twitter:data2\" content=\"2 minutos\" \/>\n<script type=\"application\/ld+json\" class=\"yoast-schema-graph\">{\"@context\":\"https:\/\/schema.org\",\"@graph\":[{\"@type\":\"WebSite\",\"@id\":\"https:\/\/www.adf.org.br\/home\/#website\",\"url\":\"https:\/\/www.adf.org.br\/home\/\",\"name\":\"Associa\\u00e7\\u00e3o Devotos de F\\u00e1tima\",\"description\":\"Associa\\u00e7\\u00e3o Devotos de F\\u00e1tima\",\"potentialAction\":[{\"@type\":\"SearchAction\",\"target\":{\"@type\":\"EntryPoint\",\"urlTemplate\":\"https:\/\/www.adf.org.br\/home\/?s={search_term_string}\"},\"query-input\":\"required name=search_term_string\"}],\"inLanguage\":\"pt-BR\"},{\"@type\":\"ImageObject\",\"@id\":\"https:\/\/www.adf.org.br\/home\/maria-santissima-arca-da-alianca-mae-do-filho-de-deus\/#primaryimage\",\"inLanguage\":\"pt-BR\",\"url\":\"http:\/\/www.adf.org.br\/home\/wp-content\/uploads\/2011\/04\/pinturas-sec.XIX-E-96.jpg\",\"contentUrl\":\"http:\/\/www.adf.org.br\/home\/wp-content\/uploads\/2011\/04\/pinturas-sec.XIX-E-96.jpg\"},{\"@type\":\"WebPage\",\"@id\":\"https:\/\/www.adf.org.br\/home\/maria-santissima-arca-da-alianca-mae-do-filho-de-deus\/#webpage\",\"url\":\"https:\/\/www.adf.org.br\/home\/maria-santissima-arca-da-alianca-mae-do-filho-de-deus\/\",\"name\":\"Maria Sant\\u00edssima, Arca da Alian\\u00e7a, M\\u00e3e do Filho de Deus - Associa\\u00e7\\u00e3o Devotos de F\\u00e1tima\",\"isPartOf\":{\"@id\":\"https:\/\/www.adf.org.br\/home\/#website\"},\"primaryImageOfPage\":{\"@id\":\"https:\/\/www.adf.org.br\/home\/maria-santissima-arca-da-alianca-mae-do-filho-de-deus\/#primaryimage\"},\"datePublished\":\"2011-04-14T03:00:38+00:00\",\"dateModified\":\"2011-04-14T03:00:38+00:00\",\"author\":{\"@id\":\"https:\/\/www.adf.org.br\/home\/#\/schema\/person\/f35a5c5aa7728a3dedf4ea9aa1fc2753\"},\"breadcrumb\":{\"@id\":\"https:\/\/www.adf.org.br\/home\/maria-santissima-arca-da-alianca-mae-do-filho-de-deus\/#breadcrumb\"},\"inLanguage\":\"pt-BR\",\"potentialAction\":[{\"@type\":\"ReadAction\",\"target\":[\"https:\/\/www.adf.org.br\/home\/maria-santissima-arca-da-alianca-mae-do-filho-de-deus\/\"]}]},{\"@type\":\"BreadcrumbList\",\"@id\":\"https:\/\/www.adf.org.br\/home\/maria-santissima-arca-da-alianca-mae-do-filho-de-deus\/#breadcrumb\",\"itemListElement\":[{\"@type\":\"ListItem\",\"position\":1,\"name\":\"Home\",\"item\":\"https:\/\/www.adf.org.br\/home\/\"},{\"@type\":\"ListItem\",\"position\":2,\"name\":\"Maria Sant\\u00edssima, Arca da Alian\\u00e7a, M\\u00e3e do Filho de Deus\"}]},{\"@type\":\"Person\",\"@id\":\"https:\/\/www.adf.org.br\/home\/#\/schema\/person\/f35a5c5aa7728a3dedf4ea9aa1fc2753\",\"name\":\"Gabriel Barbosa\",\"image\":{\"@type\":\"ImageObject\",\"@id\":\"https:\/\/www.adf.org.br\/home\/#personlogo\",\"inLanguage\":\"pt-BR\",\"url\":\"https:\/\/secure.gravatar.com\/avatar\/2b2cb2f4637682c5605e8d36818f51ef?s=96&d=mm&r=g\",\"contentUrl\":\"https:\/\/secure.gravatar.com\/avatar\/2b2cb2f4637682c5605e8d36818f51ef?s=96&d=mm&r=g\",\"caption\":\"Gabriel Barbosa\"},\"url\":\"https:\/\/www.adf.org.br\/home\/author\/gabrielpmk-com-br\/\"}]}<\/script>\n<!-- \/ Yoast SEO plugin. -->","yoast_head_json":{"title":"Maria Sant\u00edssima, Arca da Alian\u00e7a, M\u00e3e do Filho de Deus - Associa\u00e7\u00e3o Devotos de F\u00e1tima","robots":{"index":"index","follow":"follow","max-snippet":"max-snippet:-1","max-image-preview":"max-image-preview:large","max-video-preview":"max-video-preview:-1"},"canonical":"https:\/\/www.adf.org.br\/home\/maria-santissima-arca-da-alianca-mae-do-filho-de-deus\/","og_locale":"pt_BR","og_type":"article","og_title":"Maria Sant\u00edssima, Arca da Alian\u00e7a, M\u00e3e do Filho de Deus - Associa\u00e7\u00e3o Devotos de F\u00e1tima","og_description":"A arca da alian\u00e7a: prefigura da Virgem Maria T\u00e3o misteriosa e sagrada Arca, constru\u00edda pela m\u00e3o do pr\u00f3prio Deus para sua habita\u00e7\u00e3o e propiciat\u00f3rio de seu povo, deveria ficar no Templo, onde se encontrava a outra arca material do Antigo Testamento. Por esta raz\u00e3o, Deus ordenou que Maria Sant\u00edssima fosse apresentada ao Templo aos tr\u00eas [&hellip;]","og_url":"https:\/\/www.adf.org.br\/home\/maria-santissima-arca-da-alianca-mae-do-filho-de-deus\/","og_site_name":"Associa\u00e7\u00e3o Devotos de F\u00e1tima","article_published_time":"2011-04-14T03:00:38+00:00","og_image":[{"url":"http:\/\/www.adf.org.br\/home\/wp-content\/uploads\/2011\/04\/pinturas-sec.XIX-E-96.jpg"}],"twitter_card":"summary_large_image","twitter_misc":{"Escrito por":"Gabriel Barbosa","Est. tempo de leitura":"2 minutos"},"schema":{"@context":"https:\/\/schema.org","@graph":[{"@type":"WebSite","@id":"https:\/\/www.adf.org.br\/home\/#website","url":"https:\/\/www.adf.org.br\/home\/","name":"Associa\u00e7\u00e3o Devotos de F\u00e1tima","description":"Associa\u00e7\u00e3o Devotos de F\u00e1tima","potentialAction":[{"@type":"SearchAction","target":{"@type":"EntryPoint","urlTemplate":"https:\/\/www.adf.org.br\/home\/?s={search_term_string}"},"query-input":"required name=search_term_string"}],"inLanguage":"pt-BR"},{"@type":"ImageObject","@id":"https:\/\/www.adf.org.br\/home\/maria-santissima-arca-da-alianca-mae-do-filho-de-deus\/#primaryimage","inLanguage":"pt-BR","url":"http:\/\/www.adf.org.br\/home\/wp-content\/uploads\/2011\/04\/pinturas-sec.XIX-E-96.jpg","contentUrl":"http:\/\/www.adf.org.br\/home\/wp-content\/uploads\/2011\/04\/pinturas-sec.XIX-E-96.jpg"},{"@type":"WebPage","@id":"https:\/\/www.adf.org.br\/home\/maria-santissima-arca-da-alianca-mae-do-filho-de-deus\/#webpage","url":"https:\/\/www.adf.org.br\/home\/maria-santissima-arca-da-alianca-mae-do-filho-de-deus\/","name":"Maria Sant\u00edssima, Arca da Alian\u00e7a, M\u00e3e do Filho de Deus - Associa\u00e7\u00e3o Devotos de F\u00e1tima","isPartOf":{"@id":"https:\/\/www.adf.org.br\/home\/#website"},"primaryImageOfPage":{"@id":"https:\/\/www.adf.org.br\/home\/maria-santissima-arca-da-alianca-mae-do-filho-de-deus\/#primaryimage"},"datePublished":"2011-04-14T03:00:38+00:00","dateModified":"2011-04-14T03:00:38+00:00","author":{"@id":"https:\/\/www.adf.org.br\/home\/#\/schema\/person\/f35a5c5aa7728a3dedf4ea9aa1fc2753"},"breadcrumb":{"@id":"https:\/\/www.adf.org.br\/home\/maria-santissima-arca-da-alianca-mae-do-filho-de-deus\/#breadcrumb"},"inLanguage":"pt-BR","potentialAction":[{"@type":"ReadAction","target":["https:\/\/www.adf.org.br\/home\/maria-santissima-arca-da-alianca-mae-do-filho-de-deus\/"]}]},{"@type":"BreadcrumbList","@id":"https:\/\/www.adf.org.br\/home\/maria-santissima-arca-da-alianca-mae-do-filho-de-deus\/#breadcrumb","itemListElement":[{"@type":"ListItem","position":1,"name":"Home","item":"https:\/\/www.adf.org.br\/home\/"},{"@type":"ListItem","position":2,"name":"Maria Sant\u00edssima, Arca da Alian\u00e7a, M\u00e3e do Filho de Deus"}]},{"@type":"Person","@id":"https:\/\/www.adf.org.br\/home\/#\/schema\/person\/f35a5c5aa7728a3dedf4ea9aa1fc2753","name":"Gabriel Barbosa","image":{"@type":"ImageObject","@id":"https:\/\/www.adf.org.br\/home\/#personlogo","inLanguage":"pt-BR","url":"https:\/\/secure.gravatar.com\/avatar\/2b2cb2f4637682c5605e8d36818f51ef?s=96&d=mm&r=g","contentUrl":"https:\/\/secure.gravatar.com\/avatar\/2b2cb2f4637682c5605e8d36818f51ef?s=96&d=mm&r=g","caption":"Gabriel Barbosa"},"url":"https:\/\/www.adf.org.br\/home\/author\/gabrielpmk-com-br\/"}]}},"_links":{"self":[{"href":"https:\/\/www.adf.org.br\/home\/wp-json\/wp\/v2\/posts\/8866"}],"collection":[{"href":"https:\/\/www.adf.org.br\/home\/wp-json\/wp\/v2\/posts"}],"about":[{"href":"https:\/\/www.adf.org.br\/home\/wp-json\/wp\/v2\/types\/post"}],"author":[{"embeddable":true,"href":"https:\/\/www.adf.org.br\/home\/wp-json\/wp\/v2\/users\/31"}],"replies":[{"embeddable":true,"href":"https:\/\/www.adf.org.br\/home\/wp-json\/wp\/v2\/comments?post=8866"}],"version-history":[{"count":0,"href":"https:\/\/www.adf.org.br\/home\/wp-json\/wp\/v2\/posts\/8866\/revisions"}],"wp:attachment":[{"href":"https:\/\/www.adf.org.br\/home\/wp-json\/wp\/v2\/media?parent=8866"}],"wp:term":[{"taxonomy":"category","embeddable":true,"href":"https:\/\/www.adf.org.br\/home\/wp-json\/wp\/v2\/categories?post=8866"},{"taxonomy":"post_tag","embeddable":true,"href":"https:\/\/www.adf.org.br\/home\/wp-json\/wp\/v2\/tags?post=8866"}],"curies":[{"name":"wp","href":"https:\/\/api.w.org\/{rel}","templated":true}]}}