{"id":8849,"date":"2011-04-07T15:09:16","date_gmt":"2011-04-07T18:09:16","guid":{"rendered":"http:\/\/www.adf.org.br\/home\/?p=8849"},"modified":"2011-04-07T15:09:16","modified_gmt":"2011-04-07T18:09:16","slug":"tragedia-no-rio-de-janeiro-reze-pelas-vitimas-do-atentado-a-uma-escola-carioca","status":"publish","type":"post","link":"https:\/\/www.adf.org.br\/home\/tragedia-no-rio-de-janeiro-reze-pelas-vitimas-do-atentado-a-uma-escola-carioca\/","title":{"rendered":"Trag\u00e9dia no Rio de Janeiro. Reze pelas v\u00edtimas do atentado a uma escola carioca"},"content":{"rendered":"<p><img loading=\"lazy\" class=\"alignleft size-full wp-image-8850\" title=\"escola\" src=\"http:\/\/www.adf.org.br\/home\/wp-content\/uploads\/2011\/04\/escola.jpg\" alt=\"\" width=\"416\" height=\"257\" \/>A manh\u00e3 desta quinta-feira nunca mais ser\u00e1 esquecida por muitas fam\u00edlias que tiveram seus filhos assassinados numa escola municipal no Rio de Janeiro.<\/p>\n<p>Um jovem ensandecido entrou na Escola municipal Tasso da Silveira que fica na regi\u00e3o de Realengo (zona oeste do Rio) e atende estudantes com idades entre 9 a 14 anos &#8211;da 4\u00aa a 9\u00aa s\u00e9rie, e efetuou v\u00e1rios disparos dentro do col\u00e9gio.<\/p>\n<p>A pol\u00edcia confirmou 11 mortes e 18 feridos. Ap\u00f3s cometer este ataque b\u00e1rbaro, o atirador se matou.<\/p>\n<p><a href=\"http:\/\/oratoriodamedalhamilagrosa.org.br\/home\/acenda-sua-vela-30\/?origem=1\" target=\"_blank\" rel=\"noopener noreferrer\">Acenda aqui<\/a> uma vela pelas almas destas crian\u00e7as e tamb\u00e9m por suas fam\u00edlias que sofrem a dor da perda.<\/p>\n<p><a href=\"http:\/\/oratoriodamedalhamilagrosa.org.br\/home\/acenda-sua-vela-30\/?origem=1\" target=\"_blank\" rel=\"noopener noreferrer\">Acenda tamb\u00e9m uma vela<\/a> para as v\u00edtimas que est\u00e3o feridas e foram levadas para os hospitais.<\/p>\n<p>Nossa Senhora, protegei as crian\u00e7as, protegei nossa fam\u00edlia.<\/p>\n","protected":false},"excerpt":{"rendered":"<p>A manh\u00e3 desta quinta-feira nunca mais ser\u00e1 esquecida por muitas fam\u00edlias que tiveram seus filhos assassinados numa escola municipal no Rio de Janeiro. Um jovem ensandecido entrou na Escola municipal Tasso da Silveira que fica na regi\u00e3o de Realengo (zona oeste do Rio) e atende estudantes com idades entre 9 a 14 anos &#8211;da 4\u00aa [&hellip;]<\/p>\n","protected":false},"author":31,"featured_media":0,"comment_status":"open","ping_status":"open","sticky":false,"template":"","format":"standard","meta":[],"categories":[20],"tags":[760,474],"yoast_head":"<!-- This site is optimized with the Yoast SEO plugin v17.4 - https:\/\/yoast.com\/wordpress\/plugins\/seo\/ -->\n<title>Trag\u00e9dia no Rio de Janeiro. Reze pelas v\u00edtimas do atentado a uma escola carioca - Associa\u00e7\u00e3o Devotos de F\u00e1tima<\/title>\n<meta name=\"robots\" content=\"index, follow, max-snippet:-1, max-image-preview:large, max-video-preview:-1\" \/>\n<link rel=\"canonical\" href=\"https:\/\/www.adf.org.br\/home\/tragedia-no-rio-de-janeiro-reze-pelas-vitimas-do-atentado-a-uma-escola-carioca\/\" \/>\n<meta property=\"og:locale\" content=\"pt_BR\" \/>\n<meta property=\"og:type\" content=\"article\" \/>\n<meta property=\"og:title\" content=\"Trag\u00e9dia no Rio de Janeiro. Reze pelas v\u00edtimas do atentado a uma escola carioca - Associa\u00e7\u00e3o Devotos de F\u00e1tima\" \/>\n<meta property=\"og:description\" content=\"A manh\u00e3 desta quinta-feira nunca mais ser\u00e1 esquecida por muitas fam\u00edlias que tiveram seus filhos assassinados numa escola municipal no Rio de Janeiro. Um jovem ensandecido entrou na Escola municipal Tasso da Silveira que fica na regi\u00e3o de Realengo (zona oeste do Rio) e atende estudantes com idades entre 9 a 14 anos &#8211;da 4\u00aa [&hellip;]\" \/>\n<meta property=\"og:url\" content=\"https:\/\/www.adf.org.br\/home\/tragedia-no-rio-de-janeiro-reze-pelas-vitimas-do-atentado-a-uma-escola-carioca\/\" \/>\n<meta property=\"og:site_name\" content=\"Associa\u00e7\u00e3o Devotos de F\u00e1tima\" \/>\n<meta property=\"article:published_time\" content=\"2011-04-07T18:09:16+00:00\" \/>\n<meta property=\"og:image\" content=\"http:\/\/www.adf.org.br\/home\/wp-content\/uploads\/2011\/04\/escola.jpg\" \/>\n<meta name=\"twitter:card\" content=\"summary_large_image\" \/>\n<meta name=\"twitter:label1\" content=\"Escrito por\" \/>\n\t<meta name=\"twitter:data1\" content=\"Gabriel Barbosa\" \/>\n\t<meta name=\"twitter:label2\" content=\"Est. tempo de leitura\" \/>\n\t<meta name=\"twitter:data2\" content=\"1 minuto\" \/>\n<script type=\"application\/ld+json\" class=\"yoast-schema-graph\">{\"@context\":\"https:\/\/schema.org\",\"@graph\":[{\"@type\":\"WebSite\",\"@id\":\"https:\/\/www.adf.org.br\/home\/#website\",\"url\":\"https:\/\/www.adf.org.br\/home\/\",\"name\":\"Associa\\u00e7\\u00e3o Devotos de F\\u00e1tima\",\"description\":\"Associa\\u00e7\\u00e3o Devotos de F\\u00e1tima\",\"potentialAction\":[{\"@type\":\"SearchAction\",\"target\":{\"@type\":\"EntryPoint\",\"urlTemplate\":\"https:\/\/www.adf.org.br\/home\/?s={search_term_string}\"},\"query-input\":\"required name=search_term_string\"}],\"inLanguage\":\"pt-BR\"},{\"@type\":\"ImageObject\",\"@id\":\"https:\/\/www.adf.org.br\/home\/tragedia-no-rio-de-janeiro-reze-pelas-vitimas-do-atentado-a-uma-escola-carioca\/#primaryimage\",\"inLanguage\":\"pt-BR\",\"url\":\"http:\/\/www.adf.org.br\/home\/wp-content\/uploads\/2011\/04\/escola.jpg\",\"contentUrl\":\"http:\/\/www.adf.org.br\/home\/wp-content\/uploads\/2011\/04\/escola.jpg\"},{\"@type\":\"WebPage\",\"@id\":\"https:\/\/www.adf.org.br\/home\/tragedia-no-rio-de-janeiro-reze-pelas-vitimas-do-atentado-a-uma-escola-carioca\/#webpage\",\"url\":\"https:\/\/www.adf.org.br\/home\/tragedia-no-rio-de-janeiro-reze-pelas-vitimas-do-atentado-a-uma-escola-carioca\/\",\"name\":\"Trag\\u00e9dia no Rio de Janeiro. Reze pelas v\\u00edtimas do atentado a uma escola carioca - Associa\\u00e7\\u00e3o Devotos de F\\u00e1tima\",\"isPartOf\":{\"@id\":\"https:\/\/www.adf.org.br\/home\/#website\"},\"primaryImageOfPage\":{\"@id\":\"https:\/\/www.adf.org.br\/home\/tragedia-no-rio-de-janeiro-reze-pelas-vitimas-do-atentado-a-uma-escola-carioca\/#primaryimage\"},\"datePublished\":\"2011-04-07T18:09:16+00:00\",\"dateModified\":\"2011-04-07T18:09:16+00:00\",\"author\":{\"@id\":\"https:\/\/www.adf.org.br\/home\/#\/schema\/person\/f35a5c5aa7728a3dedf4ea9aa1fc2753\"},\"breadcrumb\":{\"@id\":\"https:\/\/www.adf.org.br\/home\/tragedia-no-rio-de-janeiro-reze-pelas-vitimas-do-atentado-a-uma-escola-carioca\/#breadcrumb\"},\"inLanguage\":\"pt-BR\",\"potentialAction\":[{\"@type\":\"ReadAction\",\"target\":[\"https:\/\/www.adf.org.br\/home\/tragedia-no-rio-de-janeiro-reze-pelas-vitimas-do-atentado-a-uma-escola-carioca\/\"]}]},{\"@type\":\"BreadcrumbList\",\"@id\":\"https:\/\/www.adf.org.br\/home\/tragedia-no-rio-de-janeiro-reze-pelas-vitimas-do-atentado-a-uma-escola-carioca\/#breadcrumb\",\"itemListElement\":[{\"@type\":\"ListItem\",\"position\":1,\"name\":\"Home\",\"item\":\"https:\/\/www.adf.org.br\/home\/\"},{\"@type\":\"ListItem\",\"position\":2,\"name\":\"Trag\\u00e9dia no Rio de Janeiro. Reze pelas v\\u00edtimas do atentado a uma escola carioca\"}]},{\"@type\":\"Person\",\"@id\":\"https:\/\/www.adf.org.br\/home\/#\/schema\/person\/f35a5c5aa7728a3dedf4ea9aa1fc2753\",\"name\":\"Gabriel Barbosa\",\"image\":{\"@type\":\"ImageObject\",\"@id\":\"https:\/\/www.adf.org.br\/home\/#personlogo\",\"inLanguage\":\"pt-BR\",\"url\":\"https:\/\/secure.gravatar.com\/avatar\/2b2cb2f4637682c5605e8d36818f51ef?s=96&d=mm&r=g\",\"contentUrl\":\"https:\/\/secure.gravatar.com\/avatar\/2b2cb2f4637682c5605e8d36818f51ef?s=96&d=mm&r=g\",\"caption\":\"Gabriel Barbosa\"},\"url\":\"https:\/\/www.adf.org.br\/home\/author\/gabrielpmk-com-br\/\"}]}<\/script>\n<!-- \/ Yoast SEO plugin. -->","yoast_head_json":{"title":"Trag\u00e9dia no Rio de Janeiro. Reze pelas v\u00edtimas do atentado a uma escola carioca - Associa\u00e7\u00e3o Devotos de F\u00e1tima","robots":{"index":"index","follow":"follow","max-snippet":"max-snippet:-1","max-image-preview":"max-image-preview:large","max-video-preview":"max-video-preview:-1"},"canonical":"https:\/\/www.adf.org.br\/home\/tragedia-no-rio-de-janeiro-reze-pelas-vitimas-do-atentado-a-uma-escola-carioca\/","og_locale":"pt_BR","og_type":"article","og_title":"Trag\u00e9dia no Rio de Janeiro. Reze pelas v\u00edtimas do atentado a uma escola carioca - Associa\u00e7\u00e3o Devotos de F\u00e1tima","og_description":"A manh\u00e3 desta quinta-feira nunca mais ser\u00e1 esquecida por muitas fam\u00edlias que tiveram seus filhos assassinados numa escola municipal no Rio de Janeiro. Um jovem ensandecido entrou na Escola municipal Tasso da Silveira que fica na regi\u00e3o de Realengo (zona oeste do Rio) e atende estudantes com idades entre 9 a 14 anos &#8211;da 4\u00aa [&hellip;]","og_url":"https:\/\/www.adf.org.br\/home\/tragedia-no-rio-de-janeiro-reze-pelas-vitimas-do-atentado-a-uma-escola-carioca\/","og_site_name":"Associa\u00e7\u00e3o Devotos de F\u00e1tima","article_published_time":"2011-04-07T18:09:16+00:00","og_image":[{"url":"http:\/\/www.adf.org.br\/home\/wp-content\/uploads\/2011\/04\/escola.jpg"}],"twitter_card":"summary_large_image","twitter_misc":{"Escrito por":"Gabriel Barbosa","Est. tempo de leitura":"1 minuto"},"schema":{"@context":"https:\/\/schema.org","@graph":[{"@type":"WebSite","@id":"https:\/\/www.adf.org.br\/home\/#website","url":"https:\/\/www.adf.org.br\/home\/","name":"Associa\u00e7\u00e3o Devotos de F\u00e1tima","description":"Associa\u00e7\u00e3o Devotos de F\u00e1tima","potentialAction":[{"@type":"SearchAction","target":{"@type":"EntryPoint","urlTemplate":"https:\/\/www.adf.org.br\/home\/?s={search_term_string}"},"query-input":"required name=search_term_string"}],"inLanguage":"pt-BR"},{"@type":"ImageObject","@id":"https:\/\/www.adf.org.br\/home\/tragedia-no-rio-de-janeiro-reze-pelas-vitimas-do-atentado-a-uma-escola-carioca\/#primaryimage","inLanguage":"pt-BR","url":"http:\/\/www.adf.org.br\/home\/wp-content\/uploads\/2011\/04\/escola.jpg","contentUrl":"http:\/\/www.adf.org.br\/home\/wp-content\/uploads\/2011\/04\/escola.jpg"},{"@type":"WebPage","@id":"https:\/\/www.adf.org.br\/home\/tragedia-no-rio-de-janeiro-reze-pelas-vitimas-do-atentado-a-uma-escola-carioca\/#webpage","url":"https:\/\/www.adf.org.br\/home\/tragedia-no-rio-de-janeiro-reze-pelas-vitimas-do-atentado-a-uma-escola-carioca\/","name":"Trag\u00e9dia no Rio de Janeiro. Reze pelas v\u00edtimas do atentado a uma escola carioca - Associa\u00e7\u00e3o Devotos de F\u00e1tima","isPartOf":{"@id":"https:\/\/www.adf.org.br\/home\/#website"},"primaryImageOfPage":{"@id":"https:\/\/www.adf.org.br\/home\/tragedia-no-rio-de-janeiro-reze-pelas-vitimas-do-atentado-a-uma-escola-carioca\/#primaryimage"},"datePublished":"2011-04-07T18:09:16+00:00","dateModified":"2011-04-07T18:09:16+00:00","author":{"@id":"https:\/\/www.adf.org.br\/home\/#\/schema\/person\/f35a5c5aa7728a3dedf4ea9aa1fc2753"},"breadcrumb":{"@id":"https:\/\/www.adf.org.br\/home\/tragedia-no-rio-de-janeiro-reze-pelas-vitimas-do-atentado-a-uma-escola-carioca\/#breadcrumb"},"inLanguage":"pt-BR","potentialAction":[{"@type":"ReadAction","target":["https:\/\/www.adf.org.br\/home\/tragedia-no-rio-de-janeiro-reze-pelas-vitimas-do-atentado-a-uma-escola-carioca\/"]}]},{"@type":"BreadcrumbList","@id":"https:\/\/www.adf.org.br\/home\/tragedia-no-rio-de-janeiro-reze-pelas-vitimas-do-atentado-a-uma-escola-carioca\/#breadcrumb","itemListElement":[{"@type":"ListItem","position":1,"name":"Home","item":"https:\/\/www.adf.org.br\/home\/"},{"@type":"ListItem","position":2,"name":"Trag\u00e9dia no Rio de Janeiro. Reze pelas v\u00edtimas do atentado a uma escola carioca"}]},{"@type":"Person","@id":"https:\/\/www.adf.org.br\/home\/#\/schema\/person\/f35a5c5aa7728a3dedf4ea9aa1fc2753","name":"Gabriel Barbosa","image":{"@type":"ImageObject","@id":"https:\/\/www.adf.org.br\/home\/#personlogo","inLanguage":"pt-BR","url":"https:\/\/secure.gravatar.com\/avatar\/2b2cb2f4637682c5605e8d36818f51ef?s=96&d=mm&r=g","contentUrl":"https:\/\/secure.gravatar.com\/avatar\/2b2cb2f4637682c5605e8d36818f51ef?s=96&d=mm&r=g","caption":"Gabriel Barbosa"},"url":"https:\/\/www.adf.org.br\/home\/author\/gabrielpmk-com-br\/"}]}},"_links":{"self":[{"href":"https:\/\/www.adf.org.br\/home\/wp-json\/wp\/v2\/posts\/8849"}],"collection":[{"href":"https:\/\/www.adf.org.br\/home\/wp-json\/wp\/v2\/posts"}],"about":[{"href":"https:\/\/www.adf.org.br\/home\/wp-json\/wp\/v2\/types\/post"}],"author":[{"embeddable":true,"href":"https:\/\/www.adf.org.br\/home\/wp-json\/wp\/v2\/users\/31"}],"replies":[{"embeddable":true,"href":"https:\/\/www.adf.org.br\/home\/wp-json\/wp\/v2\/comments?post=8849"}],"version-history":[{"count":0,"href":"https:\/\/www.adf.org.br\/home\/wp-json\/wp\/v2\/posts\/8849\/revisions"}],"wp:attachment":[{"href":"https:\/\/www.adf.org.br\/home\/wp-json\/wp\/v2\/media?parent=8849"}],"wp:term":[{"taxonomy":"category","embeddable":true,"href":"https:\/\/www.adf.org.br\/home\/wp-json\/wp\/v2\/categories?post=8849"},{"taxonomy":"post_tag","embeddable":true,"href":"https:\/\/www.adf.org.br\/home\/wp-json\/wp\/v2\/tags?post=8849"}],"curies":[{"name":"wp","href":"https:\/\/api.w.org\/{rel}","templated":true}]}}