{"id":8828,"date":"2011-04-19T00:00:26","date_gmt":"2011-04-19T03:00:26","guid":{"rendered":"http:\/\/www.adf.org.br\/home\/?p=8828"},"modified":"2011-04-19T00:00:26","modified_gmt":"2011-04-19T03:00:26","slug":"8828-2","status":"publish","type":"post","link":"https:\/\/www.adf.org.br\/home\/8828-2\/","title":{"rendered":"Ora\u00e7\u00e3o a Nossa Senhora suplicando socorro em todo tempo e lugar"},"content":{"rendered":"<p>Sant\u00edssima Virgem Maria, que, para nos inspirar uma confian\u00e7a sem limites, quisestes tomar o nome t\u00e3o doce de M\u00e3e do Perp\u00e9tuo Socorro, eu vos suplico que me deis socorro em todo o tempo e lugar, nas minhas tenta\u00e7\u00f5es, depois das minhas quedas, nas minhas dificuldades, em todas as mis\u00e9rias da vida, e principalmente no momento da morte.<\/p>\n<p>Dai-me \u00f3 caridosa M\u00e3e, o pensamento e o h\u00e1bito de recorrer sempre a V\u00f3s, porque certo estou de que, se for fiel em recorrer a V\u00f3s, s\u00ea-lo-eis tamb\u00e9m em me socorrer.<\/p>\n<p>Concedei-me ent\u00e3o esta gra\u00e7a das gra\u00e7as, a gra\u00e7a de Vos pedir sem cessar e com confian\u00e7a de um filho, a fim de que, pela virtude desta ora\u00e7\u00e3o fiel, obtenha o vosso perp\u00e9tuo socorro e a perseveran\u00e7a final.<\/p>\n<p>Aben\u00e7oai-me, \u00f3 terna auxiliadora M\u00e3e, e rogai por mim agora e na hora de minha morte. Am\u00e9m.<\/p>\n<p style=\"text-align: left;\"><em>Extra\u00eddo do livro: <\/em><em>&#8220;As mais belas ora\u00e7\u00f5es a Nossa Senhora&#8221;.<\/em><\/p>\n<p style=\"text-align: left;\"><em><\/em><a href=\"bit.ly\/velavirtual\" target=\"_blank\" rel=\"noopener noreferrer\"><img loading=\"lazy\" class=\"aligncenter size-full wp-image-8830\" title=\"oratorio_celular\" src=\"http:\/\/www.adf.org.br\/home\/wp-content\/uploads\/2011\/04\/oratorio_celular.jpg\" alt=\"\" width=\"420\" height=\"152\" \/><\/a><\/p>\n","protected":false},"excerpt":{"rendered":"<p>Sant\u00edssima Virgem Maria, que, para nos inspirar uma confian\u00e7a sem limites, quisestes tomar o nome t\u00e3o doce de M\u00e3e do Perp\u00e9tuo Socorro, eu vos suplico que me deis socorro em todo o tempo e lugar, nas minhas tenta\u00e7\u00f5es, depois das minhas quedas, nas minhas dificuldades, em todas as mis\u00e9rias da vida, e principalmente no momento [&hellip;]<\/p>\n","protected":false},"author":31,"featured_media":0,"comment_status":"open","ping_status":"open","sticky":false,"template":"","format":"standard","meta":[],"categories":[20],"tags":[195],"yoast_head":"<!-- This site is optimized with the Yoast SEO plugin v17.4 - https:\/\/yoast.com\/wordpress\/plugins\/seo\/ -->\n<title>Ora\u00e7\u00e3o a Nossa Senhora suplicando socorro em todo tempo e lugar - Associa\u00e7\u00e3o Devotos de F\u00e1tima<\/title>\n<meta name=\"robots\" content=\"index, follow, max-snippet:-1, max-image-preview:large, max-video-preview:-1\" \/>\n<link rel=\"canonical\" href=\"https:\/\/www.adf.org.br\/home\/8828-2\/\" \/>\n<meta property=\"og:locale\" content=\"pt_BR\" \/>\n<meta property=\"og:type\" content=\"article\" \/>\n<meta property=\"og:title\" content=\"Ora\u00e7\u00e3o a Nossa Senhora suplicando socorro em todo tempo e lugar - Associa\u00e7\u00e3o Devotos de F\u00e1tima\" \/>\n<meta property=\"og:description\" content=\"Sant\u00edssima Virgem Maria, que, para nos inspirar uma confian\u00e7a sem limites, quisestes tomar o nome t\u00e3o doce de M\u00e3e do Perp\u00e9tuo Socorro, eu vos suplico que me deis socorro em todo o tempo e lugar, nas minhas tenta\u00e7\u00f5es, depois das minhas quedas, nas minhas dificuldades, em todas as mis\u00e9rias da vida, e principalmente no momento [&hellip;]\" \/>\n<meta property=\"og:url\" content=\"https:\/\/www.adf.org.br\/home\/8828-2\/\" \/>\n<meta property=\"og:site_name\" content=\"Associa\u00e7\u00e3o Devotos de F\u00e1tima\" \/>\n<meta property=\"article:published_time\" content=\"2011-04-19T03:00:26+00:00\" \/>\n<meta property=\"og:image\" content=\"http:\/\/www.adf.org.br\/home\/wp-content\/uploads\/2011\/04\/oratorio_celular.jpg\" \/>\n<meta name=\"twitter:card\" content=\"summary_large_image\" \/>\n<meta name=\"twitter:label1\" content=\"Escrito por\" \/>\n\t<meta name=\"twitter:data1\" content=\"Gabriel Barbosa\" \/>\n\t<meta name=\"twitter:label2\" content=\"Est. tempo de leitura\" \/>\n\t<meta name=\"twitter:data2\" content=\"1 minuto\" \/>\n<script type=\"application\/ld+json\" class=\"yoast-schema-graph\">{\"@context\":\"https:\/\/schema.org\",\"@graph\":[{\"@type\":\"WebSite\",\"@id\":\"https:\/\/www.adf.org.br\/home\/#website\",\"url\":\"https:\/\/www.adf.org.br\/home\/\",\"name\":\"Associa\\u00e7\\u00e3o Devotos de F\\u00e1tima\",\"description\":\"Associa\\u00e7\\u00e3o Devotos de F\\u00e1tima\",\"potentialAction\":[{\"@type\":\"SearchAction\",\"target\":{\"@type\":\"EntryPoint\",\"urlTemplate\":\"https:\/\/www.adf.org.br\/home\/?s={search_term_string}\"},\"query-input\":\"required name=search_term_string\"}],\"inLanguage\":\"pt-BR\"},{\"@type\":\"ImageObject\",\"@id\":\"https:\/\/www.adf.org.br\/home\/8828-2\/#primaryimage\",\"inLanguage\":\"pt-BR\",\"url\":\"http:\/\/www.adf.org.br\/home\/wp-content\/uploads\/2011\/04\/oratorio_celular.jpg\",\"contentUrl\":\"http:\/\/www.adf.org.br\/home\/wp-content\/uploads\/2011\/04\/oratorio_celular.jpg\"},{\"@type\":\"WebPage\",\"@id\":\"https:\/\/www.adf.org.br\/home\/8828-2\/#webpage\",\"url\":\"https:\/\/www.adf.org.br\/home\/8828-2\/\",\"name\":\"Ora\\u00e7\\u00e3o a Nossa Senhora suplicando socorro em todo tempo e lugar - Associa\\u00e7\\u00e3o Devotos de F\\u00e1tima\",\"isPartOf\":{\"@id\":\"https:\/\/www.adf.org.br\/home\/#website\"},\"primaryImageOfPage\":{\"@id\":\"https:\/\/www.adf.org.br\/home\/8828-2\/#primaryimage\"},\"datePublished\":\"2011-04-19T03:00:26+00:00\",\"dateModified\":\"2011-04-19T03:00:26+00:00\",\"author\":{\"@id\":\"https:\/\/www.adf.org.br\/home\/#\/schema\/person\/f35a5c5aa7728a3dedf4ea9aa1fc2753\"},\"breadcrumb\":{\"@id\":\"https:\/\/www.adf.org.br\/home\/8828-2\/#breadcrumb\"},\"inLanguage\":\"pt-BR\",\"potentialAction\":[{\"@type\":\"ReadAction\",\"target\":[\"https:\/\/www.adf.org.br\/home\/8828-2\/\"]}]},{\"@type\":\"BreadcrumbList\",\"@id\":\"https:\/\/www.adf.org.br\/home\/8828-2\/#breadcrumb\",\"itemListElement\":[{\"@type\":\"ListItem\",\"position\":1,\"name\":\"Home\",\"item\":\"https:\/\/www.adf.org.br\/home\/\"},{\"@type\":\"ListItem\",\"position\":2,\"name\":\"Ora\\u00e7\\u00e3o a Nossa Senhora suplicando socorro em todo tempo e lugar\"}]},{\"@type\":\"Person\",\"@id\":\"https:\/\/www.adf.org.br\/home\/#\/schema\/person\/f35a5c5aa7728a3dedf4ea9aa1fc2753\",\"name\":\"Gabriel Barbosa\",\"image\":{\"@type\":\"ImageObject\",\"@id\":\"https:\/\/www.adf.org.br\/home\/#personlogo\",\"inLanguage\":\"pt-BR\",\"url\":\"https:\/\/secure.gravatar.com\/avatar\/2b2cb2f4637682c5605e8d36818f51ef?s=96&d=mm&r=g\",\"contentUrl\":\"https:\/\/secure.gravatar.com\/avatar\/2b2cb2f4637682c5605e8d36818f51ef?s=96&d=mm&r=g\",\"caption\":\"Gabriel Barbosa\"},\"url\":\"https:\/\/www.adf.org.br\/home\/author\/gabrielpmk-com-br\/\"}]}<\/script>\n<!-- \/ Yoast SEO plugin. -->","yoast_head_json":{"title":"Ora\u00e7\u00e3o a Nossa Senhora suplicando socorro em todo tempo e lugar - Associa\u00e7\u00e3o Devotos de F\u00e1tima","robots":{"index":"index","follow":"follow","max-snippet":"max-snippet:-1","max-image-preview":"max-image-preview:large","max-video-preview":"max-video-preview:-1"},"canonical":"https:\/\/www.adf.org.br\/home\/8828-2\/","og_locale":"pt_BR","og_type":"article","og_title":"Ora\u00e7\u00e3o a Nossa Senhora suplicando socorro em todo tempo e lugar - Associa\u00e7\u00e3o Devotos de F\u00e1tima","og_description":"Sant\u00edssima Virgem Maria, que, para nos inspirar uma confian\u00e7a sem limites, quisestes tomar o nome t\u00e3o doce de M\u00e3e do Perp\u00e9tuo Socorro, eu vos suplico que me deis socorro em todo o tempo e lugar, nas minhas tenta\u00e7\u00f5es, depois das minhas quedas, nas minhas dificuldades, em todas as mis\u00e9rias da vida, e principalmente no momento [&hellip;]","og_url":"https:\/\/www.adf.org.br\/home\/8828-2\/","og_site_name":"Associa\u00e7\u00e3o Devotos de F\u00e1tima","article_published_time":"2011-04-19T03:00:26+00:00","og_image":[{"url":"http:\/\/www.adf.org.br\/home\/wp-content\/uploads\/2011\/04\/oratorio_celular.jpg"}],"twitter_card":"summary_large_image","twitter_misc":{"Escrito por":"Gabriel Barbosa","Est. tempo de leitura":"1 minuto"},"schema":{"@context":"https:\/\/schema.org","@graph":[{"@type":"WebSite","@id":"https:\/\/www.adf.org.br\/home\/#website","url":"https:\/\/www.adf.org.br\/home\/","name":"Associa\u00e7\u00e3o Devotos de F\u00e1tima","description":"Associa\u00e7\u00e3o Devotos de F\u00e1tima","potentialAction":[{"@type":"SearchAction","target":{"@type":"EntryPoint","urlTemplate":"https:\/\/www.adf.org.br\/home\/?s={search_term_string}"},"query-input":"required name=search_term_string"}],"inLanguage":"pt-BR"},{"@type":"ImageObject","@id":"https:\/\/www.adf.org.br\/home\/8828-2\/#primaryimage","inLanguage":"pt-BR","url":"http:\/\/www.adf.org.br\/home\/wp-content\/uploads\/2011\/04\/oratorio_celular.jpg","contentUrl":"http:\/\/www.adf.org.br\/home\/wp-content\/uploads\/2011\/04\/oratorio_celular.jpg"},{"@type":"WebPage","@id":"https:\/\/www.adf.org.br\/home\/8828-2\/#webpage","url":"https:\/\/www.adf.org.br\/home\/8828-2\/","name":"Ora\u00e7\u00e3o a Nossa Senhora suplicando socorro em todo tempo e lugar - Associa\u00e7\u00e3o Devotos de F\u00e1tima","isPartOf":{"@id":"https:\/\/www.adf.org.br\/home\/#website"},"primaryImageOfPage":{"@id":"https:\/\/www.adf.org.br\/home\/8828-2\/#primaryimage"},"datePublished":"2011-04-19T03:00:26+00:00","dateModified":"2011-04-19T03:00:26+00:00","author":{"@id":"https:\/\/www.adf.org.br\/home\/#\/schema\/person\/f35a5c5aa7728a3dedf4ea9aa1fc2753"},"breadcrumb":{"@id":"https:\/\/www.adf.org.br\/home\/8828-2\/#breadcrumb"},"inLanguage":"pt-BR","potentialAction":[{"@type":"ReadAction","target":["https:\/\/www.adf.org.br\/home\/8828-2\/"]}]},{"@type":"BreadcrumbList","@id":"https:\/\/www.adf.org.br\/home\/8828-2\/#breadcrumb","itemListElement":[{"@type":"ListItem","position":1,"name":"Home","item":"https:\/\/www.adf.org.br\/home\/"},{"@type":"ListItem","position":2,"name":"Ora\u00e7\u00e3o a Nossa Senhora suplicando socorro em todo tempo e lugar"}]},{"@type":"Person","@id":"https:\/\/www.adf.org.br\/home\/#\/schema\/person\/f35a5c5aa7728a3dedf4ea9aa1fc2753","name":"Gabriel Barbosa","image":{"@type":"ImageObject","@id":"https:\/\/www.adf.org.br\/home\/#personlogo","inLanguage":"pt-BR","url":"https:\/\/secure.gravatar.com\/avatar\/2b2cb2f4637682c5605e8d36818f51ef?s=96&d=mm&r=g","contentUrl":"https:\/\/secure.gravatar.com\/avatar\/2b2cb2f4637682c5605e8d36818f51ef?s=96&d=mm&r=g","caption":"Gabriel Barbosa"},"url":"https:\/\/www.adf.org.br\/home\/author\/gabrielpmk-com-br\/"}]}},"_links":{"self":[{"href":"https:\/\/www.adf.org.br\/home\/wp-json\/wp\/v2\/posts\/8828"}],"collection":[{"href":"https:\/\/www.adf.org.br\/home\/wp-json\/wp\/v2\/posts"}],"about":[{"href":"https:\/\/www.adf.org.br\/home\/wp-json\/wp\/v2\/types\/post"}],"author":[{"embeddable":true,"href":"https:\/\/www.adf.org.br\/home\/wp-json\/wp\/v2\/users\/31"}],"replies":[{"embeddable":true,"href":"https:\/\/www.adf.org.br\/home\/wp-json\/wp\/v2\/comments?post=8828"}],"version-history":[{"count":0,"href":"https:\/\/www.adf.org.br\/home\/wp-json\/wp\/v2\/posts\/8828\/revisions"}],"wp:attachment":[{"href":"https:\/\/www.adf.org.br\/home\/wp-json\/wp\/v2\/media?parent=8828"}],"wp:term":[{"taxonomy":"category","embeddable":true,"href":"https:\/\/www.adf.org.br\/home\/wp-json\/wp\/v2\/categories?post=8828"},{"taxonomy":"post_tag","embeddable":true,"href":"https:\/\/www.adf.org.br\/home\/wp-json\/wp\/v2\/tags?post=8828"}],"curies":[{"name":"wp","href":"https:\/\/api.w.org\/{rel}","templated":true}]}}