{"id":8796,"date":"2020-08-19T08:00:45","date_gmt":"2020-08-19T11:00:45","guid":{"rendered":"http:\/\/www.adf.org.br\/home\/?p=8796"},"modified":"2020-08-18T11:00:52","modified_gmt":"2020-08-18T14:00:52","slug":"oracao-a-nossa-senhora-auxiliadora-protetora-do-lar","status":"publish","type":"post","link":"https:\/\/www.adf.org.br\/home\/oracao-a-nossa-senhora-auxiliadora-protetora-do-lar\/","title":{"rendered":"Ora\u00e7\u00e3o a Nossa Senhora Auxiliadora, Protetora do Lar. Reze com fervor!"},"content":{"rendered":"<p><a href=\"https:\/\/adf.org.br\/velario\/auxiliadora?origem=15641\" target=\"_blank\" rel=\"noopener noreferrer\" data-saferedirecturl=\"https:\/\/www.google.com\/url?q=http:\/\/e.adf.org.br\/bendar\/?atmca%3D8652298%26atmme%3D2%26atmte%3D1%26atmso%3Dck%26utm_content%3D257115773%26atmem%3DY2FtaWxhLmFhc2NqQGdtYWlsLmNvbQ%3D%3D%26&amp;source=gmail&amp;ust=1597834937184000&amp;usg=AFQjCNFYg3fVMxY7nD3I-XAgUNVz9GunkA\"><img loading=\"lazy\" class=\"aligncenter\" src=\"https:\/\/ci5.googleusercontent.com\/proxy\/5s0WqZEE8zjUPX-c05_EQwC9ZFQVMGZ60vX8Mr88uU2iMuTguDBVmW94kxNceMCPGcY3E5OJGs8TAub9-fpSNuhsQ1Hrhb6r7PNkS1lUfFgu3231IUO0uSicDVmPt0TXj8Depkp9BqFhxg=s0-d-e1-ft#https:\/\/adf.org.br\/home\/emkt\/01_emkts\/2020\/Agosto\/Relacionamento\/18-08\/testeira_adf.jpg\" alt=\"Ora\u00e7\u00e3o\" width=\"605\" height=\"353\" \/><\/a><\/p>\n<p>&nbsp;<\/p>\n<blockquote>\n<p style=\"text-align: left;\"><span style=\"color: #000080;\">Sant\u00edssima Virgem Maria<img loading=\"lazy\" class=\"alignright size-full wp-image-8797\" title=\"MariaAuxiliadora\" src=\"http:\/\/www.adf.org.br\/home\/wp-content\/uploads\/2011\/04\/MariaAuxiliadora.jpg\" alt=\"\" width=\"202\" height=\"291\" \/><\/span><br \/>\n<span style=\"color: #000080;\">a quem Deus constituiu Auxiliadora dos Crist\u00e3os,<\/span><br \/>\n<span style=\"color: #000080;\">n\u00f3s vos escolhemos como Senhora e Protetora desta casa.<\/span><br \/>\n<span style=\"color: #000080;\">Dignai-vos mostrar aqui Vosso aux\u00edlio poderoso.<\/span><\/p>\n<p style=\"text-align: left;\"><span style=\"color: #000080;\">Preservai esta casa de todo perigo:<\/span><br \/>\n<span style=\"color: #000080;\">do inc\u00eandio, da inunda\u00e7\u00e3o, do raio, das tempestades,<\/span><br \/>\n<span style=\"color: #000080;\">dos ladr\u00f5es, dos malfeitores, da guerra<\/span><br \/>\n<span style=\"color: #000080;\">e de todas as outras calamidades que conheceis.<\/span><\/p>\n<p style=\"text-align: left;\"><span style=\"color: #000080;\">Aben\u00e7oai, protegei, defendei,<\/span><br \/>\n<span style=\"color: #000080;\">guardai como coisa vossa<\/span><br \/>\n<span style=\"color: #000080;\">as pessoas que vivem nesta casa.<\/span><\/p>\n<p style=\"text-align: left;\"><span style=\"color: #000080;\">Sobretudo concedei-lhes a gra\u00e7a mais importante,<\/span><br \/>\n<span style=\"color: #000080;\">a de viverem sempre na amizade de Deus,<\/span><br \/>\n<span style=\"color: #000080;\">evitando o pecado.<\/span><\/p>\n<p style=\"text-align: left;\"><span style=\"color: #000080;\">Dai-lhes a f\u00e9 que tivestes na Palavra de Deus,<\/span><br \/>\n<span style=\"color: #000080;\">e o amor que nutristes para com Vosso Filho Jesus<\/span><br \/>\n<span style=\"color: #000080;\">e para com todos aqueles<\/span><br \/>\n<span style=\"color: #000080;\">pelos quais Ele morreu na cruz.<\/span><\/p>\n<p style=\"text-align: left;\"><span style=\"color: #000080;\">Maria, Aux\u00edlio dos Crist\u00e3os,<\/span><br \/>\n<span style=\"color: #000080;\">rogai por todos que moram nesta casa<\/span><br \/>\n<span style=\"color: #000080;\">que Vos foi consagrada.<\/span><\/p>\n<p style=\"text-align: left;\"><span style=\"color: #000080;\">Am\u00e9m.<\/span><\/p>\n<\/blockquote>\n<p>&nbsp;<\/p>\n<hr \/>\n<p>&nbsp;<\/p>\n<h3 style=\"text-align: center;\">\u00a0<span style=\"color: #800080;\"><strong><a style=\"color: #800080;\" href=\"https:\/\/adf.org.br\/velario\/auxiliadora?origem=15641\" target=\"_blank\" rel=\"noopener noreferrer\">Missa de\u00a0<span class=\"il\">Nossa<\/span>\u00a0<span class=\"il\">Senhora<\/span>\u00a0<span class=\"il\">Auxiliadora<\/span><\/a><\/strong><\/span><\/h3>\n<p>&nbsp;<\/p>\n<p><span style=\"color: #000000;\">Muitas fam\u00edlias est\u00e3o passando por alguns problemas e caso voc\u00ea esteja passando por algum momento dif\u00edcil, essa \u00e9 a oportunidade ideal de pedir<strong>\u00a0para Ela<\/strong>\u00a0ser o seu<strong> aux\u00edlio em todas as decis\u00f5es.<\/strong><\/span><\/p>\n<p style=\"text-align: center;\"><span style=\"color: #000000;\"><strong>Ligue GRATUITAMENTE no n\u00famero abaixo:<\/strong><\/span><\/p>\n<p><a href=\"tel:08006082128\" target=\"_blank\" rel=\"noopener noreferrer\"><img loading=\"lazy\" class=\"aligncenter wp-image-58098\" title=\"Telefone da Associa\u00e7\u00e3o Devotos de F\u00e1tima\" src=\"https:\/\/i2.wp.com\/www.adf.org.br\/home\/wp-content\/uploads\/2020\/03\/Bot%C3%A3o-Telefone-ADF.png\" alt=\"Telefone da Associa\u00e7\u00e3o Devotos de F\u00e1tima no texto da Missa de P\u00e1scoa\" width=\"431\" height=\"101\" \/><\/a><\/p>\n<p><span style=\"color: #000000;\">N\u00e3o fique sem o aux\u00edlio de<\/span><span style=\"color: #0000ff;\"><strong><a style=\"color: #0000ff;\" href=\"https:\/\/adf.org.br\/velario\/auxiliadora?origem=15641\" target=\"_blank\" rel=\"noopener noreferrer\"> Nossa Senhora Auxiliadora.<\/a><\/strong><\/span><\/p>\n<p><span style=\"color: #000000;\"><strong>Basta voc\u00ea acreditar e fazer seus pedidos com f\u00e9.<\/strong><\/span><\/p>\n<p><span style=\"color: #000000;\">Caso n\u00e3o consiga falar conosco pelo telefone,<\/span>\u00a0<span style=\"color: #0000ff;\"><strong><a style=\"color: #0000ff;\" href=\"https:\/\/adf.org.br\/velario\/auxiliadora?origem=15641\" target=\"_blank\" rel=\"noopener noreferrer\">acesse aqui<\/a>\u00a0<a style=\"color: #0000ff;\" href=\"https:\/\/adf.org.br\/velario\/auxiliadora?origem=15641\" target=\"_blank\" rel=\"noopener noreferrer\">para inscrever suas preces para quem poder\u00e1 lhe ajudar.<\/a><\/strong><\/span><\/p>\n<p><span style=\"color: #000000;\">Conte com nossas ora\u00e7\u00f5es!<\/span><\/p>\n","protected":false},"excerpt":{"rendered":"<p>&nbsp; Sant\u00edssima Virgem Maria a quem Deus constituiu Auxiliadora dos Crist\u00e3os, n\u00f3s vos escolhemos como Senhora e Protetora desta casa. Dignai-vos mostrar aqui Vosso aux\u00edlio poderoso. Preservai esta casa de todo perigo: do inc\u00eandio, da inunda\u00e7\u00e3o, do raio, das tempestades, dos ladr\u00f5es, dos malfeitores, da guerra e de todas as outras calamidades que conheceis. Aben\u00e7oai, [&hellip;]<\/p>\n","protected":false},"author":31,"featured_media":61136,"comment_status":"open","ping_status":"open","sticky":false,"template":"","format":"standard","meta":[],"categories":[20,2473,14,2332],"tags":[2242,4538,38,156,173,4539],"yoast_head":"<!-- This site is optimized with the Yoast SEO plugin v17.4 - https:\/\/yoast.com\/wordpress\/plugins\/seo\/ -->\n<title>Ora\u00e7\u00e3o a Nossa Senhora Auxiliadora, Protetora do Lar<\/title>\n<meta name=\"description\" content=\"Nossa Senhora Auxiliadora vai proteger seu lar, ent\u00e3o fa\u00e7a a ora\u00e7\u00e3o e conte com o aux\u00edlio e prote\u00e7\u00e3o DELA! Ela vai interceder por voc\u00ea.\" \/>\n<meta name=\"robots\" content=\"index, follow, max-snippet:-1, max-image-preview:large, max-video-preview:-1\" \/>\n<link rel=\"canonical\" href=\"https:\/\/www.adf.org.br\/home\/oracao-a-nossa-senhora-auxiliadora-protetora-do-lar\/\" \/>\n<meta property=\"og:locale\" content=\"pt_BR\" \/>\n<meta property=\"og:type\" content=\"article\" \/>\n<meta property=\"og:title\" content=\"Ora\u00e7\u00e3o a Nossa Senhora Auxiliadora, Protetora do Lar\" \/>\n<meta property=\"og:description\" content=\"Nossa Senhora Auxiliadora vai proteger seu lar, ent\u00e3o fa\u00e7a a ora\u00e7\u00e3o e conte com o aux\u00edlio e prote\u00e7\u00e3o DELA! Ela vai interceder por voc\u00ea.\" \/>\n<meta property=\"og:url\" content=\"https:\/\/www.adf.org.br\/home\/oracao-a-nossa-senhora-auxiliadora-protetora-do-lar\/\" \/>\n<meta property=\"og:site_name\" content=\"Associa\u00e7\u00e3o Devotos de F\u00e1tima\" \/>\n<meta property=\"article:published_time\" content=\"2020-08-19T11:00:45+00:00\" \/>\n<meta property=\"article:modified_time\" content=\"2020-08-18T14:00:52+00:00\" \/>\n<meta property=\"og:image\" content=\"https:\/\/www.adf.org.br\/home\/wp-content\/uploads\/2020\/08\/auxiliadora.jpg\" \/>\n\t<meta property=\"og:image:width\" content=\"600\" \/>\n\t<meta property=\"og:image:height\" content=\"350\" \/>\n<meta name=\"twitter:card\" content=\"summary_large_image\" \/>\n<meta name=\"twitter:label1\" content=\"Escrito por\" \/>\n\t<meta name=\"twitter:data1\" content=\"Gabriel Barbosa\" \/>\n\t<meta name=\"twitter:label2\" content=\"Est. tempo de leitura\" \/>\n\t<meta name=\"twitter:data2\" content=\"1 minuto\" \/>\n<script type=\"application\/ld+json\" class=\"yoast-schema-graph\">{\"@context\":\"https:\/\/schema.org\",\"@graph\":[{\"@type\":\"WebSite\",\"@id\":\"https:\/\/www.adf.org.br\/home\/#website\",\"url\":\"https:\/\/www.adf.org.br\/home\/\",\"name\":\"Associa\\u00e7\\u00e3o Devotos de F\\u00e1tima\",\"description\":\"Associa\\u00e7\\u00e3o Devotos de F\\u00e1tima\",\"potentialAction\":[{\"@type\":\"SearchAction\",\"target\":{\"@type\":\"EntryPoint\",\"urlTemplate\":\"https:\/\/www.adf.org.br\/home\/?s={search_term_string}\"},\"query-input\":\"required name=search_term_string\"}],\"inLanguage\":\"pt-BR\"},{\"@type\":\"ImageObject\",\"@id\":\"https:\/\/www.adf.org.br\/home\/oracao-a-nossa-senhora-auxiliadora-protetora-do-lar\/#primaryimage\",\"inLanguage\":\"pt-BR\",\"url\":\"https:\/\/www.adf.org.br\/home\/wp-content\/uploads\/2020\/08\/auxiliadora.jpg\",\"contentUrl\":\"https:\/\/www.adf.org.br\/home\/wp-content\/uploads\/2020\/08\/auxiliadora.jpg\",\"width\":600,\"height\":350},{\"@type\":\"WebPage\",\"@id\":\"https:\/\/www.adf.org.br\/home\/oracao-a-nossa-senhora-auxiliadora-protetora-do-lar\/#webpage\",\"url\":\"https:\/\/www.adf.org.br\/home\/oracao-a-nossa-senhora-auxiliadora-protetora-do-lar\/\",\"name\":\"Ora\\u00e7\\u00e3o a Nossa Senhora Auxiliadora, Protetora do Lar\",\"isPartOf\":{\"@id\":\"https:\/\/www.adf.org.br\/home\/#website\"},\"primaryImageOfPage\":{\"@id\":\"https:\/\/www.adf.org.br\/home\/oracao-a-nossa-senhora-auxiliadora-protetora-do-lar\/#primaryimage\"},\"datePublished\":\"2020-08-19T11:00:45+00:00\",\"dateModified\":\"2020-08-18T14:00:52+00:00\",\"author\":{\"@id\":\"https:\/\/www.adf.org.br\/home\/#\/schema\/person\/f35a5c5aa7728a3dedf4ea9aa1fc2753\"},\"description\":\"Nossa Senhora Auxiliadora vai proteger seu lar, ent\\u00e3o fa\\u00e7a a ora\\u00e7\\u00e3o e conte com o aux\\u00edlio e prote\\u00e7\\u00e3o DELA! Ela vai interceder por voc\\u00ea.\",\"breadcrumb\":{\"@id\":\"https:\/\/www.adf.org.br\/home\/oracao-a-nossa-senhora-auxiliadora-protetora-do-lar\/#breadcrumb\"},\"inLanguage\":\"pt-BR\",\"potentialAction\":[{\"@type\":\"ReadAction\",\"target\":[\"https:\/\/www.adf.org.br\/home\/oracao-a-nossa-senhora-auxiliadora-protetora-do-lar\/\"]}]},{\"@type\":\"BreadcrumbList\",\"@id\":\"https:\/\/www.adf.org.br\/home\/oracao-a-nossa-senhora-auxiliadora-protetora-do-lar\/#breadcrumb\",\"itemListElement\":[{\"@type\":\"ListItem\",\"position\":1,\"name\":\"Home\",\"item\":\"https:\/\/www.adf.org.br\/home\/\"},{\"@type\":\"ListItem\",\"position\":2,\"name\":\"Ora\\u00e7\\u00e3o a Nossa Senhora Auxiliadora, Protetora do Lar. Reze com fervor!\"}]},{\"@type\":\"Person\",\"@id\":\"https:\/\/www.adf.org.br\/home\/#\/schema\/person\/f35a5c5aa7728a3dedf4ea9aa1fc2753\",\"name\":\"Gabriel Barbosa\",\"image\":{\"@type\":\"ImageObject\",\"@id\":\"https:\/\/www.adf.org.br\/home\/#personlogo\",\"inLanguage\":\"pt-BR\",\"url\":\"https:\/\/secure.gravatar.com\/avatar\/2b2cb2f4637682c5605e8d36818f51ef?s=96&d=mm&r=g\",\"contentUrl\":\"https:\/\/secure.gravatar.com\/avatar\/2b2cb2f4637682c5605e8d36818f51ef?s=96&d=mm&r=g\",\"caption\":\"Gabriel Barbosa\"},\"url\":\"https:\/\/www.adf.org.br\/home\/author\/gabrielpmk-com-br\/\"}]}<\/script>\n<!-- \/ Yoast SEO plugin. -->","yoast_head_json":{"title":"Ora\u00e7\u00e3o a Nossa Senhora Auxiliadora, Protetora do Lar","description":"Nossa Senhora Auxiliadora vai proteger seu lar, ent\u00e3o fa\u00e7a a ora\u00e7\u00e3o e conte com o aux\u00edlio e prote\u00e7\u00e3o DELA! Ela vai interceder por voc\u00ea.","robots":{"index":"index","follow":"follow","max-snippet":"max-snippet:-1","max-image-preview":"max-image-preview:large","max-video-preview":"max-video-preview:-1"},"canonical":"https:\/\/www.adf.org.br\/home\/oracao-a-nossa-senhora-auxiliadora-protetora-do-lar\/","og_locale":"pt_BR","og_type":"article","og_title":"Ora\u00e7\u00e3o a Nossa Senhora Auxiliadora, Protetora do Lar","og_description":"Nossa Senhora Auxiliadora vai proteger seu lar, ent\u00e3o fa\u00e7a a ora\u00e7\u00e3o e conte com o aux\u00edlio e prote\u00e7\u00e3o DELA! Ela vai interceder por voc\u00ea.","og_url":"https:\/\/www.adf.org.br\/home\/oracao-a-nossa-senhora-auxiliadora-protetora-do-lar\/","og_site_name":"Associa\u00e7\u00e3o Devotos de F\u00e1tima","article_published_time":"2020-08-19T11:00:45+00:00","article_modified_time":"2020-08-18T14:00:52+00:00","og_image":[{"width":600,"height":350,"url":"https:\/\/www.adf.org.br\/home\/wp-content\/uploads\/2020\/08\/auxiliadora.jpg","type":"image\/jpeg"}],"twitter_card":"summary_large_image","twitter_misc":{"Escrito por":"Gabriel Barbosa","Est. tempo de leitura":"1 minuto"},"schema":{"@context":"https:\/\/schema.org","@graph":[{"@type":"WebSite","@id":"https:\/\/www.adf.org.br\/home\/#website","url":"https:\/\/www.adf.org.br\/home\/","name":"Associa\u00e7\u00e3o Devotos de F\u00e1tima","description":"Associa\u00e7\u00e3o Devotos de F\u00e1tima","potentialAction":[{"@type":"SearchAction","target":{"@type":"EntryPoint","urlTemplate":"https:\/\/www.adf.org.br\/home\/?s={search_term_string}"},"query-input":"required name=search_term_string"}],"inLanguage":"pt-BR"},{"@type":"ImageObject","@id":"https:\/\/www.adf.org.br\/home\/oracao-a-nossa-senhora-auxiliadora-protetora-do-lar\/#primaryimage","inLanguage":"pt-BR","url":"https:\/\/www.adf.org.br\/home\/wp-content\/uploads\/2020\/08\/auxiliadora.jpg","contentUrl":"https:\/\/www.adf.org.br\/home\/wp-content\/uploads\/2020\/08\/auxiliadora.jpg","width":600,"height":350},{"@type":"WebPage","@id":"https:\/\/www.adf.org.br\/home\/oracao-a-nossa-senhora-auxiliadora-protetora-do-lar\/#webpage","url":"https:\/\/www.adf.org.br\/home\/oracao-a-nossa-senhora-auxiliadora-protetora-do-lar\/","name":"Ora\u00e7\u00e3o a Nossa Senhora Auxiliadora, Protetora do Lar","isPartOf":{"@id":"https:\/\/www.adf.org.br\/home\/#website"},"primaryImageOfPage":{"@id":"https:\/\/www.adf.org.br\/home\/oracao-a-nossa-senhora-auxiliadora-protetora-do-lar\/#primaryimage"},"datePublished":"2020-08-19T11:00:45+00:00","dateModified":"2020-08-18T14:00:52+00:00","author":{"@id":"https:\/\/www.adf.org.br\/home\/#\/schema\/person\/f35a5c5aa7728a3dedf4ea9aa1fc2753"},"description":"Nossa Senhora Auxiliadora vai proteger seu lar, ent\u00e3o fa\u00e7a a ora\u00e7\u00e3o e conte com o aux\u00edlio e prote\u00e7\u00e3o DELA! Ela vai interceder por voc\u00ea.","breadcrumb":{"@id":"https:\/\/www.adf.org.br\/home\/oracao-a-nossa-senhora-auxiliadora-protetora-do-lar\/#breadcrumb"},"inLanguage":"pt-BR","potentialAction":[{"@type":"ReadAction","target":["https:\/\/www.adf.org.br\/home\/oracao-a-nossa-senhora-auxiliadora-protetora-do-lar\/"]}]},{"@type":"BreadcrumbList","@id":"https:\/\/www.adf.org.br\/home\/oracao-a-nossa-senhora-auxiliadora-protetora-do-lar\/#breadcrumb","itemListElement":[{"@type":"ListItem","position":1,"name":"Home","item":"https:\/\/www.adf.org.br\/home\/"},{"@type":"ListItem","position":2,"name":"Ora\u00e7\u00e3o a Nossa Senhora Auxiliadora, Protetora do Lar. Reze com fervor!"}]},{"@type":"Person","@id":"https:\/\/www.adf.org.br\/home\/#\/schema\/person\/f35a5c5aa7728a3dedf4ea9aa1fc2753","name":"Gabriel Barbosa","image":{"@type":"ImageObject","@id":"https:\/\/www.adf.org.br\/home\/#personlogo","inLanguage":"pt-BR","url":"https:\/\/secure.gravatar.com\/avatar\/2b2cb2f4637682c5605e8d36818f51ef?s=96&d=mm&r=g","contentUrl":"https:\/\/secure.gravatar.com\/avatar\/2b2cb2f4637682c5605e8d36818f51ef?s=96&d=mm&r=g","caption":"Gabriel Barbosa"},"url":"https:\/\/www.adf.org.br\/home\/author\/gabrielpmk-com-br\/"}]}},"_links":{"self":[{"href":"https:\/\/www.adf.org.br\/home\/wp-json\/wp\/v2\/posts\/8796"}],"collection":[{"href":"https:\/\/www.adf.org.br\/home\/wp-json\/wp\/v2\/posts"}],"about":[{"href":"https:\/\/www.adf.org.br\/home\/wp-json\/wp\/v2\/types\/post"}],"author":[{"embeddable":true,"href":"https:\/\/www.adf.org.br\/home\/wp-json\/wp\/v2\/users\/31"}],"replies":[{"embeddable":true,"href":"https:\/\/www.adf.org.br\/home\/wp-json\/wp\/v2\/comments?post=8796"}],"version-history":[{"count":12,"href":"https:\/\/www.adf.org.br\/home\/wp-json\/wp\/v2\/posts\/8796\/revisions"}],"predecessor-version":[{"id":61129,"href":"https:\/\/www.adf.org.br\/home\/wp-json\/wp\/v2\/posts\/8796\/revisions\/61129"}],"wp:featuredmedia":[{"embeddable":true,"href":"https:\/\/www.adf.org.br\/home\/wp-json\/wp\/v2\/media\/61136"}],"wp:attachment":[{"href":"https:\/\/www.adf.org.br\/home\/wp-json\/wp\/v2\/media?parent=8796"}],"wp:term":[{"taxonomy":"category","embeddable":true,"href":"https:\/\/www.adf.org.br\/home\/wp-json\/wp\/v2\/categories?post=8796"},{"taxonomy":"post_tag","embeddable":true,"href":"https:\/\/www.adf.org.br\/home\/wp-json\/wp\/v2\/tags?post=8796"}],"curies":[{"name":"wp","href":"https:\/\/api.w.org\/{rel}","templated":true}]}}