{"id":8787,"date":"2011-04-06T00:00:32","date_gmt":"2011-04-06T03:00:32","guid":{"rendered":"http:\/\/www.adf.org.br\/home\/?p=8787"},"modified":"2011-04-06T00:00:32","modified_gmt":"2011-04-06T03:00:32","slug":"esclarecimentos-sobre-o-inferno","status":"publish","type":"post","link":"https:\/\/www.adf.org.br\/home\/esclarecimentos-sobre-o-inferno\/","title":{"rendered":"Esclarecimentos sobre o Inferno"},"content":{"rendered":"<p><strong>No caminho do Inferno est\u00e3o os \u00edmpios e os pecadores impenitentes <\/strong><\/p>\n<p style=\"text-align: left;\">Os \u00edmpios v\u00eam a ser chamados tamb\u00e9m os sem-Deus. Nada querem saber de  Deus, nem de Cristo e de sua Religi\u00e3o. Chegam mesmo a odi\u00e1-los e  persegui-los. Formam o imenso ex\u00e9rcito de satan\u00e1s neste Mundo. A ele  pertencem, como chefes invis\u00edveis, a ma\u00e7onaria e as similares sociedades  secretas. A ele pertencem todos os niilistas, anarquistas, bolchevistas  e comunistas militantes do Mundo. A ele pertencem todos os sem-Deus,  que o negam te\u00f3rica ou praticamente e vivem sem Ele. In\u00fameros est\u00e3o  nessa condi\u00e7\u00e3o. A conseq\u00fc\u00eancia \u00e9 fatal: como nada querem saber de Deus  durante a vida e perseguem a religi\u00e3o o mais que podem, sua sorte eterna  n\u00e3o pode ser sen\u00e3o a dos sem-Deus, a serem relegados ao Inferno e  atormentados pelos dem\u00f4nios por toda a eternidade.<a href=\"http:\/\/www.oratoriodamedalhamilagrosa.org.br\/vela-de-fatima\/?origem=1\" target=\"_blank\" rel=\"noopener noreferrer\"><img loading=\"lazy\" class=\"aligncenter size-full wp-image-8788\" title=\"vela fatima\" src=\"http:\/\/www.adf.org.br\/home\/wp-content\/uploads\/2011\/04\/vela-fatima1.jpg\" alt=\"\" width=\"559\" height=\"251\" \/><\/a><\/p>\n<p>No caminho do Inferno est\u00e3o igualmente todos os pecadores impenitentes. S\u00e3o Paulo preveniu (I Cor. 6): <em>&#8220;N\u00e3o vos enganeis: nem os \u00edmpios, nem os id\u00f3latras, nem os ladr\u00f5es, nem os avarentos, nem os \u00e9brios possuir\u00e3o o reino do C\u00e9u\u201d. <\/em>Al\u00e9m  dos pecados de a\u00e7\u00e3o, h\u00e1 os de omiss\u00e3o, deixando-se de cumprir graves  obriga\u00e7\u00f5es de estado ou de profiss\u00e3o, do estado matrimonial, sacerdotal  ou religioso, da profiss\u00e3o exercida ou do cargo assumido. Ningu\u00e9m pode  dispensar-se do seu cumprimento. Dai resulta na vida de cada um, a  possibilidade de cometer numerosos pecados mortais, por pensamentos,  palavras e obras, pecados de orgulho, de injusti\u00e7a e de lux\u00faria.<\/p>\n<p>Se o pecado grave em si merece o castigo do Inferno, s\u00f3 atira ao mesmo,  caso n\u00e3o seja retratado, arrependido e reparado, como acontece na  impenit\u00eancia final do homem que morre em seu pecado ou impenitente.  Errar e pecar \u00e9 humano, mas obstinar-se no erro e perseverar no pecado, \u00e9  diab\u00f3lico.<\/p>\n<p>Se no momento de pecar o homem se deixa facilmente fascinar  pelo deleite pecaminoso, logo depois de cometido o pecado, os olhos se  lhe abrem e volta-lhe o bom senso; ele sente-se ent\u00e3o naturalmente  envergonhado e levado ao arrependimento. Se pelo contr\u00e1rio ele se  obstinar no pecado, tanto mais culpado ele se torna. A obstina\u00e7\u00e3o no mal  \u00e9 um pecado contra o Esp\u00edrito Santo. O adiamento da convers\u00e3o leva  muit\u00edssimas vezes ao sumo castigo da impenit\u00eancia final e  conseguintemente ao Inferno.<\/p>\n<p><strong>N. B. &#8211;<\/strong> Como dedu\u00e7\u00e3o l\u00f3gica do que vem exposto cumpre finalmente notar  que, al\u00e9m dos declarados inimigos de Deus, cair\u00e3o fatalmente no Inferno  todos os que desse nada querem ouvir, ler e saber, e que com Ele n\u00e3o se  importam e vivem como se Ele n\u00e3o existisse.<\/p>\n<p><em>Fonte: Lepanto<\/em><\/p>\n","protected":false},"excerpt":{"rendered":"<p>No caminho do Inferno est\u00e3o os \u00edmpios e os pecadores impenitentes Os \u00edmpios v\u00eam a ser chamados tamb\u00e9m os sem-Deus. Nada querem saber de Deus, nem de Cristo e de sua Religi\u00e3o. Chegam mesmo a odi\u00e1-los e persegui-los. Formam o imenso ex\u00e9rcito de satan\u00e1s neste Mundo. A ele pertencem, como chefes invis\u00edveis, a ma\u00e7onaria e [&hellip;]<\/p>\n","protected":false},"author":31,"featured_media":0,"comment_status":"open","ping_status":"open","sticky":false,"template":"","format":"standard","meta":[],"categories":[20],"tags":[282],"yoast_head":"<!-- This site is optimized with the Yoast SEO plugin v17.4 - https:\/\/yoast.com\/wordpress\/plugins\/seo\/ -->\n<title>Esclarecimentos sobre o Inferno - Associa\u00e7\u00e3o Devotos de F\u00e1tima<\/title>\n<meta name=\"robots\" content=\"index, follow, max-snippet:-1, max-image-preview:large, max-video-preview:-1\" \/>\n<link rel=\"canonical\" href=\"https:\/\/www.adf.org.br\/home\/esclarecimentos-sobre-o-inferno\/\" \/>\n<meta property=\"og:locale\" content=\"pt_BR\" \/>\n<meta property=\"og:type\" content=\"article\" \/>\n<meta property=\"og:title\" content=\"Esclarecimentos sobre o Inferno - Associa\u00e7\u00e3o Devotos de F\u00e1tima\" \/>\n<meta property=\"og:description\" content=\"No caminho do Inferno est\u00e3o os \u00edmpios e os pecadores impenitentes Os \u00edmpios v\u00eam a ser chamados tamb\u00e9m os sem-Deus. Nada querem saber de Deus, nem de Cristo e de sua Religi\u00e3o. Chegam mesmo a odi\u00e1-los e persegui-los. Formam o imenso ex\u00e9rcito de satan\u00e1s neste Mundo. A ele pertencem, como chefes invis\u00edveis, a ma\u00e7onaria e [&hellip;]\" \/>\n<meta property=\"og:url\" content=\"https:\/\/www.adf.org.br\/home\/esclarecimentos-sobre-o-inferno\/\" \/>\n<meta property=\"og:site_name\" content=\"Associa\u00e7\u00e3o Devotos de F\u00e1tima\" \/>\n<meta property=\"article:published_time\" content=\"2011-04-06T03:00:32+00:00\" \/>\n<meta property=\"og:image\" content=\"http:\/\/www.adf.org.br\/home\/wp-content\/uploads\/2011\/04\/vela-fatima1.jpg\" \/>\n<meta name=\"twitter:card\" content=\"summary_large_image\" \/>\n<meta name=\"twitter:label1\" content=\"Escrito por\" \/>\n\t<meta name=\"twitter:data1\" content=\"Gabriel Barbosa\" \/>\n\t<meta name=\"twitter:label2\" content=\"Est. tempo de leitura\" \/>\n\t<meta name=\"twitter:data2\" content=\"2 minutos\" \/>\n<script type=\"application\/ld+json\" class=\"yoast-schema-graph\">{\"@context\":\"https:\/\/schema.org\",\"@graph\":[{\"@type\":\"WebSite\",\"@id\":\"https:\/\/www.adf.org.br\/home\/#website\",\"url\":\"https:\/\/www.adf.org.br\/home\/\",\"name\":\"Associa\\u00e7\\u00e3o Devotos de F\\u00e1tima\",\"description\":\"Associa\\u00e7\\u00e3o Devotos de F\\u00e1tima\",\"potentialAction\":[{\"@type\":\"SearchAction\",\"target\":{\"@type\":\"EntryPoint\",\"urlTemplate\":\"https:\/\/www.adf.org.br\/home\/?s={search_term_string}\"},\"query-input\":\"required name=search_term_string\"}],\"inLanguage\":\"pt-BR\"},{\"@type\":\"ImageObject\",\"@id\":\"https:\/\/www.adf.org.br\/home\/esclarecimentos-sobre-o-inferno\/#primaryimage\",\"inLanguage\":\"pt-BR\",\"url\":\"http:\/\/www.adf.org.br\/home\/wp-content\/uploads\/2011\/04\/vela-fatima1.jpg\",\"contentUrl\":\"http:\/\/www.adf.org.br\/home\/wp-content\/uploads\/2011\/04\/vela-fatima1.jpg\"},{\"@type\":\"WebPage\",\"@id\":\"https:\/\/www.adf.org.br\/home\/esclarecimentos-sobre-o-inferno\/#webpage\",\"url\":\"https:\/\/www.adf.org.br\/home\/esclarecimentos-sobre-o-inferno\/\",\"name\":\"Esclarecimentos sobre o Inferno - Associa\\u00e7\\u00e3o Devotos de F\\u00e1tima\",\"isPartOf\":{\"@id\":\"https:\/\/www.adf.org.br\/home\/#website\"},\"primaryImageOfPage\":{\"@id\":\"https:\/\/www.adf.org.br\/home\/esclarecimentos-sobre-o-inferno\/#primaryimage\"},\"datePublished\":\"2011-04-06T03:00:32+00:00\",\"dateModified\":\"2011-04-06T03:00:32+00:00\",\"author\":{\"@id\":\"https:\/\/www.adf.org.br\/home\/#\/schema\/person\/f35a5c5aa7728a3dedf4ea9aa1fc2753\"},\"breadcrumb\":{\"@id\":\"https:\/\/www.adf.org.br\/home\/esclarecimentos-sobre-o-inferno\/#breadcrumb\"},\"inLanguage\":\"pt-BR\",\"potentialAction\":[{\"@type\":\"ReadAction\",\"target\":[\"https:\/\/www.adf.org.br\/home\/esclarecimentos-sobre-o-inferno\/\"]}]},{\"@type\":\"BreadcrumbList\",\"@id\":\"https:\/\/www.adf.org.br\/home\/esclarecimentos-sobre-o-inferno\/#breadcrumb\",\"itemListElement\":[{\"@type\":\"ListItem\",\"position\":1,\"name\":\"Home\",\"item\":\"https:\/\/www.adf.org.br\/home\/\"},{\"@type\":\"ListItem\",\"position\":2,\"name\":\"Esclarecimentos sobre o Inferno\"}]},{\"@type\":\"Person\",\"@id\":\"https:\/\/www.adf.org.br\/home\/#\/schema\/person\/f35a5c5aa7728a3dedf4ea9aa1fc2753\",\"name\":\"Gabriel Barbosa\",\"image\":{\"@type\":\"ImageObject\",\"@id\":\"https:\/\/www.adf.org.br\/home\/#personlogo\",\"inLanguage\":\"pt-BR\",\"url\":\"https:\/\/secure.gravatar.com\/avatar\/2b2cb2f4637682c5605e8d36818f51ef?s=96&d=mm&r=g\",\"contentUrl\":\"https:\/\/secure.gravatar.com\/avatar\/2b2cb2f4637682c5605e8d36818f51ef?s=96&d=mm&r=g\",\"caption\":\"Gabriel Barbosa\"},\"url\":\"https:\/\/www.adf.org.br\/home\/author\/gabrielpmk-com-br\/\"}]}<\/script>\n<!-- \/ Yoast SEO plugin. -->","yoast_head_json":{"title":"Esclarecimentos sobre o Inferno - Associa\u00e7\u00e3o Devotos de F\u00e1tima","robots":{"index":"index","follow":"follow","max-snippet":"max-snippet:-1","max-image-preview":"max-image-preview:large","max-video-preview":"max-video-preview:-1"},"canonical":"https:\/\/www.adf.org.br\/home\/esclarecimentos-sobre-o-inferno\/","og_locale":"pt_BR","og_type":"article","og_title":"Esclarecimentos sobre o Inferno - Associa\u00e7\u00e3o Devotos de F\u00e1tima","og_description":"No caminho do Inferno est\u00e3o os \u00edmpios e os pecadores impenitentes Os \u00edmpios v\u00eam a ser chamados tamb\u00e9m os sem-Deus. Nada querem saber de Deus, nem de Cristo e de sua Religi\u00e3o. Chegam mesmo a odi\u00e1-los e persegui-los. Formam o imenso ex\u00e9rcito de satan\u00e1s neste Mundo. A ele pertencem, como chefes invis\u00edveis, a ma\u00e7onaria e [&hellip;]","og_url":"https:\/\/www.adf.org.br\/home\/esclarecimentos-sobre-o-inferno\/","og_site_name":"Associa\u00e7\u00e3o Devotos de F\u00e1tima","article_published_time":"2011-04-06T03:00:32+00:00","og_image":[{"url":"http:\/\/www.adf.org.br\/home\/wp-content\/uploads\/2011\/04\/vela-fatima1.jpg"}],"twitter_card":"summary_large_image","twitter_misc":{"Escrito por":"Gabriel Barbosa","Est. tempo de leitura":"2 minutos"},"schema":{"@context":"https:\/\/schema.org","@graph":[{"@type":"WebSite","@id":"https:\/\/www.adf.org.br\/home\/#website","url":"https:\/\/www.adf.org.br\/home\/","name":"Associa\u00e7\u00e3o Devotos de F\u00e1tima","description":"Associa\u00e7\u00e3o Devotos de F\u00e1tima","potentialAction":[{"@type":"SearchAction","target":{"@type":"EntryPoint","urlTemplate":"https:\/\/www.adf.org.br\/home\/?s={search_term_string}"},"query-input":"required name=search_term_string"}],"inLanguage":"pt-BR"},{"@type":"ImageObject","@id":"https:\/\/www.adf.org.br\/home\/esclarecimentos-sobre-o-inferno\/#primaryimage","inLanguage":"pt-BR","url":"http:\/\/www.adf.org.br\/home\/wp-content\/uploads\/2011\/04\/vela-fatima1.jpg","contentUrl":"http:\/\/www.adf.org.br\/home\/wp-content\/uploads\/2011\/04\/vela-fatima1.jpg"},{"@type":"WebPage","@id":"https:\/\/www.adf.org.br\/home\/esclarecimentos-sobre-o-inferno\/#webpage","url":"https:\/\/www.adf.org.br\/home\/esclarecimentos-sobre-o-inferno\/","name":"Esclarecimentos sobre o Inferno - Associa\u00e7\u00e3o Devotos de F\u00e1tima","isPartOf":{"@id":"https:\/\/www.adf.org.br\/home\/#website"},"primaryImageOfPage":{"@id":"https:\/\/www.adf.org.br\/home\/esclarecimentos-sobre-o-inferno\/#primaryimage"},"datePublished":"2011-04-06T03:00:32+00:00","dateModified":"2011-04-06T03:00:32+00:00","author":{"@id":"https:\/\/www.adf.org.br\/home\/#\/schema\/person\/f35a5c5aa7728a3dedf4ea9aa1fc2753"},"breadcrumb":{"@id":"https:\/\/www.adf.org.br\/home\/esclarecimentos-sobre-o-inferno\/#breadcrumb"},"inLanguage":"pt-BR","potentialAction":[{"@type":"ReadAction","target":["https:\/\/www.adf.org.br\/home\/esclarecimentos-sobre-o-inferno\/"]}]},{"@type":"BreadcrumbList","@id":"https:\/\/www.adf.org.br\/home\/esclarecimentos-sobre-o-inferno\/#breadcrumb","itemListElement":[{"@type":"ListItem","position":1,"name":"Home","item":"https:\/\/www.adf.org.br\/home\/"},{"@type":"ListItem","position":2,"name":"Esclarecimentos sobre o Inferno"}]},{"@type":"Person","@id":"https:\/\/www.adf.org.br\/home\/#\/schema\/person\/f35a5c5aa7728a3dedf4ea9aa1fc2753","name":"Gabriel Barbosa","image":{"@type":"ImageObject","@id":"https:\/\/www.adf.org.br\/home\/#personlogo","inLanguage":"pt-BR","url":"https:\/\/secure.gravatar.com\/avatar\/2b2cb2f4637682c5605e8d36818f51ef?s=96&d=mm&r=g","contentUrl":"https:\/\/secure.gravatar.com\/avatar\/2b2cb2f4637682c5605e8d36818f51ef?s=96&d=mm&r=g","caption":"Gabriel Barbosa"},"url":"https:\/\/www.adf.org.br\/home\/author\/gabrielpmk-com-br\/"}]}},"_links":{"self":[{"href":"https:\/\/www.adf.org.br\/home\/wp-json\/wp\/v2\/posts\/8787"}],"collection":[{"href":"https:\/\/www.adf.org.br\/home\/wp-json\/wp\/v2\/posts"}],"about":[{"href":"https:\/\/www.adf.org.br\/home\/wp-json\/wp\/v2\/types\/post"}],"author":[{"embeddable":true,"href":"https:\/\/www.adf.org.br\/home\/wp-json\/wp\/v2\/users\/31"}],"replies":[{"embeddable":true,"href":"https:\/\/www.adf.org.br\/home\/wp-json\/wp\/v2\/comments?post=8787"}],"version-history":[{"count":0,"href":"https:\/\/www.adf.org.br\/home\/wp-json\/wp\/v2\/posts\/8787\/revisions"}],"wp:attachment":[{"href":"https:\/\/www.adf.org.br\/home\/wp-json\/wp\/v2\/media?parent=8787"}],"wp:term":[{"taxonomy":"category","embeddable":true,"href":"https:\/\/www.adf.org.br\/home\/wp-json\/wp\/v2\/categories?post=8787"},{"taxonomy":"post_tag","embeddable":true,"href":"https:\/\/www.adf.org.br\/home\/wp-json\/wp\/v2\/tags?post=8787"}],"curies":[{"name":"wp","href":"https:\/\/api.w.org\/{rel}","templated":true}]}}