{"id":8751,"date":"2011-04-02T00:00:22","date_gmt":"2011-04-02T03:00:22","guid":{"rendered":"http:\/\/www.adf.org.br\/home\/?p=8751"},"modified":"2011-04-02T00:00:22","modified_gmt":"2011-04-02T03:00:22","slug":"via-sacra-com-maria-imaculada-caminhamos-para-a-pascoa","status":"publish","type":"post","link":"https:\/\/www.adf.org.br\/home\/via-sacra-com-maria-imaculada-caminhamos-para-a-pascoa\/","title":{"rendered":"Via-Sacra &#8211; Com Maria Imaculada, caminhamos para a P\u00e1scoa"},"content":{"rendered":"<p><img loading=\"lazy\" class=\"alignleft size-full wp-image-8752\" title=\"via sacra\" src=\"http:\/\/www.adf.org.br\/home\/wp-content\/uploads\/2011\/04\/via-sacra.jpg\" alt=\"\" width=\"224\" height=\"320\" \/>Durante os dias da quaresma, um dos exerc\u00edcios espirituais mais conveniente \u00e9 a ora\u00e7\u00e3o da Via-Sacra. Como o nome j\u00e1 diz, Via-Sacra \u00e9 o <strong>\u201ccaminho sagrado\u201d.<\/strong> Caminho que Nosso Senhor Jesus Cristo percorreu, acompanhado por sua M\u00e3e, e que culminou na gloriosa ressurrei\u00e7\u00e3o.<\/p>\n<p>As esta\u00e7\u00f5es de nossa \u201cvia-sacra\u201d representam as v\u00e1rias situa\u00e7\u00f5es de nossa vida, mantendo sempre o alerta para o nosso destino eterno, pois, nossa vida deve ter como fim o servir a Deus. Desde o nascimento, at\u00e9 a hora que Deus nos chamar para a eternidade, vamos percorrendo os caminhos de nossa vida, com o aux\u00edlio da gra\u00e7a obtida por interm\u00e9dio de Nossa Senhora, rumo \u00e0 uni\u00e3o definitiva com Deus, no c\u00e9u.<\/p>\n<p>Nosso Senhor Jesus Cristo nos mostra o caminho da salva\u00e7\u00e3o e nos convida a segui-lo: <strong><em>&#8220;Se algum quer vir ap\u00f3s de mim, negue-se a si mesmo, e tome a sua cruz, e siga-me\u201d (Mt 16,24).<\/em><\/strong><\/p>\n<p>O convite que nos \u00e9 feito para deixar de lado nossos pr\u00f3prios interesses \u00e9 para que possamos fazer da vontade de Deus a nossa vontade, deixando que o Esp\u00edrito de Deus conduza a nossa vida, como conduziu a vida de Maria Sant\u00edssima e de todos os seus disc\u00edpulos.<\/p>\n<p><strong>A Virgem Sant\u00edssima ouviu o chamado de Deus, fez da vontade de Deus a sua vontade, seguiu seu filho pelas estradas do mundo e agora est\u00e1 junto dele no c\u00e9u, no eterno conv\u00edvio da Sant\u00edssima Trindade.<\/strong><\/p>\n<p>A Via-Sacra tamb\u00e9m nos leva a contemplar a presen\u00e7a de Deus e de nossa m\u00e3e, nas diversas situa\u00e7\u00f5es de nossa vida. Como m\u00e3e carinhosa, Nossa Senhora n\u00e3o est\u00e1 apenas esperando por n\u00f3s l\u00e1 no c\u00e9u; ela se faz presente tamb\u00e9m aqui na terra, amparando-nos, socorrendo os necessitados, protegendo os que est\u00e3o amea\u00e7ados. Ela \u00e9 nossa Advogada.<\/p>\n<p style=\"text-align: center;\"><a href=\"http:\/\/www.oratoriodamedalhamilagrosa.org.br\/vela-de-fatima\/?origem=1\" target=\"_blank\" rel=\"noopener noreferrer\"><img loading=\"lazy\" class=\"aligncenter size-full wp-image-8753\" title=\"vela fatima\" src=\"http:\/\/www.adf.org.br\/home\/wp-content\/uploads\/2011\/04\/vela-fatima.jpg\" alt=\"\" width=\"559\" height=\"251\" \/><\/a><br \/>\n <span style=\"font-size: x-small;\"><em> (Baseado em: http:\/\/caminhandocomfe.blogspot.com)<\/em><\/span><\/p>\n","protected":false},"excerpt":{"rendered":"<p>Durante os dias da quaresma, um dos exerc\u00edcios espirituais mais conveniente \u00e9 a ora\u00e7\u00e3o da Via-Sacra. Como o nome j\u00e1 diz, Via-Sacra \u00e9 o \u201ccaminho sagrado\u201d. Caminho que Nosso Senhor Jesus Cristo percorreu, acompanhado por sua M\u00e3e, e que culminou na gloriosa ressurrei\u00e7\u00e3o. As esta\u00e7\u00f5es de nossa \u201cvia-sacra\u201d representam as v\u00e1rias situa\u00e7\u00f5es de nossa vida, [&hellip;]<\/p>\n","protected":false},"author":31,"featured_media":0,"comment_status":"open","ping_status":"open","sticky":false,"template":"","format":"standard","meta":[],"categories":[20],"tags":[722,434],"yoast_head":"<!-- This site is optimized with the Yoast SEO plugin v17.4 - https:\/\/yoast.com\/wordpress\/plugins\/seo\/ -->\n<title>Via-Sacra - Com Maria Imaculada, caminhamos para a P\u00e1scoa - Associa\u00e7\u00e3o Devotos de F\u00e1tima<\/title>\n<meta name=\"robots\" content=\"index, follow, max-snippet:-1, max-image-preview:large, max-video-preview:-1\" \/>\n<link rel=\"canonical\" href=\"https:\/\/www.adf.org.br\/home\/via-sacra-com-maria-imaculada-caminhamos-para-a-pascoa\/\" \/>\n<meta property=\"og:locale\" content=\"pt_BR\" \/>\n<meta property=\"og:type\" content=\"article\" \/>\n<meta property=\"og:title\" content=\"Via-Sacra - Com Maria Imaculada, caminhamos para a P\u00e1scoa - Associa\u00e7\u00e3o Devotos de F\u00e1tima\" \/>\n<meta property=\"og:description\" content=\"Durante os dias da quaresma, um dos exerc\u00edcios espirituais mais conveniente \u00e9 a ora\u00e7\u00e3o da Via-Sacra. Como o nome j\u00e1 diz, Via-Sacra \u00e9 o \u201ccaminho sagrado\u201d. Caminho que Nosso Senhor Jesus Cristo percorreu, acompanhado por sua M\u00e3e, e que culminou na gloriosa ressurrei\u00e7\u00e3o. As esta\u00e7\u00f5es de nossa \u201cvia-sacra\u201d representam as v\u00e1rias situa\u00e7\u00f5es de nossa vida, [&hellip;]\" \/>\n<meta property=\"og:url\" content=\"https:\/\/www.adf.org.br\/home\/via-sacra-com-maria-imaculada-caminhamos-para-a-pascoa\/\" \/>\n<meta property=\"og:site_name\" content=\"Associa\u00e7\u00e3o Devotos de F\u00e1tima\" \/>\n<meta property=\"article:published_time\" content=\"2011-04-02T03:00:22+00:00\" \/>\n<meta property=\"og:image\" content=\"http:\/\/www.adf.org.br\/home\/wp-content\/uploads\/2011\/04\/via-sacra.jpg\" \/>\n<meta name=\"twitter:card\" content=\"summary_large_image\" \/>\n<meta name=\"twitter:label1\" content=\"Escrito por\" \/>\n\t<meta name=\"twitter:data1\" content=\"Gabriel Barbosa\" \/>\n\t<meta name=\"twitter:label2\" content=\"Est. tempo de leitura\" \/>\n\t<meta name=\"twitter:data2\" content=\"2 minutos\" \/>\n<script type=\"application\/ld+json\" class=\"yoast-schema-graph\">{\"@context\":\"https:\/\/schema.org\",\"@graph\":[{\"@type\":\"WebSite\",\"@id\":\"https:\/\/www.adf.org.br\/home\/#website\",\"url\":\"https:\/\/www.adf.org.br\/home\/\",\"name\":\"Associa\\u00e7\\u00e3o Devotos de F\\u00e1tima\",\"description\":\"Associa\\u00e7\\u00e3o Devotos de F\\u00e1tima\",\"potentialAction\":[{\"@type\":\"SearchAction\",\"target\":{\"@type\":\"EntryPoint\",\"urlTemplate\":\"https:\/\/www.adf.org.br\/home\/?s={search_term_string}\"},\"query-input\":\"required name=search_term_string\"}],\"inLanguage\":\"pt-BR\"},{\"@type\":\"ImageObject\",\"@id\":\"https:\/\/www.adf.org.br\/home\/via-sacra-com-maria-imaculada-caminhamos-para-a-pascoa\/#primaryimage\",\"inLanguage\":\"pt-BR\",\"url\":\"http:\/\/www.adf.org.br\/home\/wp-content\/uploads\/2011\/04\/via-sacra.jpg\",\"contentUrl\":\"http:\/\/www.adf.org.br\/home\/wp-content\/uploads\/2011\/04\/via-sacra.jpg\"},{\"@type\":\"WebPage\",\"@id\":\"https:\/\/www.adf.org.br\/home\/via-sacra-com-maria-imaculada-caminhamos-para-a-pascoa\/#webpage\",\"url\":\"https:\/\/www.adf.org.br\/home\/via-sacra-com-maria-imaculada-caminhamos-para-a-pascoa\/\",\"name\":\"Via-Sacra - Com Maria Imaculada, caminhamos para a P\\u00e1scoa - Associa\\u00e7\\u00e3o Devotos de F\\u00e1tima\",\"isPartOf\":{\"@id\":\"https:\/\/www.adf.org.br\/home\/#website\"},\"primaryImageOfPage\":{\"@id\":\"https:\/\/www.adf.org.br\/home\/via-sacra-com-maria-imaculada-caminhamos-para-a-pascoa\/#primaryimage\"},\"datePublished\":\"2011-04-02T03:00:22+00:00\",\"dateModified\":\"2011-04-02T03:00:22+00:00\",\"author\":{\"@id\":\"https:\/\/www.adf.org.br\/home\/#\/schema\/person\/f35a5c5aa7728a3dedf4ea9aa1fc2753\"},\"breadcrumb\":{\"@id\":\"https:\/\/www.adf.org.br\/home\/via-sacra-com-maria-imaculada-caminhamos-para-a-pascoa\/#breadcrumb\"},\"inLanguage\":\"pt-BR\",\"potentialAction\":[{\"@type\":\"ReadAction\",\"target\":[\"https:\/\/www.adf.org.br\/home\/via-sacra-com-maria-imaculada-caminhamos-para-a-pascoa\/\"]}]},{\"@type\":\"BreadcrumbList\",\"@id\":\"https:\/\/www.adf.org.br\/home\/via-sacra-com-maria-imaculada-caminhamos-para-a-pascoa\/#breadcrumb\",\"itemListElement\":[{\"@type\":\"ListItem\",\"position\":1,\"name\":\"Home\",\"item\":\"https:\/\/www.adf.org.br\/home\/\"},{\"@type\":\"ListItem\",\"position\":2,\"name\":\"Via-Sacra &#8211; Com Maria Imaculada, caminhamos para a P\\u00e1scoa\"}]},{\"@type\":\"Person\",\"@id\":\"https:\/\/www.adf.org.br\/home\/#\/schema\/person\/f35a5c5aa7728a3dedf4ea9aa1fc2753\",\"name\":\"Gabriel Barbosa\",\"image\":{\"@type\":\"ImageObject\",\"@id\":\"https:\/\/www.adf.org.br\/home\/#personlogo\",\"inLanguage\":\"pt-BR\",\"url\":\"https:\/\/secure.gravatar.com\/avatar\/2b2cb2f4637682c5605e8d36818f51ef?s=96&d=mm&r=g\",\"contentUrl\":\"https:\/\/secure.gravatar.com\/avatar\/2b2cb2f4637682c5605e8d36818f51ef?s=96&d=mm&r=g\",\"caption\":\"Gabriel Barbosa\"},\"url\":\"https:\/\/www.adf.org.br\/home\/author\/gabrielpmk-com-br\/\"}]}<\/script>\n<!-- \/ Yoast SEO plugin. -->","yoast_head_json":{"title":"Via-Sacra - Com Maria Imaculada, caminhamos para a P\u00e1scoa - Associa\u00e7\u00e3o Devotos de F\u00e1tima","robots":{"index":"index","follow":"follow","max-snippet":"max-snippet:-1","max-image-preview":"max-image-preview:large","max-video-preview":"max-video-preview:-1"},"canonical":"https:\/\/www.adf.org.br\/home\/via-sacra-com-maria-imaculada-caminhamos-para-a-pascoa\/","og_locale":"pt_BR","og_type":"article","og_title":"Via-Sacra - Com Maria Imaculada, caminhamos para a P\u00e1scoa - Associa\u00e7\u00e3o Devotos de F\u00e1tima","og_description":"Durante os dias da quaresma, um dos exerc\u00edcios espirituais mais conveniente \u00e9 a ora\u00e7\u00e3o da Via-Sacra. Como o nome j\u00e1 diz, Via-Sacra \u00e9 o \u201ccaminho sagrado\u201d. Caminho que Nosso Senhor Jesus Cristo percorreu, acompanhado por sua M\u00e3e, e que culminou na gloriosa ressurrei\u00e7\u00e3o. As esta\u00e7\u00f5es de nossa \u201cvia-sacra\u201d representam as v\u00e1rias situa\u00e7\u00f5es de nossa vida, [&hellip;]","og_url":"https:\/\/www.adf.org.br\/home\/via-sacra-com-maria-imaculada-caminhamos-para-a-pascoa\/","og_site_name":"Associa\u00e7\u00e3o Devotos de F\u00e1tima","article_published_time":"2011-04-02T03:00:22+00:00","og_image":[{"url":"http:\/\/www.adf.org.br\/home\/wp-content\/uploads\/2011\/04\/via-sacra.jpg"}],"twitter_card":"summary_large_image","twitter_misc":{"Escrito por":"Gabriel Barbosa","Est. tempo de leitura":"2 minutos"},"schema":{"@context":"https:\/\/schema.org","@graph":[{"@type":"WebSite","@id":"https:\/\/www.adf.org.br\/home\/#website","url":"https:\/\/www.adf.org.br\/home\/","name":"Associa\u00e7\u00e3o Devotos de F\u00e1tima","description":"Associa\u00e7\u00e3o Devotos de F\u00e1tima","potentialAction":[{"@type":"SearchAction","target":{"@type":"EntryPoint","urlTemplate":"https:\/\/www.adf.org.br\/home\/?s={search_term_string}"},"query-input":"required name=search_term_string"}],"inLanguage":"pt-BR"},{"@type":"ImageObject","@id":"https:\/\/www.adf.org.br\/home\/via-sacra-com-maria-imaculada-caminhamos-para-a-pascoa\/#primaryimage","inLanguage":"pt-BR","url":"http:\/\/www.adf.org.br\/home\/wp-content\/uploads\/2011\/04\/via-sacra.jpg","contentUrl":"http:\/\/www.adf.org.br\/home\/wp-content\/uploads\/2011\/04\/via-sacra.jpg"},{"@type":"WebPage","@id":"https:\/\/www.adf.org.br\/home\/via-sacra-com-maria-imaculada-caminhamos-para-a-pascoa\/#webpage","url":"https:\/\/www.adf.org.br\/home\/via-sacra-com-maria-imaculada-caminhamos-para-a-pascoa\/","name":"Via-Sacra - Com Maria Imaculada, caminhamos para a P\u00e1scoa - Associa\u00e7\u00e3o Devotos de F\u00e1tima","isPartOf":{"@id":"https:\/\/www.adf.org.br\/home\/#website"},"primaryImageOfPage":{"@id":"https:\/\/www.adf.org.br\/home\/via-sacra-com-maria-imaculada-caminhamos-para-a-pascoa\/#primaryimage"},"datePublished":"2011-04-02T03:00:22+00:00","dateModified":"2011-04-02T03:00:22+00:00","author":{"@id":"https:\/\/www.adf.org.br\/home\/#\/schema\/person\/f35a5c5aa7728a3dedf4ea9aa1fc2753"},"breadcrumb":{"@id":"https:\/\/www.adf.org.br\/home\/via-sacra-com-maria-imaculada-caminhamos-para-a-pascoa\/#breadcrumb"},"inLanguage":"pt-BR","potentialAction":[{"@type":"ReadAction","target":["https:\/\/www.adf.org.br\/home\/via-sacra-com-maria-imaculada-caminhamos-para-a-pascoa\/"]}]},{"@type":"BreadcrumbList","@id":"https:\/\/www.adf.org.br\/home\/via-sacra-com-maria-imaculada-caminhamos-para-a-pascoa\/#breadcrumb","itemListElement":[{"@type":"ListItem","position":1,"name":"Home","item":"https:\/\/www.adf.org.br\/home\/"},{"@type":"ListItem","position":2,"name":"Via-Sacra &#8211; Com Maria Imaculada, caminhamos para a P\u00e1scoa"}]},{"@type":"Person","@id":"https:\/\/www.adf.org.br\/home\/#\/schema\/person\/f35a5c5aa7728a3dedf4ea9aa1fc2753","name":"Gabriel Barbosa","image":{"@type":"ImageObject","@id":"https:\/\/www.adf.org.br\/home\/#personlogo","inLanguage":"pt-BR","url":"https:\/\/secure.gravatar.com\/avatar\/2b2cb2f4637682c5605e8d36818f51ef?s=96&d=mm&r=g","contentUrl":"https:\/\/secure.gravatar.com\/avatar\/2b2cb2f4637682c5605e8d36818f51ef?s=96&d=mm&r=g","caption":"Gabriel Barbosa"},"url":"https:\/\/www.adf.org.br\/home\/author\/gabrielpmk-com-br\/"}]}},"_links":{"self":[{"href":"https:\/\/www.adf.org.br\/home\/wp-json\/wp\/v2\/posts\/8751"}],"collection":[{"href":"https:\/\/www.adf.org.br\/home\/wp-json\/wp\/v2\/posts"}],"about":[{"href":"https:\/\/www.adf.org.br\/home\/wp-json\/wp\/v2\/types\/post"}],"author":[{"embeddable":true,"href":"https:\/\/www.adf.org.br\/home\/wp-json\/wp\/v2\/users\/31"}],"replies":[{"embeddable":true,"href":"https:\/\/www.adf.org.br\/home\/wp-json\/wp\/v2\/comments?post=8751"}],"version-history":[{"count":0,"href":"https:\/\/www.adf.org.br\/home\/wp-json\/wp\/v2\/posts\/8751\/revisions"}],"wp:attachment":[{"href":"https:\/\/www.adf.org.br\/home\/wp-json\/wp\/v2\/media?parent=8751"}],"wp:term":[{"taxonomy":"category","embeddable":true,"href":"https:\/\/www.adf.org.br\/home\/wp-json\/wp\/v2\/categories?post=8751"},{"taxonomy":"post_tag","embeddable":true,"href":"https:\/\/www.adf.org.br\/home\/wp-json\/wp\/v2\/tags?post=8751"}],"curies":[{"name":"wp","href":"https:\/\/api.w.org\/{rel}","templated":true}]}}