{"id":8734,"date":"2011-04-03T00:00:57","date_gmt":"2011-04-03T03:00:57","guid":{"rendered":"http:\/\/www.adf.org.br\/home\/?p=8734"},"modified":"2011-04-03T00:00:57","modified_gmt":"2011-04-03T03:00:57","slug":"o-que-importa-e-a-pureza-da-agua","status":"publish","type":"post","link":"https:\/\/www.adf.org.br\/home\/o-que-importa-e-a-pureza-da-agua\/","title":{"rendered":"O que importa \u00e9 a pureza da \u00e1gua?"},"content":{"rendered":"<div style=\"text-align: right;\"><strong><span style=\"text-decoration: underline;\">Adolpho Lindenberg<\/span><\/strong><\/div>\n<div style=\"text-align: right;\"><strong>Do <em>Instituto Plinio Corr\u00eaa de Oliveira<\/em><\/strong><\/div>\n<p><strong>O<\/strong> jornal &#8220;O Estado de S. Paulo&#8221;, no dia 25 de Mar\u00e7o, publicou a seguinte not\u00edcia:<\/p>\n<p class=\"mceTemp\">\n<dl id=\"attachment_8737\" class=\"wp-caption alignleft\" style=\"width: 330px;\">\n<dt class=\"wp-caption-dt\"><img loading=\"lazy\" class=\"size-full wp-image-8737\" title=\"Nossa Senhora de Akita 2\" src=\"http:\/\/www.adf.org.br\/home\/wp-content\/uploads\/2011\/04\/Nossa-Senhora-de-Akita-2.jpg\" alt=\"\" width=\"320\" height=\"127\" \/><\/dt>\n<dd class=\"wp-caption-dd\" style=\"text-align: center;\">\n<p><span style=\"color: #0000ff;\"><strong>Imagem de Nossa Senhora de Akita (Jap\u00e3o), que milagrosamente verteu l\u00e1grimas em 1973<\/strong><\/span><\/p>\n<\/dd>\n<\/dl>\n<p><em>\u201cCensos nacionais dos \u00faltimos cem anos mostram que a religi\u00e3o est\u00e1  amea\u00e7ada em nove pa\u00edses. Os habitantes da Austr\u00e1lia, \u00c1ustria, Canad\u00e1,  Rep\u00fablica Checa, Finl\u00e2ndia, Irlanda, Holanda, Nova Zel\u00e2ndia e Sui\u00e7a,  est\u00e3o cada vez mais longe de qualquer f\u00e9. O status econ\u00f4mico dos avessos  \u00e0 religi\u00e3o explicaria sua influ\u00eancia sobre os demais no longo prazo&#8221;.<\/em><\/p>\n<p>O que torna essa not\u00edcia especialmente apocal\u00edptica \u00e9 o fato de nela  figurarem dois pa\u00edses com s\u00f3lidas tradi\u00e7\u00f5es cat\u00f3licas \u2013 a \u00c1ustria e a  Irlanda.<\/p>\n<p>O que se deveria esperar, o l\u00f3gico, o normal, seria que os episcopados  dessas na\u00e7\u00f5es se apressassem em desmentir t\u00e3o ins\u00f3lita informa\u00e7\u00e3o. Mas  tal n\u00e3o aconteceu, ao menos por enquanto. E por qual raz\u00e3o?<\/p>\n<p>A resposta \u00e9 simpl\u00e9rrima. Acontece que os senhores bispos est\u00e3o  preocupad\u00edssimos, alarmad\u00edssimos, com as amea\u00e7as ambientais \u2013 a pureza  das \u00e0guas, por exemplo. Com essa disposi\u00e7\u00e3o de esp\u00edrito e com essa fonte  de preocupa\u00e7\u00f5es, compreende-se facilmente seu desinteresse pela pureza  dos costumes e pela perda da f\u00e9 em suas dioceses.<\/p>\n<p>Essa not\u00edcia nos remete \u00e0s lamenta\u00e7\u00f5es de Nossa Senhora em F\u00e1tima (Portugal, 1917) e em Akhita (Jap\u00e3o, 1973): <span style=\"font-size: medium;\"><strong><em> <\/em><\/strong><\/span><\/p>\n<p><span style=\"color: #ff0000;\"><span style=\"font-size: medium;\"><strong><em>\u201cSe os homens n\u00e3o deixarem de pecar, de ofender a Nosso Senhor Jesus Cristo, vir\u00e3o sobre a Terra castigos terr\u00edveis\u201d.<\/em><\/strong><\/span><\/span><\/p>\n<p><span style=\"font-size: medium;\"><strong><em><span style=\"font-size: small;\"><a href=\"http:\/\/oratoriodamedalhamilagrosa.org.br\/home\/acenda-sua-vela-30\/?origem=1\" target=\"_blank\" rel=\"noopener noreferrer\">Acenda aqui<\/a> uma vela no Orat\u00f3rio da Medalha Milagrosa por suas inten\u00e7\u00f5es e repara\u00e7\u00e3o dos pecados. <\/span><br \/>\n<\/em><\/strong><\/span><\/p>\n<p><span style=\"font-size: medium;\"><strong><em><br \/>\n<\/em><\/strong><\/span><\/p>\n","protected":false},"excerpt":{"rendered":"<p>Adolpho Lindenberg Do Instituto Plinio Corr\u00eaa de Oliveira O jornal &#8220;O Estado de S. Paulo&#8221;, no dia 25 de Mar\u00e7o, publicou a seguinte not\u00edcia: Imagem de Nossa Senhora de Akita (Jap\u00e3o), que milagrosamente verteu l\u00e1grimas em 1973 \u201cCensos nacionais dos \u00faltimos cem anos mostram que a religi\u00e3o est\u00e1 amea\u00e7ada em nove pa\u00edses. Os habitantes da [&hellip;]<\/p>\n","protected":false},"author":31,"featured_media":0,"comment_status":"open","ping_status":"open","sticky":false,"template":"","format":"standard","meta":[],"categories":[20],"tags":[184,605,51],"yoast_head":"<!-- This site is optimized with the Yoast SEO plugin v17.4 - https:\/\/yoast.com\/wordpress\/plugins\/seo\/ -->\n<title>O que importa \u00e9 a pureza da \u00e1gua? - Associa\u00e7\u00e3o Devotos de F\u00e1tima<\/title>\n<meta name=\"robots\" content=\"index, follow, max-snippet:-1, max-image-preview:large, max-video-preview:-1\" \/>\n<link rel=\"canonical\" href=\"https:\/\/www.adf.org.br\/home\/o-que-importa-e-a-pureza-da-agua\/\" \/>\n<meta property=\"og:locale\" content=\"pt_BR\" \/>\n<meta property=\"og:type\" content=\"article\" \/>\n<meta property=\"og:title\" content=\"O que importa \u00e9 a pureza da \u00e1gua? - Associa\u00e7\u00e3o Devotos de F\u00e1tima\" \/>\n<meta property=\"og:description\" content=\"Adolpho Lindenberg Do Instituto Plinio Corr\u00eaa de Oliveira O jornal &#8220;O Estado de S. Paulo&#8221;, no dia 25 de Mar\u00e7o, publicou a seguinte not\u00edcia: Imagem de Nossa Senhora de Akita (Jap\u00e3o), que milagrosamente verteu l\u00e1grimas em 1973 \u201cCensos nacionais dos \u00faltimos cem anos mostram que a religi\u00e3o est\u00e1 amea\u00e7ada em nove pa\u00edses. Os habitantes da [&hellip;]\" \/>\n<meta property=\"og:url\" content=\"https:\/\/www.adf.org.br\/home\/o-que-importa-e-a-pureza-da-agua\/\" \/>\n<meta property=\"og:site_name\" content=\"Associa\u00e7\u00e3o Devotos de F\u00e1tima\" \/>\n<meta property=\"article:published_time\" content=\"2011-04-03T03:00:57+00:00\" \/>\n<meta property=\"og:image\" content=\"http:\/\/www.adf.org.br\/home\/wp-content\/uploads\/2011\/04\/Nossa-Senhora-de-Akita-2.jpg\" \/>\n<meta name=\"twitter:card\" content=\"summary_large_image\" \/>\n<meta name=\"twitter:label1\" content=\"Escrito por\" \/>\n\t<meta name=\"twitter:data1\" content=\"Gabriel Barbosa\" \/>\n\t<meta name=\"twitter:label2\" content=\"Est. tempo de leitura\" \/>\n\t<meta name=\"twitter:data2\" content=\"1 minuto\" \/>\n<script type=\"application\/ld+json\" class=\"yoast-schema-graph\">{\"@context\":\"https:\/\/schema.org\",\"@graph\":[{\"@type\":\"WebSite\",\"@id\":\"https:\/\/www.adf.org.br\/home\/#website\",\"url\":\"https:\/\/www.adf.org.br\/home\/\",\"name\":\"Associa\\u00e7\\u00e3o Devotos de F\\u00e1tima\",\"description\":\"Associa\\u00e7\\u00e3o Devotos de F\\u00e1tima\",\"potentialAction\":[{\"@type\":\"SearchAction\",\"target\":{\"@type\":\"EntryPoint\",\"urlTemplate\":\"https:\/\/www.adf.org.br\/home\/?s={search_term_string}\"},\"query-input\":\"required name=search_term_string\"}],\"inLanguage\":\"pt-BR\"},{\"@type\":\"ImageObject\",\"@id\":\"https:\/\/www.adf.org.br\/home\/o-que-importa-e-a-pureza-da-agua\/#primaryimage\",\"inLanguage\":\"pt-BR\",\"url\":\"http:\/\/www.adf.org.br\/home\/wp-content\/uploads\/2011\/04\/Nossa-Senhora-de-Akita-2.jpg\",\"contentUrl\":\"http:\/\/www.adf.org.br\/home\/wp-content\/uploads\/2011\/04\/Nossa-Senhora-de-Akita-2.jpg\"},{\"@type\":\"WebPage\",\"@id\":\"https:\/\/www.adf.org.br\/home\/o-que-importa-e-a-pureza-da-agua\/#webpage\",\"url\":\"https:\/\/www.adf.org.br\/home\/o-que-importa-e-a-pureza-da-agua\/\",\"name\":\"O que importa \\u00e9 a pureza da \\u00e1gua? - Associa\\u00e7\\u00e3o Devotos de F\\u00e1tima\",\"isPartOf\":{\"@id\":\"https:\/\/www.adf.org.br\/home\/#website\"},\"primaryImageOfPage\":{\"@id\":\"https:\/\/www.adf.org.br\/home\/o-que-importa-e-a-pureza-da-agua\/#primaryimage\"},\"datePublished\":\"2011-04-03T03:00:57+00:00\",\"dateModified\":\"2011-04-03T03:00:57+00:00\",\"author\":{\"@id\":\"https:\/\/www.adf.org.br\/home\/#\/schema\/person\/f35a5c5aa7728a3dedf4ea9aa1fc2753\"},\"breadcrumb\":{\"@id\":\"https:\/\/www.adf.org.br\/home\/o-que-importa-e-a-pureza-da-agua\/#breadcrumb\"},\"inLanguage\":\"pt-BR\",\"potentialAction\":[{\"@type\":\"ReadAction\",\"target\":[\"https:\/\/www.adf.org.br\/home\/o-que-importa-e-a-pureza-da-agua\/\"]}]},{\"@type\":\"BreadcrumbList\",\"@id\":\"https:\/\/www.adf.org.br\/home\/o-que-importa-e-a-pureza-da-agua\/#breadcrumb\",\"itemListElement\":[{\"@type\":\"ListItem\",\"position\":1,\"name\":\"Home\",\"item\":\"https:\/\/www.adf.org.br\/home\/\"},{\"@type\":\"ListItem\",\"position\":2,\"name\":\"O que importa \\u00e9 a pureza da \\u00e1gua?\"}]},{\"@type\":\"Person\",\"@id\":\"https:\/\/www.adf.org.br\/home\/#\/schema\/person\/f35a5c5aa7728a3dedf4ea9aa1fc2753\",\"name\":\"Gabriel Barbosa\",\"image\":{\"@type\":\"ImageObject\",\"@id\":\"https:\/\/www.adf.org.br\/home\/#personlogo\",\"inLanguage\":\"pt-BR\",\"url\":\"https:\/\/secure.gravatar.com\/avatar\/2b2cb2f4637682c5605e8d36818f51ef?s=96&d=mm&r=g\",\"contentUrl\":\"https:\/\/secure.gravatar.com\/avatar\/2b2cb2f4637682c5605e8d36818f51ef?s=96&d=mm&r=g\",\"caption\":\"Gabriel Barbosa\"},\"url\":\"https:\/\/www.adf.org.br\/home\/author\/gabrielpmk-com-br\/\"}]}<\/script>\n<!-- \/ Yoast SEO plugin. -->","yoast_head_json":{"title":"O que importa \u00e9 a pureza da \u00e1gua? - Associa\u00e7\u00e3o Devotos de F\u00e1tima","robots":{"index":"index","follow":"follow","max-snippet":"max-snippet:-1","max-image-preview":"max-image-preview:large","max-video-preview":"max-video-preview:-1"},"canonical":"https:\/\/www.adf.org.br\/home\/o-que-importa-e-a-pureza-da-agua\/","og_locale":"pt_BR","og_type":"article","og_title":"O que importa \u00e9 a pureza da \u00e1gua? - Associa\u00e7\u00e3o Devotos de F\u00e1tima","og_description":"Adolpho Lindenberg Do Instituto Plinio Corr\u00eaa de Oliveira O jornal &#8220;O Estado de S. Paulo&#8221;, no dia 25 de Mar\u00e7o, publicou a seguinte not\u00edcia: Imagem de Nossa Senhora de Akita (Jap\u00e3o), que milagrosamente verteu l\u00e1grimas em 1973 \u201cCensos nacionais dos \u00faltimos cem anos mostram que a religi\u00e3o est\u00e1 amea\u00e7ada em nove pa\u00edses. Os habitantes da [&hellip;]","og_url":"https:\/\/www.adf.org.br\/home\/o-que-importa-e-a-pureza-da-agua\/","og_site_name":"Associa\u00e7\u00e3o Devotos de F\u00e1tima","article_published_time":"2011-04-03T03:00:57+00:00","og_image":[{"url":"http:\/\/www.adf.org.br\/home\/wp-content\/uploads\/2011\/04\/Nossa-Senhora-de-Akita-2.jpg"}],"twitter_card":"summary_large_image","twitter_misc":{"Escrito por":"Gabriel Barbosa","Est. tempo de leitura":"1 minuto"},"schema":{"@context":"https:\/\/schema.org","@graph":[{"@type":"WebSite","@id":"https:\/\/www.adf.org.br\/home\/#website","url":"https:\/\/www.adf.org.br\/home\/","name":"Associa\u00e7\u00e3o Devotos de F\u00e1tima","description":"Associa\u00e7\u00e3o Devotos de F\u00e1tima","potentialAction":[{"@type":"SearchAction","target":{"@type":"EntryPoint","urlTemplate":"https:\/\/www.adf.org.br\/home\/?s={search_term_string}"},"query-input":"required name=search_term_string"}],"inLanguage":"pt-BR"},{"@type":"ImageObject","@id":"https:\/\/www.adf.org.br\/home\/o-que-importa-e-a-pureza-da-agua\/#primaryimage","inLanguage":"pt-BR","url":"http:\/\/www.adf.org.br\/home\/wp-content\/uploads\/2011\/04\/Nossa-Senhora-de-Akita-2.jpg","contentUrl":"http:\/\/www.adf.org.br\/home\/wp-content\/uploads\/2011\/04\/Nossa-Senhora-de-Akita-2.jpg"},{"@type":"WebPage","@id":"https:\/\/www.adf.org.br\/home\/o-que-importa-e-a-pureza-da-agua\/#webpage","url":"https:\/\/www.adf.org.br\/home\/o-que-importa-e-a-pureza-da-agua\/","name":"O que importa \u00e9 a pureza da \u00e1gua? - Associa\u00e7\u00e3o Devotos de F\u00e1tima","isPartOf":{"@id":"https:\/\/www.adf.org.br\/home\/#website"},"primaryImageOfPage":{"@id":"https:\/\/www.adf.org.br\/home\/o-que-importa-e-a-pureza-da-agua\/#primaryimage"},"datePublished":"2011-04-03T03:00:57+00:00","dateModified":"2011-04-03T03:00:57+00:00","author":{"@id":"https:\/\/www.adf.org.br\/home\/#\/schema\/person\/f35a5c5aa7728a3dedf4ea9aa1fc2753"},"breadcrumb":{"@id":"https:\/\/www.adf.org.br\/home\/o-que-importa-e-a-pureza-da-agua\/#breadcrumb"},"inLanguage":"pt-BR","potentialAction":[{"@type":"ReadAction","target":["https:\/\/www.adf.org.br\/home\/o-que-importa-e-a-pureza-da-agua\/"]}]},{"@type":"BreadcrumbList","@id":"https:\/\/www.adf.org.br\/home\/o-que-importa-e-a-pureza-da-agua\/#breadcrumb","itemListElement":[{"@type":"ListItem","position":1,"name":"Home","item":"https:\/\/www.adf.org.br\/home\/"},{"@type":"ListItem","position":2,"name":"O que importa \u00e9 a pureza da \u00e1gua?"}]},{"@type":"Person","@id":"https:\/\/www.adf.org.br\/home\/#\/schema\/person\/f35a5c5aa7728a3dedf4ea9aa1fc2753","name":"Gabriel Barbosa","image":{"@type":"ImageObject","@id":"https:\/\/www.adf.org.br\/home\/#personlogo","inLanguage":"pt-BR","url":"https:\/\/secure.gravatar.com\/avatar\/2b2cb2f4637682c5605e8d36818f51ef?s=96&d=mm&r=g","contentUrl":"https:\/\/secure.gravatar.com\/avatar\/2b2cb2f4637682c5605e8d36818f51ef?s=96&d=mm&r=g","caption":"Gabriel Barbosa"},"url":"https:\/\/www.adf.org.br\/home\/author\/gabrielpmk-com-br\/"}]}},"_links":{"self":[{"href":"https:\/\/www.adf.org.br\/home\/wp-json\/wp\/v2\/posts\/8734"}],"collection":[{"href":"https:\/\/www.adf.org.br\/home\/wp-json\/wp\/v2\/posts"}],"about":[{"href":"https:\/\/www.adf.org.br\/home\/wp-json\/wp\/v2\/types\/post"}],"author":[{"embeddable":true,"href":"https:\/\/www.adf.org.br\/home\/wp-json\/wp\/v2\/users\/31"}],"replies":[{"embeddable":true,"href":"https:\/\/www.adf.org.br\/home\/wp-json\/wp\/v2\/comments?post=8734"}],"version-history":[{"count":0,"href":"https:\/\/www.adf.org.br\/home\/wp-json\/wp\/v2\/posts\/8734\/revisions"}],"wp:attachment":[{"href":"https:\/\/www.adf.org.br\/home\/wp-json\/wp\/v2\/media?parent=8734"}],"wp:term":[{"taxonomy":"category","embeddable":true,"href":"https:\/\/www.adf.org.br\/home\/wp-json\/wp\/v2\/categories?post=8734"},{"taxonomy":"post_tag","embeddable":true,"href":"https:\/\/www.adf.org.br\/home\/wp-json\/wp\/v2\/tags?post=8734"}],"curies":[{"name":"wp","href":"https:\/\/api.w.org\/{rel}","templated":true}]}}