{"id":8621,"date":"2011-03-28T00:00:22","date_gmt":"2011-03-28T03:00:22","guid":{"rendered":"http:\/\/www.adf.org.br\/home\/?p=8621"},"modified":"2011-03-28T00:00:22","modified_gmt":"2011-03-28T03:00:22","slug":"a-vigilancia-de-maria-santissima-pela-santa-igreja","status":"publish","type":"post","link":"https:\/\/www.adf.org.br\/home\/a-vigilancia-de-maria-santissima-pela-santa-igreja\/","title":{"rendered":"A vigil\u00e2ncia de Maria Sant\u00edssima pela Santa Igreja"},"content":{"rendered":"<p><img loading=\"lazy\" class=\"aligncenter size-full wp-image-8622\" title=\"missa_m\u00e3e_igreja\" src=\"http:\/\/www.adf.org.br\/home\/wp-content\/uploads\/2011\/03\/missa_m\u00e3e_igreja.jpg\" alt=\"\" width=\"526\" height=\"338\" \/><\/p>\n<p>Do cume da gra\u00e7a e santidade, poss\u00edveis a uma pura criatura, a grande Senhora do mundo olhava, com sua divina ci\u00eancia, a pequena grei da Igreja, que todos os dias ia se multiplicando.<\/p>\n<p>Este cuidado da M\u00e3e, defendia aquela santa fam\u00edlia que a piedosa Rainha considerava sua, e estimava como heran\u00e7a e propriedade de seu Filho Sant\u00edssimo, por\u00e7\u00e3o eleita do Alt\u00edssimo, escolhida entre todo o resto dos mortais.<\/p>\n<p><span style=\"color: #0000ff;\"><span style=\"font-size: medium;\"><strong>Ora\u00e7\u00e3o pela Santa Igreja, feita por Nossa Senhora<\/strong><\/span><\/span><\/p>\n<p>\u201cRecebei, Filho meu, o sacrif\u00edcio de meus l\u00e1bios e da minha vontade, que ofere\u00e7o com vossos pr\u00f3prios m\u00e9ritos. Atendei a vossos fi\u00e9is, guiai aos que s\u00f3 em v\u00f3s esperam e se entregam \u00e0 vossa santa f\u00e9. Iluminai a S\u00e3o Pedro, vosso vig\u00e1rio, para que ele governe com acerto as almas que lhe encomendastes. Guardai a todos os ap\u00f3stolos, vossos ministros e meus senhores. Cobri-os com vossa feliz b\u00ean\u00e7\u00e3o, para que todos cumpram vossa vontade perfeita e santa\u201d.<\/p>\n<p>(Fonte: M\u00edstica Cidade de Deus \u2013 Volume VII)<\/p>\n","protected":false},"excerpt":{"rendered":"<p>Do cume da gra\u00e7a e santidade, poss\u00edveis a uma pura criatura, a grande Senhora do mundo olhava, com sua divina ci\u00eancia, a pequena grei da Igreja, que todos os dias ia se multiplicando. Este cuidado da M\u00e3e, defendia aquela santa fam\u00edlia que a piedosa Rainha considerava sua, e estimava como heran\u00e7a e propriedade de seu [&hellip;]<\/p>\n","protected":false},"author":31,"featured_media":0,"comment_status":"open","ping_status":"open","sticky":false,"template":"","format":"standard","meta":[],"categories":[20],"tags":[38,677],"yoast_head":"<!-- This site is optimized with the Yoast SEO plugin v17.4 - https:\/\/yoast.com\/wordpress\/plugins\/seo\/ -->\n<title>A vigil\u00e2ncia de Maria Sant\u00edssima pela Santa Igreja - Associa\u00e7\u00e3o Devotos de F\u00e1tima<\/title>\n<meta name=\"robots\" content=\"index, follow, max-snippet:-1, max-image-preview:large, max-video-preview:-1\" \/>\n<link rel=\"canonical\" href=\"https:\/\/www.adf.org.br\/home\/a-vigilancia-de-maria-santissima-pela-santa-igreja\/\" \/>\n<meta property=\"og:locale\" content=\"pt_BR\" \/>\n<meta property=\"og:type\" content=\"article\" \/>\n<meta property=\"og:title\" content=\"A vigil\u00e2ncia de Maria Sant\u00edssima pela Santa Igreja - Associa\u00e7\u00e3o Devotos de F\u00e1tima\" \/>\n<meta property=\"og:description\" content=\"Do cume da gra\u00e7a e santidade, poss\u00edveis a uma pura criatura, a grande Senhora do mundo olhava, com sua divina ci\u00eancia, a pequena grei da Igreja, que todos os dias ia se multiplicando. Este cuidado da M\u00e3e, defendia aquela santa fam\u00edlia que a piedosa Rainha considerava sua, e estimava como heran\u00e7a e propriedade de seu [&hellip;]\" \/>\n<meta property=\"og:url\" content=\"https:\/\/www.adf.org.br\/home\/a-vigilancia-de-maria-santissima-pela-santa-igreja\/\" \/>\n<meta property=\"og:site_name\" content=\"Associa\u00e7\u00e3o Devotos de F\u00e1tima\" \/>\n<meta property=\"article:published_time\" content=\"2011-03-28T03:00:22+00:00\" \/>\n<meta property=\"og:image\" content=\"http:\/\/www.adf.org.br\/home\/wp-content\/uploads\/2011\/03\/missa_m\u00e3e_igreja.jpg\" \/>\n<meta name=\"twitter:card\" content=\"summary_large_image\" \/>\n<meta name=\"twitter:label1\" content=\"Escrito por\" \/>\n\t<meta name=\"twitter:data1\" content=\"Gabriel Barbosa\" \/>\n\t<meta name=\"twitter:label2\" content=\"Est. tempo de leitura\" \/>\n\t<meta name=\"twitter:data2\" content=\"1 minuto\" \/>\n<script type=\"application\/ld+json\" class=\"yoast-schema-graph\">{\"@context\":\"https:\/\/schema.org\",\"@graph\":[{\"@type\":\"WebSite\",\"@id\":\"https:\/\/www.adf.org.br\/home\/#website\",\"url\":\"https:\/\/www.adf.org.br\/home\/\",\"name\":\"Associa\\u00e7\\u00e3o Devotos de F\\u00e1tima\",\"description\":\"Associa\\u00e7\\u00e3o Devotos de F\\u00e1tima\",\"potentialAction\":[{\"@type\":\"SearchAction\",\"target\":{\"@type\":\"EntryPoint\",\"urlTemplate\":\"https:\/\/www.adf.org.br\/home\/?s={search_term_string}\"},\"query-input\":\"required name=search_term_string\"}],\"inLanguage\":\"pt-BR\"},{\"@type\":\"ImageObject\",\"@id\":\"https:\/\/www.adf.org.br\/home\/a-vigilancia-de-maria-santissima-pela-santa-igreja\/#primaryimage\",\"inLanguage\":\"pt-BR\",\"url\":\"http:\/\/www.adf.org.br\/home\/wp-content\/uploads\/2011\/03\/missa_m\\u00e3e_igreja.jpg\",\"contentUrl\":\"http:\/\/www.adf.org.br\/home\/wp-content\/uploads\/2011\/03\/missa_m\\u00e3e_igreja.jpg\"},{\"@type\":\"WebPage\",\"@id\":\"https:\/\/www.adf.org.br\/home\/a-vigilancia-de-maria-santissima-pela-santa-igreja\/#webpage\",\"url\":\"https:\/\/www.adf.org.br\/home\/a-vigilancia-de-maria-santissima-pela-santa-igreja\/\",\"name\":\"A vigil\\u00e2ncia de Maria Sant\\u00edssima pela Santa Igreja - Associa\\u00e7\\u00e3o Devotos de F\\u00e1tima\",\"isPartOf\":{\"@id\":\"https:\/\/www.adf.org.br\/home\/#website\"},\"primaryImageOfPage\":{\"@id\":\"https:\/\/www.adf.org.br\/home\/a-vigilancia-de-maria-santissima-pela-santa-igreja\/#primaryimage\"},\"datePublished\":\"2011-03-28T03:00:22+00:00\",\"dateModified\":\"2011-03-28T03:00:22+00:00\",\"author\":{\"@id\":\"https:\/\/www.adf.org.br\/home\/#\/schema\/person\/f35a5c5aa7728a3dedf4ea9aa1fc2753\"},\"breadcrumb\":{\"@id\":\"https:\/\/www.adf.org.br\/home\/a-vigilancia-de-maria-santissima-pela-santa-igreja\/#breadcrumb\"},\"inLanguage\":\"pt-BR\",\"potentialAction\":[{\"@type\":\"ReadAction\",\"target\":[\"https:\/\/www.adf.org.br\/home\/a-vigilancia-de-maria-santissima-pela-santa-igreja\/\"]}]},{\"@type\":\"BreadcrumbList\",\"@id\":\"https:\/\/www.adf.org.br\/home\/a-vigilancia-de-maria-santissima-pela-santa-igreja\/#breadcrumb\",\"itemListElement\":[{\"@type\":\"ListItem\",\"position\":1,\"name\":\"Home\",\"item\":\"https:\/\/www.adf.org.br\/home\/\"},{\"@type\":\"ListItem\",\"position\":2,\"name\":\"A vigil\\u00e2ncia de Maria Sant\\u00edssima pela Santa Igreja\"}]},{\"@type\":\"Person\",\"@id\":\"https:\/\/www.adf.org.br\/home\/#\/schema\/person\/f35a5c5aa7728a3dedf4ea9aa1fc2753\",\"name\":\"Gabriel Barbosa\",\"image\":{\"@type\":\"ImageObject\",\"@id\":\"https:\/\/www.adf.org.br\/home\/#personlogo\",\"inLanguage\":\"pt-BR\",\"url\":\"https:\/\/secure.gravatar.com\/avatar\/2b2cb2f4637682c5605e8d36818f51ef?s=96&d=mm&r=g\",\"contentUrl\":\"https:\/\/secure.gravatar.com\/avatar\/2b2cb2f4637682c5605e8d36818f51ef?s=96&d=mm&r=g\",\"caption\":\"Gabriel Barbosa\"},\"url\":\"https:\/\/www.adf.org.br\/home\/author\/gabrielpmk-com-br\/\"}]}<\/script>\n<!-- \/ Yoast SEO plugin. -->","yoast_head_json":{"title":"A vigil\u00e2ncia de Maria Sant\u00edssima pela Santa Igreja - Associa\u00e7\u00e3o Devotos de F\u00e1tima","robots":{"index":"index","follow":"follow","max-snippet":"max-snippet:-1","max-image-preview":"max-image-preview:large","max-video-preview":"max-video-preview:-1"},"canonical":"https:\/\/www.adf.org.br\/home\/a-vigilancia-de-maria-santissima-pela-santa-igreja\/","og_locale":"pt_BR","og_type":"article","og_title":"A vigil\u00e2ncia de Maria Sant\u00edssima pela Santa Igreja - Associa\u00e7\u00e3o Devotos de F\u00e1tima","og_description":"Do cume da gra\u00e7a e santidade, poss\u00edveis a uma pura criatura, a grande Senhora do mundo olhava, com sua divina ci\u00eancia, a pequena grei da Igreja, que todos os dias ia se multiplicando. Este cuidado da M\u00e3e, defendia aquela santa fam\u00edlia que a piedosa Rainha considerava sua, e estimava como heran\u00e7a e propriedade de seu [&hellip;]","og_url":"https:\/\/www.adf.org.br\/home\/a-vigilancia-de-maria-santissima-pela-santa-igreja\/","og_site_name":"Associa\u00e7\u00e3o Devotos de F\u00e1tima","article_published_time":"2011-03-28T03:00:22+00:00","og_image":[{"url":"http:\/\/www.adf.org.br\/home\/wp-content\/uploads\/2011\/03\/missa_m\u00e3e_igreja.jpg"}],"twitter_card":"summary_large_image","twitter_misc":{"Escrito por":"Gabriel Barbosa","Est. tempo de leitura":"1 minuto"},"schema":{"@context":"https:\/\/schema.org","@graph":[{"@type":"WebSite","@id":"https:\/\/www.adf.org.br\/home\/#website","url":"https:\/\/www.adf.org.br\/home\/","name":"Associa\u00e7\u00e3o Devotos de F\u00e1tima","description":"Associa\u00e7\u00e3o Devotos de F\u00e1tima","potentialAction":[{"@type":"SearchAction","target":{"@type":"EntryPoint","urlTemplate":"https:\/\/www.adf.org.br\/home\/?s={search_term_string}"},"query-input":"required name=search_term_string"}],"inLanguage":"pt-BR"},{"@type":"ImageObject","@id":"https:\/\/www.adf.org.br\/home\/a-vigilancia-de-maria-santissima-pela-santa-igreja\/#primaryimage","inLanguage":"pt-BR","url":"http:\/\/www.adf.org.br\/home\/wp-content\/uploads\/2011\/03\/missa_m\u00e3e_igreja.jpg","contentUrl":"http:\/\/www.adf.org.br\/home\/wp-content\/uploads\/2011\/03\/missa_m\u00e3e_igreja.jpg"},{"@type":"WebPage","@id":"https:\/\/www.adf.org.br\/home\/a-vigilancia-de-maria-santissima-pela-santa-igreja\/#webpage","url":"https:\/\/www.adf.org.br\/home\/a-vigilancia-de-maria-santissima-pela-santa-igreja\/","name":"A vigil\u00e2ncia de Maria Sant\u00edssima pela Santa Igreja - Associa\u00e7\u00e3o Devotos de F\u00e1tima","isPartOf":{"@id":"https:\/\/www.adf.org.br\/home\/#website"},"primaryImageOfPage":{"@id":"https:\/\/www.adf.org.br\/home\/a-vigilancia-de-maria-santissima-pela-santa-igreja\/#primaryimage"},"datePublished":"2011-03-28T03:00:22+00:00","dateModified":"2011-03-28T03:00:22+00:00","author":{"@id":"https:\/\/www.adf.org.br\/home\/#\/schema\/person\/f35a5c5aa7728a3dedf4ea9aa1fc2753"},"breadcrumb":{"@id":"https:\/\/www.adf.org.br\/home\/a-vigilancia-de-maria-santissima-pela-santa-igreja\/#breadcrumb"},"inLanguage":"pt-BR","potentialAction":[{"@type":"ReadAction","target":["https:\/\/www.adf.org.br\/home\/a-vigilancia-de-maria-santissima-pela-santa-igreja\/"]}]},{"@type":"BreadcrumbList","@id":"https:\/\/www.adf.org.br\/home\/a-vigilancia-de-maria-santissima-pela-santa-igreja\/#breadcrumb","itemListElement":[{"@type":"ListItem","position":1,"name":"Home","item":"https:\/\/www.adf.org.br\/home\/"},{"@type":"ListItem","position":2,"name":"A vigil\u00e2ncia de Maria Sant\u00edssima pela Santa Igreja"}]},{"@type":"Person","@id":"https:\/\/www.adf.org.br\/home\/#\/schema\/person\/f35a5c5aa7728a3dedf4ea9aa1fc2753","name":"Gabriel Barbosa","image":{"@type":"ImageObject","@id":"https:\/\/www.adf.org.br\/home\/#personlogo","inLanguage":"pt-BR","url":"https:\/\/secure.gravatar.com\/avatar\/2b2cb2f4637682c5605e8d36818f51ef?s=96&d=mm&r=g","contentUrl":"https:\/\/secure.gravatar.com\/avatar\/2b2cb2f4637682c5605e8d36818f51ef?s=96&d=mm&r=g","caption":"Gabriel Barbosa"},"url":"https:\/\/www.adf.org.br\/home\/author\/gabrielpmk-com-br\/"}]}},"_links":{"self":[{"href":"https:\/\/www.adf.org.br\/home\/wp-json\/wp\/v2\/posts\/8621"}],"collection":[{"href":"https:\/\/www.adf.org.br\/home\/wp-json\/wp\/v2\/posts"}],"about":[{"href":"https:\/\/www.adf.org.br\/home\/wp-json\/wp\/v2\/types\/post"}],"author":[{"embeddable":true,"href":"https:\/\/www.adf.org.br\/home\/wp-json\/wp\/v2\/users\/31"}],"replies":[{"embeddable":true,"href":"https:\/\/www.adf.org.br\/home\/wp-json\/wp\/v2\/comments?post=8621"}],"version-history":[{"count":0,"href":"https:\/\/www.adf.org.br\/home\/wp-json\/wp\/v2\/posts\/8621\/revisions"}],"wp:attachment":[{"href":"https:\/\/www.adf.org.br\/home\/wp-json\/wp\/v2\/media?parent=8621"}],"wp:term":[{"taxonomy":"category","embeddable":true,"href":"https:\/\/www.adf.org.br\/home\/wp-json\/wp\/v2\/categories?post=8621"},{"taxonomy":"post_tag","embeddable":true,"href":"https:\/\/www.adf.org.br\/home\/wp-json\/wp\/v2\/tags?post=8621"}],"curies":[{"name":"wp","href":"https:\/\/api.w.org\/{rel}","templated":true}]}}