{"id":8503,"date":"2011-04-05T00:01:13","date_gmt":"2011-04-05T03:01:13","guid":{"rendered":"http:\/\/www.adf.org.br\/home\/?p=8503"},"modified":"2011-04-05T00:01:13","modified_gmt":"2011-04-05T03:01:13","slug":"envie-suas-suplicas-ao-santuario-de-fatima","status":"publish","type":"post","link":"https:\/\/www.adf.org.br\/home\/envie-suas-suplicas-ao-santuario-de-fatima\/","title":{"rendered":"Envie suas s\u00faplicas ao Santu\u00e1rio de F\u00e1tima, em Portugal"},"content":{"rendered":"<p>O dia 13 de maio de 1917 foi um grande marco para a hist\u00f3ria do cristianismo.<\/p>\n<p>Neste dia, a Virgem Maria fez sua primeira apari\u00e7\u00e3o na cidade de F\u00e1tima em Portugal, a tr\u00eas crian\u00e7as que pastoreavam os rebanhos de suas fam\u00edlias: <strong>Jacinta, Francisco e Lucia.<\/strong><\/p>\n<p style=\"text-align: center;\"><strong><a href=\"http:\/\/www.oratoriodamedalhamilagrosa.org.br\/vela-de-fatima\/?origem=1\" target=\"_blank\" rel=\"noopener noreferrer\"><img loading=\"lazy\" class=\"aligncenter size-full wp-image-8510\" title=\"Nossa Senhora aparece aos pastorinhos\" src=\"http:\/\/www.adf.org.br\/home\/wp-content\/uploads\/2011\/03\/fatima1.jpg\" alt=\"\" width=\"484\" height=\"480\" \/><\/a><br \/>\n <\/strong><\/p>\n<p>A partir da\u00ed, a humanidade teve mais um motivo para se alegrar, pois Nossa Senhora revelou grandes mist\u00e9rios aos pastorinhos para alcan\u00e7armos a salva\u00e7\u00e3o de nossas almas, bem como interceder pelos pecadores.<\/p>\n<p>Todo ano acontece uma grande peregrina\u00e7\u00e3o at\u00e9 F\u00e1tima, onde um lindo Santu\u00e1rio foi constru\u00eddo em honra a Nossa Senhora.<\/p>\n<p style=\"text-align: center;\"><a href=\"http:\/\/www.oratoriodamedalhamilagrosa.org.br\/vela-de-fatima\/?origem=1\" target=\"_blank\" rel=\"noopener noreferrer\"><img loading=\"lazy\" class=\"aligncenter size-full wp-image-8507\" title=\"Santu\u00e1rio de F\u00e1tima\" src=\"http:\/\/www.adf.org.br\/home\/wp-content\/uploads\/2011\/03\/fatima2.jpg\" alt=\"\" width=\"480\" height=\"319\" \/><\/a><\/p>\n<p>Queremos lhe convidar para participar espiritualmente desta peregrina\u00e7\u00e3o.<\/p>\n<p>Basta que voc\u00ea <span style=\"text-decoration: underline;\"><a href=\"http:\/\/www.oratoriodamedalhamilagrosa.org.br\/vela-de-fatima\/?origem=1\" target=\"_blank\" rel=\"noopener noreferrer\">entre aqui<\/a><\/span> e inscreva suas inten\u00e7\u00f5es a Virgem Sant\u00edssima.<\/p>\n<p>Quando voc\u00ea inscrever seus pedidos, uma vela vitual ser\u00e1 acesa em seu nome e brilhar\u00e1 at\u00e9 o dia 13 de maio no Orat\u00f3rio da Medalha Milagrosa.<\/p>\n<p><strong>Al\u00e9m disso, o coordenador de campanhas da <\/strong><strong><span style=\"color: #3366ff;\">Associa\u00e7\u00e3o Devotos de F\u00e1tima<\/span><\/strong><strong>, Sr. Marcos Luiz Garcia, ir\u00e1 imprimir todas as inten\u00e7\u00f5es que voc\u00ea escrever aqui e as levar\u00e1 at\u00e9 o Santu\u00e1rio de F\u00e1tima<\/strong>.<\/p>\n<p><strong><span style=\"color: #ff0000;\">Mas aten\u00e7\u00e3o!<\/span><\/strong><\/p>\n<p>Voc\u00ea tem at\u00e9 o dia <strong>30 de abril<\/strong> para acender a vela e enviar suas inten\u00e7\u00f5es.<\/p>\n<p><span style=\"text-decoration: underline;\"><a href=\"http:\/\/www.oratoriodamedalhamilagrosa.org.br\/vela-de-fatima\/?origem=1\" target=\"_blank\" rel=\"noopener noreferrer\">Acenda agora<\/a><\/span> uma vela por suas inten\u00e7\u00f5es e tenha a certeza que seus pedidos ser\u00e3o depositados na capelinha das apari\u00e7\u00f5es, constru\u00edda no local onde Nossa Senhora apareceu aos pastorinhos.<\/p>\n<p style=\"text-align: center;\"><a href=\"http:\/\/www.oratoriodamedalhamilagrosa.org.br\/vela-de-fatima\/?origem=1\" target=\"_blank\" rel=\"noopener noreferrer\"><img loading=\"lazy\" class=\"aligncenter size-medium wp-image-8508\" title=\"Capelinha das apari\u00e7\u00f5es\" src=\"http:\/\/www.adf.org.br\/home\/wp-content\/uploads\/2011\/03\/fatima3-300x224.png\" alt=\"\" width=\"300\" height=\"224\" \/><\/a><\/p>\n<p>O Sr Marcos Luiz Garcia tamb\u00e9m acender\u00e1 uma vela pelos participantes e rezar\u00e1 um ros\u00e1rio pedindo a Virgem Sant\u00edssima que olhe por todas as pessoas ali representadas pelas suas inten\u00e7\u00f5es.<\/p>\n<p>Participe desta peregrina\u00e7\u00e3o. <span style=\"text-decoration: underline;\"><a href=\"http:\/\/www.oratoriodamedalhamilagrosa.org.br\/vela-de-fatima\/?origem=1\" target=\"_blank\" rel=\"noopener noreferrer\">Inscreva aqui<\/a><\/span> suas s\u00faplicas a Nossa Senhora de F\u00e1tima.<\/p>\n<p>Mesmo que voc\u00ea n\u00e3o possa estar l\u00e1 em Portugal fisicamente, por meio de <span style=\"text-decoration: underline;\"><a href=\"http:\/\/www.oratoriodamedalhamilagrosa.org.br\/vela-de-fatima\/?origem=1\" target=\"_blank\" rel=\"noopener noreferrer\">sua vela e dos seus pedidos registrados no Orat\u00f3rio<\/a><\/span>, Nossa Senhora ver\u00e1 que voc\u00ea est\u00e1 participando desta peregrina\u00e7\u00e3o e certamente vai lhe atender.<\/p>\n<p><strong>N\u00e3o deixe de participar!<\/strong><\/p>\n<p>Convide tamb\u00e9m seus amigos para acender a vela e inscrever suas inten\u00e7\u00f5es.<\/p>\n<p>Recomende esta p\u00e1gina a eles por meio do twitter e do facebook.<\/p>\n<p>Nossa Senhora de F\u00e1tima tem uma ben\u00e7\u00e3o especial para voc\u00ea, basta que voc\u00ea tenha f\u00e9 e tome a iniciativa de interceder a Ela. <span style=\"text-decoration: underline;\"><a href=\"http:\/\/www.oratoriodamedalhamilagrosa.org.br\/vela-de-fatima\/?origem=1\" target=\"_blank\" rel=\"noopener noreferrer\">Acenda aqui<\/a><\/span> sua vela para a Virgem de F\u00e1tima.<\/p>\n","protected":false},"excerpt":{"rendered":"<p>O dia 13 de maio de 1917 foi um grande marco para a hist\u00f3ria do cristianismo. Neste dia, a Virgem Maria fez sua primeira apari\u00e7\u00e3o na cidade de F\u00e1tima em Portugal, a tr\u00eas crian\u00e7as que pastoreavam os rebanhos de suas fam\u00edlias: Jacinta, Francisco e Lucia. A partir da\u00ed, a humanidade teve mais um motivo para [&hellip;]<\/p>\n","protected":false},"author":27,"featured_media":0,"comment_status":"open","ping_status":"open","sticky":false,"template":"","format":"standard","meta":[],"categories":[20],"tags":[],"yoast_head":"<!-- This site is optimized with the Yoast SEO plugin v17.4 - https:\/\/yoast.com\/wordpress\/plugins\/seo\/ -->\n<title>Envie suas s\u00faplicas ao Santu\u00e1rio de F\u00e1tima, em Portugal - Associa\u00e7\u00e3o Devotos de F\u00e1tima<\/title>\n<meta name=\"robots\" content=\"index, follow, max-snippet:-1, max-image-preview:large, max-video-preview:-1\" \/>\n<link rel=\"canonical\" href=\"https:\/\/www.adf.org.br\/home\/envie-suas-suplicas-ao-santuario-de-fatima\/\" \/>\n<meta property=\"og:locale\" content=\"pt_BR\" \/>\n<meta property=\"og:type\" content=\"article\" \/>\n<meta property=\"og:title\" content=\"Envie suas s\u00faplicas ao Santu\u00e1rio de F\u00e1tima, em Portugal - Associa\u00e7\u00e3o Devotos de F\u00e1tima\" \/>\n<meta property=\"og:description\" content=\"O dia 13 de maio de 1917 foi um grande marco para a hist\u00f3ria do cristianismo. Neste dia, a Virgem Maria fez sua primeira apari\u00e7\u00e3o na cidade de F\u00e1tima em Portugal, a tr\u00eas crian\u00e7as que pastoreavam os rebanhos de suas fam\u00edlias: Jacinta, Francisco e Lucia. A partir da\u00ed, a humanidade teve mais um motivo para [&hellip;]\" \/>\n<meta property=\"og:url\" content=\"https:\/\/www.adf.org.br\/home\/envie-suas-suplicas-ao-santuario-de-fatima\/\" \/>\n<meta property=\"og:site_name\" content=\"Associa\u00e7\u00e3o Devotos de F\u00e1tima\" \/>\n<meta property=\"article:published_time\" content=\"2011-04-05T03:01:13+00:00\" \/>\n<meta property=\"og:image\" content=\"http:\/\/www.adf.org.br\/home\/wp-content\/uploads\/2011\/03\/fatima1.jpg\" \/>\n<meta name=\"twitter:card\" content=\"summary_large_image\" \/>\n<meta name=\"twitter:label1\" content=\"Escrito por\" \/>\n\t<meta name=\"twitter:data1\" content=\"Gabriel Barbosa\" \/>\n\t<meta name=\"twitter:label2\" content=\"Est. tempo de leitura\" \/>\n\t<meta name=\"twitter:data2\" content=\"2 minutos\" \/>\n<script type=\"application\/ld+json\" class=\"yoast-schema-graph\">{\"@context\":\"https:\/\/schema.org\",\"@graph\":[{\"@type\":\"WebSite\",\"@id\":\"https:\/\/www.adf.org.br\/home\/#website\",\"url\":\"https:\/\/www.adf.org.br\/home\/\",\"name\":\"Associa\\u00e7\\u00e3o Devotos de F\\u00e1tima\",\"description\":\"Associa\\u00e7\\u00e3o Devotos de F\\u00e1tima\",\"potentialAction\":[{\"@type\":\"SearchAction\",\"target\":{\"@type\":\"EntryPoint\",\"urlTemplate\":\"https:\/\/www.adf.org.br\/home\/?s={search_term_string}\"},\"query-input\":\"required name=search_term_string\"}],\"inLanguage\":\"pt-BR\"},{\"@type\":\"ImageObject\",\"@id\":\"https:\/\/www.adf.org.br\/home\/envie-suas-suplicas-ao-santuario-de-fatima\/#primaryimage\",\"inLanguage\":\"pt-BR\",\"url\":\"http:\/\/www.adf.org.br\/home\/wp-content\/uploads\/2011\/03\/fatima1.jpg\",\"contentUrl\":\"http:\/\/www.adf.org.br\/home\/wp-content\/uploads\/2011\/03\/fatima1.jpg\"},{\"@type\":\"WebPage\",\"@id\":\"https:\/\/www.adf.org.br\/home\/envie-suas-suplicas-ao-santuario-de-fatima\/#webpage\",\"url\":\"https:\/\/www.adf.org.br\/home\/envie-suas-suplicas-ao-santuario-de-fatima\/\",\"name\":\"Envie suas s\\u00faplicas ao Santu\\u00e1rio de F\\u00e1tima, em Portugal - Associa\\u00e7\\u00e3o Devotos de F\\u00e1tima\",\"isPartOf\":{\"@id\":\"https:\/\/www.adf.org.br\/home\/#website\"},\"primaryImageOfPage\":{\"@id\":\"https:\/\/www.adf.org.br\/home\/envie-suas-suplicas-ao-santuario-de-fatima\/#primaryimage\"},\"datePublished\":\"2011-04-05T03:01:13+00:00\",\"dateModified\":\"2011-04-05T03:01:13+00:00\",\"author\":{\"@id\":\"https:\/\/www.adf.org.br\/home\/#\/schema\/person\/affa494ecf91434f3620f5392de44327\"},\"breadcrumb\":{\"@id\":\"https:\/\/www.adf.org.br\/home\/envie-suas-suplicas-ao-santuario-de-fatima\/#breadcrumb\"},\"inLanguage\":\"pt-BR\",\"potentialAction\":[{\"@type\":\"ReadAction\",\"target\":[\"https:\/\/www.adf.org.br\/home\/envie-suas-suplicas-ao-santuario-de-fatima\/\"]}]},{\"@type\":\"BreadcrumbList\",\"@id\":\"https:\/\/www.adf.org.br\/home\/envie-suas-suplicas-ao-santuario-de-fatima\/#breadcrumb\",\"itemListElement\":[{\"@type\":\"ListItem\",\"position\":1,\"name\":\"Home\",\"item\":\"https:\/\/www.adf.org.br\/home\/\"},{\"@type\":\"ListItem\",\"position\":2,\"name\":\"Envie suas s\\u00faplicas ao Santu\\u00e1rio de F\\u00e1tima, em Portugal\"}]},{\"@type\":\"Person\",\"@id\":\"https:\/\/www.adf.org.br\/home\/#\/schema\/person\/affa494ecf91434f3620f5392de44327\",\"name\":\"Gabriel Barbosa\",\"image\":{\"@type\":\"ImageObject\",\"@id\":\"https:\/\/www.adf.org.br\/home\/#personlogo\",\"inLanguage\":\"pt-BR\",\"url\":\"https:\/\/secure.gravatar.com\/avatar\/ecf2eab02e30486a7038f8b2858de06a?s=96&d=mm&r=g\",\"contentUrl\":\"https:\/\/secure.gravatar.com\/avatar\/ecf2eab02e30486a7038f8b2858de06a?s=96&d=mm&r=g\",\"caption\":\"Gabriel Barbosa\"},\"url\":\"https:\/\/www.adf.org.br\/home\/author\/gabriel-aascj\/\"}]}<\/script>\n<!-- \/ Yoast SEO plugin. -->","yoast_head_json":{"title":"Envie suas s\u00faplicas ao Santu\u00e1rio de F\u00e1tima, em Portugal - Associa\u00e7\u00e3o Devotos de F\u00e1tima","robots":{"index":"index","follow":"follow","max-snippet":"max-snippet:-1","max-image-preview":"max-image-preview:large","max-video-preview":"max-video-preview:-1"},"canonical":"https:\/\/www.adf.org.br\/home\/envie-suas-suplicas-ao-santuario-de-fatima\/","og_locale":"pt_BR","og_type":"article","og_title":"Envie suas s\u00faplicas ao Santu\u00e1rio de F\u00e1tima, em Portugal - Associa\u00e7\u00e3o Devotos de F\u00e1tima","og_description":"O dia 13 de maio de 1917 foi um grande marco para a hist\u00f3ria do cristianismo. Neste dia, a Virgem Maria fez sua primeira apari\u00e7\u00e3o na cidade de F\u00e1tima em Portugal, a tr\u00eas crian\u00e7as que pastoreavam os rebanhos de suas fam\u00edlias: Jacinta, Francisco e Lucia. A partir da\u00ed, a humanidade teve mais um motivo para [&hellip;]","og_url":"https:\/\/www.adf.org.br\/home\/envie-suas-suplicas-ao-santuario-de-fatima\/","og_site_name":"Associa\u00e7\u00e3o Devotos de F\u00e1tima","article_published_time":"2011-04-05T03:01:13+00:00","og_image":[{"url":"http:\/\/www.adf.org.br\/home\/wp-content\/uploads\/2011\/03\/fatima1.jpg"}],"twitter_card":"summary_large_image","twitter_misc":{"Escrito por":"Gabriel Barbosa","Est. tempo de leitura":"2 minutos"},"schema":{"@context":"https:\/\/schema.org","@graph":[{"@type":"WebSite","@id":"https:\/\/www.adf.org.br\/home\/#website","url":"https:\/\/www.adf.org.br\/home\/","name":"Associa\u00e7\u00e3o Devotos de F\u00e1tima","description":"Associa\u00e7\u00e3o Devotos de F\u00e1tima","potentialAction":[{"@type":"SearchAction","target":{"@type":"EntryPoint","urlTemplate":"https:\/\/www.adf.org.br\/home\/?s={search_term_string}"},"query-input":"required name=search_term_string"}],"inLanguage":"pt-BR"},{"@type":"ImageObject","@id":"https:\/\/www.adf.org.br\/home\/envie-suas-suplicas-ao-santuario-de-fatima\/#primaryimage","inLanguage":"pt-BR","url":"http:\/\/www.adf.org.br\/home\/wp-content\/uploads\/2011\/03\/fatima1.jpg","contentUrl":"http:\/\/www.adf.org.br\/home\/wp-content\/uploads\/2011\/03\/fatima1.jpg"},{"@type":"WebPage","@id":"https:\/\/www.adf.org.br\/home\/envie-suas-suplicas-ao-santuario-de-fatima\/#webpage","url":"https:\/\/www.adf.org.br\/home\/envie-suas-suplicas-ao-santuario-de-fatima\/","name":"Envie suas s\u00faplicas ao Santu\u00e1rio de F\u00e1tima, em Portugal - Associa\u00e7\u00e3o Devotos de F\u00e1tima","isPartOf":{"@id":"https:\/\/www.adf.org.br\/home\/#website"},"primaryImageOfPage":{"@id":"https:\/\/www.adf.org.br\/home\/envie-suas-suplicas-ao-santuario-de-fatima\/#primaryimage"},"datePublished":"2011-04-05T03:01:13+00:00","dateModified":"2011-04-05T03:01:13+00:00","author":{"@id":"https:\/\/www.adf.org.br\/home\/#\/schema\/person\/affa494ecf91434f3620f5392de44327"},"breadcrumb":{"@id":"https:\/\/www.adf.org.br\/home\/envie-suas-suplicas-ao-santuario-de-fatima\/#breadcrumb"},"inLanguage":"pt-BR","potentialAction":[{"@type":"ReadAction","target":["https:\/\/www.adf.org.br\/home\/envie-suas-suplicas-ao-santuario-de-fatima\/"]}]},{"@type":"BreadcrumbList","@id":"https:\/\/www.adf.org.br\/home\/envie-suas-suplicas-ao-santuario-de-fatima\/#breadcrumb","itemListElement":[{"@type":"ListItem","position":1,"name":"Home","item":"https:\/\/www.adf.org.br\/home\/"},{"@type":"ListItem","position":2,"name":"Envie suas s\u00faplicas ao Santu\u00e1rio de F\u00e1tima, em Portugal"}]},{"@type":"Person","@id":"https:\/\/www.adf.org.br\/home\/#\/schema\/person\/affa494ecf91434f3620f5392de44327","name":"Gabriel Barbosa","image":{"@type":"ImageObject","@id":"https:\/\/www.adf.org.br\/home\/#personlogo","inLanguage":"pt-BR","url":"https:\/\/secure.gravatar.com\/avatar\/ecf2eab02e30486a7038f8b2858de06a?s=96&d=mm&r=g","contentUrl":"https:\/\/secure.gravatar.com\/avatar\/ecf2eab02e30486a7038f8b2858de06a?s=96&d=mm&r=g","caption":"Gabriel Barbosa"},"url":"https:\/\/www.adf.org.br\/home\/author\/gabriel-aascj\/"}]}},"_links":{"self":[{"href":"https:\/\/www.adf.org.br\/home\/wp-json\/wp\/v2\/posts\/8503"}],"collection":[{"href":"https:\/\/www.adf.org.br\/home\/wp-json\/wp\/v2\/posts"}],"about":[{"href":"https:\/\/www.adf.org.br\/home\/wp-json\/wp\/v2\/types\/post"}],"author":[{"embeddable":true,"href":"https:\/\/www.adf.org.br\/home\/wp-json\/wp\/v2\/users\/27"}],"replies":[{"embeddable":true,"href":"https:\/\/www.adf.org.br\/home\/wp-json\/wp\/v2\/comments?post=8503"}],"version-history":[{"count":0,"href":"https:\/\/www.adf.org.br\/home\/wp-json\/wp\/v2\/posts\/8503\/revisions"}],"wp:attachment":[{"href":"https:\/\/www.adf.org.br\/home\/wp-json\/wp\/v2\/media?parent=8503"}],"wp:term":[{"taxonomy":"category","embeddable":true,"href":"https:\/\/www.adf.org.br\/home\/wp-json\/wp\/v2\/categories?post=8503"},{"taxonomy":"post_tag","embeddable":true,"href":"https:\/\/www.adf.org.br\/home\/wp-json\/wp\/v2\/tags?post=8503"}],"curies":[{"name":"wp","href":"https:\/\/api.w.org\/{rel}","templated":true}]}}