{"id":8144,"date":"2011-02-14T13:55:08","date_gmt":"2011-02-14T15:55:08","guid":{"rendered":"http:\/\/www.adf.org.br\/home\/?p=8144"},"modified":"2011-02-14T13:55:08","modified_gmt":"2011-02-14T15:55:08","slug":"vaticano-rechaca-uso-do-iphone-para-confissao","status":"publish","type":"post","link":"https:\/\/www.adf.org.br\/home\/vaticano-rechaca-uso-do-iphone-para-confissao\/","title":{"rendered":"Vaticano recha\u00e7a uso do iPhone para confiss\u00e3o"},"content":{"rendered":"<p><img loading=\"lazy\" class=\"alignleft size-medium wp-image-8152\" title=\"iphone\" src=\"http:\/\/www.adf.org.br\/home\/wp-content\/uploads\/2011\/02\/iphone-266x300.png\" alt=\"\" width=\"173\" height=\"196\" \/>O Diretor da Sala de Imprensa da Santa S\u00e9, o Pe. Federico Lombardi,  esclareceu esta quarta-feira que n\u00e3o se pode usar o iPhone para o  sacramento da Confiss\u00e3o, pois esta &#8220;requer necessariamente a rela\u00e7\u00e3o de  di\u00e1logo pessoal entre o penitente e o confessor e a absolvi\u00e7\u00e3o por parte  do confessor presente&#8221;.<\/p>\n<p>A empresa Little iApps criou uma  aplica\u00e7\u00e3o para o telefone iPhone, a tablet iPad e iPod Touch chamada  &#8220;Confession&#8221;. Segundo a ag\u00eancia EFE, \u00e9 promovida como ajuda para  preparar-se para o sacramento da Reconcilia\u00e7\u00e3o com perguntas inclusive  \u00edntimas sobre atitudes e a\u00e7\u00f5es pessoais. Entretanto, os meios de  imprensa anunciaram que com isto os fi\u00e9is poderiam confessar-se atrav\u00e9s  do telefone celular.<\/p>\n<p>O sacerdote esclareceu \u00e0 imprensa que o  di\u00e1logo pessoal entre o penitente e o confessor &#8220;n\u00e3o pode ser  substitu\u00eddo de maneira nenhuma, por qualquer aplica\u00e7\u00e3o inform\u00e1tica&#8221; e  portanto &#8220;de maneira nenhuma pode-se falar de &#8216;confiss\u00e3o por iPhone'&#8221;.<\/p>\n<p><em>Fonte: ACI Digital<\/em><\/p>\n","protected":false},"excerpt":{"rendered":"<p>O Diretor da Sala de Imprensa da Santa S\u00e9, o Pe. Federico Lombardi, esclareceu esta quarta-feira que n\u00e3o se pode usar o iPhone para o sacramento da Confiss\u00e3o, pois esta &#8220;requer necessariamente a rela\u00e7\u00e3o de di\u00e1logo pessoal entre o penitente e o confessor e a absolvi\u00e7\u00e3o por parte do confessor presente&#8221;. A empresa Little iApps [&hellip;]<\/p>\n","protected":false},"author":31,"featured_media":0,"comment_status":"open","ping_status":"open","sticky":false,"template":"","format":"standard","meta":[],"categories":[20],"tags":[93,372,373],"yoast_head":"<!-- This site is optimized with the Yoast SEO plugin v17.4 - https:\/\/yoast.com\/wordpress\/plugins\/seo\/ -->\n<title>Vaticano recha\u00e7a uso do iPhone para confiss\u00e3o - Associa\u00e7\u00e3o Devotos de F\u00e1tima<\/title>\n<meta name=\"robots\" content=\"index, follow, max-snippet:-1, max-image-preview:large, max-video-preview:-1\" \/>\n<link rel=\"canonical\" href=\"https:\/\/www.adf.org.br\/home\/vaticano-rechaca-uso-do-iphone-para-confissao\/\" \/>\n<meta property=\"og:locale\" content=\"pt_BR\" \/>\n<meta property=\"og:type\" content=\"article\" \/>\n<meta property=\"og:title\" content=\"Vaticano recha\u00e7a uso do iPhone para confiss\u00e3o - Associa\u00e7\u00e3o Devotos de F\u00e1tima\" \/>\n<meta property=\"og:description\" content=\"O Diretor da Sala de Imprensa da Santa S\u00e9, o Pe. Federico Lombardi, esclareceu esta quarta-feira que n\u00e3o se pode usar o iPhone para o sacramento da Confiss\u00e3o, pois esta &#8220;requer necessariamente a rela\u00e7\u00e3o de di\u00e1logo pessoal entre o penitente e o confessor e a absolvi\u00e7\u00e3o por parte do confessor presente&#8221;. A empresa Little iApps [&hellip;]\" \/>\n<meta property=\"og:url\" content=\"https:\/\/www.adf.org.br\/home\/vaticano-rechaca-uso-do-iphone-para-confissao\/\" \/>\n<meta property=\"og:site_name\" content=\"Associa\u00e7\u00e3o Devotos de F\u00e1tima\" \/>\n<meta property=\"article:published_time\" content=\"2011-02-14T15:55:08+00:00\" \/>\n<meta property=\"og:image\" content=\"http:\/\/www.adf.org.br\/home\/wp-content\/uploads\/2011\/02\/iphone-266x300.png\" \/>\n<meta name=\"twitter:card\" content=\"summary_large_image\" \/>\n<meta name=\"twitter:label1\" content=\"Escrito por\" \/>\n\t<meta name=\"twitter:data1\" content=\"Gabriel Barbosa\" \/>\n\t<meta name=\"twitter:label2\" content=\"Est. tempo de leitura\" \/>\n\t<meta name=\"twitter:data2\" content=\"1 minuto\" \/>\n<script type=\"application\/ld+json\" class=\"yoast-schema-graph\">{\"@context\":\"https:\/\/schema.org\",\"@graph\":[{\"@type\":\"WebSite\",\"@id\":\"https:\/\/www.adf.org.br\/home\/#website\",\"url\":\"https:\/\/www.adf.org.br\/home\/\",\"name\":\"Associa\\u00e7\\u00e3o Devotos de F\\u00e1tima\",\"description\":\"Associa\\u00e7\\u00e3o Devotos de F\\u00e1tima\",\"potentialAction\":[{\"@type\":\"SearchAction\",\"target\":{\"@type\":\"EntryPoint\",\"urlTemplate\":\"https:\/\/www.adf.org.br\/home\/?s={search_term_string}\"},\"query-input\":\"required name=search_term_string\"}],\"inLanguage\":\"pt-BR\"},{\"@type\":\"ImageObject\",\"@id\":\"https:\/\/www.adf.org.br\/home\/vaticano-rechaca-uso-do-iphone-para-confissao\/#primaryimage\",\"inLanguage\":\"pt-BR\",\"url\":\"http:\/\/www.adf.org.br\/home\/wp-content\/uploads\/2011\/02\/iphone-266x300.png\",\"contentUrl\":\"http:\/\/www.adf.org.br\/home\/wp-content\/uploads\/2011\/02\/iphone-266x300.png\"},{\"@type\":\"WebPage\",\"@id\":\"https:\/\/www.adf.org.br\/home\/vaticano-rechaca-uso-do-iphone-para-confissao\/#webpage\",\"url\":\"https:\/\/www.adf.org.br\/home\/vaticano-rechaca-uso-do-iphone-para-confissao\/\",\"name\":\"Vaticano recha\\u00e7a uso do iPhone para confiss\\u00e3o - Associa\\u00e7\\u00e3o Devotos de F\\u00e1tima\",\"isPartOf\":{\"@id\":\"https:\/\/www.adf.org.br\/home\/#website\"},\"primaryImageOfPage\":{\"@id\":\"https:\/\/www.adf.org.br\/home\/vaticano-rechaca-uso-do-iphone-para-confissao\/#primaryimage\"},\"datePublished\":\"2011-02-14T15:55:08+00:00\",\"dateModified\":\"2011-02-14T15:55:08+00:00\",\"author\":{\"@id\":\"https:\/\/www.adf.org.br\/home\/#\/schema\/person\/f35a5c5aa7728a3dedf4ea9aa1fc2753\"},\"breadcrumb\":{\"@id\":\"https:\/\/www.adf.org.br\/home\/vaticano-rechaca-uso-do-iphone-para-confissao\/#breadcrumb\"},\"inLanguage\":\"pt-BR\",\"potentialAction\":[{\"@type\":\"ReadAction\",\"target\":[\"https:\/\/www.adf.org.br\/home\/vaticano-rechaca-uso-do-iphone-para-confissao\/\"]}]},{\"@type\":\"BreadcrumbList\",\"@id\":\"https:\/\/www.adf.org.br\/home\/vaticano-rechaca-uso-do-iphone-para-confissao\/#breadcrumb\",\"itemListElement\":[{\"@type\":\"ListItem\",\"position\":1,\"name\":\"Home\",\"item\":\"https:\/\/www.adf.org.br\/home\/\"},{\"@type\":\"ListItem\",\"position\":2,\"name\":\"Vaticano recha\\u00e7a uso do iPhone para confiss\\u00e3o\"}]},{\"@type\":\"Person\",\"@id\":\"https:\/\/www.adf.org.br\/home\/#\/schema\/person\/f35a5c5aa7728a3dedf4ea9aa1fc2753\",\"name\":\"Gabriel Barbosa\",\"image\":{\"@type\":\"ImageObject\",\"@id\":\"https:\/\/www.adf.org.br\/home\/#personlogo\",\"inLanguage\":\"pt-BR\",\"url\":\"https:\/\/secure.gravatar.com\/avatar\/2b2cb2f4637682c5605e8d36818f51ef?s=96&d=mm&r=g\",\"contentUrl\":\"https:\/\/secure.gravatar.com\/avatar\/2b2cb2f4637682c5605e8d36818f51ef?s=96&d=mm&r=g\",\"caption\":\"Gabriel Barbosa\"},\"url\":\"https:\/\/www.adf.org.br\/home\/author\/gabrielpmk-com-br\/\"}]}<\/script>\n<!-- \/ Yoast SEO plugin. -->","yoast_head_json":{"title":"Vaticano recha\u00e7a uso do iPhone para confiss\u00e3o - Associa\u00e7\u00e3o Devotos de F\u00e1tima","robots":{"index":"index","follow":"follow","max-snippet":"max-snippet:-1","max-image-preview":"max-image-preview:large","max-video-preview":"max-video-preview:-1"},"canonical":"https:\/\/www.adf.org.br\/home\/vaticano-rechaca-uso-do-iphone-para-confissao\/","og_locale":"pt_BR","og_type":"article","og_title":"Vaticano recha\u00e7a uso do iPhone para confiss\u00e3o - Associa\u00e7\u00e3o Devotos de F\u00e1tima","og_description":"O Diretor da Sala de Imprensa da Santa S\u00e9, o Pe. Federico Lombardi, esclareceu esta quarta-feira que n\u00e3o se pode usar o iPhone para o sacramento da Confiss\u00e3o, pois esta &#8220;requer necessariamente a rela\u00e7\u00e3o de di\u00e1logo pessoal entre o penitente e o confessor e a absolvi\u00e7\u00e3o por parte do confessor presente&#8221;. A empresa Little iApps [&hellip;]","og_url":"https:\/\/www.adf.org.br\/home\/vaticano-rechaca-uso-do-iphone-para-confissao\/","og_site_name":"Associa\u00e7\u00e3o Devotos de F\u00e1tima","article_published_time":"2011-02-14T15:55:08+00:00","og_image":[{"url":"http:\/\/www.adf.org.br\/home\/wp-content\/uploads\/2011\/02\/iphone-266x300.png"}],"twitter_card":"summary_large_image","twitter_misc":{"Escrito por":"Gabriel Barbosa","Est. tempo de leitura":"1 minuto"},"schema":{"@context":"https:\/\/schema.org","@graph":[{"@type":"WebSite","@id":"https:\/\/www.adf.org.br\/home\/#website","url":"https:\/\/www.adf.org.br\/home\/","name":"Associa\u00e7\u00e3o Devotos de F\u00e1tima","description":"Associa\u00e7\u00e3o Devotos de F\u00e1tima","potentialAction":[{"@type":"SearchAction","target":{"@type":"EntryPoint","urlTemplate":"https:\/\/www.adf.org.br\/home\/?s={search_term_string}"},"query-input":"required name=search_term_string"}],"inLanguage":"pt-BR"},{"@type":"ImageObject","@id":"https:\/\/www.adf.org.br\/home\/vaticano-rechaca-uso-do-iphone-para-confissao\/#primaryimage","inLanguage":"pt-BR","url":"http:\/\/www.adf.org.br\/home\/wp-content\/uploads\/2011\/02\/iphone-266x300.png","contentUrl":"http:\/\/www.adf.org.br\/home\/wp-content\/uploads\/2011\/02\/iphone-266x300.png"},{"@type":"WebPage","@id":"https:\/\/www.adf.org.br\/home\/vaticano-rechaca-uso-do-iphone-para-confissao\/#webpage","url":"https:\/\/www.adf.org.br\/home\/vaticano-rechaca-uso-do-iphone-para-confissao\/","name":"Vaticano recha\u00e7a uso do iPhone para confiss\u00e3o - Associa\u00e7\u00e3o Devotos de F\u00e1tima","isPartOf":{"@id":"https:\/\/www.adf.org.br\/home\/#website"},"primaryImageOfPage":{"@id":"https:\/\/www.adf.org.br\/home\/vaticano-rechaca-uso-do-iphone-para-confissao\/#primaryimage"},"datePublished":"2011-02-14T15:55:08+00:00","dateModified":"2011-02-14T15:55:08+00:00","author":{"@id":"https:\/\/www.adf.org.br\/home\/#\/schema\/person\/f35a5c5aa7728a3dedf4ea9aa1fc2753"},"breadcrumb":{"@id":"https:\/\/www.adf.org.br\/home\/vaticano-rechaca-uso-do-iphone-para-confissao\/#breadcrumb"},"inLanguage":"pt-BR","potentialAction":[{"@type":"ReadAction","target":["https:\/\/www.adf.org.br\/home\/vaticano-rechaca-uso-do-iphone-para-confissao\/"]}]},{"@type":"BreadcrumbList","@id":"https:\/\/www.adf.org.br\/home\/vaticano-rechaca-uso-do-iphone-para-confissao\/#breadcrumb","itemListElement":[{"@type":"ListItem","position":1,"name":"Home","item":"https:\/\/www.adf.org.br\/home\/"},{"@type":"ListItem","position":2,"name":"Vaticano recha\u00e7a uso do iPhone para confiss\u00e3o"}]},{"@type":"Person","@id":"https:\/\/www.adf.org.br\/home\/#\/schema\/person\/f35a5c5aa7728a3dedf4ea9aa1fc2753","name":"Gabriel Barbosa","image":{"@type":"ImageObject","@id":"https:\/\/www.adf.org.br\/home\/#personlogo","inLanguage":"pt-BR","url":"https:\/\/secure.gravatar.com\/avatar\/2b2cb2f4637682c5605e8d36818f51ef?s=96&d=mm&r=g","contentUrl":"https:\/\/secure.gravatar.com\/avatar\/2b2cb2f4637682c5605e8d36818f51ef?s=96&d=mm&r=g","caption":"Gabriel Barbosa"},"url":"https:\/\/www.adf.org.br\/home\/author\/gabrielpmk-com-br\/"}]}},"_links":{"self":[{"href":"https:\/\/www.adf.org.br\/home\/wp-json\/wp\/v2\/posts\/8144"}],"collection":[{"href":"https:\/\/www.adf.org.br\/home\/wp-json\/wp\/v2\/posts"}],"about":[{"href":"https:\/\/www.adf.org.br\/home\/wp-json\/wp\/v2\/types\/post"}],"author":[{"embeddable":true,"href":"https:\/\/www.adf.org.br\/home\/wp-json\/wp\/v2\/users\/31"}],"replies":[{"embeddable":true,"href":"https:\/\/www.adf.org.br\/home\/wp-json\/wp\/v2\/comments?post=8144"}],"version-history":[{"count":0,"href":"https:\/\/www.adf.org.br\/home\/wp-json\/wp\/v2\/posts\/8144\/revisions"}],"wp:attachment":[{"href":"https:\/\/www.adf.org.br\/home\/wp-json\/wp\/v2\/media?parent=8144"}],"wp:term":[{"taxonomy":"category","embeddable":true,"href":"https:\/\/www.adf.org.br\/home\/wp-json\/wp\/v2\/categories?post=8144"},{"taxonomy":"post_tag","embeddable":true,"href":"https:\/\/www.adf.org.br\/home\/wp-json\/wp\/v2\/tags?post=8144"}],"curies":[{"name":"wp","href":"https:\/\/api.w.org\/{rel}","templated":true}]}}