{"id":79680,"date":"2025-06-19T07:55:12","date_gmt":"2025-06-19T10:55:12","guid":{"rendered":"https:\/\/www.adf.org.br\/home\/corpus-christi-amizade-selada-entre-deus-e-o-homem-entenda-copy\/"},"modified":"2025-06-16T18:05:27","modified_gmt":"2025-06-16T21:05:27","slug":"corpus-christi-o-sublime-misterio-da-presenca-divina","status":"publish","type":"post","link":"https:\/\/www.adf.org.br\/home\/corpus-christi-o-sublime-misterio-da-presenca-divina\/","title":{"rendered":"Corpus Christi: O Sublime Mist\u00e9rio da Presen\u00e7a Divina"},"content":{"rendered":"<h2 style=\"text-align: center;\"><em data-start=\"418\" data-end=\"533\">Um Deus que se faz p\u00e3o para permanecer entre n\u00f3s. Esta \u00e9 a verdade profunda celebrada na festa de Corpus Christi.<\/em><\/h2>\n<p><img loading=\"lazy\" class=\"aligncenter wp-image-68714 \" src=\"https:\/\/www.adf.org.br\/home\/wp-content\/uploads\/2022\/06\/corpus.jpg\" alt=\"\" width=\"684\" height=\"456\" srcset=\"https:\/\/www.adf.org.br\/home\/wp-content\/uploads\/2022\/06\/corpus.jpg 1080w, https:\/\/www.adf.org.br\/home\/wp-content\/uploads\/2022\/06\/corpus-300x200.jpg 300w, https:\/\/www.adf.org.br\/home\/wp-content\/uploads\/2022\/06\/corpus-1024x683.jpg 1024w, https:\/\/www.adf.org.br\/home\/wp-content\/uploads\/2022\/06\/corpus-768x512.jpg 768w\" sizes=\"(max-width: 684px) 100vw, 684px\" \/><\/p>\n<h3 data-start=\"540\" data-end=\"862\"><span style=\"color: #000000;\"><strong data-start=\"540\" data-end=\"568\">Muito al\u00e9m de um s\u00edmbolo<\/strong><\/span><\/h3>\n<p data-start=\"540\" data-end=\"862\"><span style=\"color: #000000;\">A Solenidade do Corpo e Sangue de Cristo, celebrada na quinta-feira ap\u00f3s a festa da Sant\u00edssima Trindade, \u00e9 uma das mais comoventes da Igreja. <\/span><\/p>\n<p data-start=\"540\" data-end=\"862\"><span style=\"color: #800080;\"><strong>N\u00e3o se trata apenas de recordar a \u00daltima Ceia \u2014 trata-se de adorar, com f\u00e9 e rever\u00eancia, o pr\u00f3prio Cristo vivo e real, presente na H\u00f3stia consagrada.<\/strong><\/span><\/p>\n<p data-start=\"864\" data-end=\"1122\"><span style=\"color: #000000;\">Neste dia, a Igreja se ajoelha diante do mist\u00e9rio da Eucaristia, proclamando ao mundo: <em data-start=\"951\" data-end=\"967\">Deus est\u00e1 aqui<\/em>. <\/span><\/p>\n<p data-start=\"864\" data-end=\"1122\"><span style=\"color: #000000;\">A prociss\u00e3o de Corpus Christi pelas ruas n\u00e3o \u00e9 um ato simb\u00f3lico. \u00c9 a manifesta\u00e7\u00e3o p\u00fablica de nossa f\u00e9 na presen\u00e7a real de Jesus no Sant\u00edssimo Sacramento.<\/span><\/p>\n<h3 data-start=\"1124\" data-end=\"1351\"><span style=\"color: #000000;\"><strong data-start=\"1124\" data-end=\"1156\">Uma amizade selada com o C\u00e9u<\/strong><\/span><\/h3>\n<p data-start=\"1124\" data-end=\"1351\"><span style=\"color: #000000;\">Muitos se esquecem da grandiosidade desse dom. Desde a inf\u00e2ncia, acostumamo-nos com a Missa \u2014 e com isso, muitas vezes, deixamos de perceber o impacto de receber o pr\u00f3prio Deus em nossas m\u00e3os.<\/span><\/p>\n<p data-start=\"1353\" data-end=\"1630\"><strong><span style=\"color: #800080;\">Corpus Christi \u00e9 o momento de redescobrir esse mist\u00e9rio: o Criador do universo quis permanecer entre n\u00f3s, de forma vis\u00edvel, palp\u00e1vel, acess\u00edvel. <\/span><\/strong><\/p>\n<p data-start=\"1353\" data-end=\"1630\"><span style=\"color: #000000;\">Na Eucaristia, Ele sela uma alian\u00e7a de amor eterno com a humanidade. N\u00e3o estamos sozinhos: <em data-start=\"1589\" data-end=\"1629\">Ele est\u00e1 conosco, at\u00e9 o fim dos tempos<\/em>.<\/span><\/p>\n<h3 data-start=\"1772\" data-end=\"2087\"><span style=\"color: #000000;\"><strong data-start=\"1772\" data-end=\"1813\">F\u00e1tima e a Eucaristia: um mesmo apelo<\/strong><\/span><\/h3>\n<p data-start=\"1772\" data-end=\"2087\"><span style=\"color: #000000;\">Na apari\u00e7\u00e3o de 1916, o Anjo da Paz preparou os tr\u00eas pastorinhos para a visita de Nossa Senhora com uma profunda catequese eucar\u00edstica: ensinou-os a adorar e amar Jesus sacramentado. <\/span><\/p>\n<p data-start=\"1772\" data-end=\"2087\"><span style=\"color: #000000;\">Mais tarde, a pr\u00f3pria Virgem Sant\u00edssima insistiria na repara\u00e7\u00e3o ao Sant\u00edssimo Sacramento.<\/span><\/p>\n<p data-start=\"2089\" data-end=\"2268\"><strong><span style=\"color: #800080;\">O chamado do Anjo de F\u00e1tima ecoa at\u00e9 hoje: adora\u00e7\u00e3o, repara\u00e7\u00e3o e comunh\u00e3o. <\/span><\/strong><\/p>\n<p data-start=\"2089\" data-end=\"2268\"><span style=\"color: #000000;\">E \u00e9 em Corpus Christi que esse chamado ressoa com mais for\u00e7a. Que cada um possa responder com f\u00e9 e generosidade.<\/span><\/p>\n<h3 data-start=\"2368\" data-end=\"2555\"><span style=\"color: #000000;\"><strong data-start=\"2368\" data-end=\"2403\">Ele est\u00e1 aqui. E espera por n\u00f3s<\/strong><\/span><\/h3>\n<p data-start=\"2368\" data-end=\"2555\"><span style=\"color: #000000;\">A Solenidade de Corpus Christi \u00e9 um grito silencioso para o mundo moderno: Cristo n\u00e3o \u00e9 uma ideia, nem uma lembran\u00e7a. Ele est\u00e1 vivo, presente, real.<\/span><\/p>\n<p data-start=\"2557\" data-end=\"2689\"><span style=\"color: #000000;\">Neste dia santo, a Igreja se reveste de beleza, as ruas se enchem de flores e os sinos anunciam: o Rei dos Reis passa em nosso meio.<\/span><\/p>\n<p data-start=\"176\" data-end=\"385\"><span style=\"color: #800080;\"><strong data-start=\"176\" data-end=\"239\">Neste Corpus Christi, ajude a reacender a f\u00e9 adormecida.<\/strong><\/span><\/p>\n<p data-start=\"176\" data-end=\"385\"><span style=\"color: #000000;\">Enquanto muitos j\u00e1 esqueceram o valor da Eucaristia, a mensagem de F\u00e1tima nos convida a adorar, reparar e anunciar que <em data-start=\"361\" data-end=\"382\">Deus est\u00e1 entre n\u00f3s<\/em>.<\/span><\/p>\n<p data-start=\"387\" data-end=\"475\"><span style=\"color: #000000;\"><strong data-start=\"387\" data-end=\"473\">Com sua doa\u00e7\u00e3o, podemos levar essa verdade aos cora\u00e7\u00f5es que mais precisam ouvi-la.<\/strong><\/span><\/p>\n<p data-start=\"477\" data-end=\"554\"><span style=\"color: #000000;\">\ud83d\udccc <span style=\"color: #0000ff;\"><a style=\"color: #0000ff;\" href=\"https:\/\/www.adf.org.br\/home\/doacao\/?origem=32662\" target=\"_blank\" rel=\"noopener\"><strong data-start=\"480\" data-end=\"552\">Clique aqui e ajude a espalhar a luz de F\u00e1tima para o mundo inteiro.<\/strong><\/a><\/span><\/span><\/p>\n<p data-start=\"556\" data-end=\"598\"><span style=\"color: #000000;\">Porque onde o Sant\u00edssimo passa\u2026 tudo muda.<\/span><\/p>\n","protected":false},"excerpt":{"rendered":"<p>Um Deus que se faz p\u00e3o para permanecer entre n\u00f3s. Esta \u00e9 a verdade profunda celebrada na festa de Corpus Christi. Muito al\u00e9m de um s\u00edmbolo A Solenidade do Corpo e Sangue de Cristo, celebrada na quinta-feira ap\u00f3s a festa da Sant\u00edssima Trindade, \u00e9 uma das mais comoventes da Igreja. N\u00e3o se trata apenas de [&hellip;]<\/p>\n","protected":false},"author":30,"featured_media":68714,"comment_status":"open","ping_status":"open","sticky":false,"template":"","format":"standard","meta":[],"categories":[56],"tags":[57,1281,1080,4618],"yoast_head":"<!-- This site is optimized with the Yoast SEO plugin v17.4 - https:\/\/yoast.com\/wordpress\/plugins\/seo\/ -->\n<title>Corpus Christi: amizade selada entre Deus e o homem. Entenda.<\/title>\n<meta name=\"description\" content=\"A solenidade do Corpo e Sangue de Cristo nos leva \u00e0 tomada de consci\u00eancia da grandiosidade da amizade selada entre Deus e o Homem. Clique aqui e entenda.\" \/>\n<meta name=\"robots\" content=\"index, follow, max-snippet:-1, max-image-preview:large, max-video-preview:-1\" \/>\n<link rel=\"canonical\" href=\"https:\/\/www.adf.org.br\/home\/corpus-christi-o-sublime-misterio-da-presenca-divina\/\" \/>\n<meta property=\"og:locale\" content=\"pt_BR\" \/>\n<meta property=\"og:type\" content=\"article\" \/>\n<meta property=\"og:title\" content=\"Corpus Christi: amizade selada entre Deus e o homem. Entenda.\" \/>\n<meta property=\"og:description\" content=\"A solenidade do Corpo e Sangue de Cristo nos leva \u00e0 tomada de consci\u00eancia da grandiosidade da amizade selada entre Deus e o Homem. Clique aqui e entenda.\" \/>\n<meta property=\"og:url\" content=\"https:\/\/www.adf.org.br\/home\/corpus-christi-o-sublime-misterio-da-presenca-divina\/\" \/>\n<meta property=\"og:site_name\" content=\"Associa\u00e7\u00e3o Devotos de F\u00e1tima\" \/>\n<meta property=\"article:published_time\" content=\"2025-06-19T10:55:12+00:00\" \/>\n<meta property=\"article:modified_time\" content=\"2025-06-16T21:05:27+00:00\" \/>\n<meta property=\"og:image\" content=\"https:\/\/www.adf.org.br\/home\/wp-content\/uploads\/2022\/06\/corpus.jpg\" \/>\n\t<meta property=\"og:image:width\" content=\"1080\" \/>\n\t<meta property=\"og:image:height\" content=\"720\" \/>\n<meta name=\"twitter:card\" content=\"summary_large_image\" \/>\n<meta name=\"twitter:label1\" content=\"Escrito por\" \/>\n\t<meta name=\"twitter:data1\" content=\"Luiz Felipe\" \/>\n\t<meta name=\"twitter:label2\" content=\"Est. tempo de leitura\" \/>\n\t<meta name=\"twitter:data2\" content=\"3 minutos\" \/>\n<script type=\"application\/ld+json\" class=\"yoast-schema-graph\">{\"@context\":\"https:\/\/schema.org\",\"@graph\":[{\"@type\":\"WebSite\",\"@id\":\"https:\/\/www.adf.org.br\/home\/#website\",\"url\":\"https:\/\/www.adf.org.br\/home\/\",\"name\":\"Associa\\u00e7\\u00e3o Devotos de F\\u00e1tima\",\"description\":\"Associa\\u00e7\\u00e3o Devotos de F\\u00e1tima\",\"potentialAction\":[{\"@type\":\"SearchAction\",\"target\":{\"@type\":\"EntryPoint\",\"urlTemplate\":\"https:\/\/www.adf.org.br\/home\/?s={search_term_string}\"},\"query-input\":\"required name=search_term_string\"}],\"inLanguage\":\"pt-BR\"},{\"@type\":\"ImageObject\",\"@id\":\"https:\/\/www.adf.org.br\/home\/corpus-christi-o-sublime-misterio-da-presenca-divina\/#primaryimage\",\"inLanguage\":\"pt-BR\",\"url\":\"https:\/\/www.adf.org.br\/home\/wp-content\/uploads\/2022\/06\/corpus.jpg\",\"contentUrl\":\"https:\/\/www.adf.org.br\/home\/wp-content\/uploads\/2022\/06\/corpus.jpg\",\"width\":1080,\"height\":720},{\"@type\":\"WebPage\",\"@id\":\"https:\/\/www.adf.org.br\/home\/corpus-christi-o-sublime-misterio-da-presenca-divina\/#webpage\",\"url\":\"https:\/\/www.adf.org.br\/home\/corpus-christi-o-sublime-misterio-da-presenca-divina\/\",\"name\":\"Corpus Christi: amizade selada entre Deus e o homem. Entenda.\",\"isPartOf\":{\"@id\":\"https:\/\/www.adf.org.br\/home\/#website\"},\"primaryImageOfPage\":{\"@id\":\"https:\/\/www.adf.org.br\/home\/corpus-christi-o-sublime-misterio-da-presenca-divina\/#primaryimage\"},\"datePublished\":\"2025-06-19T10:55:12+00:00\",\"dateModified\":\"2025-06-16T21:05:27+00:00\",\"author\":{\"@id\":\"https:\/\/www.adf.org.br\/home\/#\/schema\/person\/1ad877d1f255f4637ee020b3b16138ee\"},\"description\":\"A solenidade do Corpo e Sangue de Cristo nos leva \\u00e0 tomada de consci\\u00eancia da grandiosidade da amizade selada entre Deus e o Homem. Clique aqui e entenda.\",\"breadcrumb\":{\"@id\":\"https:\/\/www.adf.org.br\/home\/corpus-christi-o-sublime-misterio-da-presenca-divina\/#breadcrumb\"},\"inLanguage\":\"pt-BR\",\"potentialAction\":[{\"@type\":\"ReadAction\",\"target\":[\"https:\/\/www.adf.org.br\/home\/corpus-christi-o-sublime-misterio-da-presenca-divina\/\"]}]},{\"@type\":\"BreadcrumbList\",\"@id\":\"https:\/\/www.adf.org.br\/home\/corpus-christi-o-sublime-misterio-da-presenca-divina\/#breadcrumb\",\"itemListElement\":[{\"@type\":\"ListItem\",\"position\":1,\"name\":\"Home\",\"item\":\"https:\/\/www.adf.org.br\/home\/\"},{\"@type\":\"ListItem\",\"position\":2,\"name\":\"Corpus Christi: O Sublime Mist\\u00e9rio da Presen\\u00e7a Divina\"}]},{\"@type\":\"Person\",\"@id\":\"https:\/\/www.adf.org.br\/home\/#\/schema\/person\/1ad877d1f255f4637ee020b3b16138ee\",\"name\":\"Luiz Felipe\",\"image\":{\"@type\":\"ImageObject\",\"@id\":\"https:\/\/www.adf.org.br\/home\/#personlogo\",\"inLanguage\":\"pt-BR\",\"url\":\"https:\/\/secure.gravatar.com\/avatar\/f8f0a14d57a57f103e42363994b25ba9?s=96&d=mm&r=g\",\"contentUrl\":\"https:\/\/secure.gravatar.com\/avatar\/f8f0a14d57a57f103e42363994b25ba9?s=96&d=mm&r=g\",\"caption\":\"Luiz Felipe\"},\"url\":\"https:\/\/www.adf.org.br\/home\/author\/luiz-merencianopmk-com-br\/\"}]}<\/script>\n<!-- \/ Yoast SEO plugin. -->","yoast_head_json":{"title":"Corpus Christi: amizade selada entre Deus e o homem. Entenda.","description":"A solenidade do Corpo e Sangue de Cristo nos leva \u00e0 tomada de consci\u00eancia da grandiosidade da amizade selada entre Deus e o Homem. Clique aqui e entenda.","robots":{"index":"index","follow":"follow","max-snippet":"max-snippet:-1","max-image-preview":"max-image-preview:large","max-video-preview":"max-video-preview:-1"},"canonical":"https:\/\/www.adf.org.br\/home\/corpus-christi-o-sublime-misterio-da-presenca-divina\/","og_locale":"pt_BR","og_type":"article","og_title":"Corpus Christi: amizade selada entre Deus e o homem. Entenda.","og_description":"A solenidade do Corpo e Sangue de Cristo nos leva \u00e0 tomada de consci\u00eancia da grandiosidade da amizade selada entre Deus e o Homem. Clique aqui e entenda.","og_url":"https:\/\/www.adf.org.br\/home\/corpus-christi-o-sublime-misterio-da-presenca-divina\/","og_site_name":"Associa\u00e7\u00e3o Devotos de F\u00e1tima","article_published_time":"2025-06-19T10:55:12+00:00","article_modified_time":"2025-06-16T21:05:27+00:00","og_image":[{"width":1080,"height":720,"url":"https:\/\/www.adf.org.br\/home\/wp-content\/uploads\/2022\/06\/corpus.jpg","type":"image\/jpeg"}],"twitter_card":"summary_large_image","twitter_misc":{"Escrito por":"Luiz Felipe","Est. tempo de leitura":"3 minutos"},"schema":{"@context":"https:\/\/schema.org","@graph":[{"@type":"WebSite","@id":"https:\/\/www.adf.org.br\/home\/#website","url":"https:\/\/www.adf.org.br\/home\/","name":"Associa\u00e7\u00e3o Devotos de F\u00e1tima","description":"Associa\u00e7\u00e3o Devotos de F\u00e1tima","potentialAction":[{"@type":"SearchAction","target":{"@type":"EntryPoint","urlTemplate":"https:\/\/www.adf.org.br\/home\/?s={search_term_string}"},"query-input":"required name=search_term_string"}],"inLanguage":"pt-BR"},{"@type":"ImageObject","@id":"https:\/\/www.adf.org.br\/home\/corpus-christi-o-sublime-misterio-da-presenca-divina\/#primaryimage","inLanguage":"pt-BR","url":"https:\/\/www.adf.org.br\/home\/wp-content\/uploads\/2022\/06\/corpus.jpg","contentUrl":"https:\/\/www.adf.org.br\/home\/wp-content\/uploads\/2022\/06\/corpus.jpg","width":1080,"height":720},{"@type":"WebPage","@id":"https:\/\/www.adf.org.br\/home\/corpus-christi-o-sublime-misterio-da-presenca-divina\/#webpage","url":"https:\/\/www.adf.org.br\/home\/corpus-christi-o-sublime-misterio-da-presenca-divina\/","name":"Corpus Christi: amizade selada entre Deus e o homem. Entenda.","isPartOf":{"@id":"https:\/\/www.adf.org.br\/home\/#website"},"primaryImageOfPage":{"@id":"https:\/\/www.adf.org.br\/home\/corpus-christi-o-sublime-misterio-da-presenca-divina\/#primaryimage"},"datePublished":"2025-06-19T10:55:12+00:00","dateModified":"2025-06-16T21:05:27+00:00","author":{"@id":"https:\/\/www.adf.org.br\/home\/#\/schema\/person\/1ad877d1f255f4637ee020b3b16138ee"},"description":"A solenidade do Corpo e Sangue de Cristo nos leva \u00e0 tomada de consci\u00eancia da grandiosidade da amizade selada entre Deus e o Homem. Clique aqui e entenda.","breadcrumb":{"@id":"https:\/\/www.adf.org.br\/home\/corpus-christi-o-sublime-misterio-da-presenca-divina\/#breadcrumb"},"inLanguage":"pt-BR","potentialAction":[{"@type":"ReadAction","target":["https:\/\/www.adf.org.br\/home\/corpus-christi-o-sublime-misterio-da-presenca-divina\/"]}]},{"@type":"BreadcrumbList","@id":"https:\/\/www.adf.org.br\/home\/corpus-christi-o-sublime-misterio-da-presenca-divina\/#breadcrumb","itemListElement":[{"@type":"ListItem","position":1,"name":"Home","item":"https:\/\/www.adf.org.br\/home\/"},{"@type":"ListItem","position":2,"name":"Corpus Christi: O Sublime Mist\u00e9rio da Presen\u00e7a Divina"}]},{"@type":"Person","@id":"https:\/\/www.adf.org.br\/home\/#\/schema\/person\/1ad877d1f255f4637ee020b3b16138ee","name":"Luiz Felipe","image":{"@type":"ImageObject","@id":"https:\/\/www.adf.org.br\/home\/#personlogo","inLanguage":"pt-BR","url":"https:\/\/secure.gravatar.com\/avatar\/f8f0a14d57a57f103e42363994b25ba9?s=96&d=mm&r=g","contentUrl":"https:\/\/secure.gravatar.com\/avatar\/f8f0a14d57a57f103e42363994b25ba9?s=96&d=mm&r=g","caption":"Luiz Felipe"},"url":"https:\/\/www.adf.org.br\/home\/author\/luiz-merencianopmk-com-br\/"}]}},"_links":{"self":[{"href":"https:\/\/www.adf.org.br\/home\/wp-json\/wp\/v2\/posts\/79680"}],"collection":[{"href":"https:\/\/www.adf.org.br\/home\/wp-json\/wp\/v2\/posts"}],"about":[{"href":"https:\/\/www.adf.org.br\/home\/wp-json\/wp\/v2\/types\/post"}],"author":[{"embeddable":true,"href":"https:\/\/www.adf.org.br\/home\/wp-json\/wp\/v2\/users\/30"}],"replies":[{"embeddable":true,"href":"https:\/\/www.adf.org.br\/home\/wp-json\/wp\/v2\/comments?post=79680"}],"version-history":[{"count":3,"href":"https:\/\/www.adf.org.br\/home\/wp-json\/wp\/v2\/posts\/79680\/revisions"}],"predecessor-version":[{"id":79689,"href":"https:\/\/www.adf.org.br\/home\/wp-json\/wp\/v2\/posts\/79680\/revisions\/79689"}],"wp:featuredmedia":[{"embeddable":true,"href":"https:\/\/www.adf.org.br\/home\/wp-json\/wp\/v2\/media\/68714"}],"wp:attachment":[{"href":"https:\/\/www.adf.org.br\/home\/wp-json\/wp\/v2\/media?parent=79680"}],"wp:term":[{"taxonomy":"category","embeddable":true,"href":"https:\/\/www.adf.org.br\/home\/wp-json\/wp\/v2\/categories?post=79680"},{"taxonomy":"post_tag","embeddable":true,"href":"https:\/\/www.adf.org.br\/home\/wp-json\/wp\/v2\/tags?post=79680"}],"curies":[{"name":"wp","href":"https:\/\/api.w.org\/{rel}","templated":true}]}}