{"id":79479,"date":"2025-03-07T09:11:51","date_gmt":"2025-03-07T12:11:51","guid":{"rendered":"https:\/\/www.adf.org.br\/home\/?p=79479"},"modified":"2025-03-07T09:11:51","modified_gmt":"2025-03-07T12:11:51","slug":"a-conexao-que-une-lourdes-e-fatima-milagres-segredos-e-a-missao-de-nossa-senhora","status":"publish","type":"post","link":"https:\/\/www.adf.org.br\/home\/a-conexao-que-une-lourdes-e-fatima-milagres-segredos-e-a-missao-de-nossa-senhora\/","title":{"rendered":"A conex\u00e3o que une Lourdes e F\u00e1tima: milagres, segredos e a Miss\u00e3o de Nossa Senhora"},"content":{"rendered":"<p><img loading=\"lazy\" class=\"aligncenter size-medium wp-image-79480\" src=\"https:\/\/www.adf.org.br\/home\/wp-content\/uploads\/2025\/03\/Design-sem-nome-15-300x200.jpg\" alt=\"\" width=\"300\" height=\"200\" srcset=\"https:\/\/www.adf.org.br\/home\/wp-content\/uploads\/2025\/03\/Design-sem-nome-15-300x200.jpg 300w, https:\/\/www.adf.org.br\/home\/wp-content\/uploads\/2025\/03\/Design-sem-nome-15-1024x683.jpg 1024w, https:\/\/www.adf.org.br\/home\/wp-content\/uploads\/2025\/03\/Design-sem-nome-15-768x512.jpg 768w, https:\/\/www.adf.org.br\/home\/wp-content\/uploads\/2025\/03\/Design-sem-nome-15.jpg 1080w\" sizes=\"(max-width: 300px) 100vw, 300px\" \/><\/p>\n<p><span style=\"color: #000000;\"><span style=\"font-weight: 400;\">Quando a Virgem Maria apareceu a Santa Bernadette Soubirous, em 1858, na pequena cidade de Lourdes, na Fran\u00e7a, trouxe uma mensagem clara: <\/span><b>penit\u00eancia e ora\u00e7\u00e3o<\/b><span style=\"font-weight: 400;\">.\u00a0<\/span><\/span><\/p>\n<p><span style=\"color: #000000;\"><span style=\"font-weight: 400;\">A jovem, humilde e de sa\u00fade fr\u00e1gil, abra\u00e7ou sua miss\u00e3o com total entrega. Seu amor pela Sant\u00edssima Virgem n\u00e3o se expressou em discursos eloquentes ou em uma grande obra teol\u00f3gica, <\/span><span style=\"color: #ff0000;\"><b>mas na simplicidade de sua f\u00e9 e na for\u00e7a de sua ora\u00e7\u00e3o<\/b><\/span><span style=\"font-weight: 400;\">.<\/span><\/span><\/p>\n<p><span style=\"color: #000000;\"><span style=\"font-weight: 400;\">Uma das cenas mais marcantes era seu jeito de rezar, pronunciando as palavras <\/span><i><span style=\"font-weight: 400;\">\u201cPobres pecadores&#8230;\u201d<\/span><\/i><span style=\"font-weight: 400;\"> com tamanha intensidade que tocava quem estivesse ao seu redor. Sua miss\u00e3o, por\u00e9m, n\u00e3o era especulativa, mas vivencial. Santa Bernadette viveu a f\u00e9, sem buscar protagonismo, mas com uma convic\u00e7\u00e3o inabal\u00e1vel.<\/span><\/span><\/p>\n<p style=\"padding-left: 80px;\"><span style=\"font-weight: 400; color: #ff0000;\">Curiosamente, essa mesma entrega e devo\u00e7\u00e3o seriam vistas, anos depois, em outra jovem escolhida pela Virgem Maria: Irm\u00e3 L\u00facia, de F\u00e1tima.<\/span><\/p>\n<h2><span style=\"color: #000000;\"><b>A emblem\u00e1tica conex\u00e3o entre Lourdes e F\u00e1tima<\/b><\/span><\/h2>\n<p><span style=\"font-weight: 400; color: #000000;\">Tanto em Lourdes quanto em F\u00e1tima, Nossa Senhora revelou segredos, tocou cora\u00e7\u00f5es e deixou mensagens para que fossem compartilhadas e vividas por toda a humanidade. Mas h\u00e1 um detalhe que merece aten\u00e7\u00e3o: <\/span><span style=\"color: #000000;\"><b>em ambas as apari\u00e7\u00f5es, parte da mensagem foi confiada exclusivamente ao Papa<\/b><span style=\"font-weight: 400;\">.<\/span><\/span><\/p>\n<p><span style=\"font-weight: 400; color: #000000;\">Por que Nossa Senhora age dessa forma? Sua sabedoria divina ordena que certas revela\u00e7\u00f5es sejam feitas no tempo certo, evitando esc\u00e2ndalos precipitados ou mal-entendidos que poderiam comprometer sua miss\u00e3o.<\/span><\/p>\n<p style=\"padding-left: 80px;\"><span style=\"font-weight: 400; color: #000000;\">Se Santa Bernadette foi a escolhida para preparar os cora\u00e7\u00f5es para um amor mais profundo por Nossa Senhora, Irm\u00e3 L\u00facia recebeu a miss\u00e3o de propagar a consagra\u00e7\u00e3o ao Imaculado Cora\u00e7\u00e3o de Maria, uma arma espiritual poderosa para o mundo moderno.<\/span><\/p>\n<h2><span style=\"color: #000000;\"><b>Milagres e sinais manifestos nas apari\u00e7\u00f5es<\/b><\/span><\/h2>\n<p><span style=\"font-weight: 400; color: #000000;\">Os milagres tamb\u00e9m se manifestaram de formas distintas em cada apari\u00e7\u00e3o.<\/span><\/p>\n<p><span style=\"font-weight: 400; color: #000000;\">Em Lourdes, a fonte milagrosa descoberta por Santa Bernadette continua a curar doentes de maneira f\u00edsica e comprovada. H\u00e1 registros documentados de inexplic\u00e1veis recupera\u00e7\u00f5es de doen\u00e7as terminais.<\/span><\/p>\n<p><span style=\"color: #000000;\"><span style=\"font-weight: 400;\">J\u00e1 em F\u00e1tima, o Milagre do Sol, testemunhado por milhares de pessoas, foi um sinal vis\u00edvel da veracidade da apari\u00e7\u00e3o, mas o maior milagre ali n\u00e3o foi f\u00edsico, e sim espiritual:<\/span> <b>a convers\u00e3o de multid\u00f5es ao longo do tempo.<\/b><\/span><\/p>\n<p><span style=\"font-weight: 400; color: #000000;\">Nossa Senhora n\u00e3o se manifestou apenas para curar corpos, mas tamb\u00e9m para salvar almas.<\/span><\/p>\n<h2><span style=\"color: #000000;\"><b>O que podemos fazer agora?<\/b><\/span><\/h2>\n<p><span style=\"font-weight: 400; color: #000000;\">Se Lourdes nos ensina a confiar na intercess\u00e3o de Nossa Senhora para al\u00edvio das dores do corpo, F\u00e1tima nos alerta para a batalha espiritual que enfrenta a humanidade.<\/span><\/p>\n<p style=\"padding-left: 80px;\"><span style=\"color: #000000;\"><span style=\"font-weight: 400;\">Hoje, vivemos tempos de apatia espiritual, em que o pecado \u00e9 ignorado, muitas vezes aceito, e a penit\u00eancia \u00e9 desprezada. Nossa Senhora veio para nos lembrar da urg\u00eancia da ora\u00e7\u00e3o e do arrependimento. <\/span><span style=\"color: #ff0000;\"><b>Seu pedido foi claro: <\/b><b><i>Rezem o Ros\u00e1rio!<\/i><\/b><\/span><\/span><\/p>\n<p><span style=\"font-weight: 400; color: #000000;\">Quantas almas est\u00e3o espiritualmente cegas e surdas \u00e0 voz de Deus? Quantas necessitam de uma cura profunda, que apenas a gra\u00e7a divina pode conceder?<\/span><\/p>\n<p><span style=\"font-weight: 400; color: #000000;\">N\u00e3o basta admirarmos as hist\u00f3rias de Lourdes e F\u00e1tima, \u00e9 preciso responder ao chamado. Devemos pedir a Nossa Senhora que nos cure, mas tamb\u00e9m que nos fortale\u00e7a espiritualmente.<\/span><\/p>\n<p><span style=\"font-weight: 400; color: #000000;\">Se acreditamos em sua intercess\u00e3o para os milagres f\u00edsicos, por que n\u00e3o confiamos a Ela tamb\u00e9m nossas fraquezas espirituais?<\/span><\/p>\n<p><span style=\"color: #000000;\"><span style=\"font-weight: 400;\">Por isso, intensifique sua devo\u00e7\u00e3o! Inscreva seu nome e suas inten\u00e7\u00f5es na <\/span><b>Missa do Ros\u00e1rio<\/b><span style=\"font-weight: 400;\">, uma oportunidade para fortalecer sua f\u00e9 e se colocar sob a intercess\u00e3o da Sant\u00edssima Virgem.<\/span><\/span><\/p>\n<p><span style=\"color: #000000;\"><b>Ligue gr\u00e1tis para:<\/b> <span style=\"color: #0000ff;\"><a style=\"color: #0000ff;\" href=\"tel:08006082128\" target=\"_blank\" rel=\"noopener\"><b>0800 608 2128<\/b><\/a><\/span><\/span><\/p>\n","protected":false},"excerpt":{"rendered":"<p>Quando a Virgem Maria apareceu a Santa Bernadette Soubirous, em 1858, na pequena cidade de Lourdes, na Fran\u00e7a, trouxe uma mensagem clara: penit\u00eancia e ora\u00e7\u00e3o.\u00a0 A jovem, humilde e de sa\u00fade fr\u00e1gil, abra\u00e7ou sua miss\u00e3o com total entrega. Seu amor pela Sant\u00edssima Virgem n\u00e3o se expressou em discursos eloquentes ou em uma grande obra teol\u00f3gica, [&hellip;]<\/p>\n","protected":false},"author":49,"featured_media":79480,"comment_status":"open","ping_status":"open","sticky":false,"template":"","format":"standard","meta":[],"categories":[2585,56,2460],"tags":[],"yoast_head":"<!-- This site is optimized with the Yoast SEO plugin v17.4 - https:\/\/yoast.com\/wordpress\/plugins\/seo\/ -->\n<title>A conex\u00e3o que une Lourdes e F\u00e1tima: milagres, segredos e a Miss\u00e3o de Nossa Senhora<\/title>\n<meta name=\"description\" content=\"Tanto em Lourdes quanto em F\u00e1tima, Nossa Senhora revelou segredos, tocou cora\u00e7\u00f5es e deixou mensagens para que fossem compartilhadas e vividas por toda a humanidade.\" \/>\n<meta name=\"robots\" content=\"index, follow, max-snippet:-1, max-image-preview:large, max-video-preview:-1\" \/>\n<link rel=\"canonical\" href=\"https:\/\/www.adf.org.br\/home\/a-conexao-que-une-lourdes-e-fatima-milagres-segredos-e-a-missao-de-nossa-senhora\/\" \/>\n<meta property=\"og:locale\" content=\"pt_BR\" \/>\n<meta property=\"og:type\" content=\"article\" \/>\n<meta property=\"og:title\" content=\"A conex\u00e3o que une Lourdes e F\u00e1tima: milagres, segredos e a Miss\u00e3o de Nossa Senhora\" \/>\n<meta property=\"og:description\" content=\"Tanto em Lourdes quanto em F\u00e1tima, Nossa Senhora revelou segredos, tocou cora\u00e7\u00f5es e deixou mensagens para que fossem compartilhadas e vividas por toda a humanidade.\" \/>\n<meta property=\"og:url\" content=\"https:\/\/www.adf.org.br\/home\/a-conexao-que-une-lourdes-e-fatima-milagres-segredos-e-a-missao-de-nossa-senhora\/\" \/>\n<meta property=\"og:site_name\" content=\"Associa\u00e7\u00e3o Devotos de F\u00e1tima\" \/>\n<meta property=\"article:published_time\" content=\"2025-03-07T12:11:51+00:00\" \/>\n<meta property=\"og:image\" content=\"https:\/\/www.adf.org.br\/home\/wp-content\/uploads\/2025\/03\/Design-sem-nome-15.jpg\" \/>\n\t<meta property=\"og:image:width\" content=\"1080\" \/>\n\t<meta property=\"og:image:height\" content=\"720\" \/>\n<meta name=\"twitter:card\" content=\"summary_large_image\" \/>\n<meta name=\"twitter:label1\" content=\"Escrito por\" \/>\n\t<meta name=\"twitter:data1\" content=\"karen larissa\" \/>\n\t<meta name=\"twitter:label2\" content=\"Est. tempo de leitura\" \/>\n\t<meta name=\"twitter:data2\" content=\"3 minutos\" \/>\n<script type=\"application\/ld+json\" class=\"yoast-schema-graph\">{\"@context\":\"https:\/\/schema.org\",\"@graph\":[{\"@type\":\"WebSite\",\"@id\":\"https:\/\/www.adf.org.br\/home\/#website\",\"url\":\"https:\/\/www.adf.org.br\/home\/\",\"name\":\"Associa\\u00e7\\u00e3o Devotos de F\\u00e1tima\",\"description\":\"Associa\\u00e7\\u00e3o Devotos de F\\u00e1tima\",\"potentialAction\":[{\"@type\":\"SearchAction\",\"target\":{\"@type\":\"EntryPoint\",\"urlTemplate\":\"https:\/\/www.adf.org.br\/home\/?s={search_term_string}\"},\"query-input\":\"required name=search_term_string\"}],\"inLanguage\":\"pt-BR\"},{\"@type\":\"ImageObject\",\"@id\":\"https:\/\/www.adf.org.br\/home\/a-conexao-que-une-lourdes-e-fatima-milagres-segredos-e-a-missao-de-nossa-senhora\/#primaryimage\",\"inLanguage\":\"pt-BR\",\"url\":\"https:\/\/www.adf.org.br\/home\/wp-content\/uploads\/2025\/03\/Design-sem-nome-15.jpg\",\"contentUrl\":\"https:\/\/www.adf.org.br\/home\/wp-content\/uploads\/2025\/03\/Design-sem-nome-15.jpg\",\"width\":1080,\"height\":720},{\"@type\":\"WebPage\",\"@id\":\"https:\/\/www.adf.org.br\/home\/a-conexao-que-une-lourdes-e-fatima-milagres-segredos-e-a-missao-de-nossa-senhora\/#webpage\",\"url\":\"https:\/\/www.adf.org.br\/home\/a-conexao-que-une-lourdes-e-fatima-milagres-segredos-e-a-missao-de-nossa-senhora\/\",\"name\":\"A conex\\u00e3o que une Lourdes e F\\u00e1tima: milagres, segredos e a Miss\\u00e3o de Nossa Senhora\",\"isPartOf\":{\"@id\":\"https:\/\/www.adf.org.br\/home\/#website\"},\"primaryImageOfPage\":{\"@id\":\"https:\/\/www.adf.org.br\/home\/a-conexao-que-une-lourdes-e-fatima-milagres-segredos-e-a-missao-de-nossa-senhora\/#primaryimage\"},\"datePublished\":\"2025-03-07T12:11:51+00:00\",\"dateModified\":\"2025-03-07T12:11:51+00:00\",\"author\":{\"@id\":\"https:\/\/www.adf.org.br\/home\/#\/schema\/person\/5e68f709ec0c54628fc2ae12f4aa5839\"},\"description\":\"Tanto em Lourdes quanto em F\\u00e1tima, Nossa Senhora revelou segredos, tocou cora\\u00e7\\u00f5es e deixou mensagens para que fossem compartilhadas e vividas por toda a humanidade.\",\"breadcrumb\":{\"@id\":\"https:\/\/www.adf.org.br\/home\/a-conexao-que-une-lourdes-e-fatima-milagres-segredos-e-a-missao-de-nossa-senhora\/#breadcrumb\"},\"inLanguage\":\"pt-BR\",\"potentialAction\":[{\"@type\":\"ReadAction\",\"target\":[\"https:\/\/www.adf.org.br\/home\/a-conexao-que-une-lourdes-e-fatima-milagres-segredos-e-a-missao-de-nossa-senhora\/\"]}]},{\"@type\":\"BreadcrumbList\",\"@id\":\"https:\/\/www.adf.org.br\/home\/a-conexao-que-une-lourdes-e-fatima-milagres-segredos-e-a-missao-de-nossa-senhora\/#breadcrumb\",\"itemListElement\":[{\"@type\":\"ListItem\",\"position\":1,\"name\":\"Home\",\"item\":\"https:\/\/www.adf.org.br\/home\/\"},{\"@type\":\"ListItem\",\"position\":2,\"name\":\"A conex\\u00e3o que une Lourdes e F\\u00e1tima: milagres, segredos e a Miss\\u00e3o de Nossa Senhora\"}]},{\"@type\":\"Person\",\"@id\":\"https:\/\/www.adf.org.br\/home\/#\/schema\/person\/5e68f709ec0c54628fc2ae12f4aa5839\",\"name\":\"karen larissa\",\"image\":{\"@type\":\"ImageObject\",\"@id\":\"https:\/\/www.adf.org.br\/home\/#personlogo\",\"inLanguage\":\"pt-BR\",\"url\":\"https:\/\/secure.gravatar.com\/avatar\/9a1fc755df35876f77c39d5d27552339?s=96&d=mm&r=g\",\"contentUrl\":\"https:\/\/secure.gravatar.com\/avatar\/9a1fc755df35876f77c39d5d27552339?s=96&d=mm&r=g\",\"caption\":\"karen larissa\"},\"url\":\"https:\/\/www.adf.org.br\/home\/author\/karen-larissa\/\"}]}<\/script>\n<!-- \/ Yoast SEO plugin. -->","yoast_head_json":{"title":"A conex\u00e3o que une Lourdes e F\u00e1tima: milagres, segredos e a Miss\u00e3o de Nossa Senhora","description":"Tanto em Lourdes quanto em F\u00e1tima, Nossa Senhora revelou segredos, tocou cora\u00e7\u00f5es e deixou mensagens para que fossem compartilhadas e vividas por toda a humanidade.","robots":{"index":"index","follow":"follow","max-snippet":"max-snippet:-1","max-image-preview":"max-image-preview:large","max-video-preview":"max-video-preview:-1"},"canonical":"https:\/\/www.adf.org.br\/home\/a-conexao-que-une-lourdes-e-fatima-milagres-segredos-e-a-missao-de-nossa-senhora\/","og_locale":"pt_BR","og_type":"article","og_title":"A conex\u00e3o que une Lourdes e F\u00e1tima: milagres, segredos e a Miss\u00e3o de Nossa Senhora","og_description":"Tanto em Lourdes quanto em F\u00e1tima, Nossa Senhora revelou segredos, tocou cora\u00e7\u00f5es e deixou mensagens para que fossem compartilhadas e vividas por toda a humanidade.","og_url":"https:\/\/www.adf.org.br\/home\/a-conexao-que-une-lourdes-e-fatima-milagres-segredos-e-a-missao-de-nossa-senhora\/","og_site_name":"Associa\u00e7\u00e3o Devotos de F\u00e1tima","article_published_time":"2025-03-07T12:11:51+00:00","og_image":[{"width":1080,"height":720,"url":"https:\/\/www.adf.org.br\/home\/wp-content\/uploads\/2025\/03\/Design-sem-nome-15.jpg","type":"image\/jpeg"}],"twitter_card":"summary_large_image","twitter_misc":{"Escrito por":"karen larissa","Est. tempo de leitura":"3 minutos"},"schema":{"@context":"https:\/\/schema.org","@graph":[{"@type":"WebSite","@id":"https:\/\/www.adf.org.br\/home\/#website","url":"https:\/\/www.adf.org.br\/home\/","name":"Associa\u00e7\u00e3o Devotos de F\u00e1tima","description":"Associa\u00e7\u00e3o Devotos de F\u00e1tima","potentialAction":[{"@type":"SearchAction","target":{"@type":"EntryPoint","urlTemplate":"https:\/\/www.adf.org.br\/home\/?s={search_term_string}"},"query-input":"required name=search_term_string"}],"inLanguage":"pt-BR"},{"@type":"ImageObject","@id":"https:\/\/www.adf.org.br\/home\/a-conexao-que-une-lourdes-e-fatima-milagres-segredos-e-a-missao-de-nossa-senhora\/#primaryimage","inLanguage":"pt-BR","url":"https:\/\/www.adf.org.br\/home\/wp-content\/uploads\/2025\/03\/Design-sem-nome-15.jpg","contentUrl":"https:\/\/www.adf.org.br\/home\/wp-content\/uploads\/2025\/03\/Design-sem-nome-15.jpg","width":1080,"height":720},{"@type":"WebPage","@id":"https:\/\/www.adf.org.br\/home\/a-conexao-que-une-lourdes-e-fatima-milagres-segredos-e-a-missao-de-nossa-senhora\/#webpage","url":"https:\/\/www.adf.org.br\/home\/a-conexao-que-une-lourdes-e-fatima-milagres-segredos-e-a-missao-de-nossa-senhora\/","name":"A conex\u00e3o que une Lourdes e F\u00e1tima: milagres, segredos e a Miss\u00e3o de Nossa Senhora","isPartOf":{"@id":"https:\/\/www.adf.org.br\/home\/#website"},"primaryImageOfPage":{"@id":"https:\/\/www.adf.org.br\/home\/a-conexao-que-une-lourdes-e-fatima-milagres-segredos-e-a-missao-de-nossa-senhora\/#primaryimage"},"datePublished":"2025-03-07T12:11:51+00:00","dateModified":"2025-03-07T12:11:51+00:00","author":{"@id":"https:\/\/www.adf.org.br\/home\/#\/schema\/person\/5e68f709ec0c54628fc2ae12f4aa5839"},"description":"Tanto em Lourdes quanto em F\u00e1tima, Nossa Senhora revelou segredos, tocou cora\u00e7\u00f5es e deixou mensagens para que fossem compartilhadas e vividas por toda a humanidade.","breadcrumb":{"@id":"https:\/\/www.adf.org.br\/home\/a-conexao-que-une-lourdes-e-fatima-milagres-segredos-e-a-missao-de-nossa-senhora\/#breadcrumb"},"inLanguage":"pt-BR","potentialAction":[{"@type":"ReadAction","target":["https:\/\/www.adf.org.br\/home\/a-conexao-que-une-lourdes-e-fatima-milagres-segredos-e-a-missao-de-nossa-senhora\/"]}]},{"@type":"BreadcrumbList","@id":"https:\/\/www.adf.org.br\/home\/a-conexao-que-une-lourdes-e-fatima-milagres-segredos-e-a-missao-de-nossa-senhora\/#breadcrumb","itemListElement":[{"@type":"ListItem","position":1,"name":"Home","item":"https:\/\/www.adf.org.br\/home\/"},{"@type":"ListItem","position":2,"name":"A conex\u00e3o que une Lourdes e F\u00e1tima: milagres, segredos e a Miss\u00e3o de Nossa Senhora"}]},{"@type":"Person","@id":"https:\/\/www.adf.org.br\/home\/#\/schema\/person\/5e68f709ec0c54628fc2ae12f4aa5839","name":"karen larissa","image":{"@type":"ImageObject","@id":"https:\/\/www.adf.org.br\/home\/#personlogo","inLanguage":"pt-BR","url":"https:\/\/secure.gravatar.com\/avatar\/9a1fc755df35876f77c39d5d27552339?s=96&d=mm&r=g","contentUrl":"https:\/\/secure.gravatar.com\/avatar\/9a1fc755df35876f77c39d5d27552339?s=96&d=mm&r=g","caption":"karen larissa"},"url":"https:\/\/www.adf.org.br\/home\/author\/karen-larissa\/"}]}},"_links":{"self":[{"href":"https:\/\/www.adf.org.br\/home\/wp-json\/wp\/v2\/posts\/79479"}],"collection":[{"href":"https:\/\/www.adf.org.br\/home\/wp-json\/wp\/v2\/posts"}],"about":[{"href":"https:\/\/www.adf.org.br\/home\/wp-json\/wp\/v2\/types\/post"}],"author":[{"embeddable":true,"href":"https:\/\/www.adf.org.br\/home\/wp-json\/wp\/v2\/users\/49"}],"replies":[{"embeddable":true,"href":"https:\/\/www.adf.org.br\/home\/wp-json\/wp\/v2\/comments?post=79479"}],"version-history":[{"count":1,"href":"https:\/\/www.adf.org.br\/home\/wp-json\/wp\/v2\/posts\/79479\/revisions"}],"predecessor-version":[{"id":79481,"href":"https:\/\/www.adf.org.br\/home\/wp-json\/wp\/v2\/posts\/79479\/revisions\/79481"}],"wp:featuredmedia":[{"embeddable":true,"href":"https:\/\/www.adf.org.br\/home\/wp-json\/wp\/v2\/media\/79480"}],"wp:attachment":[{"href":"https:\/\/www.adf.org.br\/home\/wp-json\/wp\/v2\/media?parent=79479"}],"wp:term":[{"taxonomy":"category","embeddable":true,"href":"https:\/\/www.adf.org.br\/home\/wp-json\/wp\/v2\/categories?post=79479"},{"taxonomy":"post_tag","embeddable":true,"href":"https:\/\/www.adf.org.br\/home\/wp-json\/wp\/v2\/tags?post=79479"}],"curies":[{"name":"wp","href":"https:\/\/api.w.org\/{rel}","templated":true}]}}