{"id":79348,"date":"2025-02-18T18:28:25","date_gmt":"2025-02-18T21:28:25","guid":{"rendered":"https:\/\/www.adf.org.br\/home\/?p=79348"},"modified":"2025-02-19T14:09:27","modified_gmt":"2025-02-19T17:09:27","slug":"distracoes-no-rosario","status":"publish","type":"post","link":"https:\/\/www.adf.org.br\/home\/distracoes-no-rosario\/","title":{"rendered":"Distra\u00e7\u00f5es no Ros\u00e1rio? Descubra como rezar com devo\u00e7\u00e3o e colher as gra\u00e7as dessa poderosa ora\u00e7\u00e3o!"},"content":{"rendered":"<p><img loading=\"lazy\" class=\"aligncenter size-medium wp-image-79349\" src=\"https:\/\/www.adf.org.br\/home\/wp-content\/uploads\/2025\/02\/6-rosario-300x300.jpg\" alt=\"\" width=\"300\" height=\"300\" srcset=\"https:\/\/www.adf.org.br\/home\/wp-content\/uploads\/2025\/02\/6-rosario-300x300.jpg 300w, https:\/\/www.adf.org.br\/home\/wp-content\/uploads\/2025\/02\/6-rosario-150x150.jpg 150w, https:\/\/www.adf.org.br\/home\/wp-content\/uploads\/2025\/02\/6-rosario.jpg 450w\" sizes=\"(max-width: 300px) 100vw, 300px\" \/><\/p>\n<p><span style=\"font-weight: 400; color: #000000;\">O Ros\u00e1rio \u00e9 muito mais do que uma simples sequ\u00eancia de ora\u00e7\u00f5es.<\/span><\/p>\n<p><span style=\"color: #0000ff;\"><b>\u00c9 um di\u00e1logo \u00edntimo com Nossa Senhora e uma oportunidade de fortalecer nossa f\u00e9 a cada Ave-Maria.<\/b><\/span><\/p>\n<p><img loading=\"lazy\" class=\"aligncenter wp-image-79314\" src=\"https:\/\/www.adf.org.br\/home\/wp-content\/uploads\/2025\/02\/elegant-golden-classic-lines-for-making-vintage-greeting-cards-png-300x102.png\" alt=\"\" width=\"130\" height=\"44\" srcset=\"https:\/\/www.adf.org.br\/home\/wp-content\/uploads\/2025\/02\/elegant-golden-classic-lines-for-making-vintage-greeting-cards-png-300x102.png 300w, https:\/\/www.adf.org.br\/home\/wp-content\/uploads\/2025\/02\/elegant-golden-classic-lines-for-making-vintage-greeting-cards-png.png 587w\" sizes=\"(max-width: 130px) 100vw, 130px\" \/><\/p>\n<p><a href=\"https:\/\/adf.org.br\/apostolosdefatima\/2\/?origem=31806#\" target=\"_blank\" rel=\"noopener\"><b>Clique aqui e junte-se aos Ap\u00f3stolos de F\u00e1tima!<\/b><\/a><b>\u00a0<\/b><\/p>\n<p><span style=\"color: #000000;\"><span style=\"font-weight: 400;\">Este grupo re\u00fane fi\u00e9is comprometidos com a miss\u00e3o de propagar o Santo Ros\u00e1rio. <\/span><b>Como membro, voc\u00ea far\u00e1 parte de uma poderosa corrente de f\u00e9: <\/b><span style=\"font-weight: 400;\">nossos volunt\u00e1rios se revezam em uma <\/span><b>Vig\u00edlia Perp\u00e9tua de Ora\u00e7\u00f5es<\/b><span style=\"font-weight: 400;\">, rezando continuamente o Santo Ros\u00e1rio por voc\u00ea e por suas inten\u00e7\u00f5es.<\/span><\/span><\/p>\n<p><span style=\"color: #000000;\"><b>S\u00e3o mais de 18.000 ter\u00e7os ao ano dedicados a pedir gra\u00e7as, prote\u00e7\u00e3o e b\u00ean\u00e7\u00e3os para sua vida.\u00a0<\/b><\/span><\/p>\n<p><span style=\"font-weight: 400; color: #000000;\">Al\u00e9m disso, como membro, seu nome ser\u00e1 inserido na missa semanal, celebrada pelas inten\u00e7\u00f5es de todos os Ap\u00f3stolos de F\u00e1tima.<\/span><\/p>\n<p><span style=\"font-weight: 400; color: #000000;\">Ligue agora para <\/span><a href=\"tel:08006082128\" target=\"_blank\" rel=\"noopener\"><b>0800 608 2128<\/b><\/a><span style=\"font-weight: 400; color: #000000;\"> ou <\/span><a href=\"https:\/\/adf.org.br\/apostolosdefatima\/2\/?origem=31806#\" target=\"_blank\" rel=\"noopener\"><b>clique aqui<\/b><\/a><span style=\"font-weight: 400; color: #000000;\"> e d\u00ea o primeiro passo rumo a uma f\u00e9 renovada!<\/span><span style=\"font-weight: 400;\"><br \/>\n<\/span><\/p>\n<p><img loading=\"lazy\" class=\"aligncenter wp-image-79314\" src=\"https:\/\/www.adf.org.br\/home\/wp-content\/uploads\/2025\/02\/elegant-golden-classic-lines-for-making-vintage-greeting-cards-png-300x102.png\" alt=\"\" width=\"144\" height=\"49\" srcset=\"https:\/\/www.adf.org.br\/home\/wp-content\/uploads\/2025\/02\/elegant-golden-classic-lines-for-making-vintage-greeting-cards-png-300x102.png 300w, https:\/\/www.adf.org.br\/home\/wp-content\/uploads\/2025\/02\/elegant-golden-classic-lines-for-making-vintage-greeting-cards-png.png 587w\" sizes=\"(max-width: 144px) 100vw, 144px\" \/><\/p>\n<p><span style=\"font-weight: 400; color: #000000;\">Quando rezamos com aten\u00e7\u00e3o e inten\u00e7\u00e3o, abrimos as portas para receber as b\u00ean\u00e7\u00e3os que Deus e Maria desejam derramar sobre n\u00f3s.<\/span><\/p>\n<p style=\"padding-left: 80px;\"><span style=\"font-weight: 400; color: #000000;\">Contudo, <\/span><span style=\"color: #0000ff;\"><b>distra\u00e7\u00f5es volunt\u00e1rias podem desviar esse momento sagrado, reduzindo a for\u00e7a de nossas preces e assim deixamos de receber as gra\u00e7as que Nossa Senhora quer nos conceder.<\/b><\/span><\/p>\n<p><span style=\"font-weight: 400; color: #000000;\">Confira a seguir algumas orienta\u00e7\u00f5es simples, inspiradas nos ensinamentos do grande ap\u00f3stolo do Ros\u00e1rio, <\/span><span style=\"color: #ff0000;\"><b>S\u00e3o Lu\u00eds Maria Grignion de Montfort<\/b><\/span><span style=\"font-weight: 400;\">.<\/span><\/p>\n<h2><span style=\"color: #000000;\"><b>Mantenha-se na presen\u00e7a Divina<\/b><\/span><\/h2>\n<p><span style=\"color: #0000ff;\"><b>Imagine, a cada palavra, a presen\u00e7a acolhedora de Nossa Senhora, ouvindo seu clamor com ternura.<\/b><\/span><\/p>\n<p><span style=\"font-weight: 400; color: #000000;\">Visualize tamb\u00e9m o seu anjo da guarda, guiando seus pensamentos e elevando suas inten\u00e7\u00f5es ao C\u00e9u. Essa consci\u00eancia n\u00e3o apenas fortalece sua f\u00e9, mas tamb\u00e9m repele as distra\u00e7\u00f5es que tentam minar o poder da ora\u00e7\u00e3o.<\/span><\/p>\n<h2><span style=\"color: #000000;\"><b>Reze cada Ave-Maria com devo\u00e7\u00e3o e significado<\/b><\/span><\/h2>\n<p><span style=\"font-weight: 400; color: #000000;\">Antes de iniciar cada mist\u00e9rio do Ros\u00e1rio, reserve um momento para refletir sobre o significado do que est\u00e1 por vir.<\/span><\/p>\n<p><span style=\"color: #0000ff;\"><b>Pe\u00e7a uma gra\u00e7a especial ou invoque a virtude que voc\u00ea mais necessita.<\/b><\/span><\/p>\n<p style=\"padding-left: 80px;\"><span style=\"font-weight: 400; color: #000000;\">Cada Ave-Maria, quando rezada com o cora\u00e7\u00e3o e com foco, constr\u00f3i um verdadeiro alicerce espiritual, transformando sua ora\u00e7\u00e3o em um poderoso instrumento de f\u00e9.<\/span><\/p>\n<h2><span style=\"color: #000000;\"><b>Desafios e perseveran\u00e7a<\/b><\/span><\/h2>\n<p><span style=\"font-weight: 400; color: #000000;\">\u00c9 natural que pensamentos dispersos se apresentem durante a ora\u00e7\u00e3o. Entretanto, \u00e9 fundamental reconhecer esses momentos e, com firmeza, redirecionar sua aten\u00e7\u00e3o para a prece.<\/span><\/p>\n<p><span style=\"color: #000000;\"><span style=\"font-weight: 400;\">Mesmo quando o cansa\u00e7o e a rotina parecem dominar, lembre-se: <\/span><b>cada esfor\u00e7o para retomar o foco \u00e9 uma vit\u00f3ria contra as for\u00e7as que tentam afast\u00e1-lo do divino.<\/b><\/span><\/p>\n<h2><span style=\"color: #000000;\"><b>Testemunho de devo\u00e7\u00e3o<\/b><\/span><\/h2>\n<p><span style=\"font-weight: 400; color: #000000;\">A hist\u00f3ria de Hermann, um monge que cultivava uma devo\u00e7\u00e3o intensa pelo Ros\u00e1rio, ilustra bem esse caminho.<\/span><\/p>\n<p style=\"padding-left: 80px;\"><span style=\"color: #000000;\"><b>Quando rezava com plena aten\u00e7\u00e3o, dizia-se que Nossa Senhora se manifestava em sua presen\u00e7a com alegria e luz.<\/b><\/span><\/p>\n<p><span style=\"color: #000000;\"><span style=\"font-weight: 400;\">Por\u00e9m, em um epis\u00f3dio em que sua ora\u00e7\u00e3o se fez apressada e desatenta, ela se apresentou entristecida, envolta em um brilho suave, por\u00e9m melanc\u00f3lico. Seus olhos transmitiam uma mensagem clara: <\/span><b>a ora\u00e7\u00e3o s\u00f3 tem verdadeira for\u00e7a quando nasce da alma e do cora\u00e7\u00e3o, n\u00e3o apenas dos l\u00e1bios.<\/b><\/span><\/p>\n<p><span style=\"font-weight: 400; color: #000000;\">Aquele momento marcou Hermann profundamente. Ele compreendeu que o Ros\u00e1rio \u00e9 mais do que palavras repetidas \u2014 \u00e9 um la\u00e7o de amor com a M\u00e3e de Deus, que floresce quando regado com f\u00e9 e aten\u00e7\u00e3o.<\/span><\/p>\n<p><span style=\"font-weight: 400; color: #000000;\">E desde ent\u00e3o, cada prece sua foi plena, viva e consciente \u2014 um ato de amor, n\u00e3o de obriga\u00e7\u00e3o.<\/span><\/p>\n<h2><span style=\"color: #000000;\"><b>Seja um Ap\u00f3stolo do Ros\u00e1rio!<\/b><\/span><\/h2>\n<p><span style=\"font-weight: 400; color: #000000;\">Nossa Senhora, em Sua apari\u00e7\u00e3o em F\u00e1tima, nos conclamou:\u00a0<\/span><\/p>\n<blockquote><p><span style=\"color: #000000;\"><b><i>&#8220;Rezem o Ros\u00e1rio pela paz no mundo e pela convers\u00e3o dos pecadores!\u201d<\/i><\/b><\/span><\/p><\/blockquote>\n<p><span style=\"font-weight: 400; color: #000000;\">Esse chamado convida cada um de n\u00f3s a transformar a ora\u00e7\u00e3o do Ros\u00e1rio em um verdadeiro movimento de f\u00e9 e esperan\u00e7a.<\/span><\/p>\n<p><span style=\"color: #0000ff;\"><b>Se voc\u00ea deseja receber gra\u00e7as especiais para si e sua fam\u00edlia, ou se anseia por levar esperan\u00e7a \u00e0queles que sofrem, este \u00e9 o momento de agir!<\/b><\/span><\/p>\n<h2><span style=\"color: #000000;\"><b>Junte-se aos Ap\u00f3stolos de F\u00e1tima!<\/b><\/span><\/h2>\n<p><span style=\"font-weight: 400; color: #000000;\">Este grupo, promovido pela Associa\u00e7\u00e3o Devotos de F\u00e1tima, re\u00fane fi\u00e9is comprometidos com a miss\u00e3o de propagar o Santo Ros\u00e1rio.<\/span><\/p>\n<p><span style=\"color: #0000ff;\"><b>Como membro, voc\u00ea participar\u00e1 de uma corrente de f\u00e9 cont\u00ednua, em que nossos volunt\u00e1rios rezam mais de 18.000 ter\u00e7os ao ano por suas inten\u00e7\u00f5es.<\/b><\/span><\/p>\n<p><span style=\"color: #0000ff;\"><b>Al\u00e9m disso, seu nome ser\u00e1 inclu\u00eddo na missa semanal, celebrada por todos os membros deste grupo especial.<\/b><\/span><\/p>\n<p><span style=\"font-weight: 400; color: #000000;\">Ligue agora para <\/span><span style=\"color: #ff0000;\"><a style=\"color: #ff0000;\" href=\"tel:08006082128\" target=\"_blank\" rel=\"noopener\"><span style=\"font-weight: 400;\">0800 608 2128<\/span><\/a><\/span><span style=\"font-weight: 400; color: #000000;\"> ou clique no link abaixo e d\u00ea o primeiro passo rumo a uma f\u00e9 renovada!<\/span><span style=\"font-weight: 400;\"><br \/>\n<\/span><span style=\"font-weight: 400;\"><br \/>\n<\/span><span style=\"font-weight: 400; color: #000000;\">Se preferir, <\/span><a href=\"https:\/\/adf.org.br\/apostolosdefatima\/2\/?origem=31806#\" target=\"_blank\" rel=\"noopener\"><b>clique aqui<\/b><\/a><span style=\"font-weight: 400;\">.<\/span><\/p>\n<p><span style=\"font-weight: 400; color: #000000;\">Nossa Senhora conta com voc\u00ea.<\/span><\/p>\n<p><span style=\"font-weight: 400; color: #000000;\">Estenda sua m\u00e3o amiga e transforme o Brasil com a sua ora\u00e7\u00e3o e a sua generosidade!<\/span><\/p>\n<p><a href=\"https:\/\/adf.org.br\/apostolosdefatima\/2\/?origem=31806#\" target=\"_blank\" rel=\"noopener\"><b>CLIQUE AQUI E TORNE-SE UM AP\u00d3STOLO DO F\u00c1TIMA AGORA!<\/b><\/a><\/p>\n","protected":false},"excerpt":{"rendered":"<p>O Ros\u00e1rio \u00e9 muito mais do que uma simples sequ\u00eancia de ora\u00e7\u00f5es. \u00c9 um di\u00e1logo \u00edntimo com Nossa Senhora e uma oportunidade de fortalecer nossa f\u00e9 a cada Ave-Maria. Clique aqui e junte-se aos Ap\u00f3stolos de F\u00e1tima!\u00a0 Este grupo re\u00fane fi\u00e9is comprometidos com a miss\u00e3o de propagar o Santo Ros\u00e1rio. Como membro, voc\u00ea far\u00e1 parte [&hellip;]<\/p>\n","protected":false},"author":49,"featured_media":79349,"comment_status":"open","ping_status":"open","sticky":false,"template":"","format":"standard","meta":[],"categories":[2224,14,2510],"tags":[],"yoast_head":"<!-- This site is optimized with the Yoast SEO plugin v17.4 - https:\/\/yoast.com\/wordpress\/plugins\/seo\/ -->\n<title>Distra\u00e7\u00f5es no Ros\u00e1rio? Dicas para focar no momento sagrado<\/title>\n<meta name=\"description\" content=\"Distra\u00e7\u00f5es no Ros\u00e1rio reduzem a for\u00e7a de nossas preces e assim deixamos de receber as gra\u00e7as que Nossa Senhora quer nos conceder.\" \/>\n<meta name=\"robots\" content=\"index, follow, max-snippet:-1, max-image-preview:large, max-video-preview:-1\" \/>\n<link rel=\"canonical\" href=\"https:\/\/www.adf.org.br\/home\/distracoes-no-rosario\/\" \/>\n<meta property=\"og:locale\" content=\"pt_BR\" \/>\n<meta property=\"og:type\" content=\"article\" \/>\n<meta property=\"og:title\" content=\"Distra\u00e7\u00f5es no Ros\u00e1rio? Dicas para focar no momento sagrado\" \/>\n<meta property=\"og:description\" content=\"Distra\u00e7\u00f5es no Ros\u00e1rio reduzem a for\u00e7a de nossas preces e assim deixamos de receber as gra\u00e7as que Nossa Senhora quer nos conceder.\" \/>\n<meta property=\"og:url\" content=\"https:\/\/www.adf.org.br\/home\/distracoes-no-rosario\/\" \/>\n<meta property=\"og:site_name\" content=\"Associa\u00e7\u00e3o Devotos de F\u00e1tima\" \/>\n<meta property=\"article:published_time\" content=\"2025-02-18T21:28:25+00:00\" \/>\n<meta property=\"article:modified_time\" content=\"2025-02-19T17:09:27+00:00\" \/>\n<meta property=\"og:image\" content=\"https:\/\/www.adf.org.br\/home\/wp-content\/uploads\/2025\/02\/6-rosario.jpg\" \/>\n\t<meta property=\"og:image:width\" content=\"450\" \/>\n\t<meta property=\"og:image:height\" content=\"450\" \/>\n<meta name=\"twitter:card\" content=\"summary_large_image\" \/>\n<meta name=\"twitter:label1\" content=\"Escrito por\" \/>\n\t<meta name=\"twitter:data1\" content=\"karen larissa\" \/>\n\t<meta name=\"twitter:label2\" content=\"Est. tempo de leitura\" \/>\n\t<meta name=\"twitter:data2\" content=\"4 minutos\" \/>\n<script type=\"application\/ld+json\" class=\"yoast-schema-graph\">{\"@context\":\"https:\/\/schema.org\",\"@graph\":[{\"@type\":\"WebSite\",\"@id\":\"https:\/\/www.adf.org.br\/home\/#website\",\"url\":\"https:\/\/www.adf.org.br\/home\/\",\"name\":\"Associa\\u00e7\\u00e3o Devotos de F\\u00e1tima\",\"description\":\"Associa\\u00e7\\u00e3o Devotos de F\\u00e1tima\",\"potentialAction\":[{\"@type\":\"SearchAction\",\"target\":{\"@type\":\"EntryPoint\",\"urlTemplate\":\"https:\/\/www.adf.org.br\/home\/?s={search_term_string}\"},\"query-input\":\"required name=search_term_string\"}],\"inLanguage\":\"pt-BR\"},{\"@type\":\"ImageObject\",\"@id\":\"https:\/\/www.adf.org.br\/home\/distracoes-no-rosario\/#primaryimage\",\"inLanguage\":\"pt-BR\",\"url\":\"https:\/\/www.adf.org.br\/home\/wp-content\/uploads\/2025\/02\/6-rosario.jpg\",\"contentUrl\":\"https:\/\/www.adf.org.br\/home\/wp-content\/uploads\/2025\/02\/6-rosario.jpg\",\"width\":450,\"height\":450},{\"@type\":\"WebPage\",\"@id\":\"https:\/\/www.adf.org.br\/home\/distracoes-no-rosario\/#webpage\",\"url\":\"https:\/\/www.adf.org.br\/home\/distracoes-no-rosario\/\",\"name\":\"Distra\\u00e7\\u00f5es no Ros\\u00e1rio? Dicas para focar no momento sagrado\",\"isPartOf\":{\"@id\":\"https:\/\/www.adf.org.br\/home\/#website\"},\"primaryImageOfPage\":{\"@id\":\"https:\/\/www.adf.org.br\/home\/distracoes-no-rosario\/#primaryimage\"},\"datePublished\":\"2025-02-18T21:28:25+00:00\",\"dateModified\":\"2025-02-19T17:09:27+00:00\",\"author\":{\"@id\":\"https:\/\/www.adf.org.br\/home\/#\/schema\/person\/5e68f709ec0c54628fc2ae12f4aa5839\"},\"description\":\"Distra\\u00e7\\u00f5es no Ros\\u00e1rio reduzem a for\\u00e7a de nossas preces e assim deixamos de receber as gra\\u00e7as que Nossa Senhora quer nos conceder.\",\"breadcrumb\":{\"@id\":\"https:\/\/www.adf.org.br\/home\/distracoes-no-rosario\/#breadcrumb\"},\"inLanguage\":\"pt-BR\",\"potentialAction\":[{\"@type\":\"ReadAction\",\"target\":[\"https:\/\/www.adf.org.br\/home\/distracoes-no-rosario\/\"]}]},{\"@type\":\"BreadcrumbList\",\"@id\":\"https:\/\/www.adf.org.br\/home\/distracoes-no-rosario\/#breadcrumb\",\"itemListElement\":[{\"@type\":\"ListItem\",\"position\":1,\"name\":\"Home\",\"item\":\"https:\/\/www.adf.org.br\/home\/\"},{\"@type\":\"ListItem\",\"position\":2,\"name\":\"Distra\\u00e7\\u00f5es no Ros\\u00e1rio? Descubra como rezar com devo\\u00e7\\u00e3o e colher as gra\\u00e7as dessa poderosa ora\\u00e7\\u00e3o!\"}]},{\"@type\":\"Person\",\"@id\":\"https:\/\/www.adf.org.br\/home\/#\/schema\/person\/5e68f709ec0c54628fc2ae12f4aa5839\",\"name\":\"karen larissa\",\"image\":{\"@type\":\"ImageObject\",\"@id\":\"https:\/\/www.adf.org.br\/home\/#personlogo\",\"inLanguage\":\"pt-BR\",\"url\":\"https:\/\/secure.gravatar.com\/avatar\/9a1fc755df35876f77c39d5d27552339?s=96&d=mm&r=g\",\"contentUrl\":\"https:\/\/secure.gravatar.com\/avatar\/9a1fc755df35876f77c39d5d27552339?s=96&d=mm&r=g\",\"caption\":\"karen larissa\"},\"url\":\"https:\/\/www.adf.org.br\/home\/author\/karen-larissa\/\"}]}<\/script>\n<!-- \/ Yoast SEO plugin. -->","yoast_head_json":{"title":"Distra\u00e7\u00f5es no Ros\u00e1rio? Dicas para focar no momento sagrado","description":"Distra\u00e7\u00f5es no Ros\u00e1rio reduzem a for\u00e7a de nossas preces e assim deixamos de receber as gra\u00e7as que Nossa Senhora quer nos conceder.","robots":{"index":"index","follow":"follow","max-snippet":"max-snippet:-1","max-image-preview":"max-image-preview:large","max-video-preview":"max-video-preview:-1"},"canonical":"https:\/\/www.adf.org.br\/home\/distracoes-no-rosario\/","og_locale":"pt_BR","og_type":"article","og_title":"Distra\u00e7\u00f5es no Ros\u00e1rio? Dicas para focar no momento sagrado","og_description":"Distra\u00e7\u00f5es no Ros\u00e1rio reduzem a for\u00e7a de nossas preces e assim deixamos de receber as gra\u00e7as que Nossa Senhora quer nos conceder.","og_url":"https:\/\/www.adf.org.br\/home\/distracoes-no-rosario\/","og_site_name":"Associa\u00e7\u00e3o Devotos de F\u00e1tima","article_published_time":"2025-02-18T21:28:25+00:00","article_modified_time":"2025-02-19T17:09:27+00:00","og_image":[{"width":450,"height":450,"url":"https:\/\/www.adf.org.br\/home\/wp-content\/uploads\/2025\/02\/6-rosario.jpg","type":"image\/jpeg"}],"twitter_card":"summary_large_image","twitter_misc":{"Escrito por":"karen larissa","Est. tempo de leitura":"4 minutos"},"schema":{"@context":"https:\/\/schema.org","@graph":[{"@type":"WebSite","@id":"https:\/\/www.adf.org.br\/home\/#website","url":"https:\/\/www.adf.org.br\/home\/","name":"Associa\u00e7\u00e3o Devotos de F\u00e1tima","description":"Associa\u00e7\u00e3o Devotos de F\u00e1tima","potentialAction":[{"@type":"SearchAction","target":{"@type":"EntryPoint","urlTemplate":"https:\/\/www.adf.org.br\/home\/?s={search_term_string}"},"query-input":"required name=search_term_string"}],"inLanguage":"pt-BR"},{"@type":"ImageObject","@id":"https:\/\/www.adf.org.br\/home\/distracoes-no-rosario\/#primaryimage","inLanguage":"pt-BR","url":"https:\/\/www.adf.org.br\/home\/wp-content\/uploads\/2025\/02\/6-rosario.jpg","contentUrl":"https:\/\/www.adf.org.br\/home\/wp-content\/uploads\/2025\/02\/6-rosario.jpg","width":450,"height":450},{"@type":"WebPage","@id":"https:\/\/www.adf.org.br\/home\/distracoes-no-rosario\/#webpage","url":"https:\/\/www.adf.org.br\/home\/distracoes-no-rosario\/","name":"Distra\u00e7\u00f5es no Ros\u00e1rio? Dicas para focar no momento sagrado","isPartOf":{"@id":"https:\/\/www.adf.org.br\/home\/#website"},"primaryImageOfPage":{"@id":"https:\/\/www.adf.org.br\/home\/distracoes-no-rosario\/#primaryimage"},"datePublished":"2025-02-18T21:28:25+00:00","dateModified":"2025-02-19T17:09:27+00:00","author":{"@id":"https:\/\/www.adf.org.br\/home\/#\/schema\/person\/5e68f709ec0c54628fc2ae12f4aa5839"},"description":"Distra\u00e7\u00f5es no Ros\u00e1rio reduzem a for\u00e7a de nossas preces e assim deixamos de receber as gra\u00e7as que Nossa Senhora quer nos conceder.","breadcrumb":{"@id":"https:\/\/www.adf.org.br\/home\/distracoes-no-rosario\/#breadcrumb"},"inLanguage":"pt-BR","potentialAction":[{"@type":"ReadAction","target":["https:\/\/www.adf.org.br\/home\/distracoes-no-rosario\/"]}]},{"@type":"BreadcrumbList","@id":"https:\/\/www.adf.org.br\/home\/distracoes-no-rosario\/#breadcrumb","itemListElement":[{"@type":"ListItem","position":1,"name":"Home","item":"https:\/\/www.adf.org.br\/home\/"},{"@type":"ListItem","position":2,"name":"Distra\u00e7\u00f5es no Ros\u00e1rio? Descubra como rezar com devo\u00e7\u00e3o e colher as gra\u00e7as dessa poderosa ora\u00e7\u00e3o!"}]},{"@type":"Person","@id":"https:\/\/www.adf.org.br\/home\/#\/schema\/person\/5e68f709ec0c54628fc2ae12f4aa5839","name":"karen larissa","image":{"@type":"ImageObject","@id":"https:\/\/www.adf.org.br\/home\/#personlogo","inLanguage":"pt-BR","url":"https:\/\/secure.gravatar.com\/avatar\/9a1fc755df35876f77c39d5d27552339?s=96&d=mm&r=g","contentUrl":"https:\/\/secure.gravatar.com\/avatar\/9a1fc755df35876f77c39d5d27552339?s=96&d=mm&r=g","caption":"karen larissa"},"url":"https:\/\/www.adf.org.br\/home\/author\/karen-larissa\/"}]}},"_links":{"self":[{"href":"https:\/\/www.adf.org.br\/home\/wp-json\/wp\/v2\/posts\/79348"}],"collection":[{"href":"https:\/\/www.adf.org.br\/home\/wp-json\/wp\/v2\/posts"}],"about":[{"href":"https:\/\/www.adf.org.br\/home\/wp-json\/wp\/v2\/types\/post"}],"author":[{"embeddable":true,"href":"https:\/\/www.adf.org.br\/home\/wp-json\/wp\/v2\/users\/49"}],"replies":[{"embeddable":true,"href":"https:\/\/www.adf.org.br\/home\/wp-json\/wp\/v2\/comments?post=79348"}],"version-history":[{"count":2,"href":"https:\/\/www.adf.org.br\/home\/wp-json\/wp\/v2\/posts\/79348\/revisions"}],"predecessor-version":[{"id":79351,"href":"https:\/\/www.adf.org.br\/home\/wp-json\/wp\/v2\/posts\/79348\/revisions\/79351"}],"wp:featuredmedia":[{"embeddable":true,"href":"https:\/\/www.adf.org.br\/home\/wp-json\/wp\/v2\/media\/79349"}],"wp:attachment":[{"href":"https:\/\/www.adf.org.br\/home\/wp-json\/wp\/v2\/media?parent=79348"}],"wp:term":[{"taxonomy":"category","embeddable":true,"href":"https:\/\/www.adf.org.br\/home\/wp-json\/wp\/v2\/categories?post=79348"},{"taxonomy":"post_tag","embeddable":true,"href":"https:\/\/www.adf.org.br\/home\/wp-json\/wp\/v2\/tags?post=79348"}],"curies":[{"name":"wp","href":"https:\/\/api.w.org\/{rel}","templated":true}]}}