{"id":79277,"date":"2025-02-13T12:17:24","date_gmt":"2025-02-13T15:17:24","guid":{"rendered":"https:\/\/www.adf.org.br\/home\/?p=79277"},"modified":"2025-02-13T12:17:24","modified_gmt":"2025-02-13T15:17:24","slug":"cova-da-iria","status":"publish","type":"post","link":"https:\/\/www.adf.org.br\/home\/cova-da-iria\/","title":{"rendered":"Cova da Iria: o lugar que se tornou o cora\u00e7\u00e3o da devo\u00e7\u00e3o mariana mundial"},"content":{"rendered":"<p><img loading=\"lazy\" class=\"aligncenter  wp-image-79278\" src=\"https:\/\/www.adf.org.br\/home\/wp-content\/uploads\/2025\/02\/cova-da-iria.jpg\" alt=\"\" width=\"534\" height=\"333\" srcset=\"https:\/\/www.adf.org.br\/home\/wp-content\/uploads\/2025\/02\/cova-da-iria.jpg 1200w, https:\/\/www.adf.org.br\/home\/wp-content\/uploads\/2025\/02\/cova-da-iria-300x187.jpg 300w, https:\/\/www.adf.org.br\/home\/wp-content\/uploads\/2025\/02\/cova-da-iria-1024x638.jpg 1024w, https:\/\/www.adf.org.br\/home\/wp-content\/uploads\/2025\/02\/cova-da-iria-768x479.jpg 768w\" sizes=\"(max-width: 534px) 100vw, 534px\" \/><\/p>\n<p><span style=\"color: #000000;\"><span style=\"font-weight: 400;\">Poucos lugares no mundo carregam tanta hist\u00f3ria e espiritualidade quanto a <\/span><b>Cova da Iria<\/b><span style=\"font-weight: 400;\">, em Portugal. Foi ali, em meio \u00e0 simplicidade de um campo de pastoreio, que a Virgem Maria escolheu se manifestar a tr\u00eas crian\u00e7as humildes, deixando uma mensagem de f\u00e9, convers\u00e3o e esperan\u00e7a. <\/span><\/span><span style=\"font-weight: 400;\"><br \/>\n<\/span><span style=\"font-weight: 400;\"><br \/>\n<\/span><span style=\"color: #000000;\"><span style=\"font-weight: 400;\">O local, que antes fazia parte da rotina da pequena L\u00facia dos Santos e seus primos Francisco e Jacinta Marto, tornou-se um dos destinos mais sagrados da f\u00e9 cat\u00f3lica, atraindo milh\u00f5es de peregrinos todos os anos.<\/span><span style=\"font-weight: 400;\"><\/p>\n<p><\/span><\/span><\/p>\n<p style=\"padding-left: 40px;\"><span style=\"color: #000000;\"><b>Por falar nisso, voc\u00ea imaginou ter o seu nome levado at\u00e9 o SANTU\u00c1RIO DE F\u00c1TIMA, em Portugal?<\/b><b><br \/>\n<\/b><span style=\"font-weight: 400;\"><br \/>\n<\/span><b>E contar com as ora\u00e7\u00f5es di\u00e1rias do Ter\u00e7o? <\/b><b><br \/>\n<\/b><span style=\"font-weight: 400;\"><br \/>\n<\/span><\/span><b><span style=\"color: #000000;\">Nossa Senhora de F\u00e1tima faz um chamado a voc\u00ea no<\/span> <\/b><span style=\"color: #ff0000;\"><b>dia de hoje<\/b><\/span><b>. <\/b><b><br \/>\n<\/b><span style=\"font-weight: 400;\"><br \/>\n<\/span><a href=\"https:\/\/adf.org.br\/apostolosdefatima\/2\/?origem=31719#ChanceUnica\" target=\"_blank\" rel=\"noopener\"><b>Clique aqui e v\u00e1 adiante<\/b><\/a><\/p>\n<h2><span style=\"color: #000000;\"><b>Onde fica a Cova da Iria?<\/b><\/span><\/h2>\n<p><span style=\"color: #000000;\"><span style=\"font-weight: 400;\">A <\/span><b>Cova da Iria<\/b><span style=\"font-weight: 400;\"> est\u00e1 localizada na freguesia de F\u00e1tima, pertencente ao munic\u00edpio de Our\u00e9m, na regi\u00e3o do Centro de Portugal. O pa\u00eds \u00e9 dividido em diversas regi\u00f5es administrativas, e F\u00e1tima integra o <\/span><b>Distrito de Santar\u00e9m<\/b><span style=\"font-weight: 400;\">, na sub-regi\u00e3o do <\/span><b>M\u00e9dio Tejo<\/b><span style=\"font-weight: 400;\">.<\/span><\/span><\/p>\n<p><span style=\"color: #000000;\"><span style=\"font-weight: 400;\">Antes das apari\u00e7\u00f5es, o local n\u00e3o passava de um terreno simples, pertencente \u00e0 fam\u00edlia da pequena L\u00facia dos Santos, onde ela e seus primos cuidavam das ovelhas. No entanto, foi ali que, entre <\/span><b>13 de maio e 13 de outubro de 1917<\/b><span style=\"font-weight: 400;\">, ocorreram as seis apari\u00e7\u00f5es da Virgem Maria, mudando para sempre a hist\u00f3ria do local e da humanidade.<\/span><\/span><\/p>\n<h2><span style=\"color: #000000;\"><b>As apari\u00e7\u00f5es na Cova da Iria<\/b><\/span><\/h2>\n<p><span style=\"color: #000000;\"><span style=\"font-weight: 400;\">Em 1917, no auge da <\/span><b>Primeira Guerra Mundial<\/b><span style=\"font-weight: 400;\">, o mundo vivia tempos de incerteza e sofrimento. Foi nesse contexto que a Virgem Maria apareceu aos tr\u00eas pastorinhos: <\/span><b>L\u00facia<\/b><span style=\"font-weight: 400;\">, ent\u00e3o com 10 anos, e seus primos <\/span><b>Francisco<\/b><span style=\"font-weight: 400;\"> e <\/span><b>Jacinta Marto<\/b><span style=\"font-weight: 400;\">, de 8 e 7 anos, respectivamente.<\/span><\/span><\/p>\n<p><span style=\"color: #000000;\"><span style=\"font-weight: 400;\">Antes mesmo das apari\u00e7\u00f5es marianas, as crian\u00e7as j\u00e1 haviam testemunhado a presen\u00e7a do <\/span><b>Anjo de Portugal<\/b><span style=\"font-weight: 400;\">, que lhes ensinou ora\u00e7\u00f5es e preparou seus cora\u00e7\u00f5es para o que estava por vir. O anjo lhes pediu para intensificar as penit\u00eancias e ora\u00e7\u00f5es pela convers\u00e3o dos pecadores e pela repara\u00e7\u00e3o dos pecados da humanidade.<\/span><\/span><\/p>\n<p><span style=\"color: #000000;\"><span style=\"font-weight: 400;\">Quando Nossa Senhora apareceu pela primeira vez, em <\/span><b>13 de maio de 1917<\/b><span style=\"font-weight: 400;\">, as crian\u00e7as estavam na <\/span><b>Cova da Iria<\/b><span style=\"font-weight: 400;\">, rezando o ter\u00e7o ap\u00f3s cuidarem das ovelhas. Em meio a rel\u00e2mpagos que cortavam o c\u00e9u, surgiu uma bela Senhora vestida de branco, radiante de luz. Ela se apresentou com uma miss\u00e3o clara:<\/span><\/span><\/p>\n<blockquote><p><span style=\"color: #3366ff;\"><i><span style=\"font-weight: 400;\">\u201cVim pedir-lhes para que venham aqui, todo o dia 13, por seis meses consecutivos, nesta mesma hora. Dir-lhes-ei, oportunamente, quem eu sou e o que quero\u201d.<\/span><\/i><\/span><\/p><\/blockquote>\n<h2><span style=\"color: #000000;\"><b>A Cova da Iria hoje \u00e9 um Santu\u00e1rio de Esperan\u00e7a<\/b><\/span><\/h2>\n<p><span style=\"color: #000000;\"><span style=\"font-weight: 400;\">Atualmente, a Cova da Iria \u00e9 o cora\u00e7\u00e3o do <\/span><b>Santu\u00e1rio de Nossa Senhora do Ros\u00e1rio de F\u00e1tima<\/b><span style=\"font-weight: 400;\">, um dos mais importantes destinos de peregrina\u00e7\u00e3o do mundo.\u00a0<\/span><\/span><\/p>\n<p><span style=\"color: #000000;\"><span style=\"font-weight: 400;\">No local foi constru\u00eddo um altar a c\u00e9u aberto, rodeado pela <\/span><b>Bas\u00edlica de Nossa Senhora do Ros\u00e1rio<\/b><span style=\"font-weight: 400;\">, a <\/span><b>Capelinha das Apari\u00e7\u00f5es<\/b><span style=\"font-weight: 400;\"> e o <\/span><b>Monumento ao Sagrado Cora\u00e7\u00e3o de Jesus<\/b><span style=\"font-weight: 400;\">.<\/span><\/span><\/p>\n<p><span style=\"color: #000000;\"><span style=\"font-weight: 400;\">A famosa <\/span><b>Azinheira Grande<\/b><span style=\"font-weight: 400;\">, \u00e1rvore sob a qual as crian\u00e7as testemunharam as apari\u00e7\u00f5es, ainda resiste ao tempo como s\u00edmbolo da f\u00e9 inabal\u00e1vel dos pastorinhos. Dentro do santu\u00e1rio, os restos mortais de <\/span><b>Francisco<\/b><span style=\"font-weight: 400;\"> e <\/span><b>Jacinta Marto<\/b><span style=\"font-weight: 400;\">, ambos beatificados, descansam em urnas sagradas. Ao lado deles, repousa o corpo da <\/span><b>Irm\u00e3 L\u00facia<\/b><span style=\"font-weight: 400;\">, \u00faltima vidente a falecer, em 2005.<\/span><\/span><\/p>\n<p><span style=\"font-weight: 400; color: #000000;\">O santu\u00e1rio recebe milh\u00f5es de peregrinos todos os anos, que v\u00eam de todas as partes do mundo para agradecer, fazer promessas ou simplesmente se conectar com a espiritualidade profunda que emana do local.<\/span><\/p>\n<h2><span style=\"color: #000000;\"><b>O legado espiritual da Cova da Iria<\/b><\/span><\/h2>\n<p><span style=\"color: #000000;\"><span style=\"font-weight: 400;\">O chamado de Nossa Senhora \u00e0 <\/span><b>ora\u00e7\u00e3o, penit\u00eancia e convers\u00e3o<\/b><span style=\"font-weight: 400;\"> \u00e9 transmitida em cada cora\u00e7\u00e3o que pisa na Cova da Iria. Em tempos de incerteza, como os que vivemos hoje, as palavras da Virgem Sant\u00edssima soam como um b\u00e1lsamo:<\/span><\/span><\/p>\n<blockquote><p><span style=\"color: #000000;\"><strong><i>\u201cPor<\/i><\/strong><\/span><span style=\"color: #000000;\"><strong><i> fim, o Meu I<\/i><\/strong><\/span><strong style=\"color: #000000;\"><i>maculado Cora\u00e7\u00e3o triunfar\u00e1\u201d.<\/i><\/strong><\/p>\n<p><b><img loading=\"lazy\" class=\"wp-image-79279 alignright\" src=\"https:\/\/www.adf.org.br\/home\/wp-content\/uploads\/2025\/02\/cova-da-iria-nossa-senhora-de-fatima-150x150.jpg\" alt=\"\" width=\"188\" height=\"188\" \/><\/b><\/p><\/blockquote>\n<p><span style=\"color: #000000;\"><span style=\"font-weight: 400;\">Assim\u00a0<\/span><\/span><span style=\"color: #000000;\"><span style=\"font-weight: 400;\">como os humildes pastorinhos atenderam \u00e0 mensagem de Nossa Senhora na Cova da Iria, voc\u00ea tamb\u00e9m est\u00e1 sendo chamado a fazer parte de uma miss\u00e3o de f\u00e9 e amor por meio da campanha <\/span><b>Ap\u00f3stolo de F\u00e1tima. <\/b><\/span><b><br \/>\n<\/b><b><br \/>\n<\/b><a href=\"https:\/\/adf.org.br\/apostolosdefatima\/2\/?origem=31719#ChanceUnica\" target=\"_blank\" rel=\"noopener\"><b>Veja como \u00e9 f\u00e1cil participar<\/b><\/a><b>.<\/b><\/p>\n<p><b><span style=\"color: #000000;\">Ao se tornar um Ap\u00f3stolo de F\u00e1tima, voc\u00ea receber\u00e1 como agradecimento:<\/span><\/b><\/p>\n<ul>\n<li style=\"font-weight: 400;\" aria-level=\"1\"><span style=\"font-weight: 400; color: #000000;\">60 missas celebradas por voc\u00ea anualmente;<\/span><\/li>\n<li style=\"font-weight: 400;\" aria-level=\"1\"><span style=\"font-weight: 400; color: #000000;\">ora\u00e7\u00f5es di\u00e1rias feitas em conventos e mosteiros;<\/span><\/li>\n<li style=\"font-weight: 400;\" aria-level=\"1\"><span style=\"font-weight: 400; color: #000000;\">acesso exclusivo ao site Vela Permanente, para incluir seus pedidos de ora\u00e7\u00e3o sempre que precisar;<\/span><\/li>\n<li style=\"font-weight: 400;\" aria-level=\"1\"><span style=\"font-weight: 400; color: #000000;\">suas inten\u00e7\u00f5es levadas at\u00e9 o Santu\u00e1rio de F\u00e1tima, em Portugal.\n<p><\/span><\/li>\n<\/ul>\n<p><span style=\"color: #000000;\"><b>Al\u00e9m dessas b\u00ean\u00e7\u00e3os, voc\u00ea tamb\u00e9m receber\u00e1 sacramentos por correio, para fortalecer ainda mais sua caminhada espiritual.<\/b><\/span><\/p>\n<p><a href=\"https:\/\/adf.org.br\/apostolosdefatima\/2\/?origem=31719#ChanceUnica\" target=\"_blank\" rel=\"noopener\"><b>Clique aqui para se tornar um Ap\u00f3stolo de F\u00e1tima<\/b><\/a><\/p>\n","protected":false},"excerpt":{"rendered":"<p>Poucos lugares no mundo carregam tanta hist\u00f3ria e espiritualidade quanto a Cova da Iria, em Portugal. Foi ali, em meio \u00e0 simplicidade de um campo de pastoreio, que a Virgem Maria escolheu se manifestar a tr\u00eas crian\u00e7as humildes, deixando uma mensagem de f\u00e9, convers\u00e3o e esperan\u00e7a. O local, que antes fazia parte da rotina da [&hellip;]<\/p>\n","protected":false},"author":49,"featured_media":79280,"comment_status":"open","ping_status":"open","sticky":false,"template":"","format":"standard","meta":[],"categories":[9,56],"tags":[],"yoast_head":"<!-- This site is optimized with the Yoast SEO plugin v17.4 - https:\/\/yoast.com\/wordpress\/plugins\/seo\/ -->\n<title>Cova da Iria: o lugar que se tornou o cora\u00e7\u00e3o da devo\u00e7\u00e3o mariana mundial<\/title>\n<meta name=\"description\" content=\"Foi na Cova da Iria que a Virgem Maria escolheu se manifestar a tr\u00eas crian\u00e7as humildes, deixando uma mensagem de f\u00e9, convers\u00e3o e esperan\u00e7a.\" \/>\n<meta name=\"robots\" content=\"index, follow, max-snippet:-1, max-image-preview:large, max-video-preview:-1\" \/>\n<link rel=\"canonical\" href=\"https:\/\/www.adf.org.br\/home\/cova-da-iria\/\" \/>\n<meta property=\"og:locale\" content=\"pt_BR\" \/>\n<meta property=\"og:type\" content=\"article\" \/>\n<meta property=\"og:title\" content=\"Cova da Iria: o lugar que se tornou o cora\u00e7\u00e3o da devo\u00e7\u00e3o mariana mundial\" \/>\n<meta property=\"og:description\" content=\"Foi na Cova da Iria que a Virgem Maria escolheu se manifestar a tr\u00eas crian\u00e7as humildes, deixando uma mensagem de f\u00e9, convers\u00e3o e esperan\u00e7a.\" \/>\n<meta property=\"og:url\" content=\"https:\/\/www.adf.org.br\/home\/cova-da-iria\/\" \/>\n<meta property=\"og:site_name\" content=\"Associa\u00e7\u00e3o Devotos de F\u00e1tima\" \/>\n<meta property=\"article:published_time\" content=\"2025-02-13T15:17:24+00:00\" \/>\n<meta property=\"og:image\" content=\"https:\/\/www.adf.org.br\/home\/wp-content\/uploads\/2025\/02\/cova-da-iria-1.jpg\" \/>\n\t<meta property=\"og:image:width\" content=\"1200\" \/>\n\t<meta property=\"og:image:height\" content=\"748\" \/>\n<meta name=\"twitter:card\" content=\"summary_large_image\" \/>\n<meta name=\"twitter:label1\" content=\"Escrito por\" \/>\n\t<meta name=\"twitter:data1\" content=\"karen larissa\" \/>\n\t<meta name=\"twitter:label2\" content=\"Est. tempo de leitura\" \/>\n\t<meta name=\"twitter:data2\" content=\"4 minutos\" \/>\n<script type=\"application\/ld+json\" class=\"yoast-schema-graph\">{\"@context\":\"https:\/\/schema.org\",\"@graph\":[{\"@type\":\"WebSite\",\"@id\":\"https:\/\/www.adf.org.br\/home\/#website\",\"url\":\"https:\/\/www.adf.org.br\/home\/\",\"name\":\"Associa\\u00e7\\u00e3o Devotos de F\\u00e1tima\",\"description\":\"Associa\\u00e7\\u00e3o Devotos de F\\u00e1tima\",\"potentialAction\":[{\"@type\":\"SearchAction\",\"target\":{\"@type\":\"EntryPoint\",\"urlTemplate\":\"https:\/\/www.adf.org.br\/home\/?s={search_term_string}\"},\"query-input\":\"required name=search_term_string\"}],\"inLanguage\":\"pt-BR\"},{\"@type\":\"ImageObject\",\"@id\":\"https:\/\/www.adf.org.br\/home\/cova-da-iria\/#primaryimage\",\"inLanguage\":\"pt-BR\",\"url\":\"https:\/\/www.adf.org.br\/home\/wp-content\/uploads\/2025\/02\/cova-da-iria-1.jpg\",\"contentUrl\":\"https:\/\/www.adf.org.br\/home\/wp-content\/uploads\/2025\/02\/cova-da-iria-1.jpg\",\"width\":1200,\"height\":748,\"caption\":\"Imagem mostra Santu\\u00e1rio de F\\u00e1tima com uma representa\\u00e7\\u00e3o em est\\u00e1tua de Nossa Senhora de F\\u00e1tima em primeiro plano\"},{\"@type\":\"WebPage\",\"@id\":\"https:\/\/www.adf.org.br\/home\/cova-da-iria\/#webpage\",\"url\":\"https:\/\/www.adf.org.br\/home\/cova-da-iria\/\",\"name\":\"Cova da Iria: o lugar que se tornou o cora\\u00e7\\u00e3o da devo\\u00e7\\u00e3o mariana mundial\",\"isPartOf\":{\"@id\":\"https:\/\/www.adf.org.br\/home\/#website\"},\"primaryImageOfPage\":{\"@id\":\"https:\/\/www.adf.org.br\/home\/cova-da-iria\/#primaryimage\"},\"datePublished\":\"2025-02-13T15:17:24+00:00\",\"dateModified\":\"2025-02-13T15:17:24+00:00\",\"author\":{\"@id\":\"https:\/\/www.adf.org.br\/home\/#\/schema\/person\/5e68f709ec0c54628fc2ae12f4aa5839\"},\"description\":\"Foi na Cova da Iria que a Virgem Maria escolheu se manifestar a tr\\u00eas crian\\u00e7as humildes, deixando uma mensagem de f\\u00e9, convers\\u00e3o e esperan\\u00e7a.\",\"breadcrumb\":{\"@id\":\"https:\/\/www.adf.org.br\/home\/cova-da-iria\/#breadcrumb\"},\"inLanguage\":\"pt-BR\",\"potentialAction\":[{\"@type\":\"ReadAction\",\"target\":[\"https:\/\/www.adf.org.br\/home\/cova-da-iria\/\"]}]},{\"@type\":\"BreadcrumbList\",\"@id\":\"https:\/\/www.adf.org.br\/home\/cova-da-iria\/#breadcrumb\",\"itemListElement\":[{\"@type\":\"ListItem\",\"position\":1,\"name\":\"Home\",\"item\":\"https:\/\/www.adf.org.br\/home\/\"},{\"@type\":\"ListItem\",\"position\":2,\"name\":\"Cova da Iria: o lugar que se tornou o cora\\u00e7\\u00e3o da devo\\u00e7\\u00e3o mariana mundial\"}]},{\"@type\":\"Person\",\"@id\":\"https:\/\/www.adf.org.br\/home\/#\/schema\/person\/5e68f709ec0c54628fc2ae12f4aa5839\",\"name\":\"karen larissa\",\"image\":{\"@type\":\"ImageObject\",\"@id\":\"https:\/\/www.adf.org.br\/home\/#personlogo\",\"inLanguage\":\"pt-BR\",\"url\":\"https:\/\/secure.gravatar.com\/avatar\/9a1fc755df35876f77c39d5d27552339?s=96&d=mm&r=g\",\"contentUrl\":\"https:\/\/secure.gravatar.com\/avatar\/9a1fc755df35876f77c39d5d27552339?s=96&d=mm&r=g\",\"caption\":\"karen larissa\"},\"url\":\"https:\/\/www.adf.org.br\/home\/author\/karen-larissa\/\"}]}<\/script>\n<!-- \/ Yoast SEO plugin. -->","yoast_head_json":{"title":"Cova da Iria: o lugar que se tornou o cora\u00e7\u00e3o da devo\u00e7\u00e3o mariana mundial","description":"Foi na Cova da Iria que a Virgem Maria escolheu se manifestar a tr\u00eas crian\u00e7as humildes, deixando uma mensagem de f\u00e9, convers\u00e3o e esperan\u00e7a.","robots":{"index":"index","follow":"follow","max-snippet":"max-snippet:-1","max-image-preview":"max-image-preview:large","max-video-preview":"max-video-preview:-1"},"canonical":"https:\/\/www.adf.org.br\/home\/cova-da-iria\/","og_locale":"pt_BR","og_type":"article","og_title":"Cova da Iria: o lugar que se tornou o cora\u00e7\u00e3o da devo\u00e7\u00e3o mariana mundial","og_description":"Foi na Cova da Iria que a Virgem Maria escolheu se manifestar a tr\u00eas crian\u00e7as humildes, deixando uma mensagem de f\u00e9, convers\u00e3o e esperan\u00e7a.","og_url":"https:\/\/www.adf.org.br\/home\/cova-da-iria\/","og_site_name":"Associa\u00e7\u00e3o Devotos de F\u00e1tima","article_published_time":"2025-02-13T15:17:24+00:00","og_image":[{"width":1200,"height":748,"url":"https:\/\/www.adf.org.br\/home\/wp-content\/uploads\/2025\/02\/cova-da-iria-1.jpg","type":"image\/jpeg"}],"twitter_card":"summary_large_image","twitter_misc":{"Escrito por":"karen larissa","Est. tempo de leitura":"4 minutos"},"schema":{"@context":"https:\/\/schema.org","@graph":[{"@type":"WebSite","@id":"https:\/\/www.adf.org.br\/home\/#website","url":"https:\/\/www.adf.org.br\/home\/","name":"Associa\u00e7\u00e3o Devotos de F\u00e1tima","description":"Associa\u00e7\u00e3o Devotos de F\u00e1tima","potentialAction":[{"@type":"SearchAction","target":{"@type":"EntryPoint","urlTemplate":"https:\/\/www.adf.org.br\/home\/?s={search_term_string}"},"query-input":"required name=search_term_string"}],"inLanguage":"pt-BR"},{"@type":"ImageObject","@id":"https:\/\/www.adf.org.br\/home\/cova-da-iria\/#primaryimage","inLanguage":"pt-BR","url":"https:\/\/www.adf.org.br\/home\/wp-content\/uploads\/2025\/02\/cova-da-iria-1.jpg","contentUrl":"https:\/\/www.adf.org.br\/home\/wp-content\/uploads\/2025\/02\/cova-da-iria-1.jpg","width":1200,"height":748,"caption":"Imagem mostra Santu\u00e1rio de F\u00e1tima com uma representa\u00e7\u00e3o em est\u00e1tua de Nossa Senhora de F\u00e1tima em primeiro plano"},{"@type":"WebPage","@id":"https:\/\/www.adf.org.br\/home\/cova-da-iria\/#webpage","url":"https:\/\/www.adf.org.br\/home\/cova-da-iria\/","name":"Cova da Iria: o lugar que se tornou o cora\u00e7\u00e3o da devo\u00e7\u00e3o mariana mundial","isPartOf":{"@id":"https:\/\/www.adf.org.br\/home\/#website"},"primaryImageOfPage":{"@id":"https:\/\/www.adf.org.br\/home\/cova-da-iria\/#primaryimage"},"datePublished":"2025-02-13T15:17:24+00:00","dateModified":"2025-02-13T15:17:24+00:00","author":{"@id":"https:\/\/www.adf.org.br\/home\/#\/schema\/person\/5e68f709ec0c54628fc2ae12f4aa5839"},"description":"Foi na Cova da Iria que a Virgem Maria escolheu se manifestar a tr\u00eas crian\u00e7as humildes, deixando uma mensagem de f\u00e9, convers\u00e3o e esperan\u00e7a.","breadcrumb":{"@id":"https:\/\/www.adf.org.br\/home\/cova-da-iria\/#breadcrumb"},"inLanguage":"pt-BR","potentialAction":[{"@type":"ReadAction","target":["https:\/\/www.adf.org.br\/home\/cova-da-iria\/"]}]},{"@type":"BreadcrumbList","@id":"https:\/\/www.adf.org.br\/home\/cova-da-iria\/#breadcrumb","itemListElement":[{"@type":"ListItem","position":1,"name":"Home","item":"https:\/\/www.adf.org.br\/home\/"},{"@type":"ListItem","position":2,"name":"Cova da Iria: o lugar que se tornou o cora\u00e7\u00e3o da devo\u00e7\u00e3o mariana mundial"}]},{"@type":"Person","@id":"https:\/\/www.adf.org.br\/home\/#\/schema\/person\/5e68f709ec0c54628fc2ae12f4aa5839","name":"karen larissa","image":{"@type":"ImageObject","@id":"https:\/\/www.adf.org.br\/home\/#personlogo","inLanguage":"pt-BR","url":"https:\/\/secure.gravatar.com\/avatar\/9a1fc755df35876f77c39d5d27552339?s=96&d=mm&r=g","contentUrl":"https:\/\/secure.gravatar.com\/avatar\/9a1fc755df35876f77c39d5d27552339?s=96&d=mm&r=g","caption":"karen larissa"},"url":"https:\/\/www.adf.org.br\/home\/author\/karen-larissa\/"}]}},"_links":{"self":[{"href":"https:\/\/www.adf.org.br\/home\/wp-json\/wp\/v2\/posts\/79277"}],"collection":[{"href":"https:\/\/www.adf.org.br\/home\/wp-json\/wp\/v2\/posts"}],"about":[{"href":"https:\/\/www.adf.org.br\/home\/wp-json\/wp\/v2\/types\/post"}],"author":[{"embeddable":true,"href":"https:\/\/www.adf.org.br\/home\/wp-json\/wp\/v2\/users\/49"}],"replies":[{"embeddable":true,"href":"https:\/\/www.adf.org.br\/home\/wp-json\/wp\/v2\/comments?post=79277"}],"version-history":[{"count":3,"href":"https:\/\/www.adf.org.br\/home\/wp-json\/wp\/v2\/posts\/79277\/revisions"}],"predecessor-version":[{"id":79283,"href":"https:\/\/www.adf.org.br\/home\/wp-json\/wp\/v2\/posts\/79277\/revisions\/79283"}],"wp:featuredmedia":[{"embeddable":true,"href":"https:\/\/www.adf.org.br\/home\/wp-json\/wp\/v2\/media\/79280"}],"wp:attachment":[{"href":"https:\/\/www.adf.org.br\/home\/wp-json\/wp\/v2\/media?parent=79277"}],"wp:term":[{"taxonomy":"category","embeddable":true,"href":"https:\/\/www.adf.org.br\/home\/wp-json\/wp\/v2\/categories?post=79277"},{"taxonomy":"post_tag","embeddable":true,"href":"https:\/\/www.adf.org.br\/home\/wp-json\/wp\/v2\/tags?post=79277"}],"curies":[{"name":"wp","href":"https:\/\/api.w.org\/{rel}","templated":true}]}}