{"id":78653,"date":"2025-01-29T15:34:07","date_gmt":"2025-01-29T18:34:07","guid":{"rendered":"https:\/\/www.adf.org.br\/home\/?p=78653"},"modified":"2025-01-29T15:34:07","modified_gmt":"2025-01-29T18:34:07","slug":"89-segundos-para-o-fim-do-mundo","status":"publish","type":"post","link":"https:\/\/www.adf.org.br\/home\/89-segundos-para-o-fim-do-mundo\/","title":{"rendered":"89 segundos para o fim do mundo: o que Nossa Senhora de F\u00e1tima disse?"},"content":{"rendered":"<figure id=\"attachment_78654\" aria-describedby=\"caption-attachment-78654\" style=\"width: 984px\" class=\"wp-caption aligncenter\"><img loading=\"lazy\" class=\"size-full wp-image-78654\" src=\"https:\/\/www.adf.org.br\/home\/wp-content\/uploads\/2025\/01\/89-segundos.jpg\" alt=\"\" width=\"984\" height=\"656\" srcset=\"https:\/\/www.adf.org.br\/home\/wp-content\/uploads\/2025\/01\/89-segundos.jpg 984w, https:\/\/www.adf.org.br\/home\/wp-content\/uploads\/2025\/01\/89-segundos-300x200.jpg 300w, https:\/\/www.adf.org.br\/home\/wp-content\/uploads\/2025\/01\/89-segundos-768x512.jpg 768w\" sizes=\"(max-width: 984px) 100vw, 984px\" \/><figcaption id=\"caption-attachment-78654\" class=\"wp-caption-text\">Foto: AP Photo\/Mark Schiefelbein<\/figcaption><\/figure>\n<p><span style=\"font-weight: 400; color: #000000;\">O tempo est\u00e1 se esgotando. A humanidade caminha para o abismo, mas poucos parecem se importar.<\/span><\/p>\n<p><span style=\"color: #000000;\"><b>O Rel\u00f3gio do Ju\u00edzo Final avan\u00e7a implac\u00e1vel, confirmando um alerta que foi ignorado h\u00e1 mais de um s\u00e9culo: o aviso de Nossa Senhora de F\u00e1tima.<\/b><\/span><\/p>\n<h2><span style=\"color: #000000;\"><b>Estamos \u00e0 beira do colapso?<\/b><\/span><\/h2>\n<p><span style=\"font-weight: 400; color: #000000;\">O Rel\u00f3gio do Ju\u00edzo Final, criado pelo Boletim dos Cientistas At\u00f4micos em 1947, mede simbolicamente o qu\u00e3o perto a humanidade est\u00e1 da destrui\u00e7\u00e3o total. Nesta ter\u00e7a-feira (28), os ponteiros foram ajustados para 89 segundos antes da meia-noite, o menor intervalo j\u00e1 registrado.<\/span><\/p>\n<p><span style=\"font-weight: 400; color: #000000;\">Alguns dos fatores que empurram o mundo para um ponto sem retorno s\u00e3o:\u00a0<\/span><\/p>\n<ul>\n<li style=\"font-weight: 400;\" aria-level=\"1\"><span style=\"font-weight: 400; color: #000000;\">O conflito na Ucr\u00e2nia e o risco de uma nova escalada na corrida nuclear.<\/span><\/li>\n<li style=\"font-weight: 400;\" aria-level=\"1\"><span style=\"font-weight: 400; color: #000000;\">A guerra entre Israel e o grupo Hamas.<\/span><\/li>\n<li style=\"font-weight: 400;\" aria-level=\"1\"><span style=\"font-weight: 400; color: #000000;\">A crise ambiental e suas consequ\u00eancias globais.<\/span><\/li>\n<li style=\"font-weight: 400;\" aria-level=\"1\"><span style=\"font-weight: 400; color: #000000;\">O r\u00e1pido avan\u00e7o de tecnologias emergentes, como intelig\u00eancia artificial, biotecnologia e explora\u00e7\u00e3o espacial.<\/span><\/li>\n<\/ul>\n<p><span style=\"font-weight: 400; color: #000000;\">No entanto, a pergunta mais inquietante permanece:<\/span><span style=\"color: #ff0000;\"><b> a humanidade percebe o perigo? Ou, assim como no passado, seguir\u00e1 ignorando os avisos?<\/b><\/span><\/p>\n<h2><span style=\"color: #000000;\"><b>O perigo de uma humanidade cega<\/b><\/span><\/h2>\n<p><span style=\"font-weight: 400; color: #000000;\">O mundo parece anestesiado. Entre distra\u00e7\u00f5es f\u00fateis e ideologias anticrist\u00e3s, poucos percebem que estamos cumprindo, passo a passo, as profecias de F\u00e1tima. Se a humanidade n\u00e3o mudar seu caminho, o pior ainda est\u00e1 por vir.<\/span><\/p>\n<p><span style=\"color: #000000;\"><span style=\"font-weight: 400;\">Padre Pio, conhecido por suas vis\u00f5es e dons m\u00edsticos, sempre alertou que o maior perigo n\u00e3o era a morte f\u00edsica, mas a <\/span><b>perdi\u00e7\u00e3o das almas<\/b><span style=\"font-weight: 400;\">.<\/span><\/span><\/p>\n<p><span style=\"color: #000000;\"><b>O que adianta temer uma guerra nuclear se n\u00e3o tememos a condena\u00e7\u00e3o eterna?<\/b><\/span><\/p>\n<p><span style=\"font-weight: 400; color: #000000;\">O rel\u00f3gio da hist\u00f3ria avan\u00e7a, mas tamb\u00e9m avan\u00e7a o rel\u00f3gio da nossa alma.<\/span><\/p>\n<h2><span style=\"color: #000000;\"><b>A mensagem de F\u00e1tima<\/b><\/span><\/h2>\n<p><span style=\"color: #000000;\"><span style=\"font-weight: 400;\">Em 1917, Nossa Senhora apareceu em F\u00e1tima e advertiu que, se o mundo n\u00e3o se convertesse, castigos terr\u00edveis viriam. Guerras, persegui\u00e7\u00f5es \u00e0 Igreja e a degrada\u00e7\u00e3o moral da sociedade n\u00e3o s\u00e3o meros eventos pol\u00edticos ou sociais, mas <\/span><b>consequ\u00eancias diretas do afastamento de Deus.<\/b><\/span><\/p>\n<p><span style=\"color: #ff0000;\"><b>As profecias se cumprem diante de nossos olhos<\/b><\/span><span style=\"font-weight: 400; color: #000000;\">. O mundo, seduzido por distra\u00e7\u00f5es passageiras e ideologias anticrist\u00e3s, parece incapaz de enxergar o real perigo: a perdi\u00e7\u00e3o das almas.<\/span><\/p>\n<h2><span style=\"color: #000000;\"><b>O triunfo do Imaculado Cora\u00e7\u00e3o \u00e9 a nossa esperan\u00e7a que n\u00e3o falha<\/b><\/span><\/h2>\n<p><span style=\"font-weight: 400; color: #000000;\">Apesar do caos aparente, Nossa Senhora nos deixou uma promessa:<\/span><\/p>\n<blockquote><p><span style=\"color: #000000;\"><b>&#8220;Por fim, o meu Imaculado Cora\u00e7\u00e3o triunfar\u00e1&#8221;.<\/b><span style=\"font-weight: 400;\">\u00a0<\/span><\/span><\/p><\/blockquote>\n<p><span style=\"font-weight: 400; color: #000000;\">Esse triunfo n\u00e3o significa apenas o fim dos conflitos terrenos, mas a vit\u00f3ria definitiva da f\u00e9 sobre a escurid\u00e3o do pecado.<\/span><\/p>\n<p><span style=\"color: #000000;\"><span style=\"font-weight: 400;\">Se queremos ver esse triunfo acontecer no mundo, devemos permitir <\/span><b>primeiro que ele aconte\u00e7a em nosso cora\u00e7\u00e3o<\/b><span style=\"font-weight: 400;\">. <\/span><b>Deus conta com cada um de n\u00f3s<\/b><span style=\"font-weight: 400;\"> para difundir essa espiritualidade e responder ao chamado de Nossa Senhora.<\/span><\/span><\/p>\n<p><span style=\"font-weight: 400; color: #000000;\">Por isso, a Associa\u00e7\u00e3o Devotos de F\u00e1tima convida voc\u00ea a fortalecer sua f\u00e9 e preparar-se espiritualmente. <\/span><a href=\"https:\/\/www.youtube.com\/@AssociacaoDevotosdeFatima\/videos\" target=\"_blank\" rel=\"noopener\"><b>Inscreva-se no nosso canal no YouTube<\/b><\/a><span style=\"font-weight: 400;\">, <span style=\"color: #000000;\">ore conosco e fa\u00e7a parte desta miss\u00e3o de esperan\u00e7a e convers\u00e3o.<\/span><\/span><\/p>\n<p><span style=\"color: #000000;\"><b>O tempo est\u00e1 acabando. Mas ainda h\u00e1 tempo para escolher o caminho certo.<\/b><\/span><\/p>\n","protected":false},"excerpt":{"rendered":"<p>O tempo est\u00e1 se esgotando. A humanidade caminha para o abismo, mas poucos parecem se importar. O Rel\u00f3gio do Ju\u00edzo Final avan\u00e7a implac\u00e1vel, confirmando um alerta que foi ignorado h\u00e1 mais de um s\u00e9culo: o aviso de Nossa Senhora de F\u00e1tima. Estamos \u00e0 beira do colapso? O Rel\u00f3gio do Ju\u00edzo Final, criado pelo Boletim dos [&hellip;]<\/p>\n","protected":false},"author":49,"featured_media":78654,"comment_status":"open","ping_status":"open","sticky":false,"template":"","format":"standard","meta":[],"categories":[1],"tags":[],"yoast_head":"<!-- This site is optimized with the Yoast SEO plugin v17.4 - https:\/\/yoast.com\/wordpress\/plugins\/seo\/ -->\n<title>89 segundos para o fim do mundo: o que Nossa Senhora de F\u00e1tima disse?<\/title>\n<meta name=\"description\" content=\"O Rel\u00f3gio do Ju\u00edzo Final, criado pelo Boletim dos Cientistas At\u00f4micos em 1947, foi ajustado para 89 segundos antes da meia-noite, o menor intervalo registrado.\" \/>\n<meta name=\"robots\" content=\"index, follow, max-snippet:-1, max-image-preview:large, max-video-preview:-1\" \/>\n<link rel=\"canonical\" href=\"https:\/\/www.adf.org.br\/home\/89-segundos-para-o-fim-do-mundo\/\" \/>\n<meta property=\"og:locale\" content=\"pt_BR\" \/>\n<meta property=\"og:type\" content=\"article\" \/>\n<meta property=\"og:title\" content=\"89 segundos para o fim do mundo: o que Nossa Senhora de F\u00e1tima disse?\" \/>\n<meta property=\"og:description\" content=\"O Rel\u00f3gio do Ju\u00edzo Final, criado pelo Boletim dos Cientistas At\u00f4micos em 1947, foi ajustado para 89 segundos antes da meia-noite, o menor intervalo registrado.\" \/>\n<meta property=\"og:url\" content=\"https:\/\/www.adf.org.br\/home\/89-segundos-para-o-fim-do-mundo\/\" \/>\n<meta property=\"og:site_name\" content=\"Associa\u00e7\u00e3o Devotos de F\u00e1tima\" \/>\n<meta property=\"article:published_time\" content=\"2025-01-29T18:34:07+00:00\" \/>\n<meta property=\"og:image\" content=\"https:\/\/www.adf.org.br\/home\/wp-content\/uploads\/2025\/01\/89-segundos.jpg\" \/>\n\t<meta property=\"og:image:width\" content=\"984\" \/>\n\t<meta property=\"og:image:height\" content=\"656\" \/>\n<meta name=\"twitter:card\" content=\"summary_large_image\" \/>\n<meta name=\"twitter:label1\" content=\"Escrito por\" \/>\n\t<meta name=\"twitter:data1\" content=\"karen larissa\" \/>\n\t<meta name=\"twitter:label2\" content=\"Est. tempo de leitura\" \/>\n\t<meta name=\"twitter:data2\" content=\"3 minutos\" \/>\n<script type=\"application\/ld+json\" class=\"yoast-schema-graph\">{\"@context\":\"https:\/\/schema.org\",\"@graph\":[{\"@type\":\"WebSite\",\"@id\":\"https:\/\/www.adf.org.br\/home\/#website\",\"url\":\"https:\/\/www.adf.org.br\/home\/\",\"name\":\"Associa\\u00e7\\u00e3o Devotos de F\\u00e1tima\",\"description\":\"Associa\\u00e7\\u00e3o Devotos de F\\u00e1tima\",\"potentialAction\":[{\"@type\":\"SearchAction\",\"target\":{\"@type\":\"EntryPoint\",\"urlTemplate\":\"https:\/\/www.adf.org.br\/home\/?s={search_term_string}\"},\"query-input\":\"required name=search_term_string\"}],\"inLanguage\":\"pt-BR\"},{\"@type\":\"ImageObject\",\"@id\":\"https:\/\/www.adf.org.br\/home\/89-segundos-para-o-fim-do-mundo\/#primaryimage\",\"inLanguage\":\"pt-BR\",\"url\":\"https:\/\/www.adf.org.br\/home\/wp-content\/uploads\/2025\/01\/89-segundos.jpg\",\"contentUrl\":\"https:\/\/www.adf.org.br\/home\/wp-content\/uploads\/2025\/01\/89-segundos.jpg\",\"width\":984,\"height\":656,\"caption\":\"Foto: AP Photo\/Mark Schiefelbein\"},{\"@type\":\"WebPage\",\"@id\":\"https:\/\/www.adf.org.br\/home\/89-segundos-para-o-fim-do-mundo\/#webpage\",\"url\":\"https:\/\/www.adf.org.br\/home\/89-segundos-para-o-fim-do-mundo\/\",\"name\":\"89 segundos para o fim do mundo: o que Nossa Senhora de F\\u00e1tima disse?\",\"isPartOf\":{\"@id\":\"https:\/\/www.adf.org.br\/home\/#website\"},\"primaryImageOfPage\":{\"@id\":\"https:\/\/www.adf.org.br\/home\/89-segundos-para-o-fim-do-mundo\/#primaryimage\"},\"datePublished\":\"2025-01-29T18:34:07+00:00\",\"dateModified\":\"2025-01-29T18:34:07+00:00\",\"author\":{\"@id\":\"https:\/\/www.adf.org.br\/home\/#\/schema\/person\/5e68f709ec0c54628fc2ae12f4aa5839\"},\"description\":\"O Rel\\u00f3gio do Ju\\u00edzo Final, criado pelo Boletim dos Cientistas At\\u00f4micos em 1947, foi ajustado para 89 segundos antes da meia-noite, o menor intervalo registrado.\",\"breadcrumb\":{\"@id\":\"https:\/\/www.adf.org.br\/home\/89-segundos-para-o-fim-do-mundo\/#breadcrumb\"},\"inLanguage\":\"pt-BR\",\"potentialAction\":[{\"@type\":\"ReadAction\",\"target\":[\"https:\/\/www.adf.org.br\/home\/89-segundos-para-o-fim-do-mundo\/\"]}]},{\"@type\":\"BreadcrumbList\",\"@id\":\"https:\/\/www.adf.org.br\/home\/89-segundos-para-o-fim-do-mundo\/#breadcrumb\",\"itemListElement\":[{\"@type\":\"ListItem\",\"position\":1,\"name\":\"Home\",\"item\":\"https:\/\/www.adf.org.br\/home\/\"},{\"@type\":\"ListItem\",\"position\":2,\"name\":\"89 segundos para o fim do mundo: o que Nossa Senhora de F\\u00e1tima disse?\"}]},{\"@type\":\"Person\",\"@id\":\"https:\/\/www.adf.org.br\/home\/#\/schema\/person\/5e68f709ec0c54628fc2ae12f4aa5839\",\"name\":\"karen larissa\",\"image\":{\"@type\":\"ImageObject\",\"@id\":\"https:\/\/www.adf.org.br\/home\/#personlogo\",\"inLanguage\":\"pt-BR\",\"url\":\"https:\/\/secure.gravatar.com\/avatar\/9a1fc755df35876f77c39d5d27552339?s=96&d=mm&r=g\",\"contentUrl\":\"https:\/\/secure.gravatar.com\/avatar\/9a1fc755df35876f77c39d5d27552339?s=96&d=mm&r=g\",\"caption\":\"karen larissa\"},\"url\":\"https:\/\/www.adf.org.br\/home\/author\/karen-larissa\/\"}]}<\/script>\n<!-- \/ Yoast SEO plugin. -->","yoast_head_json":{"title":"89 segundos para o fim do mundo: o que Nossa Senhora de F\u00e1tima disse?","description":"O Rel\u00f3gio do Ju\u00edzo Final, criado pelo Boletim dos Cientistas At\u00f4micos em 1947, foi ajustado para 89 segundos antes da meia-noite, o menor intervalo registrado.","robots":{"index":"index","follow":"follow","max-snippet":"max-snippet:-1","max-image-preview":"max-image-preview:large","max-video-preview":"max-video-preview:-1"},"canonical":"https:\/\/www.adf.org.br\/home\/89-segundos-para-o-fim-do-mundo\/","og_locale":"pt_BR","og_type":"article","og_title":"89 segundos para o fim do mundo: o que Nossa Senhora de F\u00e1tima disse?","og_description":"O Rel\u00f3gio do Ju\u00edzo Final, criado pelo Boletim dos Cientistas At\u00f4micos em 1947, foi ajustado para 89 segundos antes da meia-noite, o menor intervalo registrado.","og_url":"https:\/\/www.adf.org.br\/home\/89-segundos-para-o-fim-do-mundo\/","og_site_name":"Associa\u00e7\u00e3o Devotos de F\u00e1tima","article_published_time":"2025-01-29T18:34:07+00:00","og_image":[{"width":984,"height":656,"url":"https:\/\/www.adf.org.br\/home\/wp-content\/uploads\/2025\/01\/89-segundos.jpg","type":"image\/jpeg"}],"twitter_card":"summary_large_image","twitter_misc":{"Escrito por":"karen larissa","Est. tempo de leitura":"3 minutos"},"schema":{"@context":"https:\/\/schema.org","@graph":[{"@type":"WebSite","@id":"https:\/\/www.adf.org.br\/home\/#website","url":"https:\/\/www.adf.org.br\/home\/","name":"Associa\u00e7\u00e3o Devotos de F\u00e1tima","description":"Associa\u00e7\u00e3o Devotos de F\u00e1tima","potentialAction":[{"@type":"SearchAction","target":{"@type":"EntryPoint","urlTemplate":"https:\/\/www.adf.org.br\/home\/?s={search_term_string}"},"query-input":"required name=search_term_string"}],"inLanguage":"pt-BR"},{"@type":"ImageObject","@id":"https:\/\/www.adf.org.br\/home\/89-segundos-para-o-fim-do-mundo\/#primaryimage","inLanguage":"pt-BR","url":"https:\/\/www.adf.org.br\/home\/wp-content\/uploads\/2025\/01\/89-segundos.jpg","contentUrl":"https:\/\/www.adf.org.br\/home\/wp-content\/uploads\/2025\/01\/89-segundos.jpg","width":984,"height":656,"caption":"Foto: AP Photo\/Mark Schiefelbein"},{"@type":"WebPage","@id":"https:\/\/www.adf.org.br\/home\/89-segundos-para-o-fim-do-mundo\/#webpage","url":"https:\/\/www.adf.org.br\/home\/89-segundos-para-o-fim-do-mundo\/","name":"89 segundos para o fim do mundo: o que Nossa Senhora de F\u00e1tima disse?","isPartOf":{"@id":"https:\/\/www.adf.org.br\/home\/#website"},"primaryImageOfPage":{"@id":"https:\/\/www.adf.org.br\/home\/89-segundos-para-o-fim-do-mundo\/#primaryimage"},"datePublished":"2025-01-29T18:34:07+00:00","dateModified":"2025-01-29T18:34:07+00:00","author":{"@id":"https:\/\/www.adf.org.br\/home\/#\/schema\/person\/5e68f709ec0c54628fc2ae12f4aa5839"},"description":"O Rel\u00f3gio do Ju\u00edzo Final, criado pelo Boletim dos Cientistas At\u00f4micos em 1947, foi ajustado para 89 segundos antes da meia-noite, o menor intervalo registrado.","breadcrumb":{"@id":"https:\/\/www.adf.org.br\/home\/89-segundos-para-o-fim-do-mundo\/#breadcrumb"},"inLanguage":"pt-BR","potentialAction":[{"@type":"ReadAction","target":["https:\/\/www.adf.org.br\/home\/89-segundos-para-o-fim-do-mundo\/"]}]},{"@type":"BreadcrumbList","@id":"https:\/\/www.adf.org.br\/home\/89-segundos-para-o-fim-do-mundo\/#breadcrumb","itemListElement":[{"@type":"ListItem","position":1,"name":"Home","item":"https:\/\/www.adf.org.br\/home\/"},{"@type":"ListItem","position":2,"name":"89 segundos para o fim do mundo: o que Nossa Senhora de F\u00e1tima disse?"}]},{"@type":"Person","@id":"https:\/\/www.adf.org.br\/home\/#\/schema\/person\/5e68f709ec0c54628fc2ae12f4aa5839","name":"karen larissa","image":{"@type":"ImageObject","@id":"https:\/\/www.adf.org.br\/home\/#personlogo","inLanguage":"pt-BR","url":"https:\/\/secure.gravatar.com\/avatar\/9a1fc755df35876f77c39d5d27552339?s=96&d=mm&r=g","contentUrl":"https:\/\/secure.gravatar.com\/avatar\/9a1fc755df35876f77c39d5d27552339?s=96&d=mm&r=g","caption":"karen larissa"},"url":"https:\/\/www.adf.org.br\/home\/author\/karen-larissa\/"}]}},"_links":{"self":[{"href":"https:\/\/www.adf.org.br\/home\/wp-json\/wp\/v2\/posts\/78653"}],"collection":[{"href":"https:\/\/www.adf.org.br\/home\/wp-json\/wp\/v2\/posts"}],"about":[{"href":"https:\/\/www.adf.org.br\/home\/wp-json\/wp\/v2\/types\/post"}],"author":[{"embeddable":true,"href":"https:\/\/www.adf.org.br\/home\/wp-json\/wp\/v2\/users\/49"}],"replies":[{"embeddable":true,"href":"https:\/\/www.adf.org.br\/home\/wp-json\/wp\/v2\/comments?post=78653"}],"version-history":[{"count":2,"href":"https:\/\/www.adf.org.br\/home\/wp-json\/wp\/v2\/posts\/78653\/revisions"}],"predecessor-version":[{"id":78657,"href":"https:\/\/www.adf.org.br\/home\/wp-json\/wp\/v2\/posts\/78653\/revisions\/78657"}],"wp:featuredmedia":[{"embeddable":true,"href":"https:\/\/www.adf.org.br\/home\/wp-json\/wp\/v2\/media\/78654"}],"wp:attachment":[{"href":"https:\/\/www.adf.org.br\/home\/wp-json\/wp\/v2\/media?parent=78653"}],"wp:term":[{"taxonomy":"category","embeddable":true,"href":"https:\/\/www.adf.org.br\/home\/wp-json\/wp\/v2\/categories?post=78653"},{"taxonomy":"post_tag","embeddable":true,"href":"https:\/\/www.adf.org.br\/home\/wp-json\/wp\/v2\/tags?post=78653"}],"curies":[{"name":"wp","href":"https:\/\/api.w.org\/{rel}","templated":true}]}}