{"id":78587,"date":"2025-01-25T07:41:55","date_gmt":"2025-01-25T10:41:55","guid":{"rendered":"https:\/\/www.adf.org.br\/home\/?p=78587"},"modified":"2025-01-24T17:54:16","modified_gmt":"2025-01-24T20:54:16","slug":"o-milagre-de-sao-paulo-por-que-deus-escolheu-um-perseguidor","status":"publish","type":"post","link":"https:\/\/www.adf.org.br\/home\/o-milagre-de-sao-paulo-por-que-deus-escolheu-um-perseguidor\/","title":{"rendered":"O Milagre de S\u00e3o Paulo: por que Deus escolheu um perseguidor?"},"content":{"rendered":"<p><img loading=\"lazy\" class=\"aligncenter wp-image-78588 \" src=\"https:\/\/www.adf.org.br\/home\/wp-content\/uploads\/2025\/01\/Design-sem-nome.jpg\" alt=\"Imagem mostra S\u00e3o Paulo em fundo marrom.\" width=\"771\" height=\"514\" srcset=\"https:\/\/www.adf.org.br\/home\/wp-content\/uploads\/2025\/01\/Design-sem-nome.jpg 1080w, https:\/\/www.adf.org.br\/home\/wp-content\/uploads\/2025\/01\/Design-sem-nome-300x200.jpg 300w, https:\/\/www.adf.org.br\/home\/wp-content\/uploads\/2025\/01\/Design-sem-nome-1024x683.jpg 1024w, https:\/\/www.adf.org.br\/home\/wp-content\/uploads\/2025\/01\/Design-sem-nome-768x512.jpg 768w\" sizes=\"(max-width: 771px) 100vw, 771px\" \/><\/p>\n<p><span style=\"color: #000000;\"><b><i>De perseguidor implac\u00e1vel a Ap\u00f3stolo, a hist\u00f3ria de S\u00e3o Paulo \u00e9 um testemunho vivo do poder transformador da f\u00e9.<\/i><\/b><\/span><\/p>\n<p><span style=\"font-weight: 400; color: #000000;\">A trajet\u00f3ria de S\u00e3o Paulo \u00e9 marcada por uma reviravolta impressionante. Diferente dos ap\u00f3stolos que conviveram diretamente com Nosso Senhor, ele se aproximou da f\u00e9 mais tarde, reconhecendo inclusive sua &#8220;indigna\u00e7\u00e3o&#8221; em ser chamado de ap\u00f3stolo.\u00a0<\/span><\/p>\n<p><span style=\"color: #000000;\"><span style=\"font-weight: 400;\">Antes de sua convers\u00e3o, Saulo de Tarso, como foi conhecido, era perseguidor dos crist\u00e3os, impedindo-os de seguir sua f\u00e9 e participando de atos de viol\u00eancia contra eles, como no caso do mart\u00edrio de <\/span><b>Santo Estev\u00e3o<\/b><span style=\"font-weight: 400;\">.<\/span><\/span><\/p>\n<p><span style=\"color: #000000;\"><span style=\"font-weight: 400;\">\u00c9 justamente essa transforma\u00e7\u00e3o que <\/span><b>celebramos em 25 de janeiro<\/b><span style=\"font-weight: 400;\">, data que<\/span><b> marca a convers\u00e3o de S\u00e3o Paulo ao cristianismo, <\/b><span style=\"font-weight: 400;\">tornando-se um dos maiores ap\u00f3stolos e evangelizadores da hist\u00f3ria da Igreja.<\/span><\/span><\/p>\n<p><span style=\"color: #000000;\"><span style=\"font-weight: 400;\">Mas quem foi este homem que <\/span><b>passou de perseguidor implac\u00e1vel a Ap\u00f3stolo de Cristo? Vamos conhecer.<\/b><\/span><\/p>\n<h2><span style=\"color: #000000;\"><b>A transforma\u00e7\u00e3o de um lobo devorador para um cordeiro<\/b><\/span><\/h2>\n<p><span style=\"font-weight: 400; color: #000000;\">Saulo era um judeu fariseu, educado pelo rabino Gamaliel, um dos mais renomados mestres da lei judaica. Sua devo\u00e7\u00e3o \u00e0 tradi\u00e7\u00e3o e \u00e0 lei o levou a perseguir os seguidores de Nosso Senhor, que ele considerava uma amea\u00e7a \u00e0 religi\u00e3o de seus antepassados.<\/span><\/p>\n<p><span style=\"font-weight: 400;\"><span style=\"color: #000000;\">Movido por essa convic\u00e7\u00e3o, Saulo partiu em uma jornada de Jerusal\u00e9m a Damasco com a miss\u00e3o de prender crist\u00e3os. No entanto,<\/span> <span style=\"color: #000000;\">sua vida levou outro rumo.<\/span><\/span><\/p>\n<blockquote><p><span style=\"color: #000000;\"><span style=\"font-weight: 400;\">Aproximando-se de Damasco, uma luz intensa envolveu Saulo, derrubando-o no ch\u00e3o. Cego e atordoado, ele ouviu uma voz que lhe perguntava: &#8220;<\/span><i><span style=\"font-weight: 400;\">Saulo, Saulo, por que Me persegues?<\/span><\/i><span style=\"font-weight: 400;\">&#8220;.\u00a0<\/span><\/span><\/p>\n<p><span style=\"font-weight: 400; color: #000000;\">Reconhecendo a voz de Jesus, Saulo, tomado por um misto de temor e espanto, respondeu: &#8220;Quem \u00e9s tu, Senhor?&#8221;.<\/span><\/p>\n<p><b><i>\u00a0&#8220;<span style=\"color: #993300;\">Eu sou Jesus de Nazar\u00e9, a quem tu persegues<\/span>&#8220;.<\/i><\/b><\/p><\/blockquote>\n<p><span style=\"color: #000000;\"><span style=\"font-weight: 400;\">A partir desse momento, Saulo teve sua vida transformada. A cegueira f\u00edsica que o <\/span><b>acometeu por tr\u00eas dias simbolizava a cegueira espiritual<\/b><span style=\"font-weight: 400;\"> que o impedia de enxergar a verdade em Jesus Cristo.\u00a0<\/span><\/span><\/p>\n<p><span style=\"font-weight: 400; color: #000000;\">Ananias, um disc\u00edpulo de Damasco, foi enviado por Deus para cur\u00e1-lo e batiz\u00e1-lo, marcando o in\u00edcio de sua nova vida.<\/span><\/p>\n<h3><span style=\"color: #000000;\"><b>A miss\u00e3o de um Ap\u00f3stolo<\/b><\/span><\/h3>\n<p><span style=\"font-weight: 400; color: #000000;\">Depois de sua convers\u00e3o, Saulo, agora Paulo, se dedicou a levar a mensagem de Nosso Senhor Jesus Cristo aos gentios, ou seja, aos n\u00e3o judeus.\u00a0<\/span><\/p>\n<p><span style=\"font-weight: 400; color: #000000;\">Suas viagens mission\u00e1rias o levaram a diversos lugares, enfrentando persegui\u00e7\u00f5es, pris\u00f5es e dificuldades, mas sempre com a certeza de que estava cumprindo a miss\u00e3o que lhe fora confiada.<\/span><\/p>\n<h2><span style=\"color: #000000;\"><b>Por que Deus escolheu um perseguidor?<\/b><\/span><\/h2>\n<p><span style=\"color: #000000;\"><span style=\"font-weight: 400;\">A convers\u00e3o de S\u00e3o Paulo nos mostra que a gra\u00e7a de Deus pode alcan\u00e7ar qualquer pessoa, <\/span><b>mesmo aquelas que parecem mais distantes<\/b><span style=\"font-weight: 400;\">. Assim como Paulo, somos convidados a abrir nossos cora\u00e7\u00f5es \u00e0 a\u00e7\u00e3o do Esp\u00edrito Santo, permitindo que Ele nos conduza pelo caminho da f\u00e9.<\/span><\/span><\/p>\n<p><span style=\"color: #000000;\"><span style=\"font-weight: 400;\">A hist\u00f3ria de S\u00e3o Paulo tamb\u00e9m nos ensina sobre a import\u00e2ncia do <\/span><b>perd\u00e3o e da reconcilia\u00e7\u00e3o<\/b><span style=\"font-weight: 400;\">. Mesmo tendo perseguido os crist\u00e3os, S\u00e3o Paulo foi perdoado por Deus e se tornou um instrumento de Sua miseric\u00f3rdia.\u00a0<\/span><\/span><\/p>\n<p><span style=\"color: #000000;\"><span style=\"font-weight: 400;\">Inspirados pelo exemplo do Ap\u00f3stolo<\/span><b>, <\/b><span style=\"font-weight: 400;\">voc\u00ea tamb\u00e9m pode levar a palavra de Deus aos mais necessitados, tornando-se membro do grupo<\/span> <span style=\"color: #0000ff;\"><a style=\"color: #0000ff;\" href=\"https:\/\/adf.org.br\/apostolosdefatima\/2\/#\" target=\"_blank\" rel=\"noopener\"><b>Ap\u00f3stolos de F\u00e1tima<\/b><\/a><\/span><b>.<\/b><\/span><\/p>\n<p><span style=\"font-weight: 400; color: #000000;\">Ao juntar-se a este apostolado, voc\u00ea ter\u00e1:<\/span><\/p>\n<ul>\n<li style=\"font-weight: 400;\" aria-level=\"1\"><span style=\"font-weight: 400; color: #000000;\">Mais de 60 missas celebradas anualmente por suas inten\u00e7\u00f5es;<\/span><\/li>\n<li style=\"font-weight: 400;\" aria-level=\"1\"><span style=\"font-weight: 400; color: #000000;\">ora\u00e7\u00f5es di\u00e1rias rezadas em conventos e mosteiros;<\/span><\/li>\n<li style=\"font-weight: 400;\" aria-level=\"1\"><span style=\"font-weight: 400; color: #000000;\">50 ros\u00e1rios di\u00e1rios dedicados \u00e0s suas inten\u00e7\u00f5es;<\/span><\/li>\n<li style=\"font-weight: 400;\" aria-level=\"1\"><span style=\"font-weight: 400; color: #000000;\">acesso exclusivo ao site Vela Permanente para incluir suas necessidades em ora\u00e7\u00e3o sempre que desejar;<\/span><\/li>\n<li style=\"font-weight: 400;\" aria-level=\"1\"><span style=\"font-weight: 400; color: #000000;\">Suas s\u00faplicas levadas at\u00e9 o Santu\u00e1rio de F\u00e1tima, em Portugal.<\/span><\/li>\n<\/ul>\n<p><span style=\"color: #000000;\"><b>Escolha o valor que pode contribuir e, como agradecimento, receba por correio nosso material de apostolado para fortalecer sua caminhada na f\u00e9.<\/b><\/span><\/p>\n<p><a href=\"https:\/\/adf.org.br\/apostolosdefatima\/2\/#\" target=\"_blank\" rel=\"noopener\"><b>Clique aqui para ser um Ap\u00f3stolo de F\u00e1tima<\/b><\/a><b>.<\/b><\/p>\n<p><span style=\"color: #000000;\"><b>Que a hist\u00f3ria de S\u00e3o Paulo nos encoraje a viver com mais f\u00e9.<\/b><\/span><\/p>\n","protected":false},"excerpt":{"rendered":"<p>De perseguidor implac\u00e1vel a Ap\u00f3stolo, a hist\u00f3ria de S\u00e3o Paulo \u00e9 um testemunho vivo do poder transformador da f\u00e9. A trajet\u00f3ria de S\u00e3o Paulo \u00e9 marcada por uma reviravolta impressionante. Diferente dos ap\u00f3stolos que conviveram diretamente com Nosso Senhor, ele se aproximou da f\u00e9 mais tarde, reconhecendo inclusive sua &#8220;indigna\u00e7\u00e3o&#8221; em ser chamado de ap\u00f3stolo.\u00a0 [&hellip;]<\/p>\n","protected":false},"author":49,"featured_media":78588,"comment_status":"open","ping_status":"open","sticky":false,"template":"","format":"standard","meta":[],"categories":[1],"tags":[],"yoast_head":"<!-- This site is optimized with the Yoast SEO plugin v17.4 - https:\/\/yoast.com\/wordpress\/plugins\/seo\/ -->\n<title>O Milagre de S\u00e3o Paulo: por que Deus escolheu um perseguidor?<\/title>\n<meta name=\"description\" content=\"De perseguidor implac\u00e1vel a Ap\u00f3stolo, a hist\u00f3ria de S\u00e3o Paulo \u00e9 um testemunho vivo do poder transformador da f\u00e9.\" \/>\n<meta name=\"robots\" content=\"index, follow, max-snippet:-1, max-image-preview:large, max-video-preview:-1\" \/>\n<link rel=\"canonical\" href=\"https:\/\/www.adf.org.br\/home\/o-milagre-de-sao-paulo-por-que-deus-escolheu-um-perseguidor\/\" \/>\n<meta property=\"og:locale\" content=\"pt_BR\" \/>\n<meta property=\"og:type\" content=\"article\" \/>\n<meta property=\"og:title\" content=\"O Milagre de S\u00e3o Paulo: por que Deus escolheu um perseguidor?\" \/>\n<meta property=\"og:description\" content=\"De perseguidor implac\u00e1vel a Ap\u00f3stolo, a hist\u00f3ria de S\u00e3o Paulo \u00e9 um testemunho vivo do poder transformador da f\u00e9.\" \/>\n<meta property=\"og:url\" content=\"https:\/\/www.adf.org.br\/home\/o-milagre-de-sao-paulo-por-que-deus-escolheu-um-perseguidor\/\" \/>\n<meta property=\"og:site_name\" content=\"Associa\u00e7\u00e3o Devotos de F\u00e1tima\" \/>\n<meta property=\"article:published_time\" content=\"2025-01-25T10:41:55+00:00\" \/>\n<meta property=\"article:modified_time\" content=\"2025-01-24T20:54:16+00:00\" \/>\n<meta property=\"og:image\" content=\"https:\/\/www.adf.org.br\/home\/wp-content\/uploads\/2025\/01\/Design-sem-nome.jpg\" \/>\n\t<meta property=\"og:image:width\" content=\"1080\" \/>\n\t<meta property=\"og:image:height\" content=\"720\" \/>\n<meta name=\"twitter:card\" content=\"summary_large_image\" \/>\n<meta name=\"twitter:label1\" content=\"Escrito por\" \/>\n\t<meta name=\"twitter:data1\" content=\"karen larissa\" \/>\n\t<meta name=\"twitter:label2\" content=\"Est. tempo de leitura\" \/>\n\t<meta name=\"twitter:data2\" content=\"3 minutos\" \/>\n<script type=\"application\/ld+json\" class=\"yoast-schema-graph\">{\"@context\":\"https:\/\/schema.org\",\"@graph\":[{\"@type\":\"WebSite\",\"@id\":\"https:\/\/www.adf.org.br\/home\/#website\",\"url\":\"https:\/\/www.adf.org.br\/home\/\",\"name\":\"Associa\\u00e7\\u00e3o Devotos de F\\u00e1tima\",\"description\":\"Associa\\u00e7\\u00e3o Devotos de F\\u00e1tima\",\"potentialAction\":[{\"@type\":\"SearchAction\",\"target\":{\"@type\":\"EntryPoint\",\"urlTemplate\":\"https:\/\/www.adf.org.br\/home\/?s={search_term_string}\"},\"query-input\":\"required name=search_term_string\"}],\"inLanguage\":\"pt-BR\"},{\"@type\":\"ImageObject\",\"@id\":\"https:\/\/www.adf.org.br\/home\/o-milagre-de-sao-paulo-por-que-deus-escolheu-um-perseguidor\/#primaryimage\",\"inLanguage\":\"pt-BR\",\"url\":\"https:\/\/www.adf.org.br\/home\/wp-content\/uploads\/2025\/01\/Design-sem-nome.jpg\",\"contentUrl\":\"https:\/\/www.adf.org.br\/home\/wp-content\/uploads\/2025\/01\/Design-sem-nome.jpg\",\"width\":1080,\"height\":720,\"caption\":\"Imagem mostra S\\u00e3o Paulo em fundo marrom.\"},{\"@type\":\"WebPage\",\"@id\":\"https:\/\/www.adf.org.br\/home\/o-milagre-de-sao-paulo-por-que-deus-escolheu-um-perseguidor\/#webpage\",\"url\":\"https:\/\/www.adf.org.br\/home\/o-milagre-de-sao-paulo-por-que-deus-escolheu-um-perseguidor\/\",\"name\":\"O Milagre de S\\u00e3o Paulo: por que Deus escolheu um perseguidor?\",\"isPartOf\":{\"@id\":\"https:\/\/www.adf.org.br\/home\/#website\"},\"primaryImageOfPage\":{\"@id\":\"https:\/\/www.adf.org.br\/home\/o-milagre-de-sao-paulo-por-que-deus-escolheu-um-perseguidor\/#primaryimage\"},\"datePublished\":\"2025-01-25T10:41:55+00:00\",\"dateModified\":\"2025-01-24T20:54:16+00:00\",\"author\":{\"@id\":\"https:\/\/www.adf.org.br\/home\/#\/schema\/person\/5e68f709ec0c54628fc2ae12f4aa5839\"},\"description\":\"De perseguidor implac\\u00e1vel a Ap\\u00f3stolo, a hist\\u00f3ria de S\\u00e3o Paulo \\u00e9 um testemunho vivo do poder transformador da f\\u00e9.\",\"breadcrumb\":{\"@id\":\"https:\/\/www.adf.org.br\/home\/o-milagre-de-sao-paulo-por-que-deus-escolheu-um-perseguidor\/#breadcrumb\"},\"inLanguage\":\"pt-BR\",\"potentialAction\":[{\"@type\":\"ReadAction\",\"target\":[\"https:\/\/www.adf.org.br\/home\/o-milagre-de-sao-paulo-por-que-deus-escolheu-um-perseguidor\/\"]}]},{\"@type\":\"BreadcrumbList\",\"@id\":\"https:\/\/www.adf.org.br\/home\/o-milagre-de-sao-paulo-por-que-deus-escolheu-um-perseguidor\/#breadcrumb\",\"itemListElement\":[{\"@type\":\"ListItem\",\"position\":1,\"name\":\"Home\",\"item\":\"https:\/\/www.adf.org.br\/home\/\"},{\"@type\":\"ListItem\",\"position\":2,\"name\":\"O Milagre de S\\u00e3o Paulo: por que Deus escolheu um perseguidor?\"}]},{\"@type\":\"Person\",\"@id\":\"https:\/\/www.adf.org.br\/home\/#\/schema\/person\/5e68f709ec0c54628fc2ae12f4aa5839\",\"name\":\"karen larissa\",\"image\":{\"@type\":\"ImageObject\",\"@id\":\"https:\/\/www.adf.org.br\/home\/#personlogo\",\"inLanguage\":\"pt-BR\",\"url\":\"https:\/\/secure.gravatar.com\/avatar\/9a1fc755df35876f77c39d5d27552339?s=96&d=mm&r=g\",\"contentUrl\":\"https:\/\/secure.gravatar.com\/avatar\/9a1fc755df35876f77c39d5d27552339?s=96&d=mm&r=g\",\"caption\":\"karen larissa\"},\"url\":\"https:\/\/www.adf.org.br\/home\/author\/karen-larissa\/\"}]}<\/script>\n<!-- \/ Yoast SEO plugin. -->","yoast_head_json":{"title":"O Milagre de S\u00e3o Paulo: por que Deus escolheu um perseguidor?","description":"De perseguidor implac\u00e1vel a Ap\u00f3stolo, a hist\u00f3ria de S\u00e3o Paulo \u00e9 um testemunho vivo do poder transformador da f\u00e9.","robots":{"index":"index","follow":"follow","max-snippet":"max-snippet:-1","max-image-preview":"max-image-preview:large","max-video-preview":"max-video-preview:-1"},"canonical":"https:\/\/www.adf.org.br\/home\/o-milagre-de-sao-paulo-por-que-deus-escolheu-um-perseguidor\/","og_locale":"pt_BR","og_type":"article","og_title":"O Milagre de S\u00e3o Paulo: por que Deus escolheu um perseguidor?","og_description":"De perseguidor implac\u00e1vel a Ap\u00f3stolo, a hist\u00f3ria de S\u00e3o Paulo \u00e9 um testemunho vivo do poder transformador da f\u00e9.","og_url":"https:\/\/www.adf.org.br\/home\/o-milagre-de-sao-paulo-por-que-deus-escolheu-um-perseguidor\/","og_site_name":"Associa\u00e7\u00e3o Devotos de F\u00e1tima","article_published_time":"2025-01-25T10:41:55+00:00","article_modified_time":"2025-01-24T20:54:16+00:00","og_image":[{"width":1080,"height":720,"url":"https:\/\/www.adf.org.br\/home\/wp-content\/uploads\/2025\/01\/Design-sem-nome.jpg","type":"image\/jpeg"}],"twitter_card":"summary_large_image","twitter_misc":{"Escrito por":"karen larissa","Est. tempo de leitura":"3 minutos"},"schema":{"@context":"https:\/\/schema.org","@graph":[{"@type":"WebSite","@id":"https:\/\/www.adf.org.br\/home\/#website","url":"https:\/\/www.adf.org.br\/home\/","name":"Associa\u00e7\u00e3o Devotos de F\u00e1tima","description":"Associa\u00e7\u00e3o Devotos de F\u00e1tima","potentialAction":[{"@type":"SearchAction","target":{"@type":"EntryPoint","urlTemplate":"https:\/\/www.adf.org.br\/home\/?s={search_term_string}"},"query-input":"required name=search_term_string"}],"inLanguage":"pt-BR"},{"@type":"ImageObject","@id":"https:\/\/www.adf.org.br\/home\/o-milagre-de-sao-paulo-por-que-deus-escolheu-um-perseguidor\/#primaryimage","inLanguage":"pt-BR","url":"https:\/\/www.adf.org.br\/home\/wp-content\/uploads\/2025\/01\/Design-sem-nome.jpg","contentUrl":"https:\/\/www.adf.org.br\/home\/wp-content\/uploads\/2025\/01\/Design-sem-nome.jpg","width":1080,"height":720,"caption":"Imagem mostra S\u00e3o Paulo em fundo marrom."},{"@type":"WebPage","@id":"https:\/\/www.adf.org.br\/home\/o-milagre-de-sao-paulo-por-que-deus-escolheu-um-perseguidor\/#webpage","url":"https:\/\/www.adf.org.br\/home\/o-milagre-de-sao-paulo-por-que-deus-escolheu-um-perseguidor\/","name":"O Milagre de S\u00e3o Paulo: por que Deus escolheu um perseguidor?","isPartOf":{"@id":"https:\/\/www.adf.org.br\/home\/#website"},"primaryImageOfPage":{"@id":"https:\/\/www.adf.org.br\/home\/o-milagre-de-sao-paulo-por-que-deus-escolheu-um-perseguidor\/#primaryimage"},"datePublished":"2025-01-25T10:41:55+00:00","dateModified":"2025-01-24T20:54:16+00:00","author":{"@id":"https:\/\/www.adf.org.br\/home\/#\/schema\/person\/5e68f709ec0c54628fc2ae12f4aa5839"},"description":"De perseguidor implac\u00e1vel a Ap\u00f3stolo, a hist\u00f3ria de S\u00e3o Paulo \u00e9 um testemunho vivo do poder transformador da f\u00e9.","breadcrumb":{"@id":"https:\/\/www.adf.org.br\/home\/o-milagre-de-sao-paulo-por-que-deus-escolheu-um-perseguidor\/#breadcrumb"},"inLanguage":"pt-BR","potentialAction":[{"@type":"ReadAction","target":["https:\/\/www.adf.org.br\/home\/o-milagre-de-sao-paulo-por-que-deus-escolheu-um-perseguidor\/"]}]},{"@type":"BreadcrumbList","@id":"https:\/\/www.adf.org.br\/home\/o-milagre-de-sao-paulo-por-que-deus-escolheu-um-perseguidor\/#breadcrumb","itemListElement":[{"@type":"ListItem","position":1,"name":"Home","item":"https:\/\/www.adf.org.br\/home\/"},{"@type":"ListItem","position":2,"name":"O Milagre de S\u00e3o Paulo: por que Deus escolheu um perseguidor?"}]},{"@type":"Person","@id":"https:\/\/www.adf.org.br\/home\/#\/schema\/person\/5e68f709ec0c54628fc2ae12f4aa5839","name":"karen larissa","image":{"@type":"ImageObject","@id":"https:\/\/www.adf.org.br\/home\/#personlogo","inLanguage":"pt-BR","url":"https:\/\/secure.gravatar.com\/avatar\/9a1fc755df35876f77c39d5d27552339?s=96&d=mm&r=g","contentUrl":"https:\/\/secure.gravatar.com\/avatar\/9a1fc755df35876f77c39d5d27552339?s=96&d=mm&r=g","caption":"karen larissa"},"url":"https:\/\/www.adf.org.br\/home\/author\/karen-larissa\/"}]}},"_links":{"self":[{"href":"https:\/\/www.adf.org.br\/home\/wp-json\/wp\/v2\/posts\/78587"}],"collection":[{"href":"https:\/\/www.adf.org.br\/home\/wp-json\/wp\/v2\/posts"}],"about":[{"href":"https:\/\/www.adf.org.br\/home\/wp-json\/wp\/v2\/types\/post"}],"author":[{"embeddable":true,"href":"https:\/\/www.adf.org.br\/home\/wp-json\/wp\/v2\/users\/49"}],"replies":[{"embeddable":true,"href":"https:\/\/www.adf.org.br\/home\/wp-json\/wp\/v2\/comments?post=78587"}],"version-history":[{"count":5,"href":"https:\/\/www.adf.org.br\/home\/wp-json\/wp\/v2\/posts\/78587\/revisions"}],"predecessor-version":[{"id":78594,"href":"https:\/\/www.adf.org.br\/home\/wp-json\/wp\/v2\/posts\/78587\/revisions\/78594"}],"wp:featuredmedia":[{"embeddable":true,"href":"https:\/\/www.adf.org.br\/home\/wp-json\/wp\/v2\/media\/78588"}],"wp:attachment":[{"href":"https:\/\/www.adf.org.br\/home\/wp-json\/wp\/v2\/media?parent=78587"}],"wp:term":[{"taxonomy":"category","embeddable":true,"href":"https:\/\/www.adf.org.br\/home\/wp-json\/wp\/v2\/categories?post=78587"},{"taxonomy":"post_tag","embeddable":true,"href":"https:\/\/www.adf.org.br\/home\/wp-json\/wp\/v2\/tags?post=78587"}],"curies":[{"name":"wp","href":"https:\/\/api.w.org\/{rel}","templated":true}]}}