{"id":78504,"date":"2025-01-17T15:54:54","date_gmt":"2025-01-17T18:54:54","guid":{"rendered":"https:\/\/www.adf.org.br\/home\/?p=78504"},"modified":"2025-01-17T16:00:22","modified_gmt":"2025-01-17T19:00:22","slug":"em-nome-da-fe-medalha-milagrosa-como-simbolo-de-esperanca-para-a-ucrania","status":"publish","type":"post","link":"https:\/\/www.adf.org.br\/home\/em-nome-da-fe-medalha-milagrosa-como-simbolo-de-esperanca-para-a-ucrania\/","title":{"rendered":"Em Nome da F\u00e9: Medalha Milagrosa como S\u00edmbolo de Esperan\u00e7a para a Ucr\u00e2nia."},"content":{"rendered":"<h3 style=\"text-align: center;\"><span style=\"color: #000000;\"><i><span style=\"font-weight: 400;\">Como a devo\u00e7\u00e3o \u00e0 Nossa Senhora das Gra\u00e7as inspira e fortalece cora\u00e7\u00f5es em meio \u00e0 guerra.<\/span><\/i><\/span><\/h3>\n<p>&nbsp;<\/p>\n<p><span style=\"color: #000000;\"><img loading=\"lazy\" class=\" wp-image-78499 aligncenter\" src=\"https:\/\/www.adf.org.br\/home\/wp-content\/uploads\/2025\/01\/Screenshot_2-1-300x120.png\" alt=\"\" width=\"651\" height=\"260\" srcset=\"https:\/\/www.adf.org.br\/home\/wp-content\/uploads\/2025\/01\/Screenshot_2-1-300x120.png 300w, https:\/\/www.adf.org.br\/home\/wp-content\/uploads\/2025\/01\/Screenshot_2-1.png 688w\" sizes=\"(max-width: 651px) 100vw, 651px\" \/><\/span><\/p>\n<p><span style=\"color: #000000;\"><b><span style=\"color: #ffffff;\">.<\/span><br \/>\n<\/b><\/span><\/p>\n<h4><span style=\"color: #000000;\"><b>Miss\u00e3o de Esperan\u00e7a em Tempos Dif\u00edceis<br \/>\n<span style=\"color: #ffffff;\">.<\/span><\/b><\/span><\/h4>\n<p>&nbsp;<\/p>\n<h4><b><\/b><b><\/b><b><\/b><span style=\"font-weight: 400;\">Uma jornada corajosa e repleta de f\u00e9 est\u00e1 transformando a realidade de muitos ucranianos em tempos de conflito.<\/span><\/h4>\n<p>&nbsp;<\/p>\n<h4><span style=\"font-weight: 400; color: #000000;\">A chegada da Medalha Milagrosa de Nossa Senhora das Gra\u00e7as \u00e0 terra em guerra n\u00e3o \u00e9 apenas um gesto simb\u00f3lico, mas uma poderosa ferramenta espiritual que une pessoas em ora\u00e7\u00e3o e esperan\u00e7a.<\/span><\/h4>\n<p><span style=\"color: #000000;\"><b><span style=\"color: #ffffff;\">.<\/span><br \/>\n<\/b><\/span><\/p>\n<p><span style=\"color: #000000;\"><span style=\"color: #0000ff;\"><a style=\"color: #0000ff;\" href=\"https:\/\/adf.org.br\/exercitodamedalha\/?origem=31575\"><span style=\"font-weight: 400;\">Clique aqui para levar esperan\u00e7a para aqueles que necessitam!<\/span><\/a><\/span><\/span><\/p>\n<p>&nbsp;<\/p>\n<p><span style=\"color: #000000;\"><span style=\"font-weight: 400;\">No in\u00edcio de abril, Miguel \u00c1ngel Guti\u00e9rrez, um devoto espanhol de Granada, partiu para a Ucr\u00e2nia carregando 50 mil unidades da Medalha Milagrosa.<br \/>\n<\/span><span style=\"font-weight: 400;\"><br \/>\n<\/span><span style=\"font-weight: 400;\">Seu objetivo era claro: oferecer apoio espiritual aos ucranianos que enfrentam diariamente os horrores da guerra.<\/span><\/span><\/p>\n<p>&nbsp;<\/p>\n<p><span style=\"color: #000000;\"><img loading=\"lazy\" class=\" wp-image-78500 aligncenter\" src=\"https:\/\/www.adf.org.br\/home\/wp-content\/uploads\/2025\/01\/Screenshot_4-1.png\" alt=\"\" width=\"483\" height=\"231\" \/><\/span><br \/>\n<span style=\"color: #000000;\">Ao chegar ao pa\u00eds devastado pelos conflitos, o padre Guti\u00e9rrez destinou muitas das medalhas a freiras que as costuraram em coletes antibal\u00edsticos, proporcionando uma combina\u00e7\u00e3o de prote\u00e7\u00e3o f\u00edsica e espiritual para soldados e civis.<\/span><\/p>\n<p><span style=\"color: #000000;\"><b><span style=\"color: #ffffff;\">.<\/span><\/b><\/span><\/p>\n<p><span style=\"color: #0000ff;\"><a style=\"color: #0000ff;\" href=\"https:\/\/adf.org.br\/exercitodamedalha\/?origem=31575\">Clique aqui para integrar o Ex\u00e9rcito da Medalha Milagrosa!<\/a><\/span><\/p>\n<p>&nbsp;<\/p>\n<p><span style=\"font-weight: 400; color: #000000;\">Ao chegar ao pa\u00eds devastado pelos conflitos, o padre Guti\u00e9rrez destinou muitas das medalhas a freiras que as costuraram em coletes antibal\u00edsticos, proporcionando uma combina\u00e7\u00e3o de prote\u00e7\u00e3o f\u00edsica e espiritual para soldados e civis. <\/span><\/p>\n<p>&nbsp;<\/p>\n<p><span style=\"font-weight: 400; color: #000000;\">Essa iniciativa n\u00e3o s\u00f3 refor\u00e7a a esperan\u00e7a, mas tamb\u00e9m destaca a profunda liga\u00e7\u00e3o entre f\u00e9 e coragem em meio ao caos.<\/span><\/p>\n<p>&nbsp;<\/p>\n<h4><span style=\"color: #000000;\"><b>A For\u00e7a da Devo\u00e7\u00e3o e a Tradi\u00e7\u00e3o de Nossa Senhora\u00a0<\/b><\/span><\/h4>\n<p>&nbsp;<\/p>\n<p><span style=\"font-weight: 400; color: #000000;\">A Medalha Milagrosa tem suas ra\u00edzes em uma apari\u00e7\u00e3o de Santa Catarina Labour\u00e9 em 1830, onde Nossa Senhora assegurou grandes gra\u00e7as \u00e0queles que a usassem com confian\u00e7a.<\/span><\/p>\n<p>&nbsp;<\/p>\n<p><span style=\"color: #000000;\"><br \/>\nAssim, numa apari\u00e7\u00e3o a Santa Catarina Labour\u00e9 em 27 de novembro de 1830, Ela assegurou:<br \/>\n<img loading=\"lazy\" class=\"size-full wp-image-78503 aligncenter\" src=\"https:\/\/www.adf.org.br\/home\/wp-content\/uploads\/2025\/01\/23.11.2024.png\" alt=\"\" width=\"195\" height=\"196\" srcset=\"https:\/\/www.adf.org.br\/home\/wp-content\/uploads\/2025\/01\/23.11.2024.png 195w, https:\/\/www.adf.org.br\/home\/wp-content\/uploads\/2025\/01\/23.11.2024-150x150.png 150w\" sizes=\"(max-width: 195px) 100vw, 195px\" \/><span style=\"color: #ffffff;\">.<\/span><\/span><strong><span style=\"color: #3366ff;\"><i>\u201cFazei cunhar uma medalha conforme este modelo. Todas as pessoas que a usarem ao pesco\u00e7o receber\u00e3o grandes gra\u00e7as. As gra\u00e7as ser\u00e3o abundantes para as pessoas que a levarem com confian\u00e7a\u201d<\/i>.<\/span><\/strong><\/p>\n<p>&nbsp;<\/p>\n<p><span style=\"color: #000000;\">Hoje, a mesma promessa se aplica aos ucranianos, que encontram na medalha um escudo espiritual poderoso.<br \/>\n<\/span><br \/>\n<span style=\"color: #000000;\">Outras Igrejas locais j\u00e1 est\u00e3o solicitando mais unidades para distribuir entre os devotos, ampliando ainda mais essa rede de f\u00e9 e prote\u00e7\u00e3o.<\/span><\/p>\n<p><span style=\"color: #000000;\"><b><span style=\"color: #ffffff;\">.<\/span><\/b><\/span><\/p>\n<p><span style=\"color: #0000ff;\"><a style=\"color: #0000ff;\" href=\"https:\/\/adf.org.br\/exercitodamedalha\/?origem=31575\">Fortale\u00e7a sua f\u00e9 em um ex\u00e9rcito de paz, clique aqui para saber mais.<\/a><\/span><\/p>\n<p><span style=\"color: #000000;\"><span style=\"color: #ffffff;\">.<\/span><\/span><\/p>\n<p><span style=\"color: #000000;\"><span style=\"font-weight: 400;\">O padre Guti\u00e9rrez destacou em entrevista como a distribui\u00e7\u00e3o das medalhas fortaleceu a f\u00e9 dos fi\u00e9is em Lviv e em outras partes da Ucr\u00e2nia. <\/span><span style=\"font-weight: 400;\"><br \/>\n<\/span><span style=\"font-weight: 400;\"><br \/>\n<\/span><span style=\"font-weight: 400;\">Ele relatou o envio de 20 mil medalhas ao Bispo Auxiliar de Lviv e 30 mil para fi\u00e9is que veneram a imagem peregrina de Nossa Senhora de F\u00e1tima, enfatizando a import\u00e2ncia da devo\u00e7\u00e3o na vida cotidiana, mesmo em meio \u00e0 adversidade.<\/span><\/span><\/p>\n<p><span style=\"color: #000000;\"><b><span style=\"color: #ffffff;\">.<\/span><\/b><\/span><\/p>\n<h4><span style=\"font-weight: 400; color: #000000;\"><b>Coragem e Gratid\u00e3o: Li\u00e7\u00f5es da Jornada Espiritual<\/b><\/span><\/h4>\n<p><b><br \/>\n<\/b><img loading=\"lazy\" class=\" wp-image-78502 aligncenter\" src=\"https:\/\/www.adf.org.br\/home\/wp-content\/uploads\/2025\/01\/Screenshot_6.png\" alt=\"\" width=\"427\" height=\"233\" \/><\/p>\n<p>&nbsp;<\/p>\n<p><span style=\"font-weight: 400; color: #000000;\">A gratid\u00e3o que ele testemunhou ao distribuir as medalhas ilustra a resili\u00eancia daqueles que, forjados pela adversidade, encontram na f\u00e9 um caminho para enfrentar o sofrimento.<\/span><\/p>\n<p>&nbsp;<\/p>\n<p><span style=\"font-weight: 400; color: #000000;\">Essa experi\u00eancia n\u00e3o apenas refor\u00e7a a import\u00e2ncia da Medalha Milagrosa, mas tamb\u00e9m serve de exemplo para todos n\u00f3s.\u00a0<\/span><\/p>\n<p><span style=\"color: #000000;\"><span style=\"font-weight: 400;\"><br \/>\n<\/span><span style=\"color: #0000ff;\"><a style=\"color: #0000ff;\" href=\"https:\/\/adf.org.br\/exercitodamedalha\/?origem=31575\"><span style=\"font-weight: 400;\">Propague a\u00a0 paz por meio de um grupo aben\u00e7oado clicando aqui.<\/span><\/a><\/span><\/span><\/p>\n<p><span style=\"color: #000000;\"><span style=\"font-weight: 400;\"><br \/>\n<\/span><span style=\"font-weight: 400;\">A devo\u00e7\u00e3o \u00e0 Nossa Senhora e a convic\u00e7\u00e3o de que a ora\u00e7\u00e3o tem poder de transforma\u00e7\u00e3o podem influenciar nossa maneira de enfrentar desafios pessoais, inspirando-nos a manter a esperan\u00e7a e a uni\u00e3o em nossas pr\u00f3prias fam\u00edlias e comunidades.<\/span><\/span><\/p>\n<p>&nbsp;<\/p>\n<h4><span style=\"color: #000000;\"><b>Aplicando a Inspira\u00e7\u00e3o na Vida Cotidiana<\/b><\/span><\/h4>\n<p>&nbsp;<\/p>\n<p><span style=\"color: #000000;\"><span style=\"font-weight: 400;\">A hist\u00f3ria da Medalha Milagrosa na Ucr\u00e2nia nos convida a refletir sobre como a f\u00e9 pode ser uma \u00e2ncora em tempos de tempestade. <\/span><span style=\"font-weight: 400;\"><br \/>\n<\/span><span style=\"font-weight: 400;\"><br \/>\n<\/span><span style=\"font-weight: 400;\">Assim como os ucranianos se unem em ora\u00e7\u00e3o em meio ao caos, podemos nos inspirar a cultivar a paz em nossos lares, promovendo o di\u00e1logo, a empatia e a solidariedade. <\/span><span style=\"font-weight: 400;\"><br \/>\n<\/span><span style=\"font-weight: 400;\"><br \/>\n<\/span><span style=\"font-weight: 400;\">A presen\u00e7a de Nossa Senhora em nossas vidas \u00e9 um lembrete constante de que, com f\u00e9 e confian\u00e7a, podemos superar qualquer adversidade.<\/span><\/span><\/p>\n<p>&nbsp;<\/p>\n<p><span style=\"font-weight: 400; color: #000000;\">Se voc\u00ea deseja conhecer mais sobre a Medalha Milagrosa ou deseja adquirir a sua para fortalecer sua f\u00e9, clique aqui para saber mais.<\/span><\/p>\n<p><span style=\"color: #0000ff;\"><span style=\"font-weight: 400;\"><br \/>\n<\/span><a style=\"color: #0000ff;\" href=\"https:\/\/adf.org.br\/exercitodamedalha\/?origem=31575\"><span style=\"font-weight: 400;\">Transforme sua f\u00e9 com a luz de Nossa Senhora e clique aqui!<\/span><\/a><\/span><\/p>\n<p>&nbsp;<\/p>\n<h4><span style=\"color: #000000;\"><b>Reflex\u00e3o Final: A Presen\u00e7a Transformadora de Nossa Senhora<\/b><\/span><\/h4>\n<p><span style=\"font-weight: 400; color: #000000;\"><br \/>\n<img loading=\"lazy\" class=\" wp-image-78501 aligncenter\" src=\"https:\/\/www.adf.org.br\/home\/wp-content\/uploads\/2025\/01\/Screenshot_5-300x161.png\" alt=\"\" width=\"486\" height=\"261\" srcset=\"https:\/\/www.adf.org.br\/home\/wp-content\/uploads\/2025\/01\/Screenshot_5-300x161.png 300w, https:\/\/www.adf.org.br\/home\/wp-content\/uploads\/2025\/01\/Screenshot_5.png 316w\" sizes=\"(max-width: 486px) 100vw, 486px\" \/><br \/>\n<\/span><\/p>\n<p><span style=\"color: #000000;\"><span style=\"font-weight: 400;\">A devo\u00e7\u00e3o a Nossa Senhora das Gra\u00e7as tem o poder de unir cora\u00e7\u00f5es, especialmente em tempos de guerra e sofrimento. <\/span><span style=\"font-weight: 400;\"><br \/>\n<\/span><span style=\"font-weight: 400;\"><br \/>\n<\/span><span style=\"font-weight: 400;\">A experi\u00eancia de Miguel Angel e dos ucranianos refor\u00e7a que, mesmo em meio \u00e0 destrui\u00e7\u00e3o, a f\u00e9 e a esperan\u00e7a permanecem invenc\u00edveis. <\/span><span style=\"font-weight: 400;\"><br \/>\n<\/span><span style=\"font-weight: 400;\"><br \/>\n<\/span><span style=\"font-weight: 400;\">Ao levar adiante essa mensagem, somos inspirados a viver de maneira mais consciente, valorizando a paz, a f\u00e9 e a solidariedade, guiados sempre pela luz de Nossa Senhora.<\/span><\/span><\/p>\n<p>&nbsp;<\/p>\n<p><span style=\"color: #000000;\"><span style=\"font-weight: 400;\">Reze pelo fim da guerra, compartilhe este artigo com amigos e familiares e junte-se ao<\/span> <span style=\"color: #0000ff;\"><a style=\"color: #0000ff;\" href=\"https:\/\/adf.org.br\/exercitodamedalha\/?origem=31575\"><span style=\"font-weight: 400;\">Ex\u00e9rcito da Medalha Milagrosa<\/span><\/a><\/span><span style=\"font-weight: 400;\"> para levar amor e paz a quem mais precisa.<\/span><\/span><\/p>\n<p>&nbsp;<\/p>\n<p style=\"text-align: left;\"><span style=\"color: #000000;\"><i><span style=\"font-weight: 400;\">\u00d3 Maria concebida sem pecado original, rogai por n\u00f3s que recorremos a V\u00f3s!<\/span><\/i><\/span><\/p>\n<p>&nbsp;<\/p>\n<p><span style=\"color: #000000;\"><span style=\"font-weight: 400;\">Inscreva-se no grupo do <span style=\"color: #0000ff;\"><a style=\"color: #0000ff;\" href=\"https:\/\/adf.org.br\/exercitodamedalha\/?origem=31575\">Ex\u00e9rcito da Medalha Milagrosa<\/a><\/span><\/span>\u00a0<span style=\"font-weight: 400;\">para incluir seu nome nas Missas semanais. <\/span><span style=\"color: #0000ff;\"><a style=\"color: #0000ff;\" href=\"https:\/\/adf.org.br\/exercitodamedalha\/?origem=31575\"><span style=\"font-weight: 400;\">Clique aqui!<\/span><\/a><\/span><\/span><\/p>\n<p><span style=\"font-weight: 400; color: #000000;\">\u00a0<\/span><\/p>\n","protected":false},"excerpt":{"rendered":"<p>Como a devo\u00e7\u00e3o \u00e0 Nossa Senhora das Gra\u00e7as inspira e fortalece cora\u00e7\u00f5es em meio \u00e0 guerra. &nbsp; . Miss\u00e3o de Esperan\u00e7a em Tempos Dif\u00edceis . &nbsp; Uma jornada corajosa e repleta de f\u00e9 est\u00e1 transformando a realidade de muitos ucranianos em tempos de conflito. &nbsp; A chegada da Medalha Milagrosa de Nossa Senhora das Gra\u00e7as [&hellip;]<\/p>\n","protected":false},"author":44,"featured_media":78499,"comment_status":"open","ping_status":"open","sticky":false,"template":"","format":"standard","meta":[],"categories":[2224,20,126,2311,50,2585,14,2238],"tags":[],"yoast_head":"<!-- This site is optimized with the Yoast SEO plugin v17.4 - https:\/\/yoast.com\/wordpress\/plugins\/seo\/ -->\n<title>Em Nome da F\u00e9: Medalha Milagrosa como S\u00edmbolo de Esperan\u00e7a para a Ucr\u00e2nia. - Associa\u00e7\u00e3o Devotos de F\u00e1tima<\/title>\n<meta name=\"robots\" content=\"index, follow, max-snippet:-1, max-image-preview:large, max-video-preview:-1\" \/>\n<link rel=\"canonical\" href=\"https:\/\/www.adf.org.br\/home\/em-nome-da-fe-medalha-milagrosa-como-simbolo-de-esperanca-para-a-ucrania\/\" \/>\n<meta property=\"og:locale\" content=\"pt_BR\" \/>\n<meta property=\"og:type\" content=\"article\" \/>\n<meta property=\"og:title\" content=\"Em Nome da F\u00e9: Medalha Milagrosa como S\u00edmbolo de Esperan\u00e7a para a Ucr\u00e2nia. - Associa\u00e7\u00e3o Devotos de F\u00e1tima\" \/>\n<meta property=\"og:description\" content=\"Como a devo\u00e7\u00e3o \u00e0 Nossa Senhora das Gra\u00e7as inspira e fortalece cora\u00e7\u00f5es em meio \u00e0 guerra. &nbsp; . Miss\u00e3o de Esperan\u00e7a em Tempos Dif\u00edceis . &nbsp; Uma jornada corajosa e repleta de f\u00e9 est\u00e1 transformando a realidade de muitos ucranianos em tempos de conflito. &nbsp; A chegada da Medalha Milagrosa de Nossa Senhora das Gra\u00e7as [&hellip;]\" \/>\n<meta property=\"og:url\" content=\"https:\/\/www.adf.org.br\/home\/em-nome-da-fe-medalha-milagrosa-como-simbolo-de-esperanca-para-a-ucrania\/\" \/>\n<meta property=\"og:site_name\" content=\"Associa\u00e7\u00e3o Devotos de F\u00e1tima\" \/>\n<meta property=\"article:published_time\" content=\"2025-01-17T18:54:54+00:00\" \/>\n<meta property=\"article:modified_time\" content=\"2025-01-17T19:00:22+00:00\" \/>\n<meta property=\"og:image\" content=\"https:\/\/www.adf.org.br\/home\/wp-content\/uploads\/2025\/01\/Screenshot_2-1.png\" \/>\n\t<meta property=\"og:image:width\" content=\"688\" \/>\n\t<meta property=\"og:image:height\" content=\"276\" \/>\n<meta name=\"twitter:card\" content=\"summary_large_image\" \/>\n<meta name=\"twitter:label1\" content=\"Escrito por\" \/>\n\t<meta name=\"twitter:data1\" content=\"Daniel Avelino\" \/>\n\t<meta name=\"twitter:label2\" content=\"Est. tempo de leitura\" \/>\n\t<meta name=\"twitter:data2\" content=\"5 minutos\" \/>\n<script type=\"application\/ld+json\" class=\"yoast-schema-graph\">{\"@context\":\"https:\/\/schema.org\",\"@graph\":[{\"@type\":\"WebSite\",\"@id\":\"https:\/\/www.adf.org.br\/home\/#website\",\"url\":\"https:\/\/www.adf.org.br\/home\/\",\"name\":\"Associa\\u00e7\\u00e3o Devotos de F\\u00e1tima\",\"description\":\"Associa\\u00e7\\u00e3o Devotos de F\\u00e1tima\",\"potentialAction\":[{\"@type\":\"SearchAction\",\"target\":{\"@type\":\"EntryPoint\",\"urlTemplate\":\"https:\/\/www.adf.org.br\/home\/?s={search_term_string}\"},\"query-input\":\"required name=search_term_string\"}],\"inLanguage\":\"pt-BR\"},{\"@type\":\"ImageObject\",\"@id\":\"https:\/\/www.adf.org.br\/home\/em-nome-da-fe-medalha-milagrosa-como-simbolo-de-esperanca-para-a-ucrania\/#primaryimage\",\"inLanguage\":\"pt-BR\",\"url\":\"https:\/\/www.adf.org.br\/home\/wp-content\/uploads\/2025\/01\/Screenshot_2-1.png\",\"contentUrl\":\"https:\/\/www.adf.org.br\/home\/wp-content\/uploads\/2025\/01\/Screenshot_2-1.png\",\"width\":688,\"height\":276},{\"@type\":\"WebPage\",\"@id\":\"https:\/\/www.adf.org.br\/home\/em-nome-da-fe-medalha-milagrosa-como-simbolo-de-esperanca-para-a-ucrania\/#webpage\",\"url\":\"https:\/\/www.adf.org.br\/home\/em-nome-da-fe-medalha-milagrosa-como-simbolo-de-esperanca-para-a-ucrania\/\",\"name\":\"Em Nome da F\\u00e9: Medalha Milagrosa como S\\u00edmbolo de Esperan\\u00e7a para a Ucr\\u00e2nia. - Associa\\u00e7\\u00e3o Devotos de F\\u00e1tima\",\"isPartOf\":{\"@id\":\"https:\/\/www.adf.org.br\/home\/#website\"},\"primaryImageOfPage\":{\"@id\":\"https:\/\/www.adf.org.br\/home\/em-nome-da-fe-medalha-milagrosa-como-simbolo-de-esperanca-para-a-ucrania\/#primaryimage\"},\"datePublished\":\"2025-01-17T18:54:54+00:00\",\"dateModified\":\"2025-01-17T19:00:22+00:00\",\"author\":{\"@id\":\"https:\/\/www.adf.org.br\/home\/#\/schema\/person\/55ce2161c9fd7d8d9c3e437bca6c3da2\"},\"breadcrumb\":{\"@id\":\"https:\/\/www.adf.org.br\/home\/em-nome-da-fe-medalha-milagrosa-como-simbolo-de-esperanca-para-a-ucrania\/#breadcrumb\"},\"inLanguage\":\"pt-BR\",\"potentialAction\":[{\"@type\":\"ReadAction\",\"target\":[\"https:\/\/www.adf.org.br\/home\/em-nome-da-fe-medalha-milagrosa-como-simbolo-de-esperanca-para-a-ucrania\/\"]}]},{\"@type\":\"BreadcrumbList\",\"@id\":\"https:\/\/www.adf.org.br\/home\/em-nome-da-fe-medalha-milagrosa-como-simbolo-de-esperanca-para-a-ucrania\/#breadcrumb\",\"itemListElement\":[{\"@type\":\"ListItem\",\"position\":1,\"name\":\"Home\",\"item\":\"https:\/\/www.adf.org.br\/home\/\"},{\"@type\":\"ListItem\",\"position\":2,\"name\":\"Em Nome da F\\u00e9: Medalha Milagrosa como S\\u00edmbolo de Esperan\\u00e7a para a Ucr\\u00e2nia.\"}]},{\"@type\":\"Person\",\"@id\":\"https:\/\/www.adf.org.br\/home\/#\/schema\/person\/55ce2161c9fd7d8d9c3e437bca6c3da2\",\"name\":\"Daniel Avelino\",\"image\":{\"@type\":\"ImageObject\",\"@id\":\"https:\/\/www.adf.org.br\/home\/#personlogo\",\"inLanguage\":\"pt-BR\",\"url\":\"https:\/\/secure.gravatar.com\/avatar\/78b8674e1facd48cdc44918f6e4803c0?s=96&d=mm&r=g\",\"contentUrl\":\"https:\/\/secure.gravatar.com\/avatar\/78b8674e1facd48cdc44918f6e4803c0?s=96&d=mm&r=g\",\"caption\":\"Daniel Avelino\"},\"url\":\"https:\/\/www.adf.org.br\/home\/author\/daniel-lima\/\"}]}<\/script>\n<!-- \/ Yoast SEO plugin. -->","yoast_head_json":{"title":"Em Nome da F\u00e9: Medalha Milagrosa como S\u00edmbolo de Esperan\u00e7a para a Ucr\u00e2nia. - Associa\u00e7\u00e3o Devotos de F\u00e1tima","robots":{"index":"index","follow":"follow","max-snippet":"max-snippet:-1","max-image-preview":"max-image-preview:large","max-video-preview":"max-video-preview:-1"},"canonical":"https:\/\/www.adf.org.br\/home\/em-nome-da-fe-medalha-milagrosa-como-simbolo-de-esperanca-para-a-ucrania\/","og_locale":"pt_BR","og_type":"article","og_title":"Em Nome da F\u00e9: Medalha Milagrosa como S\u00edmbolo de Esperan\u00e7a para a Ucr\u00e2nia. - Associa\u00e7\u00e3o Devotos de F\u00e1tima","og_description":"Como a devo\u00e7\u00e3o \u00e0 Nossa Senhora das Gra\u00e7as inspira e fortalece cora\u00e7\u00f5es em meio \u00e0 guerra. &nbsp; . Miss\u00e3o de Esperan\u00e7a em Tempos Dif\u00edceis . &nbsp; Uma jornada corajosa e repleta de f\u00e9 est\u00e1 transformando a realidade de muitos ucranianos em tempos de conflito. &nbsp; A chegada da Medalha Milagrosa de Nossa Senhora das Gra\u00e7as [&hellip;]","og_url":"https:\/\/www.adf.org.br\/home\/em-nome-da-fe-medalha-milagrosa-como-simbolo-de-esperanca-para-a-ucrania\/","og_site_name":"Associa\u00e7\u00e3o Devotos de F\u00e1tima","article_published_time":"2025-01-17T18:54:54+00:00","article_modified_time":"2025-01-17T19:00:22+00:00","og_image":[{"width":688,"height":276,"url":"https:\/\/www.adf.org.br\/home\/wp-content\/uploads\/2025\/01\/Screenshot_2-1.png","type":"image\/png"}],"twitter_card":"summary_large_image","twitter_misc":{"Escrito por":"Daniel Avelino","Est. tempo de leitura":"5 minutos"},"schema":{"@context":"https:\/\/schema.org","@graph":[{"@type":"WebSite","@id":"https:\/\/www.adf.org.br\/home\/#website","url":"https:\/\/www.adf.org.br\/home\/","name":"Associa\u00e7\u00e3o Devotos de F\u00e1tima","description":"Associa\u00e7\u00e3o Devotos de F\u00e1tima","potentialAction":[{"@type":"SearchAction","target":{"@type":"EntryPoint","urlTemplate":"https:\/\/www.adf.org.br\/home\/?s={search_term_string}"},"query-input":"required name=search_term_string"}],"inLanguage":"pt-BR"},{"@type":"ImageObject","@id":"https:\/\/www.adf.org.br\/home\/em-nome-da-fe-medalha-milagrosa-como-simbolo-de-esperanca-para-a-ucrania\/#primaryimage","inLanguage":"pt-BR","url":"https:\/\/www.adf.org.br\/home\/wp-content\/uploads\/2025\/01\/Screenshot_2-1.png","contentUrl":"https:\/\/www.adf.org.br\/home\/wp-content\/uploads\/2025\/01\/Screenshot_2-1.png","width":688,"height":276},{"@type":"WebPage","@id":"https:\/\/www.adf.org.br\/home\/em-nome-da-fe-medalha-milagrosa-como-simbolo-de-esperanca-para-a-ucrania\/#webpage","url":"https:\/\/www.adf.org.br\/home\/em-nome-da-fe-medalha-milagrosa-como-simbolo-de-esperanca-para-a-ucrania\/","name":"Em Nome da F\u00e9: Medalha Milagrosa como S\u00edmbolo de Esperan\u00e7a para a Ucr\u00e2nia. - Associa\u00e7\u00e3o Devotos de F\u00e1tima","isPartOf":{"@id":"https:\/\/www.adf.org.br\/home\/#website"},"primaryImageOfPage":{"@id":"https:\/\/www.adf.org.br\/home\/em-nome-da-fe-medalha-milagrosa-como-simbolo-de-esperanca-para-a-ucrania\/#primaryimage"},"datePublished":"2025-01-17T18:54:54+00:00","dateModified":"2025-01-17T19:00:22+00:00","author":{"@id":"https:\/\/www.adf.org.br\/home\/#\/schema\/person\/55ce2161c9fd7d8d9c3e437bca6c3da2"},"breadcrumb":{"@id":"https:\/\/www.adf.org.br\/home\/em-nome-da-fe-medalha-milagrosa-como-simbolo-de-esperanca-para-a-ucrania\/#breadcrumb"},"inLanguage":"pt-BR","potentialAction":[{"@type":"ReadAction","target":["https:\/\/www.adf.org.br\/home\/em-nome-da-fe-medalha-milagrosa-como-simbolo-de-esperanca-para-a-ucrania\/"]}]},{"@type":"BreadcrumbList","@id":"https:\/\/www.adf.org.br\/home\/em-nome-da-fe-medalha-milagrosa-como-simbolo-de-esperanca-para-a-ucrania\/#breadcrumb","itemListElement":[{"@type":"ListItem","position":1,"name":"Home","item":"https:\/\/www.adf.org.br\/home\/"},{"@type":"ListItem","position":2,"name":"Em Nome da F\u00e9: Medalha Milagrosa como S\u00edmbolo de Esperan\u00e7a para a Ucr\u00e2nia."}]},{"@type":"Person","@id":"https:\/\/www.adf.org.br\/home\/#\/schema\/person\/55ce2161c9fd7d8d9c3e437bca6c3da2","name":"Daniel Avelino","image":{"@type":"ImageObject","@id":"https:\/\/www.adf.org.br\/home\/#personlogo","inLanguage":"pt-BR","url":"https:\/\/secure.gravatar.com\/avatar\/78b8674e1facd48cdc44918f6e4803c0?s=96&d=mm&r=g","contentUrl":"https:\/\/secure.gravatar.com\/avatar\/78b8674e1facd48cdc44918f6e4803c0?s=96&d=mm&r=g","caption":"Daniel Avelino"},"url":"https:\/\/www.adf.org.br\/home\/author\/daniel-lima\/"}]}},"_links":{"self":[{"href":"https:\/\/www.adf.org.br\/home\/wp-json\/wp\/v2\/posts\/78504"}],"collection":[{"href":"https:\/\/www.adf.org.br\/home\/wp-json\/wp\/v2\/posts"}],"about":[{"href":"https:\/\/www.adf.org.br\/home\/wp-json\/wp\/v2\/types\/post"}],"author":[{"embeddable":true,"href":"https:\/\/www.adf.org.br\/home\/wp-json\/wp\/v2\/users\/44"}],"replies":[{"embeddable":true,"href":"https:\/\/www.adf.org.br\/home\/wp-json\/wp\/v2\/comments?post=78504"}],"version-history":[{"count":25,"href":"https:\/\/www.adf.org.br\/home\/wp-json\/wp\/v2\/posts\/78504\/revisions"}],"predecessor-version":[{"id":78530,"href":"https:\/\/www.adf.org.br\/home\/wp-json\/wp\/v2\/posts\/78504\/revisions\/78530"}],"wp:featuredmedia":[{"embeddable":true,"href":"https:\/\/www.adf.org.br\/home\/wp-json\/wp\/v2\/media\/78499"}],"wp:attachment":[{"href":"https:\/\/www.adf.org.br\/home\/wp-json\/wp\/v2\/media?parent=78504"}],"wp:term":[{"taxonomy":"category","embeddable":true,"href":"https:\/\/www.adf.org.br\/home\/wp-json\/wp\/v2\/categories?post=78504"},{"taxonomy":"post_tag","embeddable":true,"href":"https:\/\/www.adf.org.br\/home\/wp-json\/wp\/v2\/tags?post=78504"}],"curies":[{"name":"wp","href":"https:\/\/api.w.org\/{rel}","templated":true}]}}