{"id":78392,"date":"2025-01-01T08:00:55","date_gmt":"2025-01-01T11:00:55","guid":{"rendered":"https:\/\/www.adf.org.br\/home\/?p=78392"},"modified":"2024-12-18T17:46:21","modified_gmt":"2024-12-18T20:46:21","slug":"ano-novo-nossa-senhora","status":"publish","type":"post","link":"https:\/\/www.adf.org.br\/home\/ano-novo-nossa-senhora\/","title":{"rendered":"Entregue Seu Ano Novo \u00e0 Nossa Senhora de F\u00e1tima"},"content":{"rendered":"<p><img loading=\"lazy\" class=\"aligncenter wp-image-4697 \" src=\"https:\/\/www.adf.org.br\/home\/wp-content\/uploads\/2010\/05\/nossa-sra-fatima-13-de-maio2.jpg\" alt=\"\" width=\"694\" height=\"459\" srcset=\"https:\/\/www.adf.org.br\/home\/wp-content\/uploads\/2010\/05\/nossa-sra-fatima-13-de-maio2.jpg 742w, https:\/\/www.adf.org.br\/home\/wp-content\/uploads\/2010\/05\/nossa-sra-fatima-13-de-maio2-300x199.jpg 300w\" sizes=\"(max-width: 694px) 100vw, 694px\" \/><\/p>\n<hr \/>\n<h3>Entregue Sua Vida a Nossa Senhora de F\u00e1tima<\/h3>\n<p>O Ano Novo \u00e9 um convite \u00e0 renova\u00e7\u00e3o.<\/p>\n<p><strong>Um momento singular para deixar o passado nas m\u00e3os de Deus e confiar o futuro a Nossa Senhora de F\u00e1tima.<\/strong><\/p>\n<p>Ela, que apareceu aos pastorinhos em F\u00e1tima para nos chamar \u00e0 ora\u00e7\u00e3o e \u00e0 convers\u00e3o, continua a interceder por cada um de n\u00f3s.<\/p>\n<p>Portanto, nada mais apropriado do que come\u00e7ar este ano <strong>entregando nossos caminhos a Nosso Senhor e \u00e0 sua M\u00e3e Sant\u00edssima.<\/strong><\/p>\n<hr \/>\n<h3>Confian\u00e7a em Nossa Senhora de F\u00e1tima<\/h3>\n<p>Nos tempos de incerteza, <strong>a prote\u00e7\u00e3o de Nossa Senhora \u00e9 uma \u00e2ncora firme.<\/strong><\/p>\n<p>Como m\u00e3e amorosa, ela n\u00e3o abandona aqueles que recorrem a ela.<\/p>\n<p>Quando consagramos o novo ano ao Imaculado Cora\u00e7\u00e3o de Maria, <strong>recebemos a for\u00e7a necess\u00e1ria para enfrentar desafios e renovar nossa f\u00e9.<\/strong><\/p>\n<p>Assim, podemos trilhar o caminho da santidade com confian\u00e7a e esperan\u00e7a.<\/p>\n<p>Lembre-se: <strong>a confian\u00e7a no Imaculado Cora\u00e7\u00e3o de Maria \u00e9 uma garantia de vit\u00f3ria contra as dificuldades do mundo.<\/strong><\/p>\n<hr \/>\n<h3>Prop\u00f3sitos para o Ano Novo: Inspirados por Nossa Senhora<\/h3>\n<p><img loading=\"lazy\" class=\"wp-image-78393 alignnone\" src=\"https:\/\/www.adf.org.br\/home\/wp-content\/uploads\/2024\/12\/immaculate-heart-of-mary-1024x576.jpg\" alt=\"\" width=\"500\" height=\"281\" srcset=\"https:\/\/www.adf.org.br\/home\/wp-content\/uploads\/2024\/12\/immaculate-heart-of-mary-1024x576.jpg 1024w, https:\/\/www.adf.org.br\/home\/wp-content\/uploads\/2024\/12\/immaculate-heart-of-mary-300x169.jpg 300w, https:\/\/www.adf.org.br\/home\/wp-content\/uploads\/2024\/12\/immaculate-heart-of-mary-768x432.jpg 768w, https:\/\/www.adf.org.br\/home\/wp-content\/uploads\/2024\/12\/immaculate-heart-of-mary-1536x864.jpg 1536w, https:\/\/www.adf.org.br\/home\/wp-content\/uploads\/2024\/12\/immaculate-heart-of-mary.jpg 1920w\" sizes=\"(max-width: 500px) 100vw, 500px\" \/><\/p>\n<p>O in\u00edcio do ano \u00e9 o momento ideal para renovar nossos prop\u00f3sitos.<\/p>\n<p><strong>Que tal intensificar sua vida de ora\u00e7\u00e3o, cultivar a caridade e dedicar-se mais \u00e0s obras de miseric\u00f3rdia?<\/strong><\/p>\n<p>Nossa Senhora de F\u00e1tima nos chamou \u00e0 convers\u00e3o.<\/p>\n<p>Ela pediu que rez\u00e1ssemos o Ros\u00e1rio todos os dias, oferec\u00eassemos sacrif\u00edcios e viv\u00eassemos em estado de gra\u00e7a.<\/p>\n<p>Portanto, <strong>fa\u00e7amos desse Ano Novo uma oportunidade de viver essa mensagem com mais intensidade.<\/strong><\/p>\n<hr \/>\n<h3>Alcan\u00e7ar o C\u00e9u com o Aux\u00edlio de Nossa Senhora<\/h3>\n<p>Mais do que tra\u00e7ar metas terrenas, devemos nos lembrar de que <strong>nosso objetivo maior \u00e9 alcan\u00e7ar o c\u00e9u.<\/strong><\/p>\n<p>Como dizia S\u00e3o Lu\u00eds Maria Grignion de Montfort:<\/p>\n<p style=\"padding-left: 40px;\"><em>\u201cMaria \u00e9 o caminho mais f\u00e1cil, curto, perfeito e seguro para ir a Jesus.\u201d<\/em><\/p>\n<p>Assim, consagrando nosso ano \u00e0 M\u00e3e de Deus, temos a certeza de que caminharemos com seguran\u00e7a rumo \u00e0 eternidade.<\/p>\n<hr \/>\n<h3 style=\"text-align: center;\">Inscreva Suas Inten\u00e7\u00f5es para o Ano Novo<\/h3>\n<p style=\"text-align: center;\">Querido leitor, d\u00ea um passo concreto neste Ano Novo.<\/p>\n<p style=\"text-align: center;\"><strong>Ligue para o nosso n\u00famero gratuito e inscreva suas inten\u00e7\u00f5es na pr\u00f3xima Santa Missa.<\/strong><\/p>\n<p style=\"text-align: center;\"><img loading=\"lazy\" class=\"wp-image-78082 size-full aligncenter\" src=\"https:\/\/www.adf.org.br\/home\/wp-content\/uploads\/2024\/12\/botao-05.12.2024.jpg\" alt=\"\" width=\"423\" height=\"133\" srcset=\"https:\/\/www.adf.org.br\/home\/wp-content\/uploads\/2024\/12\/botao-05.12.2024.jpg 423w, https:\/\/www.adf.org.br\/home\/wp-content\/uploads\/2024\/12\/botao-05.12.2024-300x94.jpg 300w\" sizes=\"(max-width: 423px) 100vw, 423px\" \/><\/p>\n<p style=\"text-align: center;\">Coloque suas preocupa\u00e7\u00f5es, esperan\u00e7as e desejos sob os cuidados de Nossa Senhora de F\u00e1tima. Pe\u00e7a que ela aben\u00e7oe seu ano, proteja sua fam\u00edlia e fortale\u00e7a sua f\u00e9.<\/p>\n<p style=\"text-align: center;\"><strong>Ligue agora e confie seus pedidos \u00e0 poderosa intercess\u00e3o de Maria Sant\u00edssima.<\/strong> Este \u00e9 o momento de transformar sua vida com a for\u00e7a da ora\u00e7\u00e3o!<\/p>\n","protected":false},"excerpt":{"rendered":"<p>Entregue Sua Vida a Nossa Senhora de F\u00e1tima O Ano Novo \u00e9 um convite \u00e0 renova\u00e7\u00e3o. Um momento singular para deixar o passado nas m\u00e3os de Deus e confiar o futuro a Nossa Senhora de F\u00e1tima. Ela, que apareceu aos pastorinhos em F\u00e1tima para nos chamar \u00e0 ora\u00e7\u00e3o e \u00e0 convers\u00e3o, continua a interceder por [&hellip;]<\/p>\n","protected":false},"author":46,"featured_media":78405,"comment_status":"open","ping_status":"open","sticky":false,"template":"","format":"standard","meta":[],"categories":[20,5048,56],"tags":[298,565,57],"yoast_head":"<!-- This site is optimized with the Yoast SEO plugin v17.4 - https:\/\/yoast.com\/wordpress\/plugins\/seo\/ -->\n<title>Entregue Seu Ano Novo \u00e0 Nossa Senhora de F\u00e1tima<\/title>\n<meta name=\"description\" content=\"Comece o Ano Novo entregando sua vida a Nossa Senhora de F\u00e1tima. Renove seus prop\u00f3sitos de santidade e inscreva suas inten\u00e7\u00f5es na pr\u00f3xima...\" \/>\n<meta name=\"robots\" content=\"index, follow, max-snippet:-1, max-image-preview:large, max-video-preview:-1\" \/>\n<link rel=\"canonical\" href=\"https:\/\/www.adf.org.br\/home\/ano-novo-nossa-senhora\/\" \/>\n<meta property=\"og:locale\" content=\"pt_BR\" \/>\n<meta property=\"og:type\" content=\"article\" \/>\n<meta property=\"og:title\" content=\"Entregue Seu Ano Novo \u00e0 Nossa Senhora de F\u00e1tima\" \/>\n<meta property=\"og:description\" content=\"Comece o Ano Novo entregando sua vida a Nossa Senhora de F\u00e1tima. Renove seus prop\u00f3sitos de santidade e inscreva suas inten\u00e7\u00f5es na pr\u00f3xima...\" \/>\n<meta property=\"og:url\" content=\"https:\/\/www.adf.org.br\/home\/ano-novo-nossa-senhora\/\" \/>\n<meta property=\"og:site_name\" content=\"Associa\u00e7\u00e3o Devotos de F\u00e1tima\" \/>\n<meta property=\"article:published_time\" content=\"2025-01-01T11:00:55+00:00\" \/>\n<meta property=\"article:modified_time\" content=\"2024-12-18T20:46:21+00:00\" \/>\n<meta property=\"og:image\" content=\"https:\/\/www.adf.org.br\/home\/wp-content\/uploads\/2025\/01\/nossa-sra-fatima-13-de-maio2.jpg\" \/>\n\t<meta property=\"og:image:width\" content=\"742\" \/>\n\t<meta property=\"og:image:height\" content=\"491\" \/>\n<meta name=\"twitter:card\" content=\"summary_large_image\" \/>\n<meta name=\"twitter:label1\" content=\"Escrito por\" \/>\n\t<meta name=\"twitter:data1\" content=\"Vitor Tavares\" \/>\n\t<meta name=\"twitter:label2\" content=\"Est. tempo de leitura\" \/>\n\t<meta name=\"twitter:data2\" content=\"2 minutos\" \/>\n<script type=\"application\/ld+json\" class=\"yoast-schema-graph\">{\"@context\":\"https:\/\/schema.org\",\"@graph\":[{\"@type\":\"WebSite\",\"@id\":\"https:\/\/www.adf.org.br\/home\/#website\",\"url\":\"https:\/\/www.adf.org.br\/home\/\",\"name\":\"Associa\\u00e7\\u00e3o Devotos de F\\u00e1tima\",\"description\":\"Associa\\u00e7\\u00e3o Devotos de F\\u00e1tima\",\"potentialAction\":[{\"@type\":\"SearchAction\",\"target\":{\"@type\":\"EntryPoint\",\"urlTemplate\":\"https:\/\/www.adf.org.br\/home\/?s={search_term_string}\"},\"query-input\":\"required name=search_term_string\"}],\"inLanguage\":\"pt-BR\"},{\"@type\":\"ImageObject\",\"@id\":\"https:\/\/www.adf.org.br\/home\/ano-novo-nossa-senhora\/#primaryimage\",\"inLanguage\":\"pt-BR\",\"url\":\"https:\/\/www.adf.org.br\/home\/wp-content\/uploads\/2025\/01\/nossa-sra-fatima-13-de-maio2.jpg\",\"contentUrl\":\"https:\/\/www.adf.org.br\/home\/wp-content\/uploads\/2025\/01\/nossa-sra-fatima-13-de-maio2.jpg\",\"width\":742,\"height\":491},{\"@type\":\"WebPage\",\"@id\":\"https:\/\/www.adf.org.br\/home\/ano-novo-nossa-senhora\/#webpage\",\"url\":\"https:\/\/www.adf.org.br\/home\/ano-novo-nossa-senhora\/\",\"name\":\"Entregue Seu Ano Novo \\u00e0 Nossa Senhora de F\\u00e1tima\",\"isPartOf\":{\"@id\":\"https:\/\/www.adf.org.br\/home\/#website\"},\"primaryImageOfPage\":{\"@id\":\"https:\/\/www.adf.org.br\/home\/ano-novo-nossa-senhora\/#primaryimage\"},\"datePublished\":\"2025-01-01T11:00:55+00:00\",\"dateModified\":\"2024-12-18T20:46:21+00:00\",\"author\":{\"@id\":\"https:\/\/www.adf.org.br\/home\/#\/schema\/person\/8ad5a345bedff93b910edc0820bea2f4\"},\"description\":\"Comece o Ano Novo entregando sua vida a Nossa Senhora de F\\u00e1tima. Renove seus prop\\u00f3sitos de santidade e inscreva suas inten\\u00e7\\u00f5es na pr\\u00f3xima...\",\"breadcrumb\":{\"@id\":\"https:\/\/www.adf.org.br\/home\/ano-novo-nossa-senhora\/#breadcrumb\"},\"inLanguage\":\"pt-BR\",\"potentialAction\":[{\"@type\":\"ReadAction\",\"target\":[\"https:\/\/www.adf.org.br\/home\/ano-novo-nossa-senhora\/\"]}]},{\"@type\":\"BreadcrumbList\",\"@id\":\"https:\/\/www.adf.org.br\/home\/ano-novo-nossa-senhora\/#breadcrumb\",\"itemListElement\":[{\"@type\":\"ListItem\",\"position\":1,\"name\":\"Home\",\"item\":\"https:\/\/www.adf.org.br\/home\/\"},{\"@type\":\"ListItem\",\"position\":2,\"name\":\"Entregue Seu Ano Novo \\u00e0 Nossa Senhora de F\\u00e1tima\"}]},{\"@type\":\"Person\",\"@id\":\"https:\/\/www.adf.org.br\/home\/#\/schema\/person\/8ad5a345bedff93b910edc0820bea2f4\",\"name\":\"Vitor Tavares\",\"image\":{\"@type\":\"ImageObject\",\"@id\":\"https:\/\/www.adf.org.br\/home\/#personlogo\",\"inLanguage\":\"pt-BR\",\"url\":\"https:\/\/secure.gravatar.com\/avatar\/8ffd82c29b33e69f5834ef44564dca7c?s=96&d=mm&r=g\",\"contentUrl\":\"https:\/\/secure.gravatar.com\/avatar\/8ffd82c29b33e69f5834ef44564dca7c?s=96&d=mm&r=g\",\"caption\":\"Vitor Tavares\"},\"url\":\"https:\/\/www.adf.org.br\/home\/author\/vitor-chaves\/\"}]}<\/script>\n<!-- \/ Yoast SEO plugin. -->","yoast_head_json":{"title":"Entregue Seu Ano Novo \u00e0 Nossa Senhora de F\u00e1tima","description":"Comece o Ano Novo entregando sua vida a Nossa Senhora de F\u00e1tima. Renove seus prop\u00f3sitos de santidade e inscreva suas inten\u00e7\u00f5es na pr\u00f3xima...","robots":{"index":"index","follow":"follow","max-snippet":"max-snippet:-1","max-image-preview":"max-image-preview:large","max-video-preview":"max-video-preview:-1"},"canonical":"https:\/\/www.adf.org.br\/home\/ano-novo-nossa-senhora\/","og_locale":"pt_BR","og_type":"article","og_title":"Entregue Seu Ano Novo \u00e0 Nossa Senhora de F\u00e1tima","og_description":"Comece o Ano Novo entregando sua vida a Nossa Senhora de F\u00e1tima. Renove seus prop\u00f3sitos de santidade e inscreva suas inten\u00e7\u00f5es na pr\u00f3xima...","og_url":"https:\/\/www.adf.org.br\/home\/ano-novo-nossa-senhora\/","og_site_name":"Associa\u00e7\u00e3o Devotos de F\u00e1tima","article_published_time":"2025-01-01T11:00:55+00:00","article_modified_time":"2024-12-18T20:46:21+00:00","og_image":[{"width":742,"height":491,"url":"https:\/\/www.adf.org.br\/home\/wp-content\/uploads\/2025\/01\/nossa-sra-fatima-13-de-maio2.jpg","type":"image\/jpeg"}],"twitter_card":"summary_large_image","twitter_misc":{"Escrito por":"Vitor Tavares","Est. tempo de leitura":"2 minutos"},"schema":{"@context":"https:\/\/schema.org","@graph":[{"@type":"WebSite","@id":"https:\/\/www.adf.org.br\/home\/#website","url":"https:\/\/www.adf.org.br\/home\/","name":"Associa\u00e7\u00e3o Devotos de F\u00e1tima","description":"Associa\u00e7\u00e3o Devotos de F\u00e1tima","potentialAction":[{"@type":"SearchAction","target":{"@type":"EntryPoint","urlTemplate":"https:\/\/www.adf.org.br\/home\/?s={search_term_string}"},"query-input":"required name=search_term_string"}],"inLanguage":"pt-BR"},{"@type":"ImageObject","@id":"https:\/\/www.adf.org.br\/home\/ano-novo-nossa-senhora\/#primaryimage","inLanguage":"pt-BR","url":"https:\/\/www.adf.org.br\/home\/wp-content\/uploads\/2025\/01\/nossa-sra-fatima-13-de-maio2.jpg","contentUrl":"https:\/\/www.adf.org.br\/home\/wp-content\/uploads\/2025\/01\/nossa-sra-fatima-13-de-maio2.jpg","width":742,"height":491},{"@type":"WebPage","@id":"https:\/\/www.adf.org.br\/home\/ano-novo-nossa-senhora\/#webpage","url":"https:\/\/www.adf.org.br\/home\/ano-novo-nossa-senhora\/","name":"Entregue Seu Ano Novo \u00e0 Nossa Senhora de F\u00e1tima","isPartOf":{"@id":"https:\/\/www.adf.org.br\/home\/#website"},"primaryImageOfPage":{"@id":"https:\/\/www.adf.org.br\/home\/ano-novo-nossa-senhora\/#primaryimage"},"datePublished":"2025-01-01T11:00:55+00:00","dateModified":"2024-12-18T20:46:21+00:00","author":{"@id":"https:\/\/www.adf.org.br\/home\/#\/schema\/person\/8ad5a345bedff93b910edc0820bea2f4"},"description":"Comece o Ano Novo entregando sua vida a Nossa Senhora de F\u00e1tima. Renove seus prop\u00f3sitos de santidade e inscreva suas inten\u00e7\u00f5es na pr\u00f3xima...","breadcrumb":{"@id":"https:\/\/www.adf.org.br\/home\/ano-novo-nossa-senhora\/#breadcrumb"},"inLanguage":"pt-BR","potentialAction":[{"@type":"ReadAction","target":["https:\/\/www.adf.org.br\/home\/ano-novo-nossa-senhora\/"]}]},{"@type":"BreadcrumbList","@id":"https:\/\/www.adf.org.br\/home\/ano-novo-nossa-senhora\/#breadcrumb","itemListElement":[{"@type":"ListItem","position":1,"name":"Home","item":"https:\/\/www.adf.org.br\/home\/"},{"@type":"ListItem","position":2,"name":"Entregue Seu Ano Novo \u00e0 Nossa Senhora de F\u00e1tima"}]},{"@type":"Person","@id":"https:\/\/www.adf.org.br\/home\/#\/schema\/person\/8ad5a345bedff93b910edc0820bea2f4","name":"Vitor Tavares","image":{"@type":"ImageObject","@id":"https:\/\/www.adf.org.br\/home\/#personlogo","inLanguage":"pt-BR","url":"https:\/\/secure.gravatar.com\/avatar\/8ffd82c29b33e69f5834ef44564dca7c?s=96&d=mm&r=g","contentUrl":"https:\/\/secure.gravatar.com\/avatar\/8ffd82c29b33e69f5834ef44564dca7c?s=96&d=mm&r=g","caption":"Vitor Tavares"},"url":"https:\/\/www.adf.org.br\/home\/author\/vitor-chaves\/"}]}},"_links":{"self":[{"href":"https:\/\/www.adf.org.br\/home\/wp-json\/wp\/v2\/posts\/78392"}],"collection":[{"href":"https:\/\/www.adf.org.br\/home\/wp-json\/wp\/v2\/posts"}],"about":[{"href":"https:\/\/www.adf.org.br\/home\/wp-json\/wp\/v2\/types\/post"}],"author":[{"embeddable":true,"href":"https:\/\/www.adf.org.br\/home\/wp-json\/wp\/v2\/users\/46"}],"replies":[{"embeddable":true,"href":"https:\/\/www.adf.org.br\/home\/wp-json\/wp\/v2\/comments?post=78392"}],"version-history":[{"count":2,"href":"https:\/\/www.adf.org.br\/home\/wp-json\/wp\/v2\/posts\/78392\/revisions"}],"predecessor-version":[{"id":78535,"href":"https:\/\/www.adf.org.br\/home\/wp-json\/wp\/v2\/posts\/78392\/revisions\/78535"}],"wp:featuredmedia":[{"embeddable":true,"href":"https:\/\/www.adf.org.br\/home\/wp-json\/wp\/v2\/media\/78405"}],"wp:attachment":[{"href":"https:\/\/www.adf.org.br\/home\/wp-json\/wp\/v2\/media?parent=78392"}],"wp:term":[{"taxonomy":"category","embeddable":true,"href":"https:\/\/www.adf.org.br\/home\/wp-json\/wp\/v2\/categories?post=78392"},{"taxonomy":"post_tag","embeddable":true,"href":"https:\/\/www.adf.org.br\/home\/wp-json\/wp\/v2\/tags?post=78392"}],"curies":[{"name":"wp","href":"https:\/\/api.w.org\/{rel}","templated":true}]}}