{"id":78097,"date":"2024-12-09T16:20:20","date_gmt":"2024-12-09T19:20:20","guid":{"rendered":"https:\/\/www.adf.org.br\/home\/?p=78097"},"modified":"2024-12-09T18:43:10","modified_gmt":"2024-12-09T21:43:10","slug":"festa-da-imaculada-conceicao","status":"publish","type":"post","link":"https:\/\/www.adf.org.br\/home\/festa-da-imaculada-conceicao\/","title":{"rendered":"A Grandeza da Imaculada Concei\u00e7\u00e3o"},"content":{"rendered":"<figure id=\"attachment_78099\" aria-describedby=\"caption-attachment-78099\" style=\"width: 692px\" class=\"wp-caption aligncenter\"><img loading=\"lazy\" class=\"wp-image-78099 \" src=\"https:\/\/www.adf.org.br\/home\/wp-content\/uploads\/2024\/12\/Immaculate_Image-e1733770927263-1024x594.jpg\" alt=\"Imagem de Nossa Senhora da Imaculada Concei\u00e7\u00e3o\" width=\"692\" height=\"402\" srcset=\"https:\/\/www.adf.org.br\/home\/wp-content\/uploads\/2024\/12\/Immaculate_Image-e1733770927263-1024x594.jpg 1024w, https:\/\/www.adf.org.br\/home\/wp-content\/uploads\/2024\/12\/Immaculate_Image-e1733770927263-300x174.jpg 300w, https:\/\/www.adf.org.br\/home\/wp-content\/uploads\/2024\/12\/Immaculate_Image-e1733770927263-768x445.jpg 768w, https:\/\/www.adf.org.br\/home\/wp-content\/uploads\/2024\/12\/Immaculate_Image-e1733770927263-1536x890.jpg 1536w, https:\/\/www.adf.org.br\/home\/wp-content\/uploads\/2024\/12\/Immaculate_Image-e1733770927263.jpg 2048w\" sizes=\"(max-width: 692px) 100vw, 692px\" \/><figcaption id=\"caption-attachment-78099\" class=\"wp-caption-text\">Imagem de Nossa Senhora da Imaculada Concei\u00e7\u00e3o<\/figcaption><\/figure>\n<h1 style=\"text-align: center;\">A Grandeza da Imaculada Concei\u00e7\u00e3o: Reflexo da Pureza e Santidade de Maria<\/h1>\n<p><strong>Celebramos ontem, no dia 8 de dezembro, a Festa da Imaculada Concei\u00e7\u00e3o<\/strong>, um dos mais sublimes dogmas da f\u00e9 cat\u00f3lica.<\/p>\n<p>Este dia nos convida a contemplar a beleza e a pureza sem igual de Maria Sant\u00edssima, concebida sem a mancha do pecado original.<\/p>\n<h2 style=\"text-align: center;\">O Dogma da Imaculada Concei\u00e7\u00e3o<\/h2>\n<p>Desde os prim\u00f3rdios da Igreja, Maria foi reconhecida como a &#8220;cheia de gra\u00e7a&#8221;, preservada de todo pecado em vista de sua miss\u00e3o singular como M\u00e3e de Deus.<\/p>\n<p>Este privil\u00e9gio, definido como dogma pelo Papa Pio IX em 1854, proclama que <strong>Maria foi concebida imaculada por um especial ato da gra\u00e7a divina<\/strong>.<\/p>\n<p>Enquanto a humanidade carrega o peso do pecado original, Maria foi agraciada com a santidade plena desde o in\u00edcio de sua exist\u00eancia.<\/p>\n<p>Essa prerrogativa n\u00e3o diminui os m\u00e9ritos de Cristo, mas os exalta, pois foi por sua Paix\u00e3o e Ressurrei\u00e7\u00e3o, previstas por Deus, que Nossa Senhora foi redimida de maneira preventiva.<\/p>\n<h2 style=\"text-align: center;\">Maria \u2501\u00a0A Nova Eva<\/h2>\n<figure id=\"attachment_78101\" aria-describedby=\"caption-attachment-78101\" style=\"width: 499px\" class=\"wp-caption aligncenter\"><img loading=\"lazy\" class=\"wp-image-78101\" src=\"https:\/\/www.adf.org.br\/home\/wp-content\/uploads\/2024\/12\/Nova_Eva_2.jpg\" alt=\"Maria, a Nova Eva\" width=\"499\" height=\"444\" srcset=\"https:\/\/www.adf.org.br\/home\/wp-content\/uploads\/2024\/12\/Nova_Eva_2.jpg 690w, https:\/\/www.adf.org.br\/home\/wp-content\/uploads\/2024\/12\/Nova_Eva_2-300x267.jpg 300w\" sizes=\"(max-width: 499px) 100vw, 499px\" \/><figcaption id=\"caption-attachment-78101\" class=\"wp-caption-text\">Maria, a Nova Eva<\/figcaption><\/figure>\n<p style=\"text-align: center;\">Se Eva, criada em estado de pureza, trouxe a queda ao lado de Ad\u00e3o, Maria, a &#8220;Nova Eva&#8221;, colaborou com Cristo, o &#8220;Novo Ad\u00e3o&#8221;, na reden\u00e7\u00e3o da humanidade. Sua obedi\u00eancia perfeita e sua pureza imaculada s\u00e3o o contraponto \u00e0 desobedi\u00eancia do primeiro casal.<\/p>\n<p>Assim, a Imaculada Concei\u00e7\u00e3o n\u00e3o \u00e9 apenas um dogma mariano; \u00e9 um reflexo do plano salv\u00edfico de Deus. Maria \u00e9 o exemplo perfeito de como a gra\u00e7a divina pode transformar e enobrecer a natureza humana.<\/p>\n<h2 style=\"text-align: center;\">A Imaculada Concei\u00e7\u00e3o e as Apari\u00e7\u00f5es<\/h2>\n<p>As apari\u00e7\u00f5es marianas refor\u00e7aram este dogma.<\/p>\n<p>Em 1830, Nossa Senhora revelou a Medalha Milagrosa a Santa Catarina Labour\u00e9, com as palavras:<\/p>\n<p style=\"padding-left: 40px;\"><em>&#8220;\u00d3 Maria, concebida sem pecado, rogai por n\u00f3s que recorremos a v\u00f3s.&#8221;<\/em><\/p>\n<p>Mais tarde, em Lourdes, em 1858, Maria se identificou a Santa Bernadette com as palavras:<\/p>\n<p style=\"padding-left: 40px;\"><em>&#8220;Eu sou a Imaculada Concei\u00e7\u00e3o.&#8221;<\/em><\/p>\n<p>E, em F\u00e1tima, mesmo sem usar este t\u00edtulo, Maria revelou seu Imaculado Cora\u00e7\u00e3o, um chamado \u00e0 pureza e \u00e0 repara\u00e7\u00e3o.<\/p>\n<h2 style=\"text-align: center;\">Um Convite \u00e0 Repara\u00e7\u00e3o<\/h2>\n<figure id=\"attachment_78102\" aria-describedby=\"caption-attachment-78102\" style=\"width: 501px\" class=\"wp-caption aligncenter\"><img loading=\"lazy\" class=\"wp-image-78102\" src=\"https:\/\/www.adf.org.br\/home\/wp-content\/uploads\/2024\/12\/imaculado_coracao_maria.jpg\" alt=\"Imaculado Cora\u00e7\u00e3o da Virgem Maria\" width=\"501\" height=\"299\" srcset=\"https:\/\/www.adf.org.br\/home\/wp-content\/uploads\/2024\/12\/imaculado_coracao_maria.jpg 670w, https:\/\/www.adf.org.br\/home\/wp-content\/uploads\/2024\/12\/imaculado_coracao_maria-300x179.jpg 300w\" sizes=\"(max-width: 501px) 100vw, 501px\" \/><figcaption id=\"caption-attachment-78102\" class=\"wp-caption-text\">Imaculado Cora\u00e7\u00e3o da Virgem Maria<\/figcaption><\/figure>\n<p>A Imaculada Concei\u00e7\u00e3o nos recorda da necessidade de buscar a pureza de cora\u00e7\u00e3o.<\/p>\n<p>Devemos reparar as ofensas feitas ao Imaculado Cora\u00e7\u00e3o de Maria e, com ela, colaborar na obra de reden\u00e7\u00e3o.<\/p>\n<p>O ato de repara\u00e7\u00e3o, especialmente atrav\u00e9s da devo\u00e7\u00e3o dos Primeiros S\u00e1bados, \u00e9 uma resposta amorosa a este chamado.<\/p>\n<p>Pela ora\u00e7\u00e3o, pela Missa e pela viv\u00eancia de uma vida virtuosa, podemos honrar Nossa Senhora e ajudar a santificar o mundo.<\/p>\n<h2 style=\"text-align: center;\">Participe desta Obra de Devo\u00e7\u00e3o!<\/h2>\n<p>Maria, concebida sem pecado, \u00e9 nosso ref\u00fagio e intercessora.<\/p>\n<p><strong>Ligue agora para nosso n\u00famero gratuito<\/strong> e inscreva suas inten\u00e7\u00f5es na pr\u00f3xima Santa Missa em honra a Nossa Senhora.<\/p>\n<p><img loading=\"lazy\" class=\"aligncenter wp-image-78082 size-full\" src=\"https:\/\/www.adf.org.br\/home\/wp-content\/uploads\/2024\/12\/botao-05.12.2024.jpg\" alt=\"\" width=\"423\" height=\"133\" srcset=\"https:\/\/www.adf.org.br\/home\/wp-content\/uploads\/2024\/12\/botao-05.12.2024.jpg 423w, https:\/\/www.adf.org.br\/home\/wp-content\/uploads\/2024\/12\/botao-05.12.2024-300x94.jpg 300w\" sizes=\"(max-width: 423px) 100vw, 423px\" \/><\/p>\n<p style=\"text-align: center;\"><strong>Abra seu cora\u00e7\u00e3o \u00e0 Imaculada!<\/strong><\/p>\n<p>Unindo-se a esta devo\u00e7\u00e3o, voc\u00ea n\u00e3o s\u00f3 colabora com as obras de Nossa Senhora, mas tamb\u00e9m recebe as gra\u00e7as prometidas a seus devotos.<\/p>\n<p style=\"padding-left: 40px;\"><em>&#8220;\u00d3 Maria, concebida sem pecado, rogai por n\u00f3s que recorremos a v\u00f3s!&#8221;<\/em><\/p>\n","protected":false},"excerpt":{"rendered":"<p>A Grandeza da Imaculada Concei\u00e7\u00e3o: Reflexo da Pureza e Santidade de Maria Celebramos ontem, no dia 8 de dezembro, a Festa da Imaculada Concei\u00e7\u00e3o, um dos mais sublimes dogmas da f\u00e9 cat\u00f3lica. Este dia nos convida a contemplar a beleza e a pureza sem igual de Maria Sant\u00edssima, concebida sem a mancha do pecado original. [&hellip;]<\/p>\n","protected":false},"author":46,"featured_media":78099,"comment_status":"open","ping_status":"open","sticky":false,"template":"","format":"standard","meta":[],"categories":[5682],"tags":[3445,5592,3446,38],"yoast_head":"<!-- This site is optimized with the Yoast SEO plugin v17.4 - https:\/\/yoast.com\/wordpress\/plugins\/seo\/ -->\n<title>A Grandeza da Imaculada Concei\u00e7\u00e3o - Associa\u00e7\u00e3o Devotos de F\u00e1tima<\/title>\n<meta name=\"description\" content=\"Descubra a beleza e a import\u00e2ncia da Festa da Imaculada Concei\u00e7\u00e3o, celebrada no dia 8 de dezembro, e seu chamado \u00e0 pureza e repara\u00e7\u00e3o.\" \/>\n<meta name=\"robots\" content=\"index, follow, max-snippet:-1, max-image-preview:large, max-video-preview:-1\" \/>\n<link rel=\"canonical\" href=\"https:\/\/www.adf.org.br\/home\/festa-da-imaculada-conceicao\/\" \/>\n<meta property=\"og:locale\" content=\"pt_BR\" \/>\n<meta property=\"og:type\" content=\"article\" \/>\n<meta property=\"og:title\" content=\"A Grandeza da Imaculada Concei\u00e7\u00e3o - Associa\u00e7\u00e3o Devotos de F\u00e1tima\" \/>\n<meta property=\"og:description\" content=\"Descubra a beleza e a import\u00e2ncia da Festa da Imaculada Concei\u00e7\u00e3o, celebrada no dia 8 de dezembro, e seu chamado \u00e0 pureza e repara\u00e7\u00e3o.\" \/>\n<meta property=\"og:url\" content=\"https:\/\/www.adf.org.br\/home\/festa-da-imaculada-conceicao\/\" \/>\n<meta property=\"og:site_name\" content=\"Associa\u00e7\u00e3o Devotos de F\u00e1tima\" \/>\n<meta property=\"article:published_time\" content=\"2024-12-09T19:20:20+00:00\" \/>\n<meta property=\"article:modified_time\" content=\"2024-12-09T21:43:10+00:00\" \/>\n<meta property=\"og:image\" content=\"https:\/\/www.adf.org.br\/home\/wp-content\/uploads\/2024\/12\/Immaculate_Image-e1733770927263.jpg\" \/>\n\t<meta property=\"og:image:width\" content=\"2048\" \/>\n\t<meta property=\"og:image:height\" content=\"1187\" \/>\n<meta name=\"twitter:card\" content=\"summary_large_image\" \/>\n<meta name=\"twitter:label1\" content=\"Escrito por\" \/>\n\t<meta name=\"twitter:data1\" content=\"Vitor Tavares\" \/>\n\t<meta name=\"twitter:label2\" content=\"Est. tempo de leitura\" \/>\n\t<meta name=\"twitter:data2\" content=\"3 minutos\" \/>\n<script type=\"application\/ld+json\" class=\"yoast-schema-graph\">{\"@context\":\"https:\/\/schema.org\",\"@graph\":[{\"@type\":\"WebSite\",\"@id\":\"https:\/\/www.adf.org.br\/home\/#website\",\"url\":\"https:\/\/www.adf.org.br\/home\/\",\"name\":\"Associa\\u00e7\\u00e3o Devotos de F\\u00e1tima\",\"description\":\"Associa\\u00e7\\u00e3o Devotos de F\\u00e1tima\",\"potentialAction\":[{\"@type\":\"SearchAction\",\"target\":{\"@type\":\"EntryPoint\",\"urlTemplate\":\"https:\/\/www.adf.org.br\/home\/?s={search_term_string}\"},\"query-input\":\"required name=search_term_string\"}],\"inLanguage\":\"pt-BR\"},{\"@type\":\"ImageObject\",\"@id\":\"https:\/\/www.adf.org.br\/home\/festa-da-imaculada-conceicao\/#primaryimage\",\"inLanguage\":\"pt-BR\",\"url\":\"https:\/\/www.adf.org.br\/home\/wp-content\/uploads\/2024\/12\/Immaculate_Image-e1733770927263.jpg\",\"contentUrl\":\"https:\/\/www.adf.org.br\/home\/wp-content\/uploads\/2024\/12\/Immaculate_Image-e1733770927263.jpg\",\"width\":2048,\"height\":1187},{\"@type\":\"WebPage\",\"@id\":\"https:\/\/www.adf.org.br\/home\/festa-da-imaculada-conceicao\/#webpage\",\"url\":\"https:\/\/www.adf.org.br\/home\/festa-da-imaculada-conceicao\/\",\"name\":\"A Grandeza da Imaculada Concei\\u00e7\\u00e3o - Associa\\u00e7\\u00e3o Devotos de F\\u00e1tima\",\"isPartOf\":{\"@id\":\"https:\/\/www.adf.org.br\/home\/#website\"},\"primaryImageOfPage\":{\"@id\":\"https:\/\/www.adf.org.br\/home\/festa-da-imaculada-conceicao\/#primaryimage\"},\"datePublished\":\"2024-12-09T19:20:20+00:00\",\"dateModified\":\"2024-12-09T21:43:10+00:00\",\"author\":{\"@id\":\"https:\/\/www.adf.org.br\/home\/#\/schema\/person\/8ad5a345bedff93b910edc0820bea2f4\"},\"description\":\"Descubra a beleza e a import\\u00e2ncia da Festa da Imaculada Concei\\u00e7\\u00e3o, celebrada no dia 8 de dezembro, e seu chamado \\u00e0 pureza e repara\\u00e7\\u00e3o.\",\"breadcrumb\":{\"@id\":\"https:\/\/www.adf.org.br\/home\/festa-da-imaculada-conceicao\/#breadcrumb\"},\"inLanguage\":\"pt-BR\",\"potentialAction\":[{\"@type\":\"ReadAction\",\"target\":[\"https:\/\/www.adf.org.br\/home\/festa-da-imaculada-conceicao\/\"]}]},{\"@type\":\"BreadcrumbList\",\"@id\":\"https:\/\/www.adf.org.br\/home\/festa-da-imaculada-conceicao\/#breadcrumb\",\"itemListElement\":[{\"@type\":\"ListItem\",\"position\":1,\"name\":\"Home\",\"item\":\"https:\/\/www.adf.org.br\/home\/\"},{\"@type\":\"ListItem\",\"position\":2,\"name\":\"A Grandeza da Imaculada Concei\\u00e7\\u00e3o\"}]},{\"@type\":\"Person\",\"@id\":\"https:\/\/www.adf.org.br\/home\/#\/schema\/person\/8ad5a345bedff93b910edc0820bea2f4\",\"name\":\"Vitor Tavares\",\"image\":{\"@type\":\"ImageObject\",\"@id\":\"https:\/\/www.adf.org.br\/home\/#personlogo\",\"inLanguage\":\"pt-BR\",\"url\":\"https:\/\/secure.gravatar.com\/avatar\/8ffd82c29b33e69f5834ef44564dca7c?s=96&d=mm&r=g\",\"contentUrl\":\"https:\/\/secure.gravatar.com\/avatar\/8ffd82c29b33e69f5834ef44564dca7c?s=96&d=mm&r=g\",\"caption\":\"Vitor Tavares\"},\"url\":\"https:\/\/www.adf.org.br\/home\/author\/vitor-chaves\/\"}]}<\/script>\n<!-- \/ Yoast SEO plugin. -->","yoast_head_json":{"title":"A Grandeza da Imaculada Concei\u00e7\u00e3o - Associa\u00e7\u00e3o Devotos de F\u00e1tima","description":"Descubra a beleza e a import\u00e2ncia da Festa da Imaculada Concei\u00e7\u00e3o, celebrada no dia 8 de dezembro, e seu chamado \u00e0 pureza e repara\u00e7\u00e3o.","robots":{"index":"index","follow":"follow","max-snippet":"max-snippet:-1","max-image-preview":"max-image-preview:large","max-video-preview":"max-video-preview:-1"},"canonical":"https:\/\/www.adf.org.br\/home\/festa-da-imaculada-conceicao\/","og_locale":"pt_BR","og_type":"article","og_title":"A Grandeza da Imaculada Concei\u00e7\u00e3o - Associa\u00e7\u00e3o Devotos de F\u00e1tima","og_description":"Descubra a beleza e a import\u00e2ncia da Festa da Imaculada Concei\u00e7\u00e3o, celebrada no dia 8 de dezembro, e seu chamado \u00e0 pureza e repara\u00e7\u00e3o.","og_url":"https:\/\/www.adf.org.br\/home\/festa-da-imaculada-conceicao\/","og_site_name":"Associa\u00e7\u00e3o Devotos de F\u00e1tima","article_published_time":"2024-12-09T19:20:20+00:00","article_modified_time":"2024-12-09T21:43:10+00:00","og_image":[{"width":2048,"height":1187,"url":"https:\/\/www.adf.org.br\/home\/wp-content\/uploads\/2024\/12\/Immaculate_Image-e1733770927263.jpg","type":"image\/jpeg"}],"twitter_card":"summary_large_image","twitter_misc":{"Escrito por":"Vitor Tavares","Est. tempo de leitura":"3 minutos"},"schema":{"@context":"https:\/\/schema.org","@graph":[{"@type":"WebSite","@id":"https:\/\/www.adf.org.br\/home\/#website","url":"https:\/\/www.adf.org.br\/home\/","name":"Associa\u00e7\u00e3o Devotos de F\u00e1tima","description":"Associa\u00e7\u00e3o Devotos de F\u00e1tima","potentialAction":[{"@type":"SearchAction","target":{"@type":"EntryPoint","urlTemplate":"https:\/\/www.adf.org.br\/home\/?s={search_term_string}"},"query-input":"required name=search_term_string"}],"inLanguage":"pt-BR"},{"@type":"ImageObject","@id":"https:\/\/www.adf.org.br\/home\/festa-da-imaculada-conceicao\/#primaryimage","inLanguage":"pt-BR","url":"https:\/\/www.adf.org.br\/home\/wp-content\/uploads\/2024\/12\/Immaculate_Image-e1733770927263.jpg","contentUrl":"https:\/\/www.adf.org.br\/home\/wp-content\/uploads\/2024\/12\/Immaculate_Image-e1733770927263.jpg","width":2048,"height":1187},{"@type":"WebPage","@id":"https:\/\/www.adf.org.br\/home\/festa-da-imaculada-conceicao\/#webpage","url":"https:\/\/www.adf.org.br\/home\/festa-da-imaculada-conceicao\/","name":"A Grandeza da Imaculada Concei\u00e7\u00e3o - Associa\u00e7\u00e3o Devotos de F\u00e1tima","isPartOf":{"@id":"https:\/\/www.adf.org.br\/home\/#website"},"primaryImageOfPage":{"@id":"https:\/\/www.adf.org.br\/home\/festa-da-imaculada-conceicao\/#primaryimage"},"datePublished":"2024-12-09T19:20:20+00:00","dateModified":"2024-12-09T21:43:10+00:00","author":{"@id":"https:\/\/www.adf.org.br\/home\/#\/schema\/person\/8ad5a345bedff93b910edc0820bea2f4"},"description":"Descubra a beleza e a import\u00e2ncia da Festa da Imaculada Concei\u00e7\u00e3o, celebrada no dia 8 de dezembro, e seu chamado \u00e0 pureza e repara\u00e7\u00e3o.","breadcrumb":{"@id":"https:\/\/www.adf.org.br\/home\/festa-da-imaculada-conceicao\/#breadcrumb"},"inLanguage":"pt-BR","potentialAction":[{"@type":"ReadAction","target":["https:\/\/www.adf.org.br\/home\/festa-da-imaculada-conceicao\/"]}]},{"@type":"BreadcrumbList","@id":"https:\/\/www.adf.org.br\/home\/festa-da-imaculada-conceicao\/#breadcrumb","itemListElement":[{"@type":"ListItem","position":1,"name":"Home","item":"https:\/\/www.adf.org.br\/home\/"},{"@type":"ListItem","position":2,"name":"A Grandeza da Imaculada Concei\u00e7\u00e3o"}]},{"@type":"Person","@id":"https:\/\/www.adf.org.br\/home\/#\/schema\/person\/8ad5a345bedff93b910edc0820bea2f4","name":"Vitor Tavares","image":{"@type":"ImageObject","@id":"https:\/\/www.adf.org.br\/home\/#personlogo","inLanguage":"pt-BR","url":"https:\/\/secure.gravatar.com\/avatar\/8ffd82c29b33e69f5834ef44564dca7c?s=96&d=mm&r=g","contentUrl":"https:\/\/secure.gravatar.com\/avatar\/8ffd82c29b33e69f5834ef44564dca7c?s=96&d=mm&r=g","caption":"Vitor Tavares"},"url":"https:\/\/www.adf.org.br\/home\/author\/vitor-chaves\/"}]}},"_links":{"self":[{"href":"https:\/\/www.adf.org.br\/home\/wp-json\/wp\/v2\/posts\/78097"}],"collection":[{"href":"https:\/\/www.adf.org.br\/home\/wp-json\/wp\/v2\/posts"}],"about":[{"href":"https:\/\/www.adf.org.br\/home\/wp-json\/wp\/v2\/types\/post"}],"author":[{"embeddable":true,"href":"https:\/\/www.adf.org.br\/home\/wp-json\/wp\/v2\/users\/46"}],"replies":[{"embeddable":true,"href":"https:\/\/www.adf.org.br\/home\/wp-json\/wp\/v2\/comments?post=78097"}],"version-history":[{"count":2,"href":"https:\/\/www.adf.org.br\/home\/wp-json\/wp\/v2\/posts\/78097\/revisions"}],"predecessor-version":[{"id":78104,"href":"https:\/\/www.adf.org.br\/home\/wp-json\/wp\/v2\/posts\/78097\/revisions\/78104"}],"wp:featuredmedia":[{"embeddable":true,"href":"https:\/\/www.adf.org.br\/home\/wp-json\/wp\/v2\/media\/78099"}],"wp:attachment":[{"href":"https:\/\/www.adf.org.br\/home\/wp-json\/wp\/v2\/media?parent=78097"}],"wp:term":[{"taxonomy":"category","embeddable":true,"href":"https:\/\/www.adf.org.br\/home\/wp-json\/wp\/v2\/categories?post=78097"},{"taxonomy":"post_tag","embeddable":true,"href":"https:\/\/www.adf.org.br\/home\/wp-json\/wp\/v2\/tags?post=78097"}],"curies":[{"name":"wp","href":"https:\/\/api.w.org\/{rel}","templated":true}]}}