{"id":78089,"date":"2024-12-06T10:40:00","date_gmt":"2024-12-06T13:40:00","guid":{"rendered":"https:\/\/www.adf.org.br\/home\/?p=78089"},"modified":"2024-12-06T10:40:35","modified_gmt":"2024-12-06T13:40:35","slug":"filme-virgem-maria-da-netflix-catolicos","status":"publish","type":"post","link":"https:\/\/www.adf.org.br\/home\/filme-virgem-maria-da-netflix-catolicos\/","title":{"rendered":"O Filme &#8220;Virgem Maria&#8221; da Netflix \u00c9 Adequado para Cat\u00f3licos?"},"content":{"rendered":"<figure id=\"attachment_78090\" aria-describedby=\"caption-attachment-78090\" style=\"width: 694px\" class=\"wp-caption aligncenter\"><img loading=\"lazy\" class=\"wp-image-78090\" src=\"https:\/\/www.adf.org.br\/home\/wp-content\/uploads\/2024\/12\/Filme-Virgem-Maria-1.jpg\" alt=\"Cena do Filme &quot;Mary&quot; (Virgem Maria, em ingl\u00eas)\" width=\"694\" height=\"433\" srcset=\"https:\/\/www.adf.org.br\/home\/wp-content\/uploads\/2024\/12\/Filme-Virgem-Maria-1.jpg 912w, https:\/\/www.adf.org.br\/home\/wp-content\/uploads\/2024\/12\/Filme-Virgem-Maria-1-300x187.jpg 300w, https:\/\/www.adf.org.br\/home\/wp-content\/uploads\/2024\/12\/Filme-Virgem-Maria-1-768x479.jpg 768w\" sizes=\"(max-width: 694px) 100vw, 694px\" \/><figcaption id=\"caption-attachment-78090\" class=\"wp-caption-text\"><span style=\"color: #000000;\">\u00a0 \u00a0 \u00a0 \u00a0 \u00a0 \u00a0 \u00a0 \u00a0 \u00a0 \u00a0 \u00a0 \u00a0 \u00a0 \u00a0 \u00a0 \u00a0 \u00a0 \u00a0 \u00a0 \u00a0 \u00a0 \u00a0 \u00a0 \u00a0 \u00a0 \u00a0 \u00a0 \u00a0 \u00a0 \u00a0 \u00a0Cena do Filme &#8220;Mary&#8221; (Virgem Maria, em ingl\u00eas)<\/span><\/figcaption><\/figure>\n<p><span style=\"color: #000000;\">Caros devotos, a estreia do filme <em>Mary<\/em> (\u201cVirgem Maria\u201d), da Netflix, \u00e0s v\u00e9speras da <strong>Festa da Imaculada Concei\u00e7\u00e3o<\/strong>, revela um grave ataque \u00e0s verdades da f\u00e9 cat\u00f3lica. <\/span><\/p>\n<p><span style=\"color: #000000;\">Essa produ\u00e7\u00e3o questiona dogmas fundamentais sobre Nossa Senhora, como sua <strong>Virgindade Perp\u00e9tua<\/strong> e o <strong>Nascimento Milagroso de Jesus<\/strong>, e apresenta Maria de forma deturpada, negando sua pureza e santidade.<\/span><\/p>\n<p><span style=\"color: #000000;\">Nossa Senhora disse em F\u00e1tima: <\/span><\/p>\n<p style=\"padding-left: 40px;\"><span style=\"color: #000000;\"><em>\u201cTem pena do Cora\u00e7\u00e3o da tua Sant\u00edssima M\u00e3e que est\u00e1 coberto de espinhos, que os homens ingratos a todos os momentos Lhe cravam sem haver quem fa\u00e7a um acto de repara\u00e7\u00e3o para os tirar.\u201d<\/em> <\/span><\/p>\n<p><span style=\"color: #000000;\">Diante disso, n\u00e3o podemos permanecer indiferentes.<\/span><\/p>\n<hr \/>\n<h3 style=\"text-align: center;\"><span style=\"color: #000000;\"><strong>A Festa da Imaculada Concei\u00e7\u00e3o e a Urg\u00eancia da Repara\u00e7\u00e3o<\/strong><\/span><\/h3>\n<p><span style=\"color: #000000;\">No pr\u00f3ximo domingo, celebramos a Festa da Imaculada Concei\u00e7\u00e3o, um dos mais sublimes dogmas da Igreja, que proclama Maria como concebida sem pecado original. <\/span><\/p>\n<p><span style=\"color: #000000;\">Contudo, o lan\u00e7amento deste filme, t\u00e3o pr\u00f3ximo desta solenidade, \u00e9 um ultraje que deve nos levar \u00e0 ora\u00e7\u00e3o e \u00e0 repara\u00e7\u00e3o.<\/span><\/p>\n<p><span style=\"color: #000000;\">Este s\u00e1bado, o Primeiro S\u00e1bado do m\u00eas, \u00e9 especialmente dedicado ao desagravo ao Imaculado Cora\u00e7\u00e3o de Maria.<\/span><\/p>\n<p><span style=\"color: #000000;\"> Este \u00e9 o momento perfeito para <strong>respondermos aos apelos de Nossa Senhora em F\u00e1tima<\/strong> com um ato de amor.<\/span><\/p>\n<hr \/>\n<h3><span style=\"color: #000000;\"><strong>Apoie a Iniciativa de Repara\u00e7\u00e3o com a Associa\u00e7\u00e3o Regina Fidei<\/strong><\/span><\/h3>\n<p><span style=\"color: #000000;\">A Associa\u00e7\u00e3o Devotos de F\u00e1tima apoia a iniciativa da Associa\u00e7\u00e3o Regina Fidei, que est\u00e1 promovendo um <strong>ato de repara\u00e7\u00e3o<\/strong> pelos ultrajes cometidos contra Nossa Senhora, especialmente atrav\u00e9s do filme <em>Virgem Maria<\/em>.<\/span><\/p>\n<p><span style=\"color: #000000;\">Convidamos voc\u00ea a <strong><a href=\"http:\/\/reginafidei.com.br\/capelinhapadrepio\/vela\/?v=\/veladereparacao&amp;origem=31461\">ACENDER AQUI\u00a0 UMA VELA DE REPARA\u00c7\u00c2O<\/a> ao Imaculado Cora\u00e7\u00e3o de Maria<\/strong>, um gesto simples, mas carregado de significado, que demonstra seu amor pela Virgem Sant\u00edssima e seu desejo de reparar as ofensas contra Ela.<\/span><\/p>\n<p><span style=\"color: #000000;\"><a href=\"http:\/\/reginafidei.com.br\/capelinhapadrepio\/vela\/?v=\/veladereparacao&amp;origem=31461\">CLIQUE AQUI<\/a> para acender sua vela de repara\u00e7\u00e3o e consolar o Cora\u00e7\u00e3o da nossa M\u00e3e Sant\u00edssima, ajudando a retirar os espinhos cravados por tantas blasf\u00eamias e ingratid\u00f5es.<\/span><\/p>\n","protected":false},"excerpt":{"rendered":"<p>Caros devotos, a estreia do filme Mary (\u201cVirgem Maria\u201d), da Netflix, \u00e0s v\u00e9speras da Festa da Imaculada Concei\u00e7\u00e3o, revela um grave ataque \u00e0s verdades da f\u00e9 cat\u00f3lica. Essa produ\u00e7\u00e3o questiona dogmas fundamentais sobre Nossa Senhora, como sua Virgindade Perp\u00e9tua e o Nascimento Milagroso de Jesus, e apresenta Maria de forma deturpada, negando sua pureza e [&hellip;]<\/p>\n","protected":false},"author":46,"featured_media":78090,"comment_status":"open","ping_status":"open","sticky":false,"template":"","format":"standard","meta":[],"categories":[5048,5682,2510,2332],"tags":[5685,5686,38,981,470],"yoast_head":"<!-- This site is optimized with the Yoast SEO plugin v17.4 - https:\/\/yoast.com\/wordpress\/plugins\/seo\/ -->\n<title>Filme &#039;Virgem Maria&#039; da Netflix: Um Ataque \u00e0 F\u00e9 Cat\u00f3lica?<\/title>\n<meta name=\"description\" content=\"Descubra por que o filme &#039;Virgem Maria&#039;, da Netflix, desrespeita a f\u00e9 cat\u00f3lica \u00e0s v\u00e9speras da Festa da Imaculada Concei\u00e7\u00e3o.\" \/>\n<meta name=\"robots\" content=\"index, follow, max-snippet:-1, max-image-preview:large, max-video-preview:-1\" \/>\n<link rel=\"canonical\" href=\"https:\/\/www.adf.org.br\/home\/filme-virgem-maria-da-netflix-catolicos\/\" \/>\n<meta property=\"og:locale\" content=\"pt_BR\" \/>\n<meta property=\"og:type\" content=\"article\" \/>\n<meta property=\"og:title\" content=\"Filme &#039;Virgem Maria&#039; da Netflix: Um Ataque \u00e0 F\u00e9 Cat\u00f3lica?\" \/>\n<meta property=\"og:description\" content=\"Descubra por que o filme &#039;Virgem Maria&#039;, da Netflix, desrespeita a f\u00e9 cat\u00f3lica \u00e0s v\u00e9speras da Festa da Imaculada Concei\u00e7\u00e3o.\" \/>\n<meta property=\"og:url\" content=\"https:\/\/www.adf.org.br\/home\/filme-virgem-maria-da-netflix-catolicos\/\" \/>\n<meta property=\"og:site_name\" content=\"Associa\u00e7\u00e3o Devotos de F\u00e1tima\" \/>\n<meta property=\"article:published_time\" content=\"2024-12-06T13:40:00+00:00\" \/>\n<meta property=\"article:modified_time\" content=\"2024-12-06T13:40:35+00:00\" \/>\n<meta property=\"og:image\" content=\"https:\/\/www.adf.org.br\/home\/wp-content\/uploads\/2024\/12\/Filme-Virgem-Maria-1.jpg\" \/>\n\t<meta property=\"og:image:width\" content=\"912\" \/>\n\t<meta property=\"og:image:height\" content=\"569\" \/>\n<meta name=\"twitter:card\" content=\"summary_large_image\" \/>\n<meta name=\"twitter:label1\" content=\"Escrito por\" \/>\n\t<meta name=\"twitter:data1\" content=\"Vitor Tavares\" \/>\n\t<meta name=\"twitter:label2\" content=\"Est. tempo de leitura\" \/>\n\t<meta name=\"twitter:data2\" content=\"2 minutos\" \/>\n<script type=\"application\/ld+json\" class=\"yoast-schema-graph\">{\"@context\":\"https:\/\/schema.org\",\"@graph\":[{\"@type\":\"WebSite\",\"@id\":\"https:\/\/www.adf.org.br\/home\/#website\",\"url\":\"https:\/\/www.adf.org.br\/home\/\",\"name\":\"Associa\\u00e7\\u00e3o Devotos de F\\u00e1tima\",\"description\":\"Associa\\u00e7\\u00e3o Devotos de F\\u00e1tima\",\"potentialAction\":[{\"@type\":\"SearchAction\",\"target\":{\"@type\":\"EntryPoint\",\"urlTemplate\":\"https:\/\/www.adf.org.br\/home\/?s={search_term_string}\"},\"query-input\":\"required name=search_term_string\"}],\"inLanguage\":\"pt-BR\"},{\"@type\":\"ImageObject\",\"@id\":\"https:\/\/www.adf.org.br\/home\/filme-virgem-maria-da-netflix-catolicos\/#primaryimage\",\"inLanguage\":\"pt-BR\",\"url\":\"https:\/\/www.adf.org.br\/home\/wp-content\/uploads\/2024\/12\/Filme-Virgem-Maria-1.jpg\",\"contentUrl\":\"https:\/\/www.adf.org.br\/home\/wp-content\/uploads\/2024\/12\/Filme-Virgem-Maria-1.jpg\",\"width\":912,\"height\":569},{\"@type\":\"WebPage\",\"@id\":\"https:\/\/www.adf.org.br\/home\/filme-virgem-maria-da-netflix-catolicos\/#webpage\",\"url\":\"https:\/\/www.adf.org.br\/home\/filme-virgem-maria-da-netflix-catolicos\/\",\"name\":\"Filme 'Virgem Maria' da Netflix: Um Ataque \\u00e0 F\\u00e9 Cat\\u00f3lica?\",\"isPartOf\":{\"@id\":\"https:\/\/www.adf.org.br\/home\/#website\"},\"primaryImageOfPage\":{\"@id\":\"https:\/\/www.adf.org.br\/home\/filme-virgem-maria-da-netflix-catolicos\/#primaryimage\"},\"datePublished\":\"2024-12-06T13:40:00+00:00\",\"dateModified\":\"2024-12-06T13:40:35+00:00\",\"author\":{\"@id\":\"https:\/\/www.adf.org.br\/home\/#\/schema\/person\/8ad5a345bedff93b910edc0820bea2f4\"},\"description\":\"Descubra por que o filme 'Virgem Maria', da Netflix, desrespeita a f\\u00e9 cat\\u00f3lica \\u00e0s v\\u00e9speras da Festa da Imaculada Concei\\u00e7\\u00e3o.\",\"breadcrumb\":{\"@id\":\"https:\/\/www.adf.org.br\/home\/filme-virgem-maria-da-netflix-catolicos\/#breadcrumb\"},\"inLanguage\":\"pt-BR\",\"potentialAction\":[{\"@type\":\"ReadAction\",\"target\":[\"https:\/\/www.adf.org.br\/home\/filme-virgem-maria-da-netflix-catolicos\/\"]}]},{\"@type\":\"BreadcrumbList\",\"@id\":\"https:\/\/www.adf.org.br\/home\/filme-virgem-maria-da-netflix-catolicos\/#breadcrumb\",\"itemListElement\":[{\"@type\":\"ListItem\",\"position\":1,\"name\":\"Home\",\"item\":\"https:\/\/www.adf.org.br\/home\/\"},{\"@type\":\"ListItem\",\"position\":2,\"name\":\"O Filme &#8220;Virgem Maria&#8221; da Netflix \\u00c9 Adequado para Cat\\u00f3licos?\"}]},{\"@type\":\"Person\",\"@id\":\"https:\/\/www.adf.org.br\/home\/#\/schema\/person\/8ad5a345bedff93b910edc0820bea2f4\",\"name\":\"Vitor Tavares\",\"image\":{\"@type\":\"ImageObject\",\"@id\":\"https:\/\/www.adf.org.br\/home\/#personlogo\",\"inLanguage\":\"pt-BR\",\"url\":\"https:\/\/secure.gravatar.com\/avatar\/8ffd82c29b33e69f5834ef44564dca7c?s=96&d=mm&r=g\",\"contentUrl\":\"https:\/\/secure.gravatar.com\/avatar\/8ffd82c29b33e69f5834ef44564dca7c?s=96&d=mm&r=g\",\"caption\":\"Vitor Tavares\"},\"url\":\"https:\/\/www.adf.org.br\/home\/author\/vitor-chaves\/\"}]}<\/script>\n<!-- \/ Yoast SEO plugin. -->","yoast_head_json":{"title":"Filme 'Virgem Maria' da Netflix: Um Ataque \u00e0 F\u00e9 Cat\u00f3lica?","description":"Descubra por que o filme 'Virgem Maria', da Netflix, desrespeita a f\u00e9 cat\u00f3lica \u00e0s v\u00e9speras da Festa da Imaculada Concei\u00e7\u00e3o.","robots":{"index":"index","follow":"follow","max-snippet":"max-snippet:-1","max-image-preview":"max-image-preview:large","max-video-preview":"max-video-preview:-1"},"canonical":"https:\/\/www.adf.org.br\/home\/filme-virgem-maria-da-netflix-catolicos\/","og_locale":"pt_BR","og_type":"article","og_title":"Filme 'Virgem Maria' da Netflix: Um Ataque \u00e0 F\u00e9 Cat\u00f3lica?","og_description":"Descubra por que o filme 'Virgem Maria', da Netflix, desrespeita a f\u00e9 cat\u00f3lica \u00e0s v\u00e9speras da Festa da Imaculada Concei\u00e7\u00e3o.","og_url":"https:\/\/www.adf.org.br\/home\/filme-virgem-maria-da-netflix-catolicos\/","og_site_name":"Associa\u00e7\u00e3o Devotos de F\u00e1tima","article_published_time":"2024-12-06T13:40:00+00:00","article_modified_time":"2024-12-06T13:40:35+00:00","og_image":[{"width":912,"height":569,"url":"https:\/\/www.adf.org.br\/home\/wp-content\/uploads\/2024\/12\/Filme-Virgem-Maria-1.jpg","type":"image\/jpeg"}],"twitter_card":"summary_large_image","twitter_misc":{"Escrito por":"Vitor Tavares","Est. tempo de leitura":"2 minutos"},"schema":{"@context":"https:\/\/schema.org","@graph":[{"@type":"WebSite","@id":"https:\/\/www.adf.org.br\/home\/#website","url":"https:\/\/www.adf.org.br\/home\/","name":"Associa\u00e7\u00e3o Devotos de F\u00e1tima","description":"Associa\u00e7\u00e3o Devotos de F\u00e1tima","potentialAction":[{"@type":"SearchAction","target":{"@type":"EntryPoint","urlTemplate":"https:\/\/www.adf.org.br\/home\/?s={search_term_string}"},"query-input":"required name=search_term_string"}],"inLanguage":"pt-BR"},{"@type":"ImageObject","@id":"https:\/\/www.adf.org.br\/home\/filme-virgem-maria-da-netflix-catolicos\/#primaryimage","inLanguage":"pt-BR","url":"https:\/\/www.adf.org.br\/home\/wp-content\/uploads\/2024\/12\/Filme-Virgem-Maria-1.jpg","contentUrl":"https:\/\/www.adf.org.br\/home\/wp-content\/uploads\/2024\/12\/Filme-Virgem-Maria-1.jpg","width":912,"height":569},{"@type":"WebPage","@id":"https:\/\/www.adf.org.br\/home\/filme-virgem-maria-da-netflix-catolicos\/#webpage","url":"https:\/\/www.adf.org.br\/home\/filme-virgem-maria-da-netflix-catolicos\/","name":"Filme 'Virgem Maria' da Netflix: Um Ataque \u00e0 F\u00e9 Cat\u00f3lica?","isPartOf":{"@id":"https:\/\/www.adf.org.br\/home\/#website"},"primaryImageOfPage":{"@id":"https:\/\/www.adf.org.br\/home\/filme-virgem-maria-da-netflix-catolicos\/#primaryimage"},"datePublished":"2024-12-06T13:40:00+00:00","dateModified":"2024-12-06T13:40:35+00:00","author":{"@id":"https:\/\/www.adf.org.br\/home\/#\/schema\/person\/8ad5a345bedff93b910edc0820bea2f4"},"description":"Descubra por que o filme 'Virgem Maria', da Netflix, desrespeita a f\u00e9 cat\u00f3lica \u00e0s v\u00e9speras da Festa da Imaculada Concei\u00e7\u00e3o.","breadcrumb":{"@id":"https:\/\/www.adf.org.br\/home\/filme-virgem-maria-da-netflix-catolicos\/#breadcrumb"},"inLanguage":"pt-BR","potentialAction":[{"@type":"ReadAction","target":["https:\/\/www.adf.org.br\/home\/filme-virgem-maria-da-netflix-catolicos\/"]}]},{"@type":"BreadcrumbList","@id":"https:\/\/www.adf.org.br\/home\/filme-virgem-maria-da-netflix-catolicos\/#breadcrumb","itemListElement":[{"@type":"ListItem","position":1,"name":"Home","item":"https:\/\/www.adf.org.br\/home\/"},{"@type":"ListItem","position":2,"name":"O Filme &#8220;Virgem Maria&#8221; da Netflix \u00c9 Adequado para Cat\u00f3licos?"}]},{"@type":"Person","@id":"https:\/\/www.adf.org.br\/home\/#\/schema\/person\/8ad5a345bedff93b910edc0820bea2f4","name":"Vitor Tavares","image":{"@type":"ImageObject","@id":"https:\/\/www.adf.org.br\/home\/#personlogo","inLanguage":"pt-BR","url":"https:\/\/secure.gravatar.com\/avatar\/8ffd82c29b33e69f5834ef44564dca7c?s=96&d=mm&r=g","contentUrl":"https:\/\/secure.gravatar.com\/avatar\/8ffd82c29b33e69f5834ef44564dca7c?s=96&d=mm&r=g","caption":"Vitor Tavares"},"url":"https:\/\/www.adf.org.br\/home\/author\/vitor-chaves\/"}]}},"_links":{"self":[{"href":"https:\/\/www.adf.org.br\/home\/wp-json\/wp\/v2\/posts\/78089"}],"collection":[{"href":"https:\/\/www.adf.org.br\/home\/wp-json\/wp\/v2\/posts"}],"about":[{"href":"https:\/\/www.adf.org.br\/home\/wp-json\/wp\/v2\/types\/post"}],"author":[{"embeddable":true,"href":"https:\/\/www.adf.org.br\/home\/wp-json\/wp\/v2\/users\/46"}],"replies":[{"embeddable":true,"href":"https:\/\/www.adf.org.br\/home\/wp-json\/wp\/v2\/comments?post=78089"}],"version-history":[{"count":3,"href":"https:\/\/www.adf.org.br\/home\/wp-json\/wp\/v2\/posts\/78089\/revisions"}],"predecessor-version":[{"id":78094,"href":"https:\/\/www.adf.org.br\/home\/wp-json\/wp\/v2\/posts\/78089\/revisions\/78094"}],"wp:featuredmedia":[{"embeddable":true,"href":"https:\/\/www.adf.org.br\/home\/wp-json\/wp\/v2\/media\/78090"}],"wp:attachment":[{"href":"https:\/\/www.adf.org.br\/home\/wp-json\/wp\/v2\/media?parent=78089"}],"wp:term":[{"taxonomy":"category","embeddable":true,"href":"https:\/\/www.adf.org.br\/home\/wp-json\/wp\/v2\/categories?post=78089"},{"taxonomy":"post_tag","embeddable":true,"href":"https:\/\/www.adf.org.br\/home\/wp-json\/wp\/v2\/tags?post=78089"}],"curies":[{"name":"wp","href":"https:\/\/api.w.org\/{rel}","templated":true}]}}