{"id":77973,"date":"2024-11-25T12:00:42","date_gmt":"2024-11-25T15:00:42","guid":{"rendered":"https:\/\/www.adf.org.br\/home\/?p=77973"},"modified":"2024-11-25T09:21:12","modified_gmt":"2024-11-25T12:21:12","slug":"primeira-aparicao-de-nossa-senhora-a-santa-catarina-historia-da-medalha-milagrosa-5-parte","status":"publish","type":"post","link":"https:\/\/www.adf.org.br\/home\/primeira-aparicao-de-nossa-senhora-a-santa-catarina-historia-da-medalha-milagrosa-5-parte\/","title":{"rendered":"Primeira Apari\u00e7\u00e3o de Nossa Senhora a Santa Catarina | A Hist\u00f3ria da Medalha Milagrosa \u2013 5\u00aa Parte"},"content":{"rendered":"<p style=\"text-align: center;\"><a href=\"https:\/\/adf.org.br\/exercitodamedalha?origem=15721#presentes\" target=\"_blank\" rel=\"noopener noreferrer\"><img loading=\"lazy\" class=\"alignnone wp-image-54187 \" src=\"https:\/\/www.adf.org.br\/home\/wp-content\/uploads\/2019\/08\/Santa-Catarina-Labour\u00e9-Imagem-Destacada-2.jpg\" alt=\"Santa Catarina Labour\u00e9 - Imagem Destacada 2\" width=\"557\" height=\"353\" \/><\/a><\/p>\n<p><span style=\"font-family: verdana, geneva, sans-serif; color: #ffffff; font-size: 12pt;\">.<\/span><\/p>\n<p><span style=\"font-family: verdana, geneva, sans-serif; color: #003366; font-size: 14pt;\"><b>Santa Catarina v\u00ea Nossa Senhora pela primeira vez<\/b><\/span><span style=\"font-family: verdana, geneva, sans-serif; color: #ffffff; font-size: 12pt;\">.<\/span><\/p>\n<p><span style=\"font-family: verdana, geneva, sans-serif; color: #000000; font-size: 12pt;\"><span style=\"font-size: 18pt;\">N<\/span>a noite de 18 para 19 de julho de 1830, festa de S\u00e3o Vicente de Paulo, <strong>pela primeira vez Santa Catarina v\u00ea Nossa Senhora<\/strong>.<\/span><span style=\"font-family: verdana, geneva, sans-serif; color: #ffffff; font-size: 12pt;\">.<\/span><\/p>\n<p><span style=\"font-family: verdana, geneva, sans-serif; color: #000000; font-size: 12pt;\">\u00c9 seu Anjo da Guarda, na forma de um menino, que a conduz at\u00e9 a Virgem. Ainda uma vez, passemos a ler trechos de seu relato, o qual impressiona pela simplicidade e un\u00e7\u00e3o:<\/span><span style=\"font-family: verdana, geneva, sans-serif; color: #ffffff; font-size: 12pt;\">.<\/span><\/p>\n<blockquote><p><em><span style=\"font-family: verdana, geneva, sans-serif; color: #000000; font-size: 12pt;\">\u201cAdormeci com o pensamento em S\u00e3o Vicente me <span style=\"color: #003366;\"><strong>obteria a gra\u00e7a de ver as Sant\u00edssima Virgem<\/strong><\/span>.<\/span><\/em><em><span style=\"font-family: verdana, geneva, sans-serif; color: #ffffff; font-size: 12pt;\">.<\/span><\/em><\/p>\n<p><em><span style=\"font-family: verdana, geneva, sans-serif; color: #000000; font-size: 12pt;\">\u201dAfinal, \u00e0s onze e meia da noite, ouvi me chamarem pelo nome: <span style=\"color: #003366;\">Irm\u00e3 Labour\u00e9! Irm\u00e3 Labour\u00e9! <\/span>Acordando, olhei para o lado de onde vinha a voz, e vejo um menino vestido de branco, de mais ou menos quatro a cinco anos, e ele me diz: <span style=\"color: #003366;\">Levantai-vos logo e vinde \u00e0 Capela: a Sant\u00edssima Virgem vos espera!<\/span><\/span><\/em><em><span style=\"font-family: verdana, geneva, sans-serif; color: #ffffff; font-size: 12pt;\">.<\/span><\/em><\/p>\n<p style=\"padding-left: 90px;\"><em><span style=\"font-family: verdana, geneva, sans-serif; color: #000000; font-size: 12pt;\"><span style=\"color: #003366;\">\u201cVesti-me depressa e me dirigi para o lado do menino, que tinha ficado em p\u00e9, sem avan\u00e7ar al\u00e9m da cabeceira de minha cama.<\/span> <strong><span style=\"color: #003366;\">Eu o segui, com ele sempre \u00e0 minha esquerda, levando claridade pelos lugares onde passava<\/span><\/strong>.<\/span><\/em><em><span style=\"font-family: verdana, geneva, sans-serif; color: #ffffff; font-size: 12pt;\">.<\/span><\/em><\/p>\n<p><em><span style=\"font-family: verdana, geneva, sans-serif; color: #000000; font-size: 12pt;\">\u201cPor todos os lugares onde pass\u00e1vamos, as luzes estavam acesas, o que me espantava muito. Por\u00e9m, muito mais surpresa fiquei quando entrei na Capela: a porta se abriu mal o menino a tocara com a ponta do dedo. Mas minha surpresa foi ainda maior quando vi todas as velas e casti\u00e7ais acesos, o que me fazia lembrar a missa de meia-noite.<\/span><\/em><em><span style=\"font-family: verdana, geneva, sans-serif; color: #ffffff; font-size: 12pt;\">.<\/span><\/em><\/p>\n<p style=\"padding-left: 90px;\"><em><span style=\"font-family: verdana, geneva, sans-serif; color: #000000; font-size: 12pt;\"><span style=\"color: #003366;\">\u201c<strong>Entretanto, n\u00e3o via a Sant\u00edssima Virgem.<\/strong> O menino me conduziu ao presbit\u00e9rio, ao lado da cadeira de bra\u00e7os do Sr. Diretor. Aqui me pus de joelhos, e o menino permaneceu de p\u00e9 todo o tempo.<\/span><\/span><\/em><em><span style=\"font-family: verdana, geneva, sans-serif; color: #ffffff; font-size: 12pt;\">.<\/span><\/em><\/p>\n<p><em><span style=\"font-family: verdana, geneva, sans-serif; color: #000000; font-size: 12pt;\"><span style=\"color: #003366;\">\u201c<strong>Ouvi ent\u00e3o um ru\u00eddo<\/strong><\/span>, como um frufru de vestido de seda, que vinha do lado da tribuna, junto ao quadro de S\u00e3o Jos\u00e9, e que pousava sobre os degraus do altar, do lado do Evangelho, sobre uma cadeira semelhante \u00e0 de Sant\u2019Ana.<\/span><\/em><em><span style=\"font-family: verdana, geneva, sans-serif; color: #ffffff; font-size: 12pt;\">.<\/span><\/em><\/p>\n<p style=\"padding-left: 90px;\"><em><span style=\"font-family: verdana, geneva, sans-serif; color: #003366; font-size: 12pt;\">\u201cEnt\u00e3o, olhando para a Sant\u00edssima Virgem, dei um salto para junto dEla, pus-me de joelhos sobre dos degraus do altar, com as m\u00e3os apoiadas sobre os joelhos da Sant\u00edssima Virgem.<\/span><\/em><em><span style=\"font-family: verdana, geneva, sans-serif; color: #ffffff; font-size: 12pt;\">.<\/span><\/em><\/p>\n<p><em><span style=\"font-family: verdana, geneva, sans-serif; color: #000000; font-size: 12pt;\"><span style=\"color: #003366;\"><strong>\u201cAli se passou o mais doce momento de minha vida.<\/strong> <\/span>N\u00e3o me seria poss\u00edvel dizer tudo o que senti. Ela me disse como eu devia me conduzir em rela\u00e7\u00e3o ao meu diretor espiritual, e v\u00e1rias coisas que n\u00e3o devo dizer; a maneira de me conduzir em meus sofrimentos: vir lan\u00e7ar-me ao p\u00e9 do altar (e me mostrava com a m\u00e3o esquerda o p\u00e9 do altar) e ali abrir o meu cora\u00e7\u00e3o.<\/span><\/em><em><span style=\"font-family: verdana, geneva, sans-serif; color: #ffffff; font-size: 12pt;\">.<\/span><\/em><\/p>\n<p><em><span style=\"font-family: verdana, geneva, sans-serif; color: #000000; font-size: 12pt;\">Ali receberia todas as consola\u00e7\u00f5es de que tivesse necessidade. <span style=\"color: #003366;\"><strong>Ent\u00e3o eu lhe perguntei o que significavam todas as coisas que eu tinha visto, e Ela me explicou tudo\u201d<\/strong>.<\/span><\/span><\/em><span style=\"color: #ffffff; font-family: verdana, geneva, sans-serif; font-size: 12pt;\">.<\/span><\/p><\/blockquote>\n<p><span style=\"font-family: verdana, geneva, sans-serif; color: #000000; font-size: 12pt;\">O col\u00f3quio com Nossa Senhora prolongou-se por aproximadamente uma hora e meia.<\/span><span style=\"font-family: verdana, geneva, sans-serif; color: #ffffff; font-size: 12pt;\">.<\/span><\/p>\n<p style=\"text-align: right;\"><span style=\"font-family: verdana, geneva, sans-serif; color: #000000; font-size: 10pt;\"><b>Fonte: <\/b><i>Hist\u00f3ria da Medalha Milagrosa &#8211; Um aux\u00edlio que veio do C\u00e9u<\/i> de Armando Alexandre dos Santos<\/span><span style=\"font-family: verdana, geneva, sans-serif; color: #ffffff; font-size: 12pt;\">.<\/span><\/p>\n<hr \/>\n<blockquote>\n<h6><\/h6>\n<\/blockquote>\n<h6 style=\"text-align: center;\"><span style=\"font-family: verdana, geneva, sans-serif; color: #000000; font-size: 14pt;\"><b>CONVOCA\u00c7\u00c3O IMPORTANTE<\/b><\/span><\/h6>\n<p>&nbsp;<\/p>\n<p style=\"text-align: center;\"><span style=\"font-family: verdana, geneva, sans-serif; color: #000000; font-size: 14pt;\">Voc\u00ea acaba de ser convocado para uma <strong><span style=\"color: #800080;\">MISS\u00c3O MUITO ESPECIAL<\/span><\/strong> em Nome de Nossa Senhora!<\/span><span style=\"font-family: verdana, geneva, sans-serif; font-size: 12pt; color: #ffffff;\">.<\/span><\/p>\n<p style=\"text-align: center;\"><strong><span style=\"font-family: verdana, geneva, sans-serif; color: #000000; font-size: 14pt;\">Para descobrir qual \u00e9\u2026<\/span><\/strong><span style=\"font-family: verdana, geneva, sans-serif; font-size: 12pt; color: #ffffff;\">.<\/span><\/p>\n<p style=\"text-align: center;\"><span style=\"font-family: verdana, geneva, sans-serif; color: #000000; font-size: 14pt;\"><a href=\"https:\/\/adf.org.br\/exercitodamedalha?origem=31365\" target=\"_blank\" rel=\"noopener noreferrer\"><span style=\"color: #0000ff;\"><b>CLIQUE AQUI<\/b> <\/span><\/a>ou na <b>IMAGEM ABAIXO<\/b>:<\/span><span style=\"font-family: verdana, geneva, sans-serif; font-size: 12pt; color: #ffffff;\">.<\/span><\/p>\n<p style=\"text-align: center;\"><a href=\"https:\/\/adf.org.br\/exercitodamedalha?origem=31365\" target=\"_blank\" rel=\"noopener noreferrer\"><img loading=\"lazy\" class=\"alignnone wp-image-54193 \" src=\"https:\/\/www.adf.org.br\/home\/wp-content\/uploads\/2019\/08\/Convoca\u00e7\u00e3o-Importante-Nossa-Senhora-das-Gra\u00e7as.jpg\" alt=\"Convoca\u00e7\u00e3o Importante - Nossa Senhora das Gra\u00e7as\" width=\"407\" height=\"254\" \/><\/a><\/p>\n<p style=\"text-align: center;\"><span style=\"font-family: verdana, geneva, sans-serif; color: #000000; font-size: 12pt;\"><b><span style=\"color: #ff0000;\">ATEN\u00c7\u00c3O:<\/span> <\/b>Nesta convoca\u00e7\u00e3o, <strong>a Medalha Milagrosa da Sant\u00edssima Virgem<\/strong>, que inclusive j\u00e1 est\u00e1 benta, pode ser sua!<\/span><span style=\"font-family: verdana, geneva, sans-serif; font-size: 12pt; color: #ffffff;\">.<\/span><\/p>\n<p style=\"text-align: center;\"><a href=\"https:\/\/adf.org.br\/exercitodamedalha?origem=31365\" target=\"_blank\" rel=\"noopener noreferrer\"><img loading=\"lazy\" class=\"alignnone wp-image-54200 size-thumbnail\" src=\"https:\/\/www.adf.org.br\/home\/wp-content\/uploads\/2019\/08\/Medalha-Milagrosa-2-150x150.png\" alt=\"\" width=\"150\" height=\"150\" \/><\/a><\/p>\n<p style=\"text-align: center;\"><span style=\"font-family: verdana, geneva, sans-serif; color: #000000; font-size: 14pt;\">N\u00e3o ignore esse chamado!<\/span><span style=\"font-family: verdana, geneva, sans-serif; font-size: 12pt; color: #ffffff;\">.<\/span><\/p>\n<p style=\"text-align: center;\"><strong><span style=\"font-family: verdana, geneva, sans-serif; color: #000000; font-size: 14pt;\">Nossa Senhora aguarda por <span style=\"color: #800080;\">VOC\u00ca<\/span><\/span><\/strong><\/p>\n<p style=\"text-align: center;\"><span style=\"color: #ffffff;\">.<\/span><\/p>\n<p style=\"text-align: center;\"><a href=\"https:\/\/adf.org.br\/exercitodamedalha\/inscrever?origem=31365\" target=\"_blank\" rel=\"noopener noreferrer\"><strong><span style=\"font-family: verdana, geneva, sans-serif; font-size: 14pt; color: #0000ff;\">Eu quero a Medalha Milagrosa de Nossa Senhora das Gra\u00e7as<\/span><\/strong><\/a><\/p>\n","protected":false},"excerpt":{"rendered":"<p>. Santa Catarina v\u00ea Nossa Senhora pela primeira vez. Na noite de 18 para 19 de julho de 1830, festa de S\u00e3o Vicente de Paulo, pela primeira vez Santa Catarina v\u00ea Nossa Senhora.. \u00c9 seu Anjo da Guarda, na forma de um menino, que a conduz at\u00e9 a Virgem. Ainda uma vez, passemos a ler [&hellip;]<\/p>\n","protected":false},"author":46,"featured_media":77976,"comment_status":"open","ping_status":"open","sticky":false,"template":"","format":"standard","meta":[],"categories":[2311,50,2585],"tags":[2288,139,34,38,306],"yoast_head":"<!-- This site is optimized with the Yoast SEO plugin v17.4 - https:\/\/yoast.com\/wordpress\/plugins\/seo\/ -->\n<title>A Hist\u00f3ria da Medalha Milagrosa \u2013 5\u00aa Parte<\/title>\n<meta name=\"description\" content=\"&quot;Levantai-vos logo e vinde \u00e0 Capela: a Sant\u00edssima Virgem vos espera!...&quot; Saiba como receber uma medalha milagrosa de Nossa Senhora das Gra\u00e7as\" \/>\n<meta name=\"robots\" content=\"index, follow, max-snippet:-1, max-image-preview:large, max-video-preview:-1\" \/>\n<link rel=\"canonical\" href=\"https:\/\/www.adf.org.br\/home\/primeira-aparicao-de-nossa-senhora-a-santa-catarina-historia-da-medalha-milagrosa-5-parte\/\" \/>\n<meta property=\"og:locale\" content=\"pt_BR\" \/>\n<meta property=\"og:type\" content=\"article\" \/>\n<meta property=\"og:title\" content=\"A Hist\u00f3ria da Medalha Milagrosa \u2013 5\u00aa Parte\" \/>\n<meta property=\"og:description\" content=\"&quot;Levantai-vos logo e vinde \u00e0 Capela: a Sant\u00edssima Virgem vos espera!...&quot; Saiba como receber uma medalha milagrosa de Nossa Senhora das Gra\u00e7as\" \/>\n<meta property=\"og:url\" content=\"https:\/\/www.adf.org.br\/home\/primeira-aparicao-de-nossa-senhora-a-santa-catarina-historia-da-medalha-milagrosa-5-parte\/\" \/>\n<meta property=\"og:site_name\" content=\"Associa\u00e7\u00e3o Devotos de F\u00e1tima\" \/>\n<meta property=\"article:published_time\" content=\"2024-11-25T15:00:42+00:00\" \/>\n<meta property=\"article:modified_time\" content=\"2024-11-25T12:21:12+00:00\" \/>\n<meta property=\"og:image\" content=\"https:\/\/www.adf.org.br\/home\/wp-content\/uploads\/2024\/11\/mariasuas28-768x427-1.jpg\" \/>\n\t<meta property=\"og:image:width\" content=\"768\" \/>\n\t<meta property=\"og:image:height\" content=\"427\" \/>\n<meta name=\"twitter:card\" content=\"summary_large_image\" \/>\n<meta name=\"twitter:label1\" content=\"Escrito por\" \/>\n\t<meta name=\"twitter:data1\" content=\"Vitor Tavares\" \/>\n\t<meta name=\"twitter:label2\" content=\"Est. tempo de leitura\" \/>\n\t<meta name=\"twitter:data2\" content=\"3 minutos\" \/>\n<script type=\"application\/ld+json\" class=\"yoast-schema-graph\">{\"@context\":\"https:\/\/schema.org\",\"@graph\":[{\"@type\":\"WebSite\",\"@id\":\"https:\/\/www.adf.org.br\/home\/#website\",\"url\":\"https:\/\/www.adf.org.br\/home\/\",\"name\":\"Associa\\u00e7\\u00e3o Devotos de F\\u00e1tima\",\"description\":\"Associa\\u00e7\\u00e3o Devotos de F\\u00e1tima\",\"potentialAction\":[{\"@type\":\"SearchAction\",\"target\":{\"@type\":\"EntryPoint\",\"urlTemplate\":\"https:\/\/www.adf.org.br\/home\/?s={search_term_string}\"},\"query-input\":\"required name=search_term_string\"}],\"inLanguage\":\"pt-BR\"},{\"@type\":\"ImageObject\",\"@id\":\"https:\/\/www.adf.org.br\/home\/primeira-aparicao-de-nossa-senhora-a-santa-catarina-historia-da-medalha-milagrosa-5-parte\/#primaryimage\",\"inLanguage\":\"pt-BR\",\"url\":\"https:\/\/www.adf.org.br\/home\/wp-content\/uploads\/2024\/11\/mariasuas28-768x427-1.jpg\",\"contentUrl\":\"https:\/\/www.adf.org.br\/home\/wp-content\/uploads\/2024\/11\/mariasuas28-768x427-1.jpg\",\"width\":768,\"height\":427},{\"@type\":\"WebPage\",\"@id\":\"https:\/\/www.adf.org.br\/home\/primeira-aparicao-de-nossa-senhora-a-santa-catarina-historia-da-medalha-milagrosa-5-parte\/#webpage\",\"url\":\"https:\/\/www.adf.org.br\/home\/primeira-aparicao-de-nossa-senhora-a-santa-catarina-historia-da-medalha-milagrosa-5-parte\/\",\"name\":\"A Hist\\u00f3ria da Medalha Milagrosa \\u2013 5\\u00aa Parte\",\"isPartOf\":{\"@id\":\"https:\/\/www.adf.org.br\/home\/#website\"},\"primaryImageOfPage\":{\"@id\":\"https:\/\/www.adf.org.br\/home\/primeira-aparicao-de-nossa-senhora-a-santa-catarina-historia-da-medalha-milagrosa-5-parte\/#primaryimage\"},\"datePublished\":\"2024-11-25T15:00:42+00:00\",\"dateModified\":\"2024-11-25T12:21:12+00:00\",\"author\":{\"@id\":\"https:\/\/www.adf.org.br\/home\/#\/schema\/person\/8ad5a345bedff93b910edc0820bea2f4\"},\"description\":\"\\\"Levantai-vos logo e vinde \\u00e0 Capela: a Sant\\u00edssima Virgem vos espera!...\\\" Saiba como receber uma medalha milagrosa de Nossa Senhora das Gra\\u00e7as\",\"breadcrumb\":{\"@id\":\"https:\/\/www.adf.org.br\/home\/primeira-aparicao-de-nossa-senhora-a-santa-catarina-historia-da-medalha-milagrosa-5-parte\/#breadcrumb\"},\"inLanguage\":\"pt-BR\",\"potentialAction\":[{\"@type\":\"ReadAction\",\"target\":[\"https:\/\/www.adf.org.br\/home\/primeira-aparicao-de-nossa-senhora-a-santa-catarina-historia-da-medalha-milagrosa-5-parte\/\"]}]},{\"@type\":\"BreadcrumbList\",\"@id\":\"https:\/\/www.adf.org.br\/home\/primeira-aparicao-de-nossa-senhora-a-santa-catarina-historia-da-medalha-milagrosa-5-parte\/#breadcrumb\",\"itemListElement\":[{\"@type\":\"ListItem\",\"position\":1,\"name\":\"Home\",\"item\":\"https:\/\/www.adf.org.br\/home\/\"},{\"@type\":\"ListItem\",\"position\":2,\"name\":\"Primeira Apari\\u00e7\\u00e3o de Nossa Senhora a Santa Catarina | A Hist\\u00f3ria da Medalha Milagrosa \\u2013 5\\u00aa Parte\"}]},{\"@type\":\"Person\",\"@id\":\"https:\/\/www.adf.org.br\/home\/#\/schema\/person\/8ad5a345bedff93b910edc0820bea2f4\",\"name\":\"Vitor Tavares\",\"image\":{\"@type\":\"ImageObject\",\"@id\":\"https:\/\/www.adf.org.br\/home\/#personlogo\",\"inLanguage\":\"pt-BR\",\"url\":\"https:\/\/secure.gravatar.com\/avatar\/8ffd82c29b33e69f5834ef44564dca7c?s=96&d=mm&r=g\",\"contentUrl\":\"https:\/\/secure.gravatar.com\/avatar\/8ffd82c29b33e69f5834ef44564dca7c?s=96&d=mm&r=g\",\"caption\":\"Vitor Tavares\"},\"url\":\"https:\/\/www.adf.org.br\/home\/author\/vitor-chaves\/\"}]}<\/script>\n<!-- \/ Yoast SEO plugin. -->","yoast_head_json":{"title":"A Hist\u00f3ria da Medalha Milagrosa \u2013 5\u00aa Parte","description":"\"Levantai-vos logo e vinde \u00e0 Capela: a Sant\u00edssima Virgem vos espera!...\" Saiba como receber uma medalha milagrosa de Nossa Senhora das Gra\u00e7as","robots":{"index":"index","follow":"follow","max-snippet":"max-snippet:-1","max-image-preview":"max-image-preview:large","max-video-preview":"max-video-preview:-1"},"canonical":"https:\/\/www.adf.org.br\/home\/primeira-aparicao-de-nossa-senhora-a-santa-catarina-historia-da-medalha-milagrosa-5-parte\/","og_locale":"pt_BR","og_type":"article","og_title":"A Hist\u00f3ria da Medalha Milagrosa \u2013 5\u00aa Parte","og_description":"\"Levantai-vos logo e vinde \u00e0 Capela: a Sant\u00edssima Virgem vos espera!...\" Saiba como receber uma medalha milagrosa de Nossa Senhora das Gra\u00e7as","og_url":"https:\/\/www.adf.org.br\/home\/primeira-aparicao-de-nossa-senhora-a-santa-catarina-historia-da-medalha-milagrosa-5-parte\/","og_site_name":"Associa\u00e7\u00e3o Devotos de F\u00e1tima","article_published_time":"2024-11-25T15:00:42+00:00","article_modified_time":"2024-11-25T12:21:12+00:00","og_image":[{"width":768,"height":427,"url":"https:\/\/www.adf.org.br\/home\/wp-content\/uploads\/2024\/11\/mariasuas28-768x427-1.jpg","type":"image\/jpeg"}],"twitter_card":"summary_large_image","twitter_misc":{"Escrito por":"Vitor Tavares","Est. tempo de leitura":"3 minutos"},"schema":{"@context":"https:\/\/schema.org","@graph":[{"@type":"WebSite","@id":"https:\/\/www.adf.org.br\/home\/#website","url":"https:\/\/www.adf.org.br\/home\/","name":"Associa\u00e7\u00e3o Devotos de F\u00e1tima","description":"Associa\u00e7\u00e3o Devotos de F\u00e1tima","potentialAction":[{"@type":"SearchAction","target":{"@type":"EntryPoint","urlTemplate":"https:\/\/www.adf.org.br\/home\/?s={search_term_string}"},"query-input":"required name=search_term_string"}],"inLanguage":"pt-BR"},{"@type":"ImageObject","@id":"https:\/\/www.adf.org.br\/home\/primeira-aparicao-de-nossa-senhora-a-santa-catarina-historia-da-medalha-milagrosa-5-parte\/#primaryimage","inLanguage":"pt-BR","url":"https:\/\/www.adf.org.br\/home\/wp-content\/uploads\/2024\/11\/mariasuas28-768x427-1.jpg","contentUrl":"https:\/\/www.adf.org.br\/home\/wp-content\/uploads\/2024\/11\/mariasuas28-768x427-1.jpg","width":768,"height":427},{"@type":"WebPage","@id":"https:\/\/www.adf.org.br\/home\/primeira-aparicao-de-nossa-senhora-a-santa-catarina-historia-da-medalha-milagrosa-5-parte\/#webpage","url":"https:\/\/www.adf.org.br\/home\/primeira-aparicao-de-nossa-senhora-a-santa-catarina-historia-da-medalha-milagrosa-5-parte\/","name":"A Hist\u00f3ria da Medalha Milagrosa \u2013 5\u00aa Parte","isPartOf":{"@id":"https:\/\/www.adf.org.br\/home\/#website"},"primaryImageOfPage":{"@id":"https:\/\/www.adf.org.br\/home\/primeira-aparicao-de-nossa-senhora-a-santa-catarina-historia-da-medalha-milagrosa-5-parte\/#primaryimage"},"datePublished":"2024-11-25T15:00:42+00:00","dateModified":"2024-11-25T12:21:12+00:00","author":{"@id":"https:\/\/www.adf.org.br\/home\/#\/schema\/person\/8ad5a345bedff93b910edc0820bea2f4"},"description":"\"Levantai-vos logo e vinde \u00e0 Capela: a Sant\u00edssima Virgem vos espera!...\" Saiba como receber uma medalha milagrosa de Nossa Senhora das Gra\u00e7as","breadcrumb":{"@id":"https:\/\/www.adf.org.br\/home\/primeira-aparicao-de-nossa-senhora-a-santa-catarina-historia-da-medalha-milagrosa-5-parte\/#breadcrumb"},"inLanguage":"pt-BR","potentialAction":[{"@type":"ReadAction","target":["https:\/\/www.adf.org.br\/home\/primeira-aparicao-de-nossa-senhora-a-santa-catarina-historia-da-medalha-milagrosa-5-parte\/"]}]},{"@type":"BreadcrumbList","@id":"https:\/\/www.adf.org.br\/home\/primeira-aparicao-de-nossa-senhora-a-santa-catarina-historia-da-medalha-milagrosa-5-parte\/#breadcrumb","itemListElement":[{"@type":"ListItem","position":1,"name":"Home","item":"https:\/\/www.adf.org.br\/home\/"},{"@type":"ListItem","position":2,"name":"Primeira Apari\u00e7\u00e3o de Nossa Senhora a Santa Catarina | A Hist\u00f3ria da Medalha Milagrosa \u2013 5\u00aa Parte"}]},{"@type":"Person","@id":"https:\/\/www.adf.org.br\/home\/#\/schema\/person\/8ad5a345bedff93b910edc0820bea2f4","name":"Vitor Tavares","image":{"@type":"ImageObject","@id":"https:\/\/www.adf.org.br\/home\/#personlogo","inLanguage":"pt-BR","url":"https:\/\/secure.gravatar.com\/avatar\/8ffd82c29b33e69f5834ef44564dca7c?s=96&d=mm&r=g","contentUrl":"https:\/\/secure.gravatar.com\/avatar\/8ffd82c29b33e69f5834ef44564dca7c?s=96&d=mm&r=g","caption":"Vitor Tavares"},"url":"https:\/\/www.adf.org.br\/home\/author\/vitor-chaves\/"}]}},"_links":{"self":[{"href":"https:\/\/www.adf.org.br\/home\/wp-json\/wp\/v2\/posts\/77973"}],"collection":[{"href":"https:\/\/www.adf.org.br\/home\/wp-json\/wp\/v2\/posts"}],"about":[{"href":"https:\/\/www.adf.org.br\/home\/wp-json\/wp\/v2\/types\/post"}],"author":[{"embeddable":true,"href":"https:\/\/www.adf.org.br\/home\/wp-json\/wp\/v2\/users\/46"}],"replies":[{"embeddable":true,"href":"https:\/\/www.adf.org.br\/home\/wp-json\/wp\/v2\/comments?post=77973"}],"version-history":[{"count":2,"href":"https:\/\/www.adf.org.br\/home\/wp-json\/wp\/v2\/posts\/77973\/revisions"}],"predecessor-version":[{"id":77977,"href":"https:\/\/www.adf.org.br\/home\/wp-json\/wp\/v2\/posts\/77973\/revisions\/77977"}],"wp:featuredmedia":[{"embeddable":true,"href":"https:\/\/www.adf.org.br\/home\/wp-json\/wp\/v2\/media\/77976"}],"wp:attachment":[{"href":"https:\/\/www.adf.org.br\/home\/wp-json\/wp\/v2\/media?parent=77973"}],"wp:term":[{"taxonomy":"category","embeddable":true,"href":"https:\/\/www.adf.org.br\/home\/wp-json\/wp\/v2\/categories?post=77973"},{"taxonomy":"post_tag","embeddable":true,"href":"https:\/\/www.adf.org.br\/home\/wp-json\/wp\/v2\/tags?post=77973"}],"curies":[{"name":"wp","href":"https:\/\/api.w.org\/{rel}","templated":true}]}}