{"id":77865,"date":"2024-11-06T11:42:30","date_gmt":"2024-11-06T14:42:30","guid":{"rendered":"https:\/\/www.adf.org.br\/home\/?p=77865"},"modified":"2024-11-13T21:41:07","modified_gmt":"2024-11-14T00:41:07","slug":"oracao-do-anjo-de-portugal-para-os-pastorinhos","status":"publish","type":"post","link":"https:\/\/www.adf.org.br\/home\/oracao-do-anjo-de-portugal-para-os-pastorinhos\/","title":{"rendered":"A Ora\u00e7\u00e3o do Anjo de Portugal para os Pastorinhos!"},"content":{"rendered":"<p><img loading=\"lazy\" class=\"alignleft wp-image-77866\" src=\"https:\/\/www.adf.org.br\/home\/wp-content\/uploads\/2024\/11\/ANJO-PORTUGAL-e1654871234342-300x224.jpg\" alt=\"Anjo de Portugal aparece para os pastorinhos\" width=\"350\" height=\"261\" srcset=\"https:\/\/www.adf.org.br\/home\/wp-content\/uploads\/2024\/11\/ANJO-PORTUGAL-e1654871234342-300x224.jpg 300w, https:\/\/www.adf.org.br\/home\/wp-content\/uploads\/2024\/11\/ANJO-PORTUGAL-e1654871234342-768x573.jpg 768w, https:\/\/www.adf.org.br\/home\/wp-content\/uploads\/2024\/11\/ANJO-PORTUGAL-e1654871234342.jpg 980w\" sizes=\"(max-width: 350px) 100vw, 350px\" \/><\/p>\n<h2 style=\"text-align: center;\">A Ora\u00e7\u00e3o do Anjo de Portugal para os Pastorinhos!<\/h2>\n<p style=\"text-align: left;\"><span style=\"font-weight: 400;\"><strong>C<\/strong>aro leitor, este relato trata de acontecimentos anteriores \u00e0s mensagens de <a href=\"https:\/\/www.adf.org.br\/home\/pagina-de-cadastro\/?origem=31365\" target=\"_blank\" rel=\"noopener\">F\u00e1tima<\/a>, assim mostrando como a Provid\u00eancia decidiu se utilizar do pr\u00f3prio <strong>Anjo da Guarda de Portugal<\/strong> para moldar os simples pastorinhos, em vista de que o mundo soubesse dos des\u00edgnios do C\u00e9u para nossos tempos:\u00a0<\/span><\/p>\n<p style=\"text-align: left;\"><span style=\"font-weight: 400;\">Ao aparecer para os pastorinhos em F\u00e1tima , preparando-os para as apari\u00e7\u00f5es de <a href=\"https:\/\/www.adf.org.br\/home\/pagina-de-cadastro\/?origem=31365\" target=\"_blank\" rel=\"noopener\">Nossa Senhora<\/a>, o Anjo da Guarda de Portugal os ensina uma poderosa e atual\u00edssima ora\u00e7\u00e3o em favor dos pecadores e incr\u00e9dulos.\u00a0<\/span><\/p>\n<p>&nbsp;<\/p>\n<p>&nbsp;<\/p>\n<hr \/>\n<p>&nbsp;<\/p>\n<p style=\"text-align: left;\"><span style=\"font-weight: 400;\">Na primavera de 1916, estavam <strong>L\u00facia<\/strong>, <strong>Jacinta<\/strong> e <strong>Francisco<\/strong> com suas ovelhas numa pequena colina chamada Loca do Cabe\u00e7o. De repente, um forte vento come\u00e7ou a sacudir as \u00e1rvores.<\/span><\/p>\n<p>&nbsp;<\/p>\n<p style=\"text-align: left;\"><span style=\"font-weight: 400;\">Viram ent\u00e3o, sobre a copa das \u00e1rvores, uma luz mais branca que a neve, com a forma de um jovem transparente, de seus catorze ou quinze anos. Ele era de uma grande beleza e mais brilhante que um cristal atravessado pelos raios do sol.<\/span><\/p>\n<p style=\"text-align: left;\"><b><i>\u201cN\u00e3o temais \u2013 disse o jovem \u2013 sou o Anjo da Paz. Rezai comigo.\u201d<\/i><\/b><\/p>\n<h3><\/h3>\n<h3>Ora\u00e7\u00e3o do Anjo de Portugal<\/h3>\n<p>&nbsp;<\/p>\n<p style=\"text-align: left;\"><span style=\"font-weight: 400;\">E, ajoelhando-se, inclinou-se at\u00e9 encostar a cabe\u00e7a no ch\u00e3o. Os tr\u00eas pastorinhos o imitaram e repetiram as palavras que ouviram o Anjo dizer:<\/span><\/p>\n<p style=\"text-align: left;\"><span style=\"color: #3366ff;\"><b><i>\u201cMeu Deus! Eu creio, adoro, espero e amo-Vos. Pe\u00e7o-Vos perd\u00e3o para os que n\u00e3o cr\u00eaem, n\u00e3o adoram, n\u00e3o esperam e n\u00e3o Vos amam\u201d.<\/i><\/b><\/span><\/p>\n<p style=\"text-align: left;\"><span style=\"font-weight: 400;\">Depois, levantando-se, disse: <\/span><\/p>\n<p>&nbsp;<\/p>\n<p style=\"text-align: left;\"><b><i>\u201cOrai assim. Os Cora\u00e7\u00f5es de Jesus e Maria est\u00e3o atentos \u00e0 voz das vossas s\u00faplicas.\u201d\u00a0<\/i><\/b><\/p>\n<p>&nbsp;<\/p>\n<p style=\"text-align: left;\"><span style=\"font-weight: 400;\">E logo em seguida desapareceu.<\/span><\/p>\n<p style=\"text-align: left;\"><span style=\"font-weight: 400;\">As tr\u00eas crian\u00e7as sentiram fortemente a presen\u00e7a de Deus. Permaneceram um tempo na mesma posi\u00e7\u00e3o em que o Anjo os tinha deixado, repetindo v\u00e1rias vezes a mesma ora\u00e7\u00e3o.<\/span><\/p>\n<p style=\"text-align: left;\"><span style=\"font-weight: 400;\">Essas palavras gravaram-se de tal forma em suas cabe\u00e7as, que jamais as esqueceram.<\/span><\/p>\n<p style=\"text-align: left;\"><span style=\"font-weight: 400;\">Esta foi a primeira de tr\u00eas apari\u00e7\u00f5es que este Anjo da Paz, que viria revelar ser o Anjo da Guarda de Portugal, fez aos tr\u00eas pastorinhos, os ensinando a rezar e preparando suas almas para ver a Virgem Maria e receber sua mensagem para todo o mundo.<\/span><\/p>\n<p style=\"text-align: left;\"><span style=\"font-weight: 400;\">Em suma, nos mostra nesta primeira apari\u00e7\u00e3o a import\u00e2ncia da ora\u00e7\u00e3o e sacrif\u00edcio para a convers\u00e3o dos pecadores e para desagravar as ofensas feitas a Deus por aqueles que tanto desprezam suas gra\u00e7as.<\/span><\/p>\n<p>Pois nossa Nossa Senhora mais tarde pede: \u201cRezem, rezem muito e fa\u00e7am sacrif\u00edcios pelos pecadores, porque\u00a0<b>muitas almas v\u00e3o ao inferno por n\u00e3o ter quem se sacrifique e reze por elas<\/b>\u201d.<\/p>\n<p>&nbsp;<\/p>\n<p style=\"text-align: right;\"><strong>Refer\u00eancia:\u00a0<\/strong><a href=\"https:\/\/www.fatima.pt\/pt\/pages\/narrativa-das-aparicoes\" target=\"_blank\" rel=\"noopener\">Apari\u00e7\u00f5es de F\u00e1tima<\/a><\/p>\n<p>&nbsp;<\/p>\n<h3 style=\"text-align: center;\"><strong>***<\/strong><\/h3>\n<p style=\"text-align: center;\"><span style=\"color: #000000;\">Quer receber conte\u00fados de inspira\u00e7\u00e3o cat\u00f3lica <\/span><strong><span style=\"color: #000000;\">para aumentar sua f\u00e9 e a sua devo\u00e7\u00e3o?<\/span><\/strong><\/p>\n<p style=\"text-align: center;\"><span style=\"font-weight: 400; color: #000000;\">Clique <a href=\"https:\/\/www.adf.org.br\/home\/pagina-de-cadastro\/?origem=31304\" target=\"_blank\" rel=\"noopener\"><span style=\"color: #0000ff;\"><strong>aqui<\/strong><\/span><\/a> ou na imagem abaixo e <strong>se cadastre gr\u00e1tis<\/strong> para receber nossos conte\u00fados<strong> antes de todos<\/strong>, logo quando forem postados!<\/span><\/p>\n<p style=\"text-align: left;\"><a href=\"https:\/\/www.adf.org.br\/home\/pagina-de-cadastro\/?origem=31365\" target=\"_blank\" rel=\"noopener\"><img loading=\"lazy\" class=\"wp-image-73650 size-full aligncenter\" src=\"https:\/\/www.adf.org.br\/home\/wp-content\/uploads\/2023\/09\/boletim-adf-1.png\" alt=\"https:\/\/www.adf.org.br\/home\/pagina-de-cadastro\/?origem=31365\" width=\"600\" height=\"200\" srcset=\"https:\/\/www.adf.org.br\/home\/wp-content\/uploads\/2023\/09\/boletim-adf-1.png 600w, https:\/\/www.adf.org.br\/home\/wp-content\/uploads\/2023\/09\/boletim-adf-1-300x100.png 300w\" sizes=\"(max-width: 600px) 100vw, 600px\" \/><\/a><\/p>\n<p>&nbsp;<\/p>\n<p>&nbsp;<\/p>\n<p>&nbsp;<\/p>\n","protected":false},"excerpt":{"rendered":"<p>A Ora\u00e7\u00e3o do Anjo de Portugal para os Pastorinhos! Caro leitor, este relato trata de acontecimentos anteriores \u00e0s mensagens de F\u00e1tima, assim mostrando como a Provid\u00eancia decidiu se utilizar do pr\u00f3prio Anjo da Guarda de Portugal para moldar os simples pastorinhos, em vista de que o mundo soubesse dos des\u00edgnios do C\u00e9u para nossos tempos:\u00a0 [&hellip;]<\/p>\n","protected":false},"author":46,"featured_media":77885,"comment_status":"open","ping_status":"open","sticky":false,"template":"","format":"standard","meta":[],"categories":[9,4802,4707,118],"tags":[259,519,3410,172,198,79,38,142,526,4816],"yoast_head":"<!-- This site is optimized with the Yoast SEO plugin v17.4 - https:\/\/yoast.com\/wordpress\/plugins\/seo\/ -->\n<title>A Ora\u00e7\u00e3o do Anjo de Portugal para os Pastorinhos! - Apari\u00e7\u00f5es de F\u00e1tima<\/title>\n<meta name=\"description\" content=\"O Anjo de Portugal aparece para os pastorinhos em F\u00e1tima e ensina aos pastorinhos uma poderosa e atual\u00edssima ora\u00e7\u00e3o em favor dos pecadores.\u00a0\" \/>\n<meta name=\"robots\" content=\"index, follow, max-snippet:-1, max-image-preview:large, max-video-preview:-1\" \/>\n<link rel=\"canonical\" href=\"https:\/\/www.adf.org.br\/home\/oracao-do-anjo-de-portugal-para-os-pastorinhos\/\" \/>\n<meta property=\"og:locale\" content=\"pt_BR\" \/>\n<meta property=\"og:type\" content=\"article\" \/>\n<meta property=\"og:title\" content=\"A Ora\u00e7\u00e3o do Anjo de Portugal para os Pastorinhos! - Apari\u00e7\u00f5es de F\u00e1tima\" \/>\n<meta property=\"og:description\" content=\"O Anjo de Portugal aparece para os pastorinhos em F\u00e1tima e ensina aos pastorinhos uma poderosa e atual\u00edssima ora\u00e7\u00e3o em favor dos pecadores.\u00a0\" \/>\n<meta property=\"og:url\" content=\"https:\/\/www.adf.org.br\/home\/oracao-do-anjo-de-portugal-para-os-pastorinhos\/\" \/>\n<meta property=\"og:site_name\" content=\"Associa\u00e7\u00e3o Devotos de F\u00e1tima\" \/>\n<meta property=\"article:published_time\" content=\"2024-11-06T14:42:30+00:00\" \/>\n<meta property=\"article:modified_time\" content=\"2024-11-14T00:41:07+00:00\" \/>\n<meta property=\"og:image\" content=\"https:\/\/www.adf.org.br\/home\/wp-content\/uploads\/2024\/11\/Local3-768x1024-2-e1731025842786.jpg\" \/>\n\t<meta property=\"og:image:width\" content=\"768\" \/>\n\t<meta property=\"og:image:height\" content=\"619\" \/>\n<meta name=\"twitter:card\" content=\"summary_large_image\" \/>\n<meta name=\"twitter:label1\" content=\"Escrito por\" \/>\n\t<meta name=\"twitter:data1\" content=\"Vitor Tavares\" \/>\n\t<meta name=\"twitter:label2\" content=\"Est. tempo de leitura\" \/>\n\t<meta name=\"twitter:data2\" content=\"3 minutos\" \/>\n<script type=\"application\/ld+json\" class=\"yoast-schema-graph\">{\"@context\":\"https:\/\/schema.org\",\"@graph\":[{\"@type\":\"WebSite\",\"@id\":\"https:\/\/www.adf.org.br\/home\/#website\",\"url\":\"https:\/\/www.adf.org.br\/home\/\",\"name\":\"Associa\\u00e7\\u00e3o Devotos de F\\u00e1tima\",\"description\":\"Associa\\u00e7\\u00e3o Devotos de F\\u00e1tima\",\"potentialAction\":[{\"@type\":\"SearchAction\",\"target\":{\"@type\":\"EntryPoint\",\"urlTemplate\":\"https:\/\/www.adf.org.br\/home\/?s={search_term_string}\"},\"query-input\":\"required name=search_term_string\"}],\"inLanguage\":\"pt-BR\"},{\"@type\":\"ImageObject\",\"@id\":\"https:\/\/www.adf.org.br\/home\/oracao-do-anjo-de-portugal-para-os-pastorinhos\/#primaryimage\",\"inLanguage\":\"pt-BR\",\"url\":\"https:\/\/www.adf.org.br\/home\/wp-content\/uploads\/2024\/11\/Local3-768x1024-2-e1731025842786.jpg\",\"contentUrl\":\"https:\/\/www.adf.org.br\/home\/wp-content\/uploads\/2024\/11\/Local3-768x1024-2-e1731025842786.jpg\",\"width\":768,\"height\":619,\"caption\":\"Anjo de Portugal ensina os pastorinhos\"},{\"@type\":\"WebPage\",\"@id\":\"https:\/\/www.adf.org.br\/home\/oracao-do-anjo-de-portugal-para-os-pastorinhos\/#webpage\",\"url\":\"https:\/\/www.adf.org.br\/home\/oracao-do-anjo-de-portugal-para-os-pastorinhos\/\",\"name\":\"A Ora\\u00e7\\u00e3o do Anjo de Portugal para os Pastorinhos! - Apari\\u00e7\\u00f5es de F\\u00e1tima\",\"isPartOf\":{\"@id\":\"https:\/\/www.adf.org.br\/home\/#website\"},\"primaryImageOfPage\":{\"@id\":\"https:\/\/www.adf.org.br\/home\/oracao-do-anjo-de-portugal-para-os-pastorinhos\/#primaryimage\"},\"datePublished\":\"2024-11-06T14:42:30+00:00\",\"dateModified\":\"2024-11-14T00:41:07+00:00\",\"author\":{\"@id\":\"https:\/\/www.adf.org.br\/home\/#\/schema\/person\/8ad5a345bedff93b910edc0820bea2f4\"},\"description\":\"O Anjo de Portugal aparece para os pastorinhos em F\\u00e1tima e ensina aos pastorinhos uma poderosa e atual\\u00edssima ora\\u00e7\\u00e3o em favor dos pecadores.\\u00a0\",\"breadcrumb\":{\"@id\":\"https:\/\/www.adf.org.br\/home\/oracao-do-anjo-de-portugal-para-os-pastorinhos\/#breadcrumb\"},\"inLanguage\":\"pt-BR\",\"potentialAction\":[{\"@type\":\"ReadAction\",\"target\":[\"https:\/\/www.adf.org.br\/home\/oracao-do-anjo-de-portugal-para-os-pastorinhos\/\"]}]},{\"@type\":\"BreadcrumbList\",\"@id\":\"https:\/\/www.adf.org.br\/home\/oracao-do-anjo-de-portugal-para-os-pastorinhos\/#breadcrumb\",\"itemListElement\":[{\"@type\":\"ListItem\",\"position\":1,\"name\":\"Home\",\"item\":\"https:\/\/www.adf.org.br\/home\/\"},{\"@type\":\"ListItem\",\"position\":2,\"name\":\"A Ora\\u00e7\\u00e3o do Anjo de Portugal para os Pastorinhos!\"}]},{\"@type\":\"Person\",\"@id\":\"https:\/\/www.adf.org.br\/home\/#\/schema\/person\/8ad5a345bedff93b910edc0820bea2f4\",\"name\":\"Vitor Tavares\",\"image\":{\"@type\":\"ImageObject\",\"@id\":\"https:\/\/www.adf.org.br\/home\/#personlogo\",\"inLanguage\":\"pt-BR\",\"url\":\"https:\/\/secure.gravatar.com\/avatar\/8ffd82c29b33e69f5834ef44564dca7c?s=96&d=mm&r=g\",\"contentUrl\":\"https:\/\/secure.gravatar.com\/avatar\/8ffd82c29b33e69f5834ef44564dca7c?s=96&d=mm&r=g\",\"caption\":\"Vitor Tavares\"},\"url\":\"https:\/\/www.adf.org.br\/home\/author\/vitor-chaves\/\"}]}<\/script>\n<!-- \/ Yoast SEO plugin. -->","yoast_head_json":{"title":"A Ora\u00e7\u00e3o do Anjo de Portugal para os Pastorinhos! - Apari\u00e7\u00f5es de F\u00e1tima","description":"O Anjo de Portugal aparece para os pastorinhos em F\u00e1tima e ensina aos pastorinhos uma poderosa e atual\u00edssima ora\u00e7\u00e3o em favor dos pecadores.\u00a0","robots":{"index":"index","follow":"follow","max-snippet":"max-snippet:-1","max-image-preview":"max-image-preview:large","max-video-preview":"max-video-preview:-1"},"canonical":"https:\/\/www.adf.org.br\/home\/oracao-do-anjo-de-portugal-para-os-pastorinhos\/","og_locale":"pt_BR","og_type":"article","og_title":"A Ora\u00e7\u00e3o do Anjo de Portugal para os Pastorinhos! - Apari\u00e7\u00f5es de F\u00e1tima","og_description":"O Anjo de Portugal aparece para os pastorinhos em F\u00e1tima e ensina aos pastorinhos uma poderosa e atual\u00edssima ora\u00e7\u00e3o em favor dos pecadores.\u00a0","og_url":"https:\/\/www.adf.org.br\/home\/oracao-do-anjo-de-portugal-para-os-pastorinhos\/","og_site_name":"Associa\u00e7\u00e3o Devotos de F\u00e1tima","article_published_time":"2024-11-06T14:42:30+00:00","article_modified_time":"2024-11-14T00:41:07+00:00","og_image":[{"width":768,"height":619,"url":"https:\/\/www.adf.org.br\/home\/wp-content\/uploads\/2024\/11\/Local3-768x1024-2-e1731025842786.jpg","type":"image\/jpeg"}],"twitter_card":"summary_large_image","twitter_misc":{"Escrito por":"Vitor Tavares","Est. tempo de leitura":"3 minutos"},"schema":{"@context":"https:\/\/schema.org","@graph":[{"@type":"WebSite","@id":"https:\/\/www.adf.org.br\/home\/#website","url":"https:\/\/www.adf.org.br\/home\/","name":"Associa\u00e7\u00e3o Devotos de F\u00e1tima","description":"Associa\u00e7\u00e3o Devotos de F\u00e1tima","potentialAction":[{"@type":"SearchAction","target":{"@type":"EntryPoint","urlTemplate":"https:\/\/www.adf.org.br\/home\/?s={search_term_string}"},"query-input":"required name=search_term_string"}],"inLanguage":"pt-BR"},{"@type":"ImageObject","@id":"https:\/\/www.adf.org.br\/home\/oracao-do-anjo-de-portugal-para-os-pastorinhos\/#primaryimage","inLanguage":"pt-BR","url":"https:\/\/www.adf.org.br\/home\/wp-content\/uploads\/2024\/11\/Local3-768x1024-2-e1731025842786.jpg","contentUrl":"https:\/\/www.adf.org.br\/home\/wp-content\/uploads\/2024\/11\/Local3-768x1024-2-e1731025842786.jpg","width":768,"height":619,"caption":"Anjo de Portugal ensina os pastorinhos"},{"@type":"WebPage","@id":"https:\/\/www.adf.org.br\/home\/oracao-do-anjo-de-portugal-para-os-pastorinhos\/#webpage","url":"https:\/\/www.adf.org.br\/home\/oracao-do-anjo-de-portugal-para-os-pastorinhos\/","name":"A Ora\u00e7\u00e3o do Anjo de Portugal para os Pastorinhos! - Apari\u00e7\u00f5es de F\u00e1tima","isPartOf":{"@id":"https:\/\/www.adf.org.br\/home\/#website"},"primaryImageOfPage":{"@id":"https:\/\/www.adf.org.br\/home\/oracao-do-anjo-de-portugal-para-os-pastorinhos\/#primaryimage"},"datePublished":"2024-11-06T14:42:30+00:00","dateModified":"2024-11-14T00:41:07+00:00","author":{"@id":"https:\/\/www.adf.org.br\/home\/#\/schema\/person\/8ad5a345bedff93b910edc0820bea2f4"},"description":"O Anjo de Portugal aparece para os pastorinhos em F\u00e1tima e ensina aos pastorinhos uma poderosa e atual\u00edssima ora\u00e7\u00e3o em favor dos pecadores.\u00a0","breadcrumb":{"@id":"https:\/\/www.adf.org.br\/home\/oracao-do-anjo-de-portugal-para-os-pastorinhos\/#breadcrumb"},"inLanguage":"pt-BR","potentialAction":[{"@type":"ReadAction","target":["https:\/\/www.adf.org.br\/home\/oracao-do-anjo-de-portugal-para-os-pastorinhos\/"]}]},{"@type":"BreadcrumbList","@id":"https:\/\/www.adf.org.br\/home\/oracao-do-anjo-de-portugal-para-os-pastorinhos\/#breadcrumb","itemListElement":[{"@type":"ListItem","position":1,"name":"Home","item":"https:\/\/www.adf.org.br\/home\/"},{"@type":"ListItem","position":2,"name":"A Ora\u00e7\u00e3o do Anjo de Portugal para os Pastorinhos!"}]},{"@type":"Person","@id":"https:\/\/www.adf.org.br\/home\/#\/schema\/person\/8ad5a345bedff93b910edc0820bea2f4","name":"Vitor Tavares","image":{"@type":"ImageObject","@id":"https:\/\/www.adf.org.br\/home\/#personlogo","inLanguage":"pt-BR","url":"https:\/\/secure.gravatar.com\/avatar\/8ffd82c29b33e69f5834ef44564dca7c?s=96&d=mm&r=g","contentUrl":"https:\/\/secure.gravatar.com\/avatar\/8ffd82c29b33e69f5834ef44564dca7c?s=96&d=mm&r=g","caption":"Vitor Tavares"},"url":"https:\/\/www.adf.org.br\/home\/author\/vitor-chaves\/"}]}},"_links":{"self":[{"href":"https:\/\/www.adf.org.br\/home\/wp-json\/wp\/v2\/posts\/77865"}],"collection":[{"href":"https:\/\/www.adf.org.br\/home\/wp-json\/wp\/v2\/posts"}],"about":[{"href":"https:\/\/www.adf.org.br\/home\/wp-json\/wp\/v2\/types\/post"}],"author":[{"embeddable":true,"href":"https:\/\/www.adf.org.br\/home\/wp-json\/wp\/v2\/users\/46"}],"replies":[{"embeddable":true,"href":"https:\/\/www.adf.org.br\/home\/wp-json\/wp\/v2\/comments?post=77865"}],"version-history":[{"count":5,"href":"https:\/\/www.adf.org.br\/home\/wp-json\/wp\/v2\/posts\/77865\/revisions"}],"predecessor-version":[{"id":77901,"href":"https:\/\/www.adf.org.br\/home\/wp-json\/wp\/v2\/posts\/77865\/revisions\/77901"}],"wp:featuredmedia":[{"embeddable":true,"href":"https:\/\/www.adf.org.br\/home\/wp-json\/wp\/v2\/media\/77885"}],"wp:attachment":[{"href":"https:\/\/www.adf.org.br\/home\/wp-json\/wp\/v2\/media?parent=77865"}],"wp:term":[{"taxonomy":"category","embeddable":true,"href":"https:\/\/www.adf.org.br\/home\/wp-json\/wp\/v2\/categories?post=77865"},{"taxonomy":"post_tag","embeddable":true,"href":"https:\/\/www.adf.org.br\/home\/wp-json\/wp\/v2\/tags?post=77865"}],"curies":[{"name":"wp","href":"https:\/\/api.w.org\/{rel}","templated":true}]}}