{"id":77799,"date":"2024-10-24T00:03:14","date_gmt":"2024-10-24T03:03:14","guid":{"rendered":"https:\/\/www.adf.org.br\/home\/?p=77799"},"modified":"2024-11-06T12:04:34","modified_gmt":"2024-11-06T15:04:34","slug":"o-dia-que-os-pastorinhos-de-fatima-ofereceram-perfume-para-maria","status":"publish","type":"post","link":"https:\/\/www.adf.org.br\/home\/o-dia-que-os-pastorinhos-de-fatima-ofereceram-perfume-para-maria\/","title":{"rendered":"O Dia que os Pastorinhos de F\u00e1tima ofereceram Perfume para Maria"},"content":{"rendered":"<p><img loading=\"lazy\" class=\"wp-image-74141 size-full aligncenter\" src=\"https:\/\/www.adf.org.br\/home\/wp-content\/uploads\/2023\/10\/DSC_0037.jpg\" alt=\"Nossa Senhora de Fatima\" width=\"800\" height=\"531\" srcset=\"https:\/\/www.adf.org.br\/home\/wp-content\/uploads\/2023\/10\/DSC_0037.jpg 800w, https:\/\/www.adf.org.br\/home\/wp-content\/uploads\/2023\/10\/DSC_0037-300x199.jpg 300w, https:\/\/www.adf.org.br\/home\/wp-content\/uploads\/2023\/10\/DSC_0037-768x510.jpg 768w\" sizes=\"(max-width: 800px) 100vw, 800px\" \/><\/p>\n<h2 style=\"text-align: center;\">O Dia que os Pastorinhos de F\u00e1tima ofereceram Perfume para Maria<\/h2>\n<p>&nbsp;<\/p>\n<p><span style=\"color: #000000;\"><span style=\"color: #800080; font-size: 32px;\"><strong>N<\/strong><\/span>o dia 13 de setembro de 1917, aconteceu a quinta e pen\u00faltima apari\u00e7\u00e3o da <a href=\"https:\/\/www.adf.org.br\/home\/pagina-de-cadastro\/?origem=31304\" target=\"_blank\" rel=\"noopener\"><span style=\"color: #0000ff;\"><strong>Virgem de F\u00e1tima<\/strong><\/span><\/a> na Cova da Iria. Depois do ocorrido no ver\u00e3o europeu (em julho, houve a vis\u00e3o do inferno <\/span><span style=\"color: #000000;\">e, <strong>em agosto, a Virgem n\u00e3o apareceu porque L\u00facia e os beatos Francisco e Jacinta tinham sido presos pelas autoridades<\/strong>), o encontro aconteceu sem altera\u00e7\u00f5es, e, claro, com a apari\u00e7\u00e3o da Virgem.<\/span><\/p>\n<p style=\"text-align: right;\">.<\/p>\n<p><span style=\"color: #000000;\">De certa forma, parece que Nossa Senhora quis usar essa apari\u00e7\u00e3o para preparar a que seria a \u00faltima delas, a de outubro. <\/span><\/p>\n<figure id=\"attachment_4650\" aria-describedby=\"caption-attachment-4650\" style=\"width: 107px\" class=\"wp-caption alignleft\"><a href=\"https:\/\/www.adf.org.br\/home\/pagina-de-cadastro\/?origem=21753\" target=\"_blank\" rel=\"noopener\"><img loading=\"lazy\" class=\"wp-image-4650 size-medium\" src=\"https:\/\/www.adf.org.br\/home\/wp-content\/uploads\/2010\/05\/irm\u00e3-Lucia-de-Jesus-107x300.jpg\" alt=\"\" width=\"107\" height=\"300\" srcset=\"https:\/\/www.adf.org.br\/home\/wp-content\/uploads\/2010\/05\/irm\u00e3-Lucia-de-Jesus-107x300.jpg 107w, https:\/\/www.adf.org.br\/home\/wp-content\/uploads\/2010\/05\/irm\u00e3-Lucia-de-Jesus.jpg 317w\" sizes=\"(max-width: 107px) 100vw, 107px\" \/><\/a><figcaption id=\"caption-attachment-4650\" class=\"wp-caption-text\"><center>L\u00facia, vidente de F\u00e1tima<\/center><\/figcaption><\/figure>\n<p><span style=\"color: #000000;\"><strong><span style=\"color: #800080;\">Um m\u00eas antes, prometeu \u00e0s crian\u00e7as fazer \u201cum milagre para que todos acreditem\u201d<\/span>.<\/strong> Ela anunciou que \u201cNosso Senhor, <strong><a href=\"https:\/\/www.adf.org.br\/home\/pagina-de-cadastro\/?origem=31304\" target=\"_blank\" rel=\"noopener\"><span style=\"color: #0000ff;\">Nossa Senhora das Dores<\/span><\/a><\/strong>, Nossa Senhora do Carmo e S\u00e3o Jos\u00e9 com o Menino Jesus tamb\u00e9m viriam para aben\u00e7oar o mundo\u201d.<\/span><\/p>\n<p><strong><span style=\"color: #000000;\">A Virgem aproveitou a ocasi\u00e3o para pedir aos pastorzinhos que suavizassem as penit\u00eancias que eles faziam a fim de conseguir a salva\u00e7\u00e3o dos pecadores. <\/span><\/strong><\/p>\n<p><span style=\"color: #000000;\">Uma delas era usar uma corda apertada na cintura, t\u00e3o apertada que, \u00e0s vezes, sangrava. \u201cDeus est\u00e1 contente com vossos sacrif\u00edcios, mas n\u00e3o quer que durmais com a corda; trazei-a somente durante o dia\u201d, disse <a href=\"https:\/\/www.adf.org.br\/home\/pagina-de-cadastro\/?origem=31304\" target=\"_blank\" rel=\"noopener\"><span style=\"color: #0000ff;\"><strong>Nossa Senhora<\/strong><\/span><strong>.<\/strong><\/a><\/span><\/p>\n<p><span style=\"color: #800080;\"><strong>A conversa desse dia terminou com uma situa\u00e7\u00e3o curiosa: <span style=\"text-decoration: underline;\">L\u00facia, que falava em nome das tr\u00eas crian\u00e7as, ofereceu \u00e0 M\u00e3e de Deus duas cartas e um frasco com col\u00f4nia<\/span> que algu\u00e9m entre os 20 ou 30 mil fi\u00e9is que se aglomeravam na Cova da Iria havia oferecido. <\/strong><\/span><\/p>\n<blockquote><p><span style=\"color: #000000;\">\u201c<em>Isso n\u00e3o \u00e9 conveniente para levar ao C\u00e9u<\/em>\u201d, respondeu a Virgem.<\/span><\/p><\/blockquote>\n<h5 style=\"text-align: right;\"><span style=\"color: #000000;\">Fonte:<\/span> <span style=\"color: #0000ff;\"><a style=\"color: #0000ff;\" href=\"https:\/\/pt.aleteia.org\/2017\/09\/13\/o-dia-em-que-lucia-ofereceu-um-vidro-de-perfume-a-virgem-de-fatima\/\">Aleteia<\/a><\/span><\/h5>\n<h3 style=\"text-align: center;\"><span style=\"color: #000000;\">***<\/span><\/h3>\n<p style=\"text-align: center;\"><span style=\"color: #000000;\">Quer receber conte\u00fados de inspira\u00e7\u00e3o cat\u00f3lica <\/span><strong><span style=\"color: #000000;\">para aumentar sua f\u00e9 e a sua devo\u00e7\u00e3o?<\/span><\/strong><\/p>\n<p style=\"text-align: center;\"><span style=\"font-weight: 400; color: #000000;\">Clique <a href=\"https:\/\/www.adf.org.br\/home\/pagina-de-cadastro\/?origem=31304\" target=\"_blank\" rel=\"noopener\"><span style=\"color: #0000ff;\"><strong>aqui<\/strong><\/span><\/a> ou na imagem abaixo e <strong>se cadastre gr\u00e1tis<\/strong> para receber nossos conte\u00fados<strong> antes de todos<\/strong>, logo quando forem postados!<\/span><\/p>\n<p><a href=\"https:\/\/www.adf.org.br\/home\/pagina-de-cadastro\/?origem=31304\" target=\"_blank\" rel=\"noopener\"><img loading=\"lazy\" class=\"aligncenter wp-image-63380 size-full\" src=\"https:\/\/www.adf.org.br\/home\/wp-content\/uploads\/2021\/01\/boletim-adf.png\" alt=\"\" width=\"600\" height=\"200\" srcset=\"https:\/\/www.adf.org.br\/home\/wp-content\/uploads\/2021\/01\/boletim-adf.png 600w, https:\/\/www.adf.org.br\/home\/wp-content\/uploads\/2021\/01\/boletim-adf-300x100.png 300w\" sizes=\"(max-width: 600px) 100vw, 600px\" \/><\/a><\/p>\n","protected":false},"excerpt":{"rendered":"<p>O Dia que os Pastorinhos de F\u00e1tima ofereceram Perfume para Maria &nbsp; No dia 13 de setembro de 1917, aconteceu a quinta e pen\u00faltima apari\u00e7\u00e3o da Virgem de F\u00e1tima na Cova da Iria. Depois do ocorrido no ver\u00e3o europeu (em julho, houve a vis\u00e3o do inferno e, em agosto, a Virgem n\u00e3o apareceu porque L\u00facia [&hellip;]<\/p>\n","protected":false},"author":9,"featured_media":74141,"comment_status":"open","ping_status":"open","sticky":false,"template":"","format":"standard","meta":[],"categories":[20,4802,5531,4707,118,56],"tags":[57,526],"yoast_head":"<!-- This site is optimized with the Yoast SEO plugin v17.4 - https:\/\/yoast.com\/wordpress\/plugins\/seo\/ -->\n<title>O Dia que os Pastorinhos de F\u00e1tima ofereceram Perfume para Maria<\/title>\n<meta name=\"description\" content=\"O Dia que os Pastorinhos de F\u00e1tima ofereceram Perfume para Maria! Venha ver o dia que Nossa Senhora teve de recusar um presente!\" \/>\n<meta name=\"robots\" content=\"index, follow, max-snippet:-1, max-image-preview:large, max-video-preview:-1\" \/>\n<link rel=\"canonical\" href=\"https:\/\/www.adf.org.br\/home\/o-dia-que-os-pastorinhos-de-fatima-ofereceram-perfume-para-maria\/\" \/>\n<meta property=\"og:locale\" content=\"pt_BR\" \/>\n<meta property=\"og:type\" content=\"article\" \/>\n<meta property=\"og:title\" content=\"O Dia que os Pastorinhos de F\u00e1tima ofereceram Perfume para Maria\" \/>\n<meta property=\"og:description\" content=\"O Dia que os Pastorinhos de F\u00e1tima ofereceram Perfume para Maria! Venha ver o dia que Nossa Senhora teve de recusar um presente!\" \/>\n<meta property=\"og:url\" content=\"https:\/\/www.adf.org.br\/home\/o-dia-que-os-pastorinhos-de-fatima-ofereceram-perfume-para-maria\/\" \/>\n<meta property=\"og:site_name\" content=\"Associa\u00e7\u00e3o Devotos de F\u00e1tima\" \/>\n<meta property=\"article:published_time\" content=\"2024-10-24T03:03:14+00:00\" \/>\n<meta property=\"article:modified_time\" content=\"2024-11-06T15:04:34+00:00\" \/>\n<meta property=\"og:image\" content=\"https:\/\/www.adf.org.br\/home\/wp-content\/uploads\/2023\/10\/DSC_0037.jpg\" \/>\n\t<meta property=\"og:image:width\" content=\"800\" \/>\n\t<meta property=\"og:image:height\" content=\"531\" \/>\n<meta name=\"twitter:card\" content=\"summary_large_image\" \/>\n<meta name=\"twitter:label1\" content=\"Escrito por\" \/>\n\t<meta name=\"twitter:data1\" content=\"administrador\" \/>\n\t<meta name=\"twitter:label2\" content=\"Est. tempo de leitura\" \/>\n\t<meta name=\"twitter:data2\" content=\"2 minutos\" \/>\n<script type=\"application\/ld+json\" class=\"yoast-schema-graph\">{\"@context\":\"https:\/\/schema.org\",\"@graph\":[{\"@type\":\"WebSite\",\"@id\":\"https:\/\/www.adf.org.br\/home\/#website\",\"url\":\"https:\/\/www.adf.org.br\/home\/\",\"name\":\"Associa\\u00e7\\u00e3o Devotos de F\\u00e1tima\",\"description\":\"Associa\\u00e7\\u00e3o Devotos de F\\u00e1tima\",\"potentialAction\":[{\"@type\":\"SearchAction\",\"target\":{\"@type\":\"EntryPoint\",\"urlTemplate\":\"https:\/\/www.adf.org.br\/home\/?s={search_term_string}\"},\"query-input\":\"required name=search_term_string\"}],\"inLanguage\":\"pt-BR\"},{\"@type\":\"ImageObject\",\"@id\":\"https:\/\/www.adf.org.br\/home\/o-dia-que-os-pastorinhos-de-fatima-ofereceram-perfume-para-maria\/#primaryimage\",\"inLanguage\":\"pt-BR\",\"url\":\"https:\/\/www.adf.org.br\/home\/wp-content\/uploads\/2023\/10\/DSC_0037.jpg\",\"contentUrl\":\"https:\/\/www.adf.org.br\/home\/wp-content\/uploads\/2023\/10\/DSC_0037.jpg\",\"width\":800,\"height\":531,\"caption\":\"Nossa Senhora de Fatima\"},{\"@type\":\"WebPage\",\"@id\":\"https:\/\/www.adf.org.br\/home\/o-dia-que-os-pastorinhos-de-fatima-ofereceram-perfume-para-maria\/#webpage\",\"url\":\"https:\/\/www.adf.org.br\/home\/o-dia-que-os-pastorinhos-de-fatima-ofereceram-perfume-para-maria\/\",\"name\":\"O Dia que os Pastorinhos de F\\u00e1tima ofereceram Perfume para Maria\",\"isPartOf\":{\"@id\":\"https:\/\/www.adf.org.br\/home\/#website\"},\"primaryImageOfPage\":{\"@id\":\"https:\/\/www.adf.org.br\/home\/o-dia-que-os-pastorinhos-de-fatima-ofereceram-perfume-para-maria\/#primaryimage\"},\"datePublished\":\"2024-10-24T03:03:14+00:00\",\"dateModified\":\"2024-11-06T15:04:34+00:00\",\"author\":{\"@id\":\"https:\/\/www.adf.org.br\/home\/#\/schema\/person\/03b50b7f0711bc818ead306331657cb5\"},\"description\":\"O Dia que os Pastorinhos de F\\u00e1tima ofereceram Perfume para Maria! Venha ver o dia que Nossa Senhora teve de recusar um presente!\",\"breadcrumb\":{\"@id\":\"https:\/\/www.adf.org.br\/home\/o-dia-que-os-pastorinhos-de-fatima-ofereceram-perfume-para-maria\/#breadcrumb\"},\"inLanguage\":\"pt-BR\",\"potentialAction\":[{\"@type\":\"ReadAction\",\"target\":[\"https:\/\/www.adf.org.br\/home\/o-dia-que-os-pastorinhos-de-fatima-ofereceram-perfume-para-maria\/\"]}]},{\"@type\":\"BreadcrumbList\",\"@id\":\"https:\/\/www.adf.org.br\/home\/o-dia-que-os-pastorinhos-de-fatima-ofereceram-perfume-para-maria\/#breadcrumb\",\"itemListElement\":[{\"@type\":\"ListItem\",\"position\":1,\"name\":\"Home\",\"item\":\"https:\/\/www.adf.org.br\/home\/\"},{\"@type\":\"ListItem\",\"position\":2,\"name\":\"O Dia que os Pastorinhos de F\\u00e1tima ofereceram Perfume para Maria\"}]},{\"@type\":\"Person\",\"@id\":\"https:\/\/www.adf.org.br\/home\/#\/schema\/person\/03b50b7f0711bc818ead306331657cb5\",\"name\":\"administrador\",\"image\":{\"@type\":\"ImageObject\",\"@id\":\"https:\/\/www.adf.org.br\/home\/#personlogo\",\"inLanguage\":\"pt-BR\",\"url\":\"https:\/\/secure.gravatar.com\/avatar\/2f4d3b4697b7c5df630d1489d9c80573?s=96&d=mm&r=g\",\"contentUrl\":\"https:\/\/secure.gravatar.com\/avatar\/2f4d3b4697b7c5df630d1489d9c80573?s=96&d=mm&r=g\",\"caption\":\"administrador\"},\"url\":\"https:\/\/www.adf.org.br\/home\/author\/administrador\/\"}]}<\/script>\n<!-- \/ Yoast SEO plugin. -->","yoast_head_json":{"title":"O Dia que os Pastorinhos de F\u00e1tima ofereceram Perfume para Maria","description":"O Dia que os Pastorinhos de F\u00e1tima ofereceram Perfume para Maria! Venha ver o dia que Nossa Senhora teve de recusar um presente!","robots":{"index":"index","follow":"follow","max-snippet":"max-snippet:-1","max-image-preview":"max-image-preview:large","max-video-preview":"max-video-preview:-1"},"canonical":"https:\/\/www.adf.org.br\/home\/o-dia-que-os-pastorinhos-de-fatima-ofereceram-perfume-para-maria\/","og_locale":"pt_BR","og_type":"article","og_title":"O Dia que os Pastorinhos de F\u00e1tima ofereceram Perfume para Maria","og_description":"O Dia que os Pastorinhos de F\u00e1tima ofereceram Perfume para Maria! Venha ver o dia que Nossa Senhora teve de recusar um presente!","og_url":"https:\/\/www.adf.org.br\/home\/o-dia-que-os-pastorinhos-de-fatima-ofereceram-perfume-para-maria\/","og_site_name":"Associa\u00e7\u00e3o Devotos de F\u00e1tima","article_published_time":"2024-10-24T03:03:14+00:00","article_modified_time":"2024-11-06T15:04:34+00:00","og_image":[{"width":800,"height":531,"url":"https:\/\/www.adf.org.br\/home\/wp-content\/uploads\/2023\/10\/DSC_0037.jpg","type":"image\/jpeg"}],"twitter_card":"summary_large_image","twitter_misc":{"Escrito por":"administrador","Est. tempo de leitura":"2 minutos"},"schema":{"@context":"https:\/\/schema.org","@graph":[{"@type":"WebSite","@id":"https:\/\/www.adf.org.br\/home\/#website","url":"https:\/\/www.adf.org.br\/home\/","name":"Associa\u00e7\u00e3o Devotos de F\u00e1tima","description":"Associa\u00e7\u00e3o Devotos de F\u00e1tima","potentialAction":[{"@type":"SearchAction","target":{"@type":"EntryPoint","urlTemplate":"https:\/\/www.adf.org.br\/home\/?s={search_term_string}"},"query-input":"required name=search_term_string"}],"inLanguage":"pt-BR"},{"@type":"ImageObject","@id":"https:\/\/www.adf.org.br\/home\/o-dia-que-os-pastorinhos-de-fatima-ofereceram-perfume-para-maria\/#primaryimage","inLanguage":"pt-BR","url":"https:\/\/www.adf.org.br\/home\/wp-content\/uploads\/2023\/10\/DSC_0037.jpg","contentUrl":"https:\/\/www.adf.org.br\/home\/wp-content\/uploads\/2023\/10\/DSC_0037.jpg","width":800,"height":531,"caption":"Nossa Senhora de Fatima"},{"@type":"WebPage","@id":"https:\/\/www.adf.org.br\/home\/o-dia-que-os-pastorinhos-de-fatima-ofereceram-perfume-para-maria\/#webpage","url":"https:\/\/www.adf.org.br\/home\/o-dia-que-os-pastorinhos-de-fatima-ofereceram-perfume-para-maria\/","name":"O Dia que os Pastorinhos de F\u00e1tima ofereceram Perfume para Maria","isPartOf":{"@id":"https:\/\/www.adf.org.br\/home\/#website"},"primaryImageOfPage":{"@id":"https:\/\/www.adf.org.br\/home\/o-dia-que-os-pastorinhos-de-fatima-ofereceram-perfume-para-maria\/#primaryimage"},"datePublished":"2024-10-24T03:03:14+00:00","dateModified":"2024-11-06T15:04:34+00:00","author":{"@id":"https:\/\/www.adf.org.br\/home\/#\/schema\/person\/03b50b7f0711bc818ead306331657cb5"},"description":"O Dia que os Pastorinhos de F\u00e1tima ofereceram Perfume para Maria! Venha ver o dia que Nossa Senhora teve de recusar um presente!","breadcrumb":{"@id":"https:\/\/www.adf.org.br\/home\/o-dia-que-os-pastorinhos-de-fatima-ofereceram-perfume-para-maria\/#breadcrumb"},"inLanguage":"pt-BR","potentialAction":[{"@type":"ReadAction","target":["https:\/\/www.adf.org.br\/home\/o-dia-que-os-pastorinhos-de-fatima-ofereceram-perfume-para-maria\/"]}]},{"@type":"BreadcrumbList","@id":"https:\/\/www.adf.org.br\/home\/o-dia-que-os-pastorinhos-de-fatima-ofereceram-perfume-para-maria\/#breadcrumb","itemListElement":[{"@type":"ListItem","position":1,"name":"Home","item":"https:\/\/www.adf.org.br\/home\/"},{"@type":"ListItem","position":2,"name":"O Dia que os Pastorinhos de F\u00e1tima ofereceram Perfume para Maria"}]},{"@type":"Person","@id":"https:\/\/www.adf.org.br\/home\/#\/schema\/person\/03b50b7f0711bc818ead306331657cb5","name":"administrador","image":{"@type":"ImageObject","@id":"https:\/\/www.adf.org.br\/home\/#personlogo","inLanguage":"pt-BR","url":"https:\/\/secure.gravatar.com\/avatar\/2f4d3b4697b7c5df630d1489d9c80573?s=96&d=mm&r=g","contentUrl":"https:\/\/secure.gravatar.com\/avatar\/2f4d3b4697b7c5df630d1489d9c80573?s=96&d=mm&r=g","caption":"administrador"},"url":"https:\/\/www.adf.org.br\/home\/author\/administrador\/"}]}},"_links":{"self":[{"href":"https:\/\/www.adf.org.br\/home\/wp-json\/wp\/v2\/posts\/77799"}],"collection":[{"href":"https:\/\/www.adf.org.br\/home\/wp-json\/wp\/v2\/posts"}],"about":[{"href":"https:\/\/www.adf.org.br\/home\/wp-json\/wp\/v2\/types\/post"}],"author":[{"embeddable":true,"href":"https:\/\/www.adf.org.br\/home\/wp-json\/wp\/v2\/users\/9"}],"replies":[{"embeddable":true,"href":"https:\/\/www.adf.org.br\/home\/wp-json\/wp\/v2\/comments?post=77799"}],"version-history":[{"count":11,"href":"https:\/\/www.adf.org.br\/home\/wp-json\/wp\/v2\/posts\/77799\/revisions"}],"predecessor-version":[{"id":77875,"href":"https:\/\/www.adf.org.br\/home\/wp-json\/wp\/v2\/posts\/77799\/revisions\/77875"}],"wp:featuredmedia":[{"embeddable":true,"href":"https:\/\/www.adf.org.br\/home\/wp-json\/wp\/v2\/media\/74141"}],"wp:attachment":[{"href":"https:\/\/www.adf.org.br\/home\/wp-json\/wp\/v2\/media?parent=77799"}],"wp:term":[{"taxonomy":"category","embeddable":true,"href":"https:\/\/www.adf.org.br\/home\/wp-json\/wp\/v2\/categories?post=77799"},{"taxonomy":"post_tag","embeddable":true,"href":"https:\/\/www.adf.org.br\/home\/wp-json\/wp\/v2\/tags?post=77799"}],"curies":[{"name":"wp","href":"https:\/\/api.w.org\/{rel}","templated":true}]}}