{"id":77791,"date":"2024-10-23T00:03:29","date_gmt":"2024-10-23T03:03:29","guid":{"rendered":"https:\/\/www.adf.org.br\/home\/?p=77791"},"modified":"2024-10-22T15:10:15","modified_gmt":"2024-10-22T18:10:15","slug":"oracao-cubra-me-com-o-seu-manto-de-amor-e-protecao","status":"publish","type":"post","link":"https:\/\/www.adf.org.br\/home\/oracao-cubra-me-com-o-seu-manto-de-amor-e-protecao\/","title":{"rendered":"Ora\u00e7\u00e3o: &#8220;Cubra-me com o seu manto de amor e prote\u00e7\u00e3o!&#8221;"},"content":{"rendered":"<h2 style=\"text-align: center;\"><a href=\"https:\/\/adf.org.br\/velario\/protecao?origem=31251\" target=\"_blank\" rel=\"noopener\"><img loading=\"lazy\" class=\"aligncenter wp-image-61211\" src=\"https:\/\/www.adf.org.br\/home\/wp-content\/uploads\/2020\/08\/nossa-senhora-nova-1-1024x681.jpg\" alt=\"\" width=\"824\" height=\"548\" \/><\/a><\/h2>\n<h2 style=\"text-align: center;\"><strong>Ora\u00e7\u00e3o: &#8220;Cubra-me com o seu manto de amor e prote\u00e7\u00e3o!&#8221;<\/strong><\/h2>\n<p>&nbsp;<\/p>\n<p><span style=\"color: #800080; font-size: 28px;\"><strong>M<\/strong><\/span>uitos de n\u00f3s estamos acostumados com a b\u00ean\u00e7\u00e3o tradicional da casa, em que um sacerdote invoca pois o poder de Deus para proteger o lar de uma pessoa contra o mal. Mas h\u00e1 tamb\u00e9m uma <strong>ora\u00e7\u00e3o para invocar a prote\u00e7\u00e3o amorosa da <span style=\"color: #0000ff;\"><a style=\"color: #0000ff;\" href=\"https:\/\/www.adf.org.br\/home\/pagina-de-cadastro\/?origem=31299\" target=\"_blank\" rel=\"noopener\">Virgem Maria<\/a><\/span><\/strong>.<\/p>\n<p>A\u00a0Sant\u00edssima M\u00e3e olha com ternura por todos\u00a0aqueles que invocam seu nome.<\/p>\n<p style=\"text-align: right;\">.<\/p>\n<p>Ela ouve pois atentamente todas as nossas necessidades e est\u00e1 pronta para nos envolver com seu puro amor. Conforme o Evangelho de Mateus, Maria compartilha o mesmo amor que Deus tem por n\u00f3s:<\/p>\n<blockquote><p>\u201cQuantas vezes eu quis reunir teus fi\u00adlhos, como a galinha re\u00fane seus pinti\u00adnhos debaixo de suas asas\u2026\u201d\u00a0(Mateus 23,37).<\/p><\/blockquote>\n<p style=\"text-align: right;\">.<\/p>\n<p>Abaixo, uma breve ora\u00e7\u00e3o para pedir que Nossa Senhora derrame b\u00ean\u00e7\u00e3os especiais sobre sua casa e sua fam\u00edlia.\u00a0<b>Reze com f\u00e9<\/b>:<\/p>\n<p style=\"text-align: right;\">.<\/p>\n<blockquote><p><strong>\u00d3 Maria, aben\u00e7oe esta casa, onde seu nome \u00e9 sempre aben\u00e7oado.<\/strong><\/p>\n<p><strong>Louvado seja sempre seu nome, Maria Imaculada, a m\u00e3e toda virgem, aben\u00e7oada entre as mulheres, a M\u00e3e de nosso Senhor Jesus Cristo, a Rainha do Para\u00edso.<\/strong><\/p>\n<p><strong>Cubra esta casa com o manto da sua prote\u00e7\u00e3o, M\u00e3e da miseric\u00f3rdia!<\/strong><\/p>\n<p><strong>Am\u00e9m.<\/strong><\/p>\n<p style=\"text-align: right;\">.<\/p>\n<\/blockquote>\n<h5><b>Fonte:\u00a0<\/b>Texto de\u00a0<em>Philip Kosloski<\/em>\u00a0\u2013 Aleteia.<\/h5>\n<p>&nbsp;<\/p>\n<h3 style=\"text-align: center;\">***<\/h3>\n<p>&nbsp;<\/p>\n<p>Este \u00e9 ent\u00e3o o momento ideal para rogar a intercess\u00e3o da Santa M\u00e3e de Deus para que Ela cubra voc\u00ea e sua fam\u00edlia sob o seu Manto protetor e lhes traga paz e harmonia.<\/p>\n<p><a href=\"https:\/\/www.adf.org.br\/home\/pagina-de-cadastro\/?origem=31299\" target=\"_blank\" rel=\"noopener\"><span style=\"color: #0000ff;\"><strong>Clique aqui<\/strong><\/span><\/a>\u00a0(ou no bot\u00e3o abaixo) para acender uma vela e deixar suas preces na Santa Missa do pr\u00f3ximo s\u00e1bado.<\/p>\n<p>&nbsp;<\/p>\n<p><a href=\"https:\/\/www.adf.org.br\/home\/pagina-de-cadastro\/?origem=31299\" target=\"_blank\" rel=\"noopener\"><img loading=\"lazy\" class=\"aligncenter wp-image-76960 size-full\" src=\"https:\/\/www.adf.org.br\/home\/wp-content\/uploads\/2024\/06\/Conteudos-catolicos-da-Associacao-Devotos-de-fatima-Newsletter.png\" alt=\"pais cat\u00f3licos\" width=\"600\" height=\"200\" srcset=\"https:\/\/www.adf.org.br\/home\/wp-content\/uploads\/2024\/06\/Conteudos-catolicos-da-Associacao-Devotos-de-fatima-Newsletter.png 600w, https:\/\/www.adf.org.br\/home\/wp-content\/uploads\/2024\/06\/Conteudos-catolicos-da-Associacao-Devotos-de-fatima-Newsletter-300x100.png 300w\" sizes=\"(max-width: 600px) 100vw, 600px\" \/><\/a><\/p>\n<p>&nbsp;<\/p>\n","protected":false},"excerpt":{"rendered":"<p>Ora\u00e7\u00e3o: &#8220;Cubra-me com o seu manto de amor e prote\u00e7\u00e3o!&#8221; &nbsp; Muitos de n\u00f3s estamos acostumados com a b\u00ean\u00e7\u00e3o tradicional da casa, em que um sacerdote invoca pois o poder de Deus para proteger o lar de uma pessoa contra o mal. Mas h\u00e1 tamb\u00e9m uma ora\u00e7\u00e3o para invocar a prote\u00e7\u00e3o amorosa da Virgem Maria. [&hellip;]<\/p>\n","protected":false},"author":9,"featured_media":76537,"comment_status":"open","ping_status":"open","sticky":false,"template":"","format":"standard","meta":[],"categories":[20,5531,14],"tags":[57],"yoast_head":"<!-- This site is optimized with the Yoast SEO plugin v17.4 - https:\/\/yoast.com\/wordpress\/plugins\/seo\/ -->\n<title>Ora\u00e7\u00e3o: &quot;Cubra-me com o seu manto de amor e prote\u00e7\u00e3o!&quot;<\/title>\n<meta name=\"description\" content=\"Ora\u00e7\u00e3o: &quot;Cubra-me com o seu manto de amor e prote\u00e7\u00e3o!&quot; Venha conhecer esta linda ora\u00e7\u00e3o para Nossa Senhora!\" \/>\n<meta name=\"robots\" content=\"index, follow, max-snippet:-1, max-image-preview:large, max-video-preview:-1\" \/>\n<link rel=\"canonical\" href=\"https:\/\/www.adf.org.br\/home\/oracao-cubra-me-com-o-seu-manto-de-amor-e-protecao\/\" \/>\n<meta property=\"og:locale\" content=\"pt_BR\" \/>\n<meta property=\"og:type\" content=\"article\" \/>\n<meta property=\"og:title\" content=\"Ora\u00e7\u00e3o: &quot;Cubra-me com o seu manto de amor e prote\u00e7\u00e3o!&quot;\" \/>\n<meta property=\"og:description\" content=\"Ora\u00e7\u00e3o: &quot;Cubra-me com o seu manto de amor e prote\u00e7\u00e3o!&quot; Venha conhecer esta linda ora\u00e7\u00e3o para Nossa Senhora!\" \/>\n<meta property=\"og:url\" content=\"https:\/\/www.adf.org.br\/home\/oracao-cubra-me-com-o-seu-manto-de-amor-e-protecao\/\" \/>\n<meta property=\"og:site_name\" content=\"Associa\u00e7\u00e3o Devotos de F\u00e1tima\" \/>\n<meta property=\"article:published_time\" content=\"2024-10-23T03:03:29+00:00\" \/>\n<meta property=\"article:modified_time\" content=\"2024-10-22T18:10:15+00:00\" \/>\n<meta property=\"og:image\" content=\"https:\/\/www.adf.org.br\/home\/wp-content\/uploads\/2024\/05\/Nossa-senhora-fatima.jpg\" \/>\n\t<meta property=\"og:image:width\" content=\"1366\" \/>\n\t<meta property=\"og:image:height\" content=\"748\" \/>\n<meta name=\"twitter:card\" content=\"summary_large_image\" \/>\n<meta name=\"twitter:label1\" content=\"Escrito por\" \/>\n\t<meta name=\"twitter:data1\" content=\"administrador\" \/>\n\t<meta name=\"twitter:label2\" content=\"Est. tempo de leitura\" \/>\n\t<meta name=\"twitter:data2\" content=\"1 minuto\" \/>\n<script type=\"application\/ld+json\" class=\"yoast-schema-graph\">{\"@context\":\"https:\/\/schema.org\",\"@graph\":[{\"@type\":\"WebSite\",\"@id\":\"https:\/\/www.adf.org.br\/home\/#website\",\"url\":\"https:\/\/www.adf.org.br\/home\/\",\"name\":\"Associa\\u00e7\\u00e3o Devotos de F\\u00e1tima\",\"description\":\"Associa\\u00e7\\u00e3o Devotos de F\\u00e1tima\",\"potentialAction\":[{\"@type\":\"SearchAction\",\"target\":{\"@type\":\"EntryPoint\",\"urlTemplate\":\"https:\/\/www.adf.org.br\/home\/?s={search_term_string}\"},\"query-input\":\"required name=search_term_string\"}],\"inLanguage\":\"pt-BR\"},{\"@type\":\"ImageObject\",\"@id\":\"https:\/\/www.adf.org.br\/home\/oracao-cubra-me-com-o-seu-manto-de-amor-e-protecao\/#primaryimage\",\"inLanguage\":\"pt-BR\",\"url\":\"https:\/\/www.adf.org.br\/home\/wp-content\/uploads\/2024\/05\/Nossa-senhora-fatima.jpg\",\"contentUrl\":\"https:\/\/www.adf.org.br\/home\/wp-content\/uploads\/2024\/05\/Nossa-senhora-fatima.jpg\",\"width\":1366,\"height\":748,\"caption\":\"Acenda uma vela de repara\\u00e7\\u00e3o para nossa senhora de F\\u00e1tima\"},{\"@type\":\"WebPage\",\"@id\":\"https:\/\/www.adf.org.br\/home\/oracao-cubra-me-com-o-seu-manto-de-amor-e-protecao\/#webpage\",\"url\":\"https:\/\/www.adf.org.br\/home\/oracao-cubra-me-com-o-seu-manto-de-amor-e-protecao\/\",\"name\":\"Ora\\u00e7\\u00e3o: \\\"Cubra-me com o seu manto de amor e prote\\u00e7\\u00e3o!\\\"\",\"isPartOf\":{\"@id\":\"https:\/\/www.adf.org.br\/home\/#website\"},\"primaryImageOfPage\":{\"@id\":\"https:\/\/www.adf.org.br\/home\/oracao-cubra-me-com-o-seu-manto-de-amor-e-protecao\/#primaryimage\"},\"datePublished\":\"2024-10-23T03:03:29+00:00\",\"dateModified\":\"2024-10-22T18:10:15+00:00\",\"author\":{\"@id\":\"https:\/\/www.adf.org.br\/home\/#\/schema\/person\/03b50b7f0711bc818ead306331657cb5\"},\"description\":\"Ora\\u00e7\\u00e3o: \\\"Cubra-me com o seu manto de amor e prote\\u00e7\\u00e3o!\\\" Venha conhecer esta linda ora\\u00e7\\u00e3o para Nossa Senhora!\",\"breadcrumb\":{\"@id\":\"https:\/\/www.adf.org.br\/home\/oracao-cubra-me-com-o-seu-manto-de-amor-e-protecao\/#breadcrumb\"},\"inLanguage\":\"pt-BR\",\"potentialAction\":[{\"@type\":\"ReadAction\",\"target\":[\"https:\/\/www.adf.org.br\/home\/oracao-cubra-me-com-o-seu-manto-de-amor-e-protecao\/\"]}]},{\"@type\":\"BreadcrumbList\",\"@id\":\"https:\/\/www.adf.org.br\/home\/oracao-cubra-me-com-o-seu-manto-de-amor-e-protecao\/#breadcrumb\",\"itemListElement\":[{\"@type\":\"ListItem\",\"position\":1,\"name\":\"Home\",\"item\":\"https:\/\/www.adf.org.br\/home\/\"},{\"@type\":\"ListItem\",\"position\":2,\"name\":\"Ora\\u00e7\\u00e3o: &#8220;Cubra-me com o seu manto de amor e prote\\u00e7\\u00e3o!&#8221;\"}]},{\"@type\":\"Person\",\"@id\":\"https:\/\/www.adf.org.br\/home\/#\/schema\/person\/03b50b7f0711bc818ead306331657cb5\",\"name\":\"administrador\",\"image\":{\"@type\":\"ImageObject\",\"@id\":\"https:\/\/www.adf.org.br\/home\/#personlogo\",\"inLanguage\":\"pt-BR\",\"url\":\"https:\/\/secure.gravatar.com\/avatar\/2f4d3b4697b7c5df630d1489d9c80573?s=96&d=mm&r=g\",\"contentUrl\":\"https:\/\/secure.gravatar.com\/avatar\/2f4d3b4697b7c5df630d1489d9c80573?s=96&d=mm&r=g\",\"caption\":\"administrador\"},\"url\":\"https:\/\/www.adf.org.br\/home\/author\/administrador\/\"}]}<\/script>\n<!-- \/ Yoast SEO plugin. -->","yoast_head_json":{"title":"Ora\u00e7\u00e3o: \"Cubra-me com o seu manto de amor e prote\u00e7\u00e3o!\"","description":"Ora\u00e7\u00e3o: \"Cubra-me com o seu manto de amor e prote\u00e7\u00e3o!\" Venha conhecer esta linda ora\u00e7\u00e3o para Nossa Senhora!","robots":{"index":"index","follow":"follow","max-snippet":"max-snippet:-1","max-image-preview":"max-image-preview:large","max-video-preview":"max-video-preview:-1"},"canonical":"https:\/\/www.adf.org.br\/home\/oracao-cubra-me-com-o-seu-manto-de-amor-e-protecao\/","og_locale":"pt_BR","og_type":"article","og_title":"Ora\u00e7\u00e3o: \"Cubra-me com o seu manto de amor e prote\u00e7\u00e3o!\"","og_description":"Ora\u00e7\u00e3o: \"Cubra-me com o seu manto de amor e prote\u00e7\u00e3o!\" Venha conhecer esta linda ora\u00e7\u00e3o para Nossa Senhora!","og_url":"https:\/\/www.adf.org.br\/home\/oracao-cubra-me-com-o-seu-manto-de-amor-e-protecao\/","og_site_name":"Associa\u00e7\u00e3o Devotos de F\u00e1tima","article_published_time":"2024-10-23T03:03:29+00:00","article_modified_time":"2024-10-22T18:10:15+00:00","og_image":[{"width":1366,"height":748,"url":"https:\/\/www.adf.org.br\/home\/wp-content\/uploads\/2024\/05\/Nossa-senhora-fatima.jpg","type":"image\/jpeg"}],"twitter_card":"summary_large_image","twitter_misc":{"Escrito por":"administrador","Est. tempo de leitura":"1 minuto"},"schema":{"@context":"https:\/\/schema.org","@graph":[{"@type":"WebSite","@id":"https:\/\/www.adf.org.br\/home\/#website","url":"https:\/\/www.adf.org.br\/home\/","name":"Associa\u00e7\u00e3o Devotos de F\u00e1tima","description":"Associa\u00e7\u00e3o Devotos de F\u00e1tima","potentialAction":[{"@type":"SearchAction","target":{"@type":"EntryPoint","urlTemplate":"https:\/\/www.adf.org.br\/home\/?s={search_term_string}"},"query-input":"required name=search_term_string"}],"inLanguage":"pt-BR"},{"@type":"ImageObject","@id":"https:\/\/www.adf.org.br\/home\/oracao-cubra-me-com-o-seu-manto-de-amor-e-protecao\/#primaryimage","inLanguage":"pt-BR","url":"https:\/\/www.adf.org.br\/home\/wp-content\/uploads\/2024\/05\/Nossa-senhora-fatima.jpg","contentUrl":"https:\/\/www.adf.org.br\/home\/wp-content\/uploads\/2024\/05\/Nossa-senhora-fatima.jpg","width":1366,"height":748,"caption":"Acenda uma vela de repara\u00e7\u00e3o para nossa senhora de F\u00e1tima"},{"@type":"WebPage","@id":"https:\/\/www.adf.org.br\/home\/oracao-cubra-me-com-o-seu-manto-de-amor-e-protecao\/#webpage","url":"https:\/\/www.adf.org.br\/home\/oracao-cubra-me-com-o-seu-manto-de-amor-e-protecao\/","name":"Ora\u00e7\u00e3o: \"Cubra-me com o seu manto de amor e prote\u00e7\u00e3o!\"","isPartOf":{"@id":"https:\/\/www.adf.org.br\/home\/#website"},"primaryImageOfPage":{"@id":"https:\/\/www.adf.org.br\/home\/oracao-cubra-me-com-o-seu-manto-de-amor-e-protecao\/#primaryimage"},"datePublished":"2024-10-23T03:03:29+00:00","dateModified":"2024-10-22T18:10:15+00:00","author":{"@id":"https:\/\/www.adf.org.br\/home\/#\/schema\/person\/03b50b7f0711bc818ead306331657cb5"},"description":"Ora\u00e7\u00e3o: \"Cubra-me com o seu manto de amor e prote\u00e7\u00e3o!\" Venha conhecer esta linda ora\u00e7\u00e3o para Nossa Senhora!","breadcrumb":{"@id":"https:\/\/www.adf.org.br\/home\/oracao-cubra-me-com-o-seu-manto-de-amor-e-protecao\/#breadcrumb"},"inLanguage":"pt-BR","potentialAction":[{"@type":"ReadAction","target":["https:\/\/www.adf.org.br\/home\/oracao-cubra-me-com-o-seu-manto-de-amor-e-protecao\/"]}]},{"@type":"BreadcrumbList","@id":"https:\/\/www.adf.org.br\/home\/oracao-cubra-me-com-o-seu-manto-de-amor-e-protecao\/#breadcrumb","itemListElement":[{"@type":"ListItem","position":1,"name":"Home","item":"https:\/\/www.adf.org.br\/home\/"},{"@type":"ListItem","position":2,"name":"Ora\u00e7\u00e3o: &#8220;Cubra-me com o seu manto de amor e prote\u00e7\u00e3o!&#8221;"}]},{"@type":"Person","@id":"https:\/\/www.adf.org.br\/home\/#\/schema\/person\/03b50b7f0711bc818ead306331657cb5","name":"administrador","image":{"@type":"ImageObject","@id":"https:\/\/www.adf.org.br\/home\/#personlogo","inLanguage":"pt-BR","url":"https:\/\/secure.gravatar.com\/avatar\/2f4d3b4697b7c5df630d1489d9c80573?s=96&d=mm&r=g","contentUrl":"https:\/\/secure.gravatar.com\/avatar\/2f4d3b4697b7c5df630d1489d9c80573?s=96&d=mm&r=g","caption":"administrador"},"url":"https:\/\/www.adf.org.br\/home\/author\/administrador\/"}]}},"_links":{"self":[{"href":"https:\/\/www.adf.org.br\/home\/wp-json\/wp\/v2\/posts\/77791"}],"collection":[{"href":"https:\/\/www.adf.org.br\/home\/wp-json\/wp\/v2\/posts"}],"about":[{"href":"https:\/\/www.adf.org.br\/home\/wp-json\/wp\/v2\/types\/post"}],"author":[{"embeddable":true,"href":"https:\/\/www.adf.org.br\/home\/wp-json\/wp\/v2\/users\/9"}],"replies":[{"embeddable":true,"href":"https:\/\/www.adf.org.br\/home\/wp-json\/wp\/v2\/comments?post=77791"}],"version-history":[{"count":5,"href":"https:\/\/www.adf.org.br\/home\/wp-json\/wp\/v2\/posts\/77791\/revisions"}],"predecessor-version":[{"id":77795,"href":"https:\/\/www.adf.org.br\/home\/wp-json\/wp\/v2\/posts\/77791\/revisions\/77795"}],"wp:featuredmedia":[{"embeddable":true,"href":"https:\/\/www.adf.org.br\/home\/wp-json\/wp\/v2\/media\/76537"}],"wp:attachment":[{"href":"https:\/\/www.adf.org.br\/home\/wp-json\/wp\/v2\/media?parent=77791"}],"wp:term":[{"taxonomy":"category","embeddable":true,"href":"https:\/\/www.adf.org.br\/home\/wp-json\/wp\/v2\/categories?post=77791"},{"taxonomy":"post_tag","embeddable":true,"href":"https:\/\/www.adf.org.br\/home\/wp-json\/wp\/v2\/tags?post=77791"}],"curies":[{"name":"wp","href":"https:\/\/api.w.org\/{rel}","templated":true}]}}