{"id":77776,"date":"2024-10-20T04:03:48","date_gmt":"2024-10-20T07:03:48","guid":{"rendered":"https:\/\/www.adf.org.br\/home\/?p=77776"},"modified":"2024-10-18T17:47:17","modified_gmt":"2024-10-18T20:47:17","slug":"padre-manuel-nunes-formigao-um-grande-apostolo-de-fatima","status":"publish","type":"post","link":"https:\/\/www.adf.org.br\/home\/padre-manuel-nunes-formigao-um-grande-apostolo-de-fatima\/","title":{"rendered":"Padre Manuel Nunes Formig\u00e3o: Um Grande Ap\u00f3stolo de F\u00e1tima"},"content":{"rendered":"<h3><span style=\"color: #0000ff;\"><a style=\"color: #0000ff;\" href=\"https:\/\/adf.org.br\/velario\/suplicas?origem=31286\" target=\"_blank\" rel=\"noopener\">Padre Manuel Nunes Formig\u00e3o<\/a><\/span>, de incr\u00e9dulo tornou-se um dos maiores ap\u00f3stolos das apari\u00e7\u00f5es de Nossa Senhora, tendo recebido d&#8217;ela uma mensagem.<\/h3>\n<figure id=\"attachment_73017\" class=\"wp-caption alignnone\" aria-describedby=\"caption-attachment-73017\"><img loading=\"lazy\" class=\"aligncenter wp-image-73017\" src=\"https:\/\/www.adf.org.br\/home\/wp-content\/uploads\/2023\/07\/Padre-Manuel-Nunes-Formigao.jpg\" sizes=\"(max-width: 550px) 100vw, 550px\" srcset=\"https:\/\/www.adf.org.br\/home\/wp-content\/uploads\/2023\/07\/Padre-Manuel-Nunes-Formigao.jpg 1024w, https:\/\/www.adf.org.br\/home\/wp-content\/uploads\/2023\/07\/Padre-Manuel-Nunes-Formigao-300x181.jpg 300w, https:\/\/www.adf.org.br\/home\/wp-content\/uploads\/2023\/07\/Padre-Manuel-Nunes-Formigao-768x463.jpg 768w\" alt=\"Padre Manuel Nunes Formig\u00e3o Padre Manuel Nunes Formig\u00e3o: Um Grande Ap\u00f3stolo de F\u00e1tima\" width=\"550\" height=\"331\" \/><figcaption id=\"caption-attachment-73017\" class=\"wp-caption-text\"><\/figcaption><\/figure>\n<p>Praticamente o povo portugu\u00eas s\u00f3 teve pois conhecimento das apari\u00e7\u00f5es de Nossa Senhora em 23 de Julho de 1917, atrav\u00e9s de uma publica\u00e7\u00e3o no jornal \u201cO S\u00e9culo\u201d com o t\u00edtulo de grande maldade, sen\u00e3o malicioso: <em>\u201cUma embaixada celestial ou especula\u00e7\u00e3o financeira\u201d.<\/em><\/p>\n<p>Foi atrav\u00e9s deste artigo que o <strong><span style=\"color: #0000ff;\"><a style=\"color: #0000ff;\" href=\"https:\/\/adf.org.br\/velario\/suplicas?origem=31286\" target=\"_blank\" rel=\"noopener\">Padre Manuel Nunes Formig\u00e3o<\/a><\/span><\/strong> tomou conhecimento destes fatos. Esta not\u00edcia criou nele uma irresist\u00edvel curiosidade, pois na altura era docente no Semin\u00e1rio em Santar\u00e9m.<\/p>\n<p><span style=\"color: #800080;\">Para ele, F\u00e1tima poderia ser mera supersti\u00e7\u00e3o.<\/span><\/p>\n<h2><b><strong>Foi um dos padres com maior dificuldade em acreditar em tais acontecimentos.<\/strong><\/b><\/h2>\n<p>Tinha vontade de ir a F\u00e1tima, mas confessou que tinha alguma \u201crepugn\u00e2ncia\u201d por recear dar import\u00e2ncia excessiva a uma situa\u00e7\u00e3o que n\u00e3o poderia passar de uma supersti\u00e7\u00e3o.<\/p>\n<p>Chegou a F\u00e1tima, pela primeira vez em 13 de Setembro de 1917. Ali pois achou ter confirmado a sua ideia de que n\u00e3o passava de uma <em>\u201cfalsa\u201d not\u00edcia, e escreve:\u00a0\u201cObrigado pelo amor da verdade, n\u00e3o quero concluir sem dizer que as minhas impress\u00f5es de que se passou neste dia em F\u00e1tima n\u00e3o foram animadoras\u201d<\/em>\u00a0(Jornal A Guarda, n\u00ba. 655, 13 Setembro 1919).<\/p>\n<p>Manteve por muito tempo uma prudente expectativa, esbo\u00e7ando invariavelmente um sorriso de absoluta incredulidade quanto \u00e0queles fatos.<\/p>\n<p><span style=\"color: #800080;\">Nada melhor do que um inimigo para constatar uma autenticidade<\/span><\/p>\n<p style=\"text-align: right;\">.<\/p>\n<p>Mas no dia 27 do mesmo m\u00eas, foi indicado pelo Arcebispo de Milene, D. Jo\u00e3o Evangelista Lima Vidal, que naquela altura governava, interinamente, o Patriarcado de Lisboa e lhe pedira que anotasse tudo o que se passasse na Cova da Iria, sem car\u00e1ter oficial.<\/p>\n<p>Esta indica\u00e7\u00e3o teve por base a sua isen\u00e7\u00e3o e imparcialidade embora sendo um jovem de 34 anos de idade tinha uma forma\u00e7\u00e3o acad\u00eamica em Teologia e Direito Can\u00f4nico.<\/p>\n<p>Voltou mais tarde a F\u00e1tima, mas foi mais c\u00e9tico que nunca, apesar de se comover ao contemplar a f\u00e9 ardente e a piedade dos romeiros durante a viagem.<\/p>\n<p><span style=\"color: #800080;\">O <strong><span style=\"color: #0000ff;\"><a style=\"color: #0000ff;\" href=\"https:\/\/adf.org.br\/velario\/suplicas?origem=31286\" target=\"_blank\" rel=\"noopener\">Pe. Formig\u00e3o<\/a><\/span><\/strong> tinha um velho desejo de escrever a \u201cHist\u00f3ria Cr\u00edtica de F\u00e1tima\u201d situa\u00e7\u00e3o que nunca chegou a fazer, mas fez v\u00e1rios artigos cr\u00edticos em jornais adotando o pseud\u00f4nimo de Visconde de Montelo para evitar a cr\u00edtica da Igreja.<\/span><\/p>\n<h2><b><strong>\u00a0A investiga\u00e7\u00e3o do Pe. Formig\u00e3o<\/strong><\/b><\/h2>\n<figure class=\"wp-caption aligncenter\">\n<p><figure style=\"width: 320px\" class=\"wp-caption aligncenter\"><img loading=\"lazy\" src=\"https:\/\/fotografias.larazon.es\/clipping\/cmsimages01\/2019\/10\/24\/D4CB50B5-CD49-45D6-BBA3-23EDA7326C01\/98.jpg?crop=1373,772,x0,y0&amp;width=1900&amp;height=1069&amp;optimize=low&amp;format=webply\" alt=\"Padre Manuel Nunes Formig\u00e3o Padre Manuel Nunes Formig\u00e3o: Um Grande Ap\u00f3stolo de F\u00e1tima\" width=\"320\" height=\"180\" \/><figcaption class=\"wp-caption-text\">Padre Manuel Nunes Formig\u00e3o em F\u00e1tima. Foto: Divulga\u00e7\u00e3o<\/figcaption><\/figure><figcaption class=\"wp-caption-text\"><\/figcaption><\/figure>\n<p>No dia 10 de Outubro voltou ent\u00e3o a F\u00e1tima e chegou \u00e0 esta\u00e7\u00e3o das Ma\u00e7\u00e3s, seguiu depois para a Vila Nova de Our\u00e9m para falar com o padre local e com algumas pessoas.<\/p>\n<p><span style=\"color: #800080;\">Nos dias seguintes, visitou pois os videntes e come\u00e7a os interrogat\u00f3rios aos pastorinhos. Se d\u00favidas havia no esp\u00edrito do Pe. Formig\u00e3o ficaram ent\u00e3o definitivamente afastadas com a min\u00facia dos seus interrogat\u00f3rios e pela coer\u00eancia dos depoimentos das crian\u00e7as.<\/span><\/p>\n<p>Foi ainda devido \u00e0quele fen\u00f4meno estrondoso ocorrido a 13 de Outubro, que muitos te\u00f3logos apontaram como o mais extraordin\u00e1rio: O Milagre do Sol. Este acontecimento foi o selo divino que garantiu a veracidade das apari\u00e7\u00f5es.<\/p>\n<h2><span style=\"text-decoration: underline;\"><a href=\"https:\/\/www.adf.org.br\/home\/a-historia-completa-do-milagre-do-sol\/\" target=\"_blank\" rel=\"noopener\"><b><strong>\u00a0O Milagre do Sol<\/strong><\/b><\/a><\/span><\/h2>\n<p>O <a href=\"https:\/\/adf.org.br\/velario\/suplicas?origem=31286\" target=\"_blank\" rel=\"noopener\"><strong><span style=\"color: #0000ff;\">Pe. Formig\u00e3o<\/span> <\/strong><\/a>estava l\u00e1. Viu, presencialmente, o fen\u00f4meno e acreditou, tornando-se o maior paladino de emblema de F\u00e1tima e da sua Mensagem.<\/p>\n<p>Mais tarde escreve no jornal \u201cA Guarda\u201d (\u2026)<\/p>\n<blockquote><p><em>\u201cMas s\u00f3 no dia 13 de Outubro, quando presenciei o fen\u00f4meno solar, \u00e9 que reconheci a import\u00e2ncia dos sucessos maravilhosos de F\u00e1tima e resolvi proceder por minha iniciativa e por mero prazer intelectual a um inqu\u00e9rito t\u00e3o profundo e minucioso quanto comportava o cumprimento dos meus deveres profissionais.<\/em>\u201d<br \/>\n(Jornal A Guarda, n\u00ba. 784, de 22 de Abril de 1922)<\/p><\/blockquote>\n<p>Nos interrogat\u00f3rios aos pastorinhos, nos dias 11,13 e 19 de Outubro e nos dias 2 e 3 de Novembro de 1917, o <strong><span style=\"color: #0000ff;\"><a style=\"color: #0000ff;\" href=\"https:\/\/adf.org.br\/velario\/suplicas?origem=31286\" target=\"_blank\" rel=\"noopener\">Padre Formig\u00e3o<\/a><\/span><\/strong> interrogou as crian\u00e7as, tendo confessado mais tarde ter sido \u201cviolento\u201d nas quest\u00f5es.<\/p>\n<h2><b><strong>\u00a0Os pastorinhos analisados pelo Pe. Formig\u00e3o<\/strong><\/b><\/h2>\n<figure class=\"wp-caption aligncenter\"><img loading=\"lazy\" class=\"aligncenter\" src=\"https:\/\/comshalom.org\/wp-content\/uploads\/2017\/05\/11\/angela\/PastorcitosFatima_080517-1.jpg\" alt=\"Padre Manuel Nunes Formig\u00e3o: Um Grande Ap\u00f3stolo de F\u00e1tima\" width=\"391\" height=\"275\" \/><figcaption class=\"wp-caption-text\"><\/figcaption><\/figure>\n<p>Descreveu ent\u00e3o as crian\u00e7as como <em>\u201cserranas e analfabetas\u201d<\/em>\u00a0muito d\u00f3ceis e simp\u00e1ticas; Francisco era um menino de dez anos muito fr\u00e1gil, incapaz de mentir. Jacinta era uma menina de seis anos, respondia com tanta clareza e espontaneidade \u00e0s perguntas, e perguntas dif\u00edceis, que marcou, profundamente o Pe. Formig\u00e3o at\u00e9 ao fim dos seus dias. L\u00facia era uma menina muito l\u00facida para a sua idade.<\/p>\n<p>No Estudo Apolog\u00e9tico dos Videntes, o <strong><span style=\"color: #0000ff;\"><a style=\"color: #0000ff;\" href=\"https:\/\/adf.org.br\/velario\/suplicas?origem=31286\" target=\"_blank\" rel=\"noopener\">Pe. Formig\u00e3o<\/a><\/span><\/strong> ent\u00e3o escreveu.<\/p>\n<blockquote><p><em>\u201cN\u00e3o se pode duvidar da sinceridade das crian\u00e7as. Como podiam desempenhar uma com\u00e9dia tr\u00eas crian\u00e7as simples e ignorantes, uma de 10 anos de idade, outra de 9 anos e a outra de 6 ? Como podiam manter as suas afirmativas, apesar das amea\u00e7as que lhe faziam, das persegui\u00e7\u00f5es de que foram alvo e da pris\u00e3o que sofreram?\u201d<\/em><\/p><\/blockquote>\n<h2><b><strong>\u00a0A morte de Francisco e Jacinta<\/strong><\/b><\/h2>\n<p><span style=\"color: #800080;\">Com a gripe pneum\u00f3nica que ent\u00e3o chegou a Portugal atinge o Ribatejo com grande expans\u00e3o, Francisco e Jacinta s\u00e3o impiedosamente atingidos pela pandemia.<\/span><\/p>\n<p>Jacinta adoeceu ent\u00e3o em Outubro de 1918 e Francisco adoece pouco tempo depois e morre, santamente, em 4 de Abril de 1919.<\/p>\n<p>O<a href=\"https:\/\/adf.org.br\/velario\/suplicas?origem=31286\" target=\"_blank\" rel=\"noopener\"><strong><span style=\"color: #0000ff;\"> Pe. Formig\u00e3o<\/span><\/strong><\/a> acompanhou de perto a doen\u00e7a que vitimou a Jacinta. Amou pois, paternalmente, a vidente, e tudo fez para melhorar a qualidade de vida da sua protegida. Posteriormente, no dia 13 de Outubro de 1919 encontrou a pastorinha gravemente enferma em casa, depois de ter passado, sem grandes resultados pelo hospital de Vila Nova de Our\u00e9m, sob os cuidados de Dr. Preto.<\/p>\n<p>O corpo esquel\u00e9tico, a magreza dos bra\u00e7os, a pleurisia purulenta provocada por uma broncopneumonia deixou ent\u00e3o o esp\u00edrito de Pe. Formig\u00e3o completamente abalado. N\u00e3o mais descansou at\u00e9 conseguir encontrar tratamento para a Jacinta.<\/p>\n<p>Com ent\u00e3o autoriza\u00e7\u00e3o dos pais da vidente e com a ajuda de tr\u00eas amigos: o doutor Eurico Lisboa (m\u00e9dico oftalmologista), o Bar\u00e3o de Alvai\u00e1zere, Luis Ant\u00f3nio Vieira de Magalh\u00e3es e Vasconcelos e a Madre Maria da Purifica\u00e7\u00e3o Godinho receberam Jacinta, em meados de Janeiro de 1920.<\/p>\n<p><span style=\"color: #800080;\">\u00c9 levada para o Hospital D. Estef\u00e2nia, cama 30, em Lisboa. Ali recebeu todos os tratamentos poss\u00edveis. Mas a doen\u00e7a progride, violentamente, sem responder a qualquer medicamento.<\/span><\/p>\n<h2><b><strong>\u00a0Nossa Senhora manda mensagem atrav\u00e9s de Jacinta<\/strong><\/b><\/h2>\n<figure class=\"wp-caption alignleft\"><img loading=\"lazy\" class=\"alignleft\" src=\"https:\/\/www.acidigital.com\/imagespp\/size680\/SantaJacintaMarto_-_FotoArquivoSantuariodeFatima.jpg\" alt=\"\" width=\"306\" height=\"170\" \/><figcaption class=\"wp-caption-text\">Jacinta Marto<\/figcaption><\/figure>\n<p>Em Fevereiro a doen\u00e7a acelera e Jacinta pede \u00e0 Irm\u00e3 Godinho, a presen\u00e7a do Pe. Manuel Nunes Formig\u00e3o. A Irm\u00e3 tenta contactar o Pe. Formig\u00e3o, mas n\u00e3o consegue. A pastorinha sabendo que a sua partida para junto de Nossa Senhora estava pr\u00f3xima, transmite uma mensagem de Nossa Senhora dirigida ao <strong><span style=\"color: #0000ff;\"><a style=\"color: #0000ff;\" href=\"https:\/\/adf.org.br\/velario\/suplicas?origem=31286\" target=\"_blank\" rel=\"noopener\">Pe. Formig\u00e3o<\/a><\/span><\/strong>:<\/p>\n<p><em>\u00a0\u201cNosso Senhor est\u00e1 profundamente indignado com os pecados e crimes que se cometem em Portugal. Por isso um terr\u00edvel cataclismo de ordem social amea\u00e7a o nosso Pa\u00eds e principalmente a cidade de Lisboa. Desencadear-se-\u00e1 uma guerra civil de car\u00e1cter anarquista e comunista, acompanhada de saques, mortic\u00ednios, inc\u00eandios e devasta\u00e7\u00f5es de toda a esp\u00e9cie. A capital converter-se-\u00e1 numa verdadeira imagem do inferno, \u00e9 preciso haver quem fa\u00e7a repara\u00e7\u00e3o\u201d<\/em>(Jacinta: caixa 7, caderno 35), e pede \u00e0 Irm\u00e3 para lhe transmitir a mensagem, o mais depressa poss\u00edvel.<\/p>\n<h2><b><strong>\u00a0Jacinta morre no dia seguinte, de manh\u00e3, dia 20 de Fevereiro de 1920.<\/strong><\/b><\/h2>\n<p>Ap\u00f3s a sua morte o <a href=\"https:\/\/adf.org.br\/velario\/suplicas?origem=31286\" target=\"_blank\" rel=\"noopener\"><strong><span style=\"color: #0000ff;\">Pe. Formig\u00e3o<\/span><\/strong><\/a> e o seu amigo m\u00e9dico Eurico Lisboa, fazem todas as dilig\u00eancias para trazer o corpo de Jacinta para F\u00e1tima, o corpo foi ent\u00e3o transportado, por comboio, da esta\u00e7\u00e3o do Rossio para a esta\u00e7\u00e3o do Ch\u00e3o de Ma\u00e7\u00e3s e da\u00ed, de carro, para o cemit\u00e9rio de Vila Nova de Our\u00e9m, onde ficou depositado no jazigo do benem\u00e9rito Bar\u00e3o de Alvai\u00e1zere, Dr. Luis e Vasconcelos, amigo pessoal do Pe. Formig\u00e3o.<\/p>\n<p><span style=\"color: #800080;\">Atualmente pois, o seu corpo est\u00e1 na Bas\u00edlica, em F\u00e1tima. O Sacerdote que estava\u00a0 ent\u00e3o retido em Santar\u00e9m, por motivos de for\u00e7a maior, n\u00e3o p\u00f4de prestar fisicamente a \u00faltima homenagem \u00e0 sua \u201cquerida\u201d Jacinta e ficou muito triste. Prestou \u00e0 fam\u00edlia Marto as condol\u00eancias pelos \u00faltimos acontecimentos.<\/span><\/p>\n<p>Ao ter conhecimento da mensagem, que n\u00e3o a ouviu da boca de Jacinta, mas da Madre Godinho, o Pe Manuel Formig\u00e3o, mais tarde escreve:<\/p>\n<p><em>\u201cPor inspira\u00e7\u00e3o de Deus, surgida ap\u00f3s longas horas de intimidade com Ele junto ao sacr\u00e1rio, cheguei \u00e0 conclus\u00e3o que a repara\u00e7\u00e3o devia ser vivida por todos os seus filhos, religiosas, sacerdotes e leigos, porque todos eram convidados a participar no bem que podiam e deviam fazer ao pr\u00f3ximo\u2026.\u201d<\/em><\/p>\n<p>&nbsp;<\/p>\n<h2 style=\"text-align: center;\">Padre Manuel Nunes Formig\u00e3o: Um Grande Ap\u00f3stolo de F\u00e1tima<\/h2>\n<h3 style=\"text-align: center;\">&#8220;O Quarto Pastorinho&#8221;<\/h3>\n<p style=\"text-align: center;\">***<\/p>\n<p>&nbsp;<\/p>\n<p>Tendo em vista o comportamento memor\u00e1vel do Padre Manuel Formig\u00e3o, vamos acender uma vela de s\u00faplicas para Nossa Senhora de F\u00e1tima!<\/p>\n<p>Clique na imagem abaixo e coloque pois suas inten\u00e7\u00f5es para a Missa de S\u00faplicas para Nossa Senhora de F\u00e1tima!<\/p>\n<p><a href=\"https:\/\/adf.org.br\/velario\/suplicas?origem=31286\" target=\"_blank\" rel=\"noopener\"><img loading=\"lazy\" class=\"aligncenter wp-image-68317 size-full\" src=\"https:\/\/www.adf.org.br\/home\/wp-content\/uploads\/2022\/05\/Vela-de-Nossa-Senhora-de-Fatima-1.jpg\" alt=\"\" width=\"600\" height=\"350\" srcset=\"https:\/\/www.adf.org.br\/home\/wp-content\/uploads\/2022\/05\/Vela-de-Nossa-Senhora-de-Fatima-1.jpg 600w, https:\/\/www.adf.org.br\/home\/wp-content\/uploads\/2022\/05\/Vela-de-Nossa-Senhora-de-Fatima-1-300x175.jpg 300w\" sizes=\"(max-width: 600px) 100vw, 600px\" \/><\/a><\/p>\n","protected":false},"excerpt":{"rendered":"<p>Padre Manuel Nunes Formig\u00e3o, de incr\u00e9dulo tornou-se um dos maiores ap\u00f3stolos das apari\u00e7\u00f5es de Nossa Senhora, tendo recebido d&#8217;ela uma mensagem. Praticamente o povo portugu\u00eas s\u00f3 teve pois conhecimento das apari\u00e7\u00f5es de Nossa Senhora em 23 de Julho de 1917, atrav\u00e9s de uma publica\u00e7\u00e3o no jornal \u201cO S\u00e9culo\u201d com o t\u00edtulo de grande maldade, sen\u00e3o [&hellip;]<\/p>\n","protected":false},"author":9,"featured_media":73017,"comment_status":"open","ping_status":"open","sticky":false,"template":"","format":"standard","meta":[],"categories":[9,20,4802,4707,118,56],"tags":[382,198,2350,57,4685],"yoast_head":"<!-- This site is optimized with the Yoast SEO plugin v17.4 - https:\/\/yoast.com\/wordpress\/plugins\/seo\/ -->\n<title>Padre Manuel Nunes Formig\u00e3o: Um Grande Ap\u00f3stolo de F\u00e1tima<\/title>\n<meta name=\"description\" content=\"O Padre Manuel Nunes Formig\u00e3o: Um Grande Ap\u00f3stolo de F\u00e1tima. Descubra o que Nossa Senhora o contou sobre a apari\u00e7\u00e3o em F\u00e1tima!\" \/>\n<meta name=\"robots\" content=\"index, follow, max-snippet:-1, max-image-preview:large, max-video-preview:-1\" \/>\n<link rel=\"canonical\" href=\"https:\/\/www.adf.org.br\/home\/padre-manuel-nunes-formigao-um-grande-apostolo-de-fatima\/\" \/>\n<meta property=\"og:locale\" content=\"pt_BR\" \/>\n<meta property=\"og:type\" content=\"article\" \/>\n<meta property=\"og:title\" content=\"Padre Manuel Nunes Formig\u00e3o: Um Grande Ap\u00f3stolo de F\u00e1tima\" \/>\n<meta property=\"og:description\" content=\"O Padre Manuel Nunes Formig\u00e3o: Um Grande Ap\u00f3stolo de F\u00e1tima. Descubra o que Nossa Senhora o contou sobre a apari\u00e7\u00e3o em F\u00e1tima!\" \/>\n<meta property=\"og:url\" content=\"https:\/\/www.adf.org.br\/home\/padre-manuel-nunes-formigao-um-grande-apostolo-de-fatima\/\" \/>\n<meta property=\"og:site_name\" content=\"Associa\u00e7\u00e3o Devotos de F\u00e1tima\" \/>\n<meta property=\"article:published_time\" content=\"2024-10-20T07:03:48+00:00\" \/>\n<meta property=\"article:modified_time\" content=\"2024-10-18T20:47:17+00:00\" \/>\n<meta property=\"og:image\" content=\"https:\/\/www.adf.org.br\/home\/wp-content\/uploads\/2023\/07\/Padre-Manuel-Nunes-Formigao.jpg\" \/>\n\t<meta property=\"og:image:width\" content=\"1024\" \/>\n\t<meta property=\"og:image:height\" content=\"617\" \/>\n<meta name=\"twitter:card\" content=\"summary_large_image\" \/>\n<meta name=\"twitter:label1\" content=\"Escrito por\" \/>\n\t<meta name=\"twitter:data1\" content=\"administrador\" \/>\n\t<meta name=\"twitter:label2\" content=\"Est. tempo de leitura\" \/>\n\t<meta name=\"twitter:data2\" content=\"8 minutos\" \/>\n<script type=\"application\/ld+json\" class=\"yoast-schema-graph\">{\"@context\":\"https:\/\/schema.org\",\"@graph\":[{\"@type\":\"WebSite\",\"@id\":\"https:\/\/www.adf.org.br\/home\/#website\",\"url\":\"https:\/\/www.adf.org.br\/home\/\",\"name\":\"Associa\\u00e7\\u00e3o Devotos de F\\u00e1tima\",\"description\":\"Associa\\u00e7\\u00e3o Devotos de F\\u00e1tima\",\"potentialAction\":[{\"@type\":\"SearchAction\",\"target\":{\"@type\":\"EntryPoint\",\"urlTemplate\":\"https:\/\/www.adf.org.br\/home\/?s={search_term_string}\"},\"query-input\":\"required name=search_term_string\"}],\"inLanguage\":\"pt-BR\"},{\"@type\":\"ImageObject\",\"@id\":\"https:\/\/www.adf.org.br\/home\/padre-manuel-nunes-formigao-um-grande-apostolo-de-fatima\/#primaryimage\",\"inLanguage\":\"pt-BR\",\"url\":\"https:\/\/www.adf.org.br\/home\/wp-content\/uploads\/2023\/07\/Padre-Manuel-Nunes-Formigao.jpg\",\"contentUrl\":\"https:\/\/www.adf.org.br\/home\/wp-content\/uploads\/2023\/07\/Padre-Manuel-Nunes-Formigao.jpg\",\"width\":1024,\"height\":617,\"caption\":\"Padre Manuel Nunes Formig\\u00e3o\"},{\"@type\":\"WebPage\",\"@id\":\"https:\/\/www.adf.org.br\/home\/padre-manuel-nunes-formigao-um-grande-apostolo-de-fatima\/#webpage\",\"url\":\"https:\/\/www.adf.org.br\/home\/padre-manuel-nunes-formigao-um-grande-apostolo-de-fatima\/\",\"name\":\"Padre Manuel Nunes Formig\\u00e3o: Um Grande Ap\\u00f3stolo de F\\u00e1tima\",\"isPartOf\":{\"@id\":\"https:\/\/www.adf.org.br\/home\/#website\"},\"primaryImageOfPage\":{\"@id\":\"https:\/\/www.adf.org.br\/home\/padre-manuel-nunes-formigao-um-grande-apostolo-de-fatima\/#primaryimage\"},\"datePublished\":\"2024-10-20T07:03:48+00:00\",\"dateModified\":\"2024-10-18T20:47:17+00:00\",\"author\":{\"@id\":\"https:\/\/www.adf.org.br\/home\/#\/schema\/person\/03b50b7f0711bc818ead306331657cb5\"},\"description\":\"O Padre Manuel Nunes Formig\\u00e3o: Um Grande Ap\\u00f3stolo de F\\u00e1tima. Descubra o que Nossa Senhora o contou sobre a apari\\u00e7\\u00e3o em F\\u00e1tima!\",\"breadcrumb\":{\"@id\":\"https:\/\/www.adf.org.br\/home\/padre-manuel-nunes-formigao-um-grande-apostolo-de-fatima\/#breadcrumb\"},\"inLanguage\":\"pt-BR\",\"potentialAction\":[{\"@type\":\"ReadAction\",\"target\":[\"https:\/\/www.adf.org.br\/home\/padre-manuel-nunes-formigao-um-grande-apostolo-de-fatima\/\"]}]},{\"@type\":\"BreadcrumbList\",\"@id\":\"https:\/\/www.adf.org.br\/home\/padre-manuel-nunes-formigao-um-grande-apostolo-de-fatima\/#breadcrumb\",\"itemListElement\":[{\"@type\":\"ListItem\",\"position\":1,\"name\":\"Home\",\"item\":\"https:\/\/www.adf.org.br\/home\/\"},{\"@type\":\"ListItem\",\"position\":2,\"name\":\"Padre Manuel Nunes Formig\\u00e3o: Um Grande Ap\\u00f3stolo de F\\u00e1tima\"}]},{\"@type\":\"Person\",\"@id\":\"https:\/\/www.adf.org.br\/home\/#\/schema\/person\/03b50b7f0711bc818ead306331657cb5\",\"name\":\"administrador\",\"image\":{\"@type\":\"ImageObject\",\"@id\":\"https:\/\/www.adf.org.br\/home\/#personlogo\",\"inLanguage\":\"pt-BR\",\"url\":\"https:\/\/secure.gravatar.com\/avatar\/2f4d3b4697b7c5df630d1489d9c80573?s=96&d=mm&r=g\",\"contentUrl\":\"https:\/\/secure.gravatar.com\/avatar\/2f4d3b4697b7c5df630d1489d9c80573?s=96&d=mm&r=g\",\"caption\":\"administrador\"},\"url\":\"https:\/\/www.adf.org.br\/home\/author\/administrador\/\"}]}<\/script>\n<!-- \/ Yoast SEO plugin. -->","yoast_head_json":{"title":"Padre Manuel Nunes Formig\u00e3o: Um Grande Ap\u00f3stolo de F\u00e1tima","description":"O Padre Manuel Nunes Formig\u00e3o: Um Grande Ap\u00f3stolo de F\u00e1tima. Descubra o que Nossa Senhora o contou sobre a apari\u00e7\u00e3o em F\u00e1tima!","robots":{"index":"index","follow":"follow","max-snippet":"max-snippet:-1","max-image-preview":"max-image-preview:large","max-video-preview":"max-video-preview:-1"},"canonical":"https:\/\/www.adf.org.br\/home\/padre-manuel-nunes-formigao-um-grande-apostolo-de-fatima\/","og_locale":"pt_BR","og_type":"article","og_title":"Padre Manuel Nunes Formig\u00e3o: Um Grande Ap\u00f3stolo de F\u00e1tima","og_description":"O Padre Manuel Nunes Formig\u00e3o: Um Grande Ap\u00f3stolo de F\u00e1tima. Descubra o que Nossa Senhora o contou sobre a apari\u00e7\u00e3o em F\u00e1tima!","og_url":"https:\/\/www.adf.org.br\/home\/padre-manuel-nunes-formigao-um-grande-apostolo-de-fatima\/","og_site_name":"Associa\u00e7\u00e3o Devotos de F\u00e1tima","article_published_time":"2024-10-20T07:03:48+00:00","article_modified_time":"2024-10-18T20:47:17+00:00","og_image":[{"width":1024,"height":617,"url":"https:\/\/www.adf.org.br\/home\/wp-content\/uploads\/2023\/07\/Padre-Manuel-Nunes-Formigao.jpg","type":"image\/jpeg"}],"twitter_card":"summary_large_image","twitter_misc":{"Escrito por":"administrador","Est. tempo de leitura":"8 minutos"},"schema":{"@context":"https:\/\/schema.org","@graph":[{"@type":"WebSite","@id":"https:\/\/www.adf.org.br\/home\/#website","url":"https:\/\/www.adf.org.br\/home\/","name":"Associa\u00e7\u00e3o Devotos de F\u00e1tima","description":"Associa\u00e7\u00e3o Devotos de F\u00e1tima","potentialAction":[{"@type":"SearchAction","target":{"@type":"EntryPoint","urlTemplate":"https:\/\/www.adf.org.br\/home\/?s={search_term_string}"},"query-input":"required name=search_term_string"}],"inLanguage":"pt-BR"},{"@type":"ImageObject","@id":"https:\/\/www.adf.org.br\/home\/padre-manuel-nunes-formigao-um-grande-apostolo-de-fatima\/#primaryimage","inLanguage":"pt-BR","url":"https:\/\/www.adf.org.br\/home\/wp-content\/uploads\/2023\/07\/Padre-Manuel-Nunes-Formigao.jpg","contentUrl":"https:\/\/www.adf.org.br\/home\/wp-content\/uploads\/2023\/07\/Padre-Manuel-Nunes-Formigao.jpg","width":1024,"height":617,"caption":"Padre Manuel Nunes Formig\u00e3o"},{"@type":"WebPage","@id":"https:\/\/www.adf.org.br\/home\/padre-manuel-nunes-formigao-um-grande-apostolo-de-fatima\/#webpage","url":"https:\/\/www.adf.org.br\/home\/padre-manuel-nunes-formigao-um-grande-apostolo-de-fatima\/","name":"Padre Manuel Nunes Formig\u00e3o: Um Grande Ap\u00f3stolo de F\u00e1tima","isPartOf":{"@id":"https:\/\/www.adf.org.br\/home\/#website"},"primaryImageOfPage":{"@id":"https:\/\/www.adf.org.br\/home\/padre-manuel-nunes-formigao-um-grande-apostolo-de-fatima\/#primaryimage"},"datePublished":"2024-10-20T07:03:48+00:00","dateModified":"2024-10-18T20:47:17+00:00","author":{"@id":"https:\/\/www.adf.org.br\/home\/#\/schema\/person\/03b50b7f0711bc818ead306331657cb5"},"description":"O Padre Manuel Nunes Formig\u00e3o: Um Grande Ap\u00f3stolo de F\u00e1tima. Descubra o que Nossa Senhora o contou sobre a apari\u00e7\u00e3o em F\u00e1tima!","breadcrumb":{"@id":"https:\/\/www.adf.org.br\/home\/padre-manuel-nunes-formigao-um-grande-apostolo-de-fatima\/#breadcrumb"},"inLanguage":"pt-BR","potentialAction":[{"@type":"ReadAction","target":["https:\/\/www.adf.org.br\/home\/padre-manuel-nunes-formigao-um-grande-apostolo-de-fatima\/"]}]},{"@type":"BreadcrumbList","@id":"https:\/\/www.adf.org.br\/home\/padre-manuel-nunes-formigao-um-grande-apostolo-de-fatima\/#breadcrumb","itemListElement":[{"@type":"ListItem","position":1,"name":"Home","item":"https:\/\/www.adf.org.br\/home\/"},{"@type":"ListItem","position":2,"name":"Padre Manuel Nunes Formig\u00e3o: Um Grande Ap\u00f3stolo de F\u00e1tima"}]},{"@type":"Person","@id":"https:\/\/www.adf.org.br\/home\/#\/schema\/person\/03b50b7f0711bc818ead306331657cb5","name":"administrador","image":{"@type":"ImageObject","@id":"https:\/\/www.adf.org.br\/home\/#personlogo","inLanguage":"pt-BR","url":"https:\/\/secure.gravatar.com\/avatar\/2f4d3b4697b7c5df630d1489d9c80573?s=96&d=mm&r=g","contentUrl":"https:\/\/secure.gravatar.com\/avatar\/2f4d3b4697b7c5df630d1489d9c80573?s=96&d=mm&r=g","caption":"administrador"},"url":"https:\/\/www.adf.org.br\/home\/author\/administrador\/"}]}},"_links":{"self":[{"href":"https:\/\/www.adf.org.br\/home\/wp-json\/wp\/v2\/posts\/77776"}],"collection":[{"href":"https:\/\/www.adf.org.br\/home\/wp-json\/wp\/v2\/posts"}],"about":[{"href":"https:\/\/www.adf.org.br\/home\/wp-json\/wp\/v2\/types\/post"}],"author":[{"embeddable":true,"href":"https:\/\/www.adf.org.br\/home\/wp-json\/wp\/v2\/users\/9"}],"replies":[{"embeddable":true,"href":"https:\/\/www.adf.org.br\/home\/wp-json\/wp\/v2\/comments?post=77776"}],"version-history":[{"count":5,"href":"https:\/\/www.adf.org.br\/home\/wp-json\/wp\/v2\/posts\/77776\/revisions"}],"predecessor-version":[{"id":77783,"href":"https:\/\/www.adf.org.br\/home\/wp-json\/wp\/v2\/posts\/77776\/revisions\/77783"}],"wp:featuredmedia":[{"embeddable":true,"href":"https:\/\/www.adf.org.br\/home\/wp-json\/wp\/v2\/media\/73017"}],"wp:attachment":[{"href":"https:\/\/www.adf.org.br\/home\/wp-json\/wp\/v2\/media?parent=77776"}],"wp:term":[{"taxonomy":"category","embeddable":true,"href":"https:\/\/www.adf.org.br\/home\/wp-json\/wp\/v2\/categories?post=77776"},{"taxonomy":"post_tag","embeddable":true,"href":"https:\/\/www.adf.org.br\/home\/wp-json\/wp\/v2\/tags?post=77776"}],"curies":[{"name":"wp","href":"https:\/\/api.w.org\/{rel}","templated":true}]}}