{"id":77686,"date":"2024-10-10T00:03:03","date_gmt":"2024-10-10T03:03:03","guid":{"rendered":"https:\/\/www.adf.org.br\/home\/?p=77686"},"modified":"2024-10-11T09:17:15","modified_gmt":"2024-10-11T12:17:15","slug":"aparecida-e-o-legado-mariano-portugues","status":"publish","type":"post","link":"https:\/\/www.adf.org.br\/home\/aparecida-e-o-legado-mariano-portugues\/","title":{"rendered":"Aparecida e o Legado Mariano Portugu\u00eas"},"content":{"rendered":"<h2><img loading=\"lazy\" class=\"aligncenter wp-image-60784 size-full\" src=\"https:\/\/www.adf.org.br\/home\/wp-content\/uploads\/2020\/07\/nossa-senhora-aparecida-2.jpg\" alt=\"Aparecida e o Legado Mariano Portugu\u00eas\" width=\"600\" height=\"350\" srcset=\"https:\/\/www.adf.org.br\/home\/wp-content\/uploads\/2020\/07\/nossa-senhora-aparecida-2.jpg 600w, https:\/\/www.adf.org.br\/home\/wp-content\/uploads\/2020\/07\/nossa-senhora-aparecida-2-300x175.jpg 300w\" sizes=\"(max-width: 600px) 100vw, 600px\" \/><\/h2>\n<h2 style=\"text-align: center;\"><b>Aparecida e o Legado Mariano Portugu\u00eas<\/b><\/h2>\n<p>&nbsp;<\/p>\n<p><span style=\"font-weight: 400;\">Ap\u00f3s um longo per\u00edodo de incertezas e uma longa domina\u00e7\u00e3o pol\u00edtica espanhola, o povo portugu\u00eas triunfou e novamente se tornou independente.\u00a0<\/span><\/p>\n<p><span style=\"font-weight: 400;\">Um dos primeiros atos do vitorioso rei Dom Jo\u00e3o IV? <strong>Dar sua coroa aos p\u00e9s da imagem de Nossa Senhora da Concei\u00e7\u00e3o<\/strong>, aclamando-a como:<\/span><\/p>\n<p>&nbsp;<\/p>\n<blockquote><p><span style=\"font-weight: 400;\">\u201c<\/span><b>A verdadeira Rainha de Portugal<\/b><span style=\"font-weight: 400;\"> [&#8230;] fez me Deus merc\u00ea por sua intercess\u00e3o, que tomasse posse da Coroa e Ceptro para reinar estes meus livres reinos do pesado cativeiro de Castela [Espanha]\u201d.<\/span><\/p><\/blockquote>\n<p>&nbsp;<\/p>\n<p><span style=\"font-weight: 400;\">Pois um reino cuja origem j\u00e1 se inicia com um ato de agradecimento aos c\u00e9us e a Nossa Senhora n\u00e3o poderia ter destino alheio \u00e0 grandeza.<\/span><\/p>\n<p><span style=\"font-weight: 400;\">Durante as bem-aventuradas explora\u00e7\u00f5es portuguesas, o povo lusitano iluminou os povos sob seu jugo com a doutrina cat\u00f3lica. <\/span><\/p>\n<p><span style=\"font-weight: 400;\">E n\u00e3o o bastante, <\/span><span style=\"font-weight: 400;\">de forma vital, suas cren\u00e7as, ess\u00eancia e formas de ver o mundo.<\/span><\/p>\n<p>&nbsp;<\/p>\n<p><span style=\"font-weight: 400;\">Em quase uma rela\u00e7\u00e3o de pai para filho, a na\u00e7\u00e3o brasileira cresceu aos exemplos do povo portugu\u00eas, <\/span><\/p>\n<p><span style=\"font-weight: 400; color: #800080;\">ent\u00e3o adotando o mesmo amor pela eterna Rainha de Portugal, Nossa Senhora.\u00a0<\/span><\/p>\n<p>&nbsp;<\/p>\n<p><span style=\"font-weight: 400;\">N\u00e3o \u00e9 ent\u00e3o de se espantar que a imagem que apareceu no rio para os pescadores e foi, subsequentemente, consagrada como a <\/span><b>Rainha do Brasil<\/b><span style=\"font-weight: 400;\">, seja de Nossa Senhora da Concei\u00e7\u00e3o, esta a qual chamamos de \u201cNossa Senhora da Concei\u00e7\u00e3o <\/span><b>Aparecida<\/b><span style=\"font-weight: 400;\">\u201d.<\/span><\/p>\n<p>&nbsp;<\/p>\n<p><strong>\u00c9 uma confirma\u00e7\u00e3o divina da unidade do povo portugu\u00eas e brasileiro.<\/strong><\/p>\n<p><span style=\"font-weight: 400;\"> Uma uni\u00e3o inquebrant\u00e1vel que ir\u00e1 existir ent\u00e3o at\u00e9 o dia em que se fale sobre Nossa Senhora no Brasil.<\/span><\/p>\n<p><span style=\"font-weight: 400;\">Mesmo a um oceano de dist\u00e2ncia, sempre ser\u00e1 um \u00fanico povo; n\u00e3o h\u00e1 de se haver pois d\u00favidas que o Anjo de Portugal, descrito por Nossa Senhora em F\u00e1tima, tamb\u00e9m zela por n\u00f3s brasileiros.<\/span><\/p>\n<p>&nbsp;<\/p>\n<h3><img loading=\"lazy\" class=\"alignleft wp-image-73069 size-thumbnail\" src=\"https:\/\/www.adf.org.br\/home\/wp-content\/uploads\/2023\/07\/terceira-aparicao-fatima-150x150.jpg\" alt=\"terceira apari\u00e7\u00e3o fatima Aparecida e o Legado Mariano Portugu\u00eas\" width=\"150\" height=\"150\" \/>F\u00e1tima e Aparecida: a mesma apari\u00e7\u00e3o, em ess\u00eancia<\/h3>\n<p>&nbsp;<\/p>\n<p>Da mesma forma que a apari\u00e7\u00e3o de F\u00e1tima revelou o caminho de Portugal e, em geral, do mundo, para o futuro, Aparecida tamb\u00e9m nos traz uma revela\u00e7\u00e3o.<\/p>\n<p>A imagem Aparecida traz para o Brasil um resumo de sua ess\u00eancia: uma bela imagem de Nossa Senhora da Concei\u00e7\u00e3o que se quebra.<\/p>\n<p><img loading=\"lazy\" class=\"alignright wp-image-73941 size-thumbnail\" src=\"https:\/\/www.adf.org.br\/home\/wp-content\/uploads\/2023\/10\/Pedidos-de-oracao-Nossa-Senhora-Aparecida-150x150.jpg\" alt=\"Pedidos de ora\u00e7\u00e3o Nossa Senhora Aparecida e o Legado Mariano Portugu\u00eas\" width=\"150\" height=\"150\" \/><\/p>\n<p>Se quebrando, \u00e9 posta de volta uma vez, duas vezes, <strong>quantas forem necess\u00e1rias<\/strong>:<span style=\"color: #800080;\"> a perseveran\u00e7a brasileira transborda em seu amor por Maria.<\/span><\/p>\n<p>O enegrecimento da imagem devido ao tempo tamb\u00e9m muito diz sobre os v\u00e1rios pois &#8220;povos brasileiros&#8221;, n\u00f3s; eu; voc\u00ea.<\/p>\n<p>\u00c9 uma recorda\u00e7\u00e3o visual que a salva\u00e7\u00e3o n\u00e3o \u00e9 apenas para os brancos descendentes de portugueses, mas para os negros, japoneses, ind\u00edgenas, quem for.<\/p>\n<p>Se trata de um s\u00edmbolo que ent\u00e3o linda e perfeitamente ilustra nosso quadro social.<\/p>\n<p>&nbsp;<\/p>\n<p style=\"text-align: center;\"><strong><span style=\"color: #800080;\">&#8220;Aparecida \u00e9 F\u00e1tima!&#8221;<\/span><\/strong><\/p>\n<p style=\"text-align: center;\">***<\/p>\n<p>&nbsp;<\/p>\n<p>Ponderou sobre Nossa Senhora Aparecida e o Legado Mariano Portugu\u00eas? Acenda pois uma vela para Nossa Senhora Aparecida!<\/p>\n<p>&nbsp;<\/p>\n<figure id=\"attachment_74008\" aria-describedby=\"caption-attachment-74008\" style=\"width: 600px\" class=\"wp-caption aligncenter\"><a href=\"https:\/\/www.adf.org.br\/veladeaparecida\/?origem=31245\" target=\"_blank\" rel=\"noopener\"><img loading=\"lazy\" class=\"wp-image-74008 size-full\" src=\"https:\/\/www.adf.org.br\/home\/wp-content\/uploads\/2023\/10\/unnamed-57.jpg\" alt=\"Vela Virtual a Nossa Senhora Aparecida\" width=\"600\" height=\"350\" srcset=\"https:\/\/www.adf.org.br\/home\/wp-content\/uploads\/2023\/10\/unnamed-57.jpg 600w, https:\/\/www.adf.org.br\/home\/wp-content\/uploads\/2023\/10\/unnamed-57-300x175.jpg 300w\" sizes=\"(max-width: 600px) 100vw, 600px\" \/><\/a><figcaption id=\"caption-attachment-74008\" class=\"wp-caption-text\">Vela Virtual a Nossa Senhora Aparecida<\/figcaption><\/figure>\n<p>&nbsp;<\/p>\n<p>A Vela Virtual \u00e9 uma grande ferramenta para obter gra\u00e7as, pois os cadastrados<strong> ter\u00e3o suas inten\u00e7\u00f5es postas na missa de Nossa Senhora Aparecida<\/strong>, neste dia 12 de outubro!<\/p>\n","protected":false},"excerpt":{"rendered":"<p>Aparecida e o Legado Mariano Portugu\u00eas &nbsp; Ap\u00f3s um longo per\u00edodo de incertezas e uma longa domina\u00e7\u00e3o pol\u00edtica espanhola, o povo portugu\u00eas triunfou e novamente se tornou independente.\u00a0 Um dos primeiros atos do vitorioso rei Dom Jo\u00e3o IV? Dar sua coroa aos p\u00e9s da imagem de Nossa Senhora da Concei\u00e7\u00e3o, aclamando-a como: &nbsp; \u201cA verdadeira [&hellip;]<\/p>\n","protected":false},"author":9,"featured_media":77700,"comment_status":"open","ping_status":"open","sticky":false,"template":"","format":"standard","meta":[],"categories":[20,5531,1954,56,5660],"tags":[92,57],"yoast_head":"<!-- This site is optimized with the Yoast SEO plugin v17.4 - https:\/\/yoast.com\/wordpress\/plugins\/seo\/ -->\n<title>Aparecida e o Legado Mariano Portugu\u00eas<\/title>\n<meta name=\"description\" content=\"Voc\u00ea conhece a liga\u00e7\u00e3o entre Nossa Senhora Aparecida e o Legado Mariano Portugu\u00eas? \u00c9 o que ir\u00e1 ser abordado hoje!\" \/>\n<meta name=\"robots\" content=\"index, follow, max-snippet:-1, max-image-preview:large, max-video-preview:-1\" \/>\n<link rel=\"canonical\" href=\"https:\/\/www.adf.org.br\/home\/aparecida-e-o-legado-mariano-portugues\/\" \/>\n<meta property=\"og:locale\" content=\"pt_BR\" \/>\n<meta property=\"og:type\" content=\"article\" \/>\n<meta property=\"og:title\" content=\"Aparecida e o Legado Mariano Portugu\u00eas\" \/>\n<meta property=\"og:description\" content=\"Voc\u00ea conhece a liga\u00e7\u00e3o entre Nossa Senhora Aparecida e o Legado Mariano Portugu\u00eas? \u00c9 o que ir\u00e1 ser abordado hoje!\" \/>\n<meta property=\"og:url\" content=\"https:\/\/www.adf.org.br\/home\/aparecida-e-o-legado-mariano-portugues\/\" \/>\n<meta property=\"og:site_name\" content=\"Associa\u00e7\u00e3o Devotos de F\u00e1tima\" \/>\n<meta property=\"article:published_time\" content=\"2024-10-10T03:03:03+00:00\" \/>\n<meta property=\"article:modified_time\" content=\"2024-10-11T12:17:15+00:00\" \/>\n<meta property=\"og:image\" content=\"https:\/\/www.adf.org.br\/home\/wp-content\/uploads\/2024\/10\/d570a9747e795cef5df63658000733f0-gpLarge.jpg\" \/>\n\t<meta property=\"og:image:width\" content=\"960\" \/>\n\t<meta property=\"og:image:height\" content=\"640\" \/>\n<meta name=\"twitter:card\" content=\"summary_large_image\" \/>\n<meta name=\"twitter:label1\" content=\"Escrito por\" \/>\n\t<meta name=\"twitter:data1\" content=\"administrador\" \/>\n\t<meta name=\"twitter:label2\" content=\"Est. tempo de leitura\" \/>\n\t<meta name=\"twitter:data2\" content=\"3 minutos\" \/>\n<script type=\"application\/ld+json\" class=\"yoast-schema-graph\">{\"@context\":\"https:\/\/schema.org\",\"@graph\":[{\"@type\":\"WebSite\",\"@id\":\"https:\/\/www.adf.org.br\/home\/#website\",\"url\":\"https:\/\/www.adf.org.br\/home\/\",\"name\":\"Associa\\u00e7\\u00e3o Devotos de F\\u00e1tima\",\"description\":\"Associa\\u00e7\\u00e3o Devotos de F\\u00e1tima\",\"potentialAction\":[{\"@type\":\"SearchAction\",\"target\":{\"@type\":\"EntryPoint\",\"urlTemplate\":\"https:\/\/www.adf.org.br\/home\/?s={search_term_string}\"},\"query-input\":\"required name=search_term_string\"}],\"inLanguage\":\"pt-BR\"},{\"@type\":\"ImageObject\",\"@id\":\"https:\/\/www.adf.org.br\/home\/aparecida-e-o-legado-mariano-portugues\/#primaryimage\",\"inLanguage\":\"pt-BR\",\"url\":\"https:\/\/www.adf.org.br\/home\/wp-content\/uploads\/2024\/10\/d570a9747e795cef5df63658000733f0-gpLarge.jpg\",\"contentUrl\":\"https:\/\/www.adf.org.br\/home\/wp-content\/uploads\/2024\/10\/d570a9747e795cef5df63658000733f0-gpLarge.jpg\",\"width\":960,\"height\":640},{\"@type\":\"WebPage\",\"@id\":\"https:\/\/www.adf.org.br\/home\/aparecida-e-o-legado-mariano-portugues\/#webpage\",\"url\":\"https:\/\/www.adf.org.br\/home\/aparecida-e-o-legado-mariano-portugues\/\",\"name\":\"Aparecida e o Legado Mariano Portugu\\u00eas\",\"isPartOf\":{\"@id\":\"https:\/\/www.adf.org.br\/home\/#website\"},\"primaryImageOfPage\":{\"@id\":\"https:\/\/www.adf.org.br\/home\/aparecida-e-o-legado-mariano-portugues\/#primaryimage\"},\"datePublished\":\"2024-10-10T03:03:03+00:00\",\"dateModified\":\"2024-10-11T12:17:15+00:00\",\"author\":{\"@id\":\"https:\/\/www.adf.org.br\/home\/#\/schema\/person\/03b50b7f0711bc818ead306331657cb5\"},\"description\":\"Voc\\u00ea conhece a liga\\u00e7\\u00e3o entre Nossa Senhora Aparecida e o Legado Mariano Portugu\\u00eas? \\u00c9 o que ir\\u00e1 ser abordado hoje!\",\"breadcrumb\":{\"@id\":\"https:\/\/www.adf.org.br\/home\/aparecida-e-o-legado-mariano-portugues\/#breadcrumb\"},\"inLanguage\":\"pt-BR\",\"potentialAction\":[{\"@type\":\"ReadAction\",\"target\":[\"https:\/\/www.adf.org.br\/home\/aparecida-e-o-legado-mariano-portugues\/\"]}]},{\"@type\":\"BreadcrumbList\",\"@id\":\"https:\/\/www.adf.org.br\/home\/aparecida-e-o-legado-mariano-portugues\/#breadcrumb\",\"itemListElement\":[{\"@type\":\"ListItem\",\"position\":1,\"name\":\"Home\",\"item\":\"https:\/\/www.adf.org.br\/home\/\"},{\"@type\":\"ListItem\",\"position\":2,\"name\":\"Aparecida e o Legado Mariano Portugu\\u00eas\"}]},{\"@type\":\"Person\",\"@id\":\"https:\/\/www.adf.org.br\/home\/#\/schema\/person\/03b50b7f0711bc818ead306331657cb5\",\"name\":\"administrador\",\"image\":{\"@type\":\"ImageObject\",\"@id\":\"https:\/\/www.adf.org.br\/home\/#personlogo\",\"inLanguage\":\"pt-BR\",\"url\":\"https:\/\/secure.gravatar.com\/avatar\/2f4d3b4697b7c5df630d1489d9c80573?s=96&d=mm&r=g\",\"contentUrl\":\"https:\/\/secure.gravatar.com\/avatar\/2f4d3b4697b7c5df630d1489d9c80573?s=96&d=mm&r=g\",\"caption\":\"administrador\"},\"url\":\"https:\/\/www.adf.org.br\/home\/author\/administrador\/\"}]}<\/script>\n<!-- \/ Yoast SEO plugin. -->","yoast_head_json":{"title":"Aparecida e o Legado Mariano Portugu\u00eas","description":"Voc\u00ea conhece a liga\u00e7\u00e3o entre Nossa Senhora Aparecida e o Legado Mariano Portugu\u00eas? \u00c9 o que ir\u00e1 ser abordado hoje!","robots":{"index":"index","follow":"follow","max-snippet":"max-snippet:-1","max-image-preview":"max-image-preview:large","max-video-preview":"max-video-preview:-1"},"canonical":"https:\/\/www.adf.org.br\/home\/aparecida-e-o-legado-mariano-portugues\/","og_locale":"pt_BR","og_type":"article","og_title":"Aparecida e o Legado Mariano Portugu\u00eas","og_description":"Voc\u00ea conhece a liga\u00e7\u00e3o entre Nossa Senhora Aparecida e o Legado Mariano Portugu\u00eas? \u00c9 o que ir\u00e1 ser abordado hoje!","og_url":"https:\/\/www.adf.org.br\/home\/aparecida-e-o-legado-mariano-portugues\/","og_site_name":"Associa\u00e7\u00e3o Devotos de F\u00e1tima","article_published_time":"2024-10-10T03:03:03+00:00","article_modified_time":"2024-10-11T12:17:15+00:00","og_image":[{"width":960,"height":640,"url":"https:\/\/www.adf.org.br\/home\/wp-content\/uploads\/2024\/10\/d570a9747e795cef5df63658000733f0-gpLarge.jpg","type":"image\/jpeg"}],"twitter_card":"summary_large_image","twitter_misc":{"Escrito por":"administrador","Est. tempo de leitura":"3 minutos"},"schema":{"@context":"https:\/\/schema.org","@graph":[{"@type":"WebSite","@id":"https:\/\/www.adf.org.br\/home\/#website","url":"https:\/\/www.adf.org.br\/home\/","name":"Associa\u00e7\u00e3o Devotos de F\u00e1tima","description":"Associa\u00e7\u00e3o Devotos de F\u00e1tima","potentialAction":[{"@type":"SearchAction","target":{"@type":"EntryPoint","urlTemplate":"https:\/\/www.adf.org.br\/home\/?s={search_term_string}"},"query-input":"required name=search_term_string"}],"inLanguage":"pt-BR"},{"@type":"ImageObject","@id":"https:\/\/www.adf.org.br\/home\/aparecida-e-o-legado-mariano-portugues\/#primaryimage","inLanguage":"pt-BR","url":"https:\/\/www.adf.org.br\/home\/wp-content\/uploads\/2024\/10\/d570a9747e795cef5df63658000733f0-gpLarge.jpg","contentUrl":"https:\/\/www.adf.org.br\/home\/wp-content\/uploads\/2024\/10\/d570a9747e795cef5df63658000733f0-gpLarge.jpg","width":960,"height":640},{"@type":"WebPage","@id":"https:\/\/www.adf.org.br\/home\/aparecida-e-o-legado-mariano-portugues\/#webpage","url":"https:\/\/www.adf.org.br\/home\/aparecida-e-o-legado-mariano-portugues\/","name":"Aparecida e o Legado Mariano Portugu\u00eas","isPartOf":{"@id":"https:\/\/www.adf.org.br\/home\/#website"},"primaryImageOfPage":{"@id":"https:\/\/www.adf.org.br\/home\/aparecida-e-o-legado-mariano-portugues\/#primaryimage"},"datePublished":"2024-10-10T03:03:03+00:00","dateModified":"2024-10-11T12:17:15+00:00","author":{"@id":"https:\/\/www.adf.org.br\/home\/#\/schema\/person\/03b50b7f0711bc818ead306331657cb5"},"description":"Voc\u00ea conhece a liga\u00e7\u00e3o entre Nossa Senhora Aparecida e o Legado Mariano Portugu\u00eas? \u00c9 o que ir\u00e1 ser abordado hoje!","breadcrumb":{"@id":"https:\/\/www.adf.org.br\/home\/aparecida-e-o-legado-mariano-portugues\/#breadcrumb"},"inLanguage":"pt-BR","potentialAction":[{"@type":"ReadAction","target":["https:\/\/www.adf.org.br\/home\/aparecida-e-o-legado-mariano-portugues\/"]}]},{"@type":"BreadcrumbList","@id":"https:\/\/www.adf.org.br\/home\/aparecida-e-o-legado-mariano-portugues\/#breadcrumb","itemListElement":[{"@type":"ListItem","position":1,"name":"Home","item":"https:\/\/www.adf.org.br\/home\/"},{"@type":"ListItem","position":2,"name":"Aparecida e o Legado Mariano Portugu\u00eas"}]},{"@type":"Person","@id":"https:\/\/www.adf.org.br\/home\/#\/schema\/person\/03b50b7f0711bc818ead306331657cb5","name":"administrador","image":{"@type":"ImageObject","@id":"https:\/\/www.adf.org.br\/home\/#personlogo","inLanguage":"pt-BR","url":"https:\/\/secure.gravatar.com\/avatar\/2f4d3b4697b7c5df630d1489d9c80573?s=96&d=mm&r=g","contentUrl":"https:\/\/secure.gravatar.com\/avatar\/2f4d3b4697b7c5df630d1489d9c80573?s=96&d=mm&r=g","caption":"administrador"},"url":"https:\/\/www.adf.org.br\/home\/author\/administrador\/"}]}},"_links":{"self":[{"href":"https:\/\/www.adf.org.br\/home\/wp-json\/wp\/v2\/posts\/77686"}],"collection":[{"href":"https:\/\/www.adf.org.br\/home\/wp-json\/wp\/v2\/posts"}],"about":[{"href":"https:\/\/www.adf.org.br\/home\/wp-json\/wp\/v2\/types\/post"}],"author":[{"embeddable":true,"href":"https:\/\/www.adf.org.br\/home\/wp-json\/wp\/v2\/users\/9"}],"replies":[{"embeddable":true,"href":"https:\/\/www.adf.org.br\/home\/wp-json\/wp\/v2\/comments?post=77686"}],"version-history":[{"count":8,"href":"https:\/\/www.adf.org.br\/home\/wp-json\/wp\/v2\/posts\/77686\/revisions"}],"predecessor-version":[{"id":77694,"href":"https:\/\/www.adf.org.br\/home\/wp-json\/wp\/v2\/posts\/77686\/revisions\/77694"}],"wp:featuredmedia":[{"embeddable":true,"href":"https:\/\/www.adf.org.br\/home\/wp-json\/wp\/v2\/media\/77700"}],"wp:attachment":[{"href":"https:\/\/www.adf.org.br\/home\/wp-json\/wp\/v2\/media?parent=77686"}],"wp:term":[{"taxonomy":"category","embeddable":true,"href":"https:\/\/www.adf.org.br\/home\/wp-json\/wp\/v2\/categories?post=77686"},{"taxonomy":"post_tag","embeddable":true,"href":"https:\/\/www.adf.org.br\/home\/wp-json\/wp\/v2\/tags?post=77686"}],"curies":[{"name":"wp","href":"https:\/\/api.w.org\/{rel}","templated":true}]}}