{"id":77649,"date":"2024-10-06T00:03:55","date_gmt":"2024-10-06T03:03:55","guid":{"rendered":"https:\/\/www.adf.org.br\/home\/?p=77649"},"modified":"2024-10-04T15:30:59","modified_gmt":"2024-10-04T18:30:59","slug":"ainda-da-tempo-de-dar-suas-intencoes-para-nossa-senhora-do-rosario","status":"publish","type":"post","link":"https:\/\/www.adf.org.br\/home\/ainda-da-tempo-de-dar-suas-intencoes-para-nossa-senhora-do-rosario\/","title":{"rendered":"Ainda d\u00e1 tempo de dar suas inten\u00e7\u00f5es para Nossa Senhora do Ros\u00e1rio!"},"content":{"rendered":"<p><a href=\"https:\/\/adf.org.br\/velario\/rosario?origem=31222\" target=\"_blank\" rel=\"noopener\"><img loading=\"lazy\" class=\"aligncenter wp-image-77652 size-full\" src=\"https:\/\/www.adf.org.br\/home\/wp-content\/uploads\/2024\/10\/unnamed-2.jpg\" alt=\"Ainda d\u00e1 tempo de dar suas inten\u00e7\u00f5es para Nossa Senhora do Ros\u00e1rio!\" width=\"600\" height=\"350\" srcset=\"https:\/\/www.adf.org.br\/home\/wp-content\/uploads\/2024\/10\/unnamed-2.jpg 600w, https:\/\/www.adf.org.br\/home\/wp-content\/uploads\/2024\/10\/unnamed-2-300x175.jpg 300w\" sizes=\"(max-width: 600px) 100vw, 600px\" \/><\/a><\/p>\n<p>&nbsp;<\/p>\n<p><span style=\"color: #000000;\"><strong><span style=\"color: #800080; font-size: 28px;\">N<\/span><\/strong>a data de amanh\u00e3, 07 de Outubro, a Igreja Cat\u00f3lica celebra a Mem\u00f3ria de <\/span><span style=\"color: #0000ff;\"><a style=\"color: #0000ff;\" href=\"https:\/\/adf.org.br\/velario\/rosario?origem=31222\" target=\"_blank\" rel=\"noopener\"><b>Nossa Senhora do Ros\u00e1rio<\/b>.<\/a><\/span><\/p>\n<p><span style=\"color: #000000;\"><i>\u201cQuero que continuem a rezar o Ter\u00e7o todos os dias;\u00a0<\/i><i>Em honra de Nossa Senhora do Ros\u00e1rio<\/i><i>, para obter a paz do mundo e o fim da guerra, porque s\u00f3 Ela lhes poder\u00e1 valer.<\/i>\u201d<br \/>\n<strong>\u2013 Sant\u00edssima Virgem de F\u00e1tima aos tr\u00eas pastorzinhos \u2013\u00a0<\/strong><\/span><\/p>\n<p>&nbsp;<\/p>\n<p><span style=\"color: #800080;\">Nossa Senhora do Ros\u00e1rio foi uma figura presente num dos momentos mais marcantes das apari\u00e7\u00f5es de Maria Sant\u00edssima:\u00a0<strong>O<\/strong><b>\u00a0Grande Milagre do Sol<\/b>.<\/span><\/p>\n<p><span style=\"color: #000000;\">Ent\u00e3o, al\u00e9m de fazer parte da hist\u00f3ria da<strong><span style=\"color: #0000ff;\"><a style=\"color: #0000ff;\" href=\"https:\/\/adf.org.br\/velario\/rosario?origem=31222\" target=\"_blank\" rel=\"noopener\"> Virgem de F\u00e1tima<\/a><\/span><\/strong>, <strong>Ela tamb\u00e9m marcou presen\u00e7a em outras manifesta\u00e7\u00f5es de Nossa Senhora pelo mundo.<\/strong>\u00a0<\/span><\/p>\n<p>&nbsp;<\/p>\n<p>Portanto, participe dessa oportunidade \u00fanica! Fa\u00e7a seus pedidos atrav\u00e9s da vela; estes ser\u00e3o levados diretamente para a missa que ser\u00e1 celebrada amanh\u00e3!<\/p>\n<p>&nbsp;<\/p>\n<p><span style=\"color: #000000;\">Inclusive, reze a <b>Ora\u00e7\u00e3o a Nossa Senhora do Ros\u00e1rio<\/b> e, se poss\u00edvel, dedique um ter\u00e7o a Ela, assim como Nossa M\u00e3e Maria nos pede.<\/span><\/p>\n<h3 style=\"text-align: center;\"><span style=\"color: #000000;\">Ora\u00e7\u00e3o a Nossa Senhora do Ros\u00e1rio<\/span><\/h3>\n<p style=\"text-align: right;\"><span style=\"color: #000000;\">.<\/span><\/p>\n<blockquote><p><span style=\"color: #000000;\"><strong>Nossa Senhora do Ros\u00e1rio<\/strong>,\u00a0<\/span><\/p>\n<p><span style=\"color: #000000;\">dai a todos os crist\u00e3os a gra\u00e7a\u00a0<\/span><span style=\"color: #000000;\">de compreender a grandiosidade\u00a0<\/span><\/p>\n<p><span style=\"color: #000000;\">da devo\u00e7\u00e3o do Santo Ros\u00e1rio,\u00a0<\/span><span style=\"color: #000000;\">na qual, \u00e0 recita\u00e7\u00e3o da Ave Maria\u00a0<\/span><\/p>\n<p><span style=\"color: #000000;\">se junta a profunda medita\u00e7\u00e3o\u00a0<\/span><span style=\"color: #000000;\">dos santos mist\u00e9rios da vida,\u00a0<\/span><\/p>\n<p><span style=\"color: #000000;\">morte e ressurrei\u00e7\u00e3o de Jesus,\u00a0<\/span><span style=\"color: #000000;\">vosso Filho e nosso Redentor.<\/span><\/p>\n<p style=\"text-align: right;\"><span style=\"color: #000000;\">.<\/span><\/p>\n<p><span style=\"color: #000000;\">S\u00e3o Domingos, ap\u00f3stolo do ros\u00e1rio,\u00a0<\/span><span style=\"color: #000000;\">acompanhai-nos com a vossa b\u00ean\u00e7\u00e3o,\u00a0<\/span><\/p>\n<p><span style=\"color: #000000;\">na recita\u00e7\u00e3o do ter\u00e7o, para que,\u00a0<\/span><span style=\"color: #000000;\">por meio desta devo\u00e7\u00e3o a Maria,\u00a0<\/span><\/p>\n<p><span style=\"color: #000000;\">cheguemos mais depressa a Jesus <\/span><span style=\"color: #000000;\">e, como na batalha de Lepanto,\u00a0<\/span><\/p>\n<p><span style=\"color: #000000;\">Nossa Senhora do Ros\u00e1rio nos leve a vit\u00f3ria, <\/span><span style=\"color: #000000;\">em todas as lutas da vida;\u00a0<\/span><\/p>\n<p><span style=\"color: #000000;\">por seu Filho, Jesus Cristo,\u00a0<\/span><span style=\"color: #000000;\">na unidade do Pai e do Esp\u00edrito Santo.<\/span><\/p>\n<h4><span style=\"color: #000000;\">Am\u00e9m.<\/span><\/h4>\n<\/blockquote>\n","protected":false},"excerpt":{"rendered":"<p>&nbsp; Na data de amanh\u00e3, 07 de Outubro, a Igreja Cat\u00f3lica celebra a Mem\u00f3ria de Nossa Senhora do Ros\u00e1rio. \u201cQuero que continuem a rezar o Ter\u00e7o todos os dias;\u00a0Em honra de Nossa Senhora do Ros\u00e1rio, para obter a paz do mundo e o fim da guerra, porque s\u00f3 Ela lhes poder\u00e1 valer.\u201d \u2013 Sant\u00edssima Virgem [&hellip;]<\/p>\n","protected":false},"author":9,"featured_media":68959,"comment_status":"open","ping_status":"open","sticky":false,"template":"","format":"standard","meta":[],"categories":[20,5531],"tags":[5263,587],"yoast_head":"<!-- This site is optimized with the Yoast SEO plugin v17.4 - https:\/\/yoast.com\/wordpress\/plugins\/seo\/ -->\n<title>Ainda d\u00e1 tempo de dar suas inten\u00e7\u00f5es para Nossa Senhora do Ros\u00e1rio!<\/title>\n<meta name=\"description\" content=\"Ainda d\u00e1 tempo de dar suas inten\u00e7\u00f5es para Nossa Senhora do Ros\u00e1rio! Venha colocar suas inten\u00e7\u00f5es na missa do dia 07\/10!\" \/>\n<meta name=\"robots\" content=\"index, follow, max-snippet:-1, max-image-preview:large, max-video-preview:-1\" \/>\n<link rel=\"canonical\" href=\"https:\/\/www.adf.org.br\/home\/ainda-da-tempo-de-dar-suas-intencoes-para-nossa-senhora-do-rosario\/\" \/>\n<meta property=\"og:locale\" content=\"pt_BR\" \/>\n<meta property=\"og:type\" content=\"article\" \/>\n<meta property=\"og:title\" content=\"Ainda d\u00e1 tempo de dar suas inten\u00e7\u00f5es para Nossa Senhora do Ros\u00e1rio!\" \/>\n<meta property=\"og:description\" content=\"Ainda d\u00e1 tempo de dar suas inten\u00e7\u00f5es para Nossa Senhora do Ros\u00e1rio! Venha colocar suas inten\u00e7\u00f5es na missa do dia 07\/10!\" \/>\n<meta property=\"og:url\" content=\"https:\/\/www.adf.org.br\/home\/ainda-da-tempo-de-dar-suas-intencoes-para-nossa-senhora-do-rosario\/\" \/>\n<meta property=\"og:site_name\" content=\"Associa\u00e7\u00e3o Devotos de F\u00e1tima\" \/>\n<meta property=\"article:published_time\" content=\"2024-10-06T03:03:55+00:00\" \/>\n<meta property=\"article:modified_time\" content=\"2024-10-04T18:30:59+00:00\" \/>\n<meta name=\"twitter:card\" content=\"summary_large_image\" \/>\n<meta name=\"twitter:image\" content=\"https:\/\/www.adf.org.br\/home\/wp-content\/uploads\/2022\/07\/nossa_senhora_do_rosario_3.webp\" \/>\n<meta name=\"twitter:label1\" content=\"Escrito por\" \/>\n\t<meta name=\"twitter:data1\" content=\"administrador\" \/>\n\t<meta name=\"twitter:label2\" content=\"Est. tempo de leitura\" \/>\n\t<meta name=\"twitter:data2\" content=\"2 minutos\" \/>\n<script type=\"application\/ld+json\" class=\"yoast-schema-graph\">{\"@context\":\"https:\/\/schema.org\",\"@graph\":[{\"@type\":\"WebSite\",\"@id\":\"https:\/\/www.adf.org.br\/home\/#website\",\"url\":\"https:\/\/www.adf.org.br\/home\/\",\"name\":\"Associa\\u00e7\\u00e3o Devotos de F\\u00e1tima\",\"description\":\"Associa\\u00e7\\u00e3o Devotos de F\\u00e1tima\",\"potentialAction\":[{\"@type\":\"SearchAction\",\"target\":{\"@type\":\"EntryPoint\",\"urlTemplate\":\"https:\/\/www.adf.org.br\/home\/?s={search_term_string}\"},\"query-input\":\"required name=search_term_string\"}],\"inLanguage\":\"pt-BR\"},{\"@type\":\"ImageObject\",\"@id\":\"https:\/\/www.adf.org.br\/home\/ainda-da-tempo-de-dar-suas-intencoes-para-nossa-senhora-do-rosario\/#primaryimage\",\"inLanguage\":\"pt-BR\",\"url\":\"https:\/\/www.adf.org.br\/home\/wp-content\/uploads\/2022\/07\/nossa_senhora_do_rosario_3.webp\",\"contentUrl\":\"https:\/\/www.adf.org.br\/home\/wp-content\/uploads\/2022\/07\/nossa_senhora_do_rosario_3.webp\",\"width\":640,\"height\":360},{\"@type\":\"WebPage\",\"@id\":\"https:\/\/www.adf.org.br\/home\/ainda-da-tempo-de-dar-suas-intencoes-para-nossa-senhora-do-rosario\/#webpage\",\"url\":\"https:\/\/www.adf.org.br\/home\/ainda-da-tempo-de-dar-suas-intencoes-para-nossa-senhora-do-rosario\/\",\"name\":\"Ainda d\\u00e1 tempo de dar suas inten\\u00e7\\u00f5es para Nossa Senhora do Ros\\u00e1rio!\",\"isPartOf\":{\"@id\":\"https:\/\/www.adf.org.br\/home\/#website\"},\"primaryImageOfPage\":{\"@id\":\"https:\/\/www.adf.org.br\/home\/ainda-da-tempo-de-dar-suas-intencoes-para-nossa-senhora-do-rosario\/#primaryimage\"},\"datePublished\":\"2024-10-06T03:03:55+00:00\",\"dateModified\":\"2024-10-04T18:30:59+00:00\",\"author\":{\"@id\":\"https:\/\/www.adf.org.br\/home\/#\/schema\/person\/03b50b7f0711bc818ead306331657cb5\"},\"description\":\"Ainda d\\u00e1 tempo de dar suas inten\\u00e7\\u00f5es para Nossa Senhora do Ros\\u00e1rio! Venha colocar suas inten\\u00e7\\u00f5es na missa do dia 07\/10!\",\"breadcrumb\":{\"@id\":\"https:\/\/www.adf.org.br\/home\/ainda-da-tempo-de-dar-suas-intencoes-para-nossa-senhora-do-rosario\/#breadcrumb\"},\"inLanguage\":\"pt-BR\",\"potentialAction\":[{\"@type\":\"ReadAction\",\"target\":[\"https:\/\/www.adf.org.br\/home\/ainda-da-tempo-de-dar-suas-intencoes-para-nossa-senhora-do-rosario\/\"]}]},{\"@type\":\"BreadcrumbList\",\"@id\":\"https:\/\/www.adf.org.br\/home\/ainda-da-tempo-de-dar-suas-intencoes-para-nossa-senhora-do-rosario\/#breadcrumb\",\"itemListElement\":[{\"@type\":\"ListItem\",\"position\":1,\"name\":\"Home\",\"item\":\"https:\/\/www.adf.org.br\/home\/\"},{\"@type\":\"ListItem\",\"position\":2,\"name\":\"Ainda d\\u00e1 tempo de dar suas inten\\u00e7\\u00f5es para Nossa Senhora do Ros\\u00e1rio!\"}]},{\"@type\":\"Person\",\"@id\":\"https:\/\/www.adf.org.br\/home\/#\/schema\/person\/03b50b7f0711bc818ead306331657cb5\",\"name\":\"administrador\",\"image\":{\"@type\":\"ImageObject\",\"@id\":\"https:\/\/www.adf.org.br\/home\/#personlogo\",\"inLanguage\":\"pt-BR\",\"url\":\"https:\/\/secure.gravatar.com\/avatar\/2f4d3b4697b7c5df630d1489d9c80573?s=96&d=mm&r=g\",\"contentUrl\":\"https:\/\/secure.gravatar.com\/avatar\/2f4d3b4697b7c5df630d1489d9c80573?s=96&d=mm&r=g\",\"caption\":\"administrador\"},\"url\":\"https:\/\/www.adf.org.br\/home\/author\/administrador\/\"}]}<\/script>\n<!-- \/ Yoast SEO plugin. -->","yoast_head_json":{"title":"Ainda d\u00e1 tempo de dar suas inten\u00e7\u00f5es para Nossa Senhora do Ros\u00e1rio!","description":"Ainda d\u00e1 tempo de dar suas inten\u00e7\u00f5es para Nossa Senhora do Ros\u00e1rio! Venha colocar suas inten\u00e7\u00f5es na missa do dia 07\/10!","robots":{"index":"index","follow":"follow","max-snippet":"max-snippet:-1","max-image-preview":"max-image-preview:large","max-video-preview":"max-video-preview:-1"},"canonical":"https:\/\/www.adf.org.br\/home\/ainda-da-tempo-de-dar-suas-intencoes-para-nossa-senhora-do-rosario\/","og_locale":"pt_BR","og_type":"article","og_title":"Ainda d\u00e1 tempo de dar suas inten\u00e7\u00f5es para Nossa Senhora do Ros\u00e1rio!","og_description":"Ainda d\u00e1 tempo de dar suas inten\u00e7\u00f5es para Nossa Senhora do Ros\u00e1rio! Venha colocar suas inten\u00e7\u00f5es na missa do dia 07\/10!","og_url":"https:\/\/www.adf.org.br\/home\/ainda-da-tempo-de-dar-suas-intencoes-para-nossa-senhora-do-rosario\/","og_site_name":"Associa\u00e7\u00e3o Devotos de F\u00e1tima","article_published_time":"2024-10-06T03:03:55+00:00","article_modified_time":"2024-10-04T18:30:59+00:00","twitter_card":"summary_large_image","twitter_image":"https:\/\/www.adf.org.br\/home\/wp-content\/uploads\/2022\/07\/nossa_senhora_do_rosario_3.webp","twitter_misc":{"Escrito por":"administrador","Est. tempo de leitura":"2 minutos"},"schema":{"@context":"https:\/\/schema.org","@graph":[{"@type":"WebSite","@id":"https:\/\/www.adf.org.br\/home\/#website","url":"https:\/\/www.adf.org.br\/home\/","name":"Associa\u00e7\u00e3o Devotos de F\u00e1tima","description":"Associa\u00e7\u00e3o Devotos de F\u00e1tima","potentialAction":[{"@type":"SearchAction","target":{"@type":"EntryPoint","urlTemplate":"https:\/\/www.adf.org.br\/home\/?s={search_term_string}"},"query-input":"required name=search_term_string"}],"inLanguage":"pt-BR"},{"@type":"ImageObject","@id":"https:\/\/www.adf.org.br\/home\/ainda-da-tempo-de-dar-suas-intencoes-para-nossa-senhora-do-rosario\/#primaryimage","inLanguage":"pt-BR","url":"https:\/\/www.adf.org.br\/home\/wp-content\/uploads\/2022\/07\/nossa_senhora_do_rosario_3.webp","contentUrl":"https:\/\/www.adf.org.br\/home\/wp-content\/uploads\/2022\/07\/nossa_senhora_do_rosario_3.webp","width":640,"height":360},{"@type":"WebPage","@id":"https:\/\/www.adf.org.br\/home\/ainda-da-tempo-de-dar-suas-intencoes-para-nossa-senhora-do-rosario\/#webpage","url":"https:\/\/www.adf.org.br\/home\/ainda-da-tempo-de-dar-suas-intencoes-para-nossa-senhora-do-rosario\/","name":"Ainda d\u00e1 tempo de dar suas inten\u00e7\u00f5es para Nossa Senhora do Ros\u00e1rio!","isPartOf":{"@id":"https:\/\/www.adf.org.br\/home\/#website"},"primaryImageOfPage":{"@id":"https:\/\/www.adf.org.br\/home\/ainda-da-tempo-de-dar-suas-intencoes-para-nossa-senhora-do-rosario\/#primaryimage"},"datePublished":"2024-10-06T03:03:55+00:00","dateModified":"2024-10-04T18:30:59+00:00","author":{"@id":"https:\/\/www.adf.org.br\/home\/#\/schema\/person\/03b50b7f0711bc818ead306331657cb5"},"description":"Ainda d\u00e1 tempo de dar suas inten\u00e7\u00f5es para Nossa Senhora do Ros\u00e1rio! Venha colocar suas inten\u00e7\u00f5es na missa do dia 07\/10!","breadcrumb":{"@id":"https:\/\/www.adf.org.br\/home\/ainda-da-tempo-de-dar-suas-intencoes-para-nossa-senhora-do-rosario\/#breadcrumb"},"inLanguage":"pt-BR","potentialAction":[{"@type":"ReadAction","target":["https:\/\/www.adf.org.br\/home\/ainda-da-tempo-de-dar-suas-intencoes-para-nossa-senhora-do-rosario\/"]}]},{"@type":"BreadcrumbList","@id":"https:\/\/www.adf.org.br\/home\/ainda-da-tempo-de-dar-suas-intencoes-para-nossa-senhora-do-rosario\/#breadcrumb","itemListElement":[{"@type":"ListItem","position":1,"name":"Home","item":"https:\/\/www.adf.org.br\/home\/"},{"@type":"ListItem","position":2,"name":"Ainda d\u00e1 tempo de dar suas inten\u00e7\u00f5es para Nossa Senhora do Ros\u00e1rio!"}]},{"@type":"Person","@id":"https:\/\/www.adf.org.br\/home\/#\/schema\/person\/03b50b7f0711bc818ead306331657cb5","name":"administrador","image":{"@type":"ImageObject","@id":"https:\/\/www.adf.org.br\/home\/#personlogo","inLanguage":"pt-BR","url":"https:\/\/secure.gravatar.com\/avatar\/2f4d3b4697b7c5df630d1489d9c80573?s=96&d=mm&r=g","contentUrl":"https:\/\/secure.gravatar.com\/avatar\/2f4d3b4697b7c5df630d1489d9c80573?s=96&d=mm&r=g","caption":"administrador"},"url":"https:\/\/www.adf.org.br\/home\/author\/administrador\/"}]}},"_links":{"self":[{"href":"https:\/\/www.adf.org.br\/home\/wp-json\/wp\/v2\/posts\/77649"}],"collection":[{"href":"https:\/\/www.adf.org.br\/home\/wp-json\/wp\/v2\/posts"}],"about":[{"href":"https:\/\/www.adf.org.br\/home\/wp-json\/wp\/v2\/types\/post"}],"author":[{"embeddable":true,"href":"https:\/\/www.adf.org.br\/home\/wp-json\/wp\/v2\/users\/9"}],"replies":[{"embeddable":true,"href":"https:\/\/www.adf.org.br\/home\/wp-json\/wp\/v2\/comments?post=77649"}],"version-history":[{"count":8,"href":"https:\/\/www.adf.org.br\/home\/wp-json\/wp\/v2\/posts\/77649\/revisions"}],"predecessor-version":[{"id":77659,"href":"https:\/\/www.adf.org.br\/home\/wp-json\/wp\/v2\/posts\/77649\/revisions\/77659"}],"wp:featuredmedia":[{"embeddable":true,"href":"https:\/\/www.adf.org.br\/home\/wp-json\/wp\/v2\/media\/68959"}],"wp:attachment":[{"href":"https:\/\/www.adf.org.br\/home\/wp-json\/wp\/v2\/media?parent=77649"}],"wp:term":[{"taxonomy":"category","embeddable":true,"href":"https:\/\/www.adf.org.br\/home\/wp-json\/wp\/v2\/categories?post=77649"},{"taxonomy":"post_tag","embeddable":true,"href":"https:\/\/www.adf.org.br\/home\/wp-json\/wp\/v2\/tags?post=77649"}],"curies":[{"name":"wp","href":"https:\/\/api.w.org\/{rel}","templated":true}]}}