{"id":77640,"date":"2024-10-04T00:03:59","date_gmt":"2024-10-04T03:03:59","guid":{"rendered":"https:\/\/www.adf.org.br\/home\/?p=77640"},"modified":"2024-10-03T15:47:42","modified_gmt":"2024-10-03T18:47:42","slug":"a-vida-de-sao-francisco-de-assis","status":"publish","type":"post","link":"https:\/\/www.adf.org.br\/home\/a-vida-de-sao-francisco-de-assis\/","title":{"rendered":"A Vida de S\u00e3o Francisco de Assis"},"content":{"rendered":"<p><img loading=\"lazy\" class=\"aligncenter wp-image-73874 size-full\" src=\"https:\/\/www.adf.org.br\/home\/wp-content\/uploads\/2023\/10\/SanFranciscoAsis_JusepedeRibera_260917-1.jpg\" alt=\"Dia e Hist\u00f3ria de S\u00e3o Francisco de Assis A Vida de S\u00e3o Francisco de Assis\" width=\"900\" height=\"500\" srcset=\"https:\/\/www.adf.org.br\/home\/wp-content\/uploads\/2023\/10\/SanFranciscoAsis_JusepedeRibera_260917-1.jpg 900w, https:\/\/www.adf.org.br\/home\/wp-content\/uploads\/2023\/10\/SanFranciscoAsis_JusepedeRibera_260917-1-300x167.jpg 300w, https:\/\/www.adf.org.br\/home\/wp-content\/uploads\/2023\/10\/SanFranciscoAsis_JusepedeRibera_260917-1-768x427.jpg 768w\" sizes=\"(max-width: 900px) 100vw, 900px\" \/><\/p>\n<h2 style=\"text-align: center;\">A Vida de S\u00e3o Francisco de Assis<\/h2>\n<p>&nbsp;<\/p>\n<p>&nbsp;<\/p>\n<p><span style=\"color: #800080; font-size: 28px;\"><strong>H<\/strong><\/span>oje, dia 4 de outubro, a Igreja celebra pois a mem\u00f3ria de <span style=\"color: #0000ff;\"><a style=\"color: #0000ff;\" href=\"https:\/\/www.adf.org.br\/home\/pagina-de-cadastro\/?origem=31213\" target=\"_blank\" rel=\"noopener\">S\u00e3o Francisco de Assis<\/a><\/span>, ilustre criador da Ordem dos Frades Menores (O.F.M) e de sua Ordem Terceira.<\/p>\n<p>&nbsp;<\/p>\n<p>Nasceu ent\u00e3o em 1182, tendo partido para a Eternidade em 1226, aos 44 anos de idade. Na regi\u00e3o e na \u00e9poca em que viveu <strong>era grande o apego ao luxo e \u00e0s riquezas<\/strong>, o que minava a sociedade e causava danos \u00e0 Igreja.<\/p>\n<p>&nbsp;<\/p>\n<p>Prop\u00f4s ele um novo ideal de pobreza, obedi\u00eancia e castidade, tendo fundado a\u00a0<strong>Ordem dos Frades Menores<\/strong>\u00a0(franciscanos), que se expandiu pelo mundo atrav\u00e9s de v\u00e1rias ramifica\u00e7\u00f5es.<strong>\u00a0Tamb\u00e9m, com Santa Clara, fundou a ordem das Clarissas<\/strong>.<\/p>\n<p>&nbsp;<\/p>\n<p>Havia se iniciado o s\u00e9culo XIII. O jovem filho de um bem sucedido comerciante da cidade de Assis, at\u00e9 ent\u00e3o apegado \u00e0s amizades, aos bens materiais e \u00e0s atra\u00e7\u00f5es do mundo, como a quase totalidade dos rapazes de sua idade, come\u00e7a a inclinar-se \u00e0 carreira das armas.<\/p>\n<p>&nbsp;<\/p>\n<p>Em uma batalha foi preso, tendo de aguardar cerca de um ano at\u00e9 ser resgatado, quando ent\u00e3o foi prostrado por uma doen\u00e7a. Recuperado, tentou novamente engajar-se em um ex\u00e9rcito, por\u00e9m o chamado de Deus foi mais forte:\u00a0o jovem Jo\u00e3o, apelidado Francisco (nome pelo qual se tornou conhecido), voltou-se para o Criador, pois passou a v\u00ea-lo com os olhos do esp\u00edrito ao considerar as virtudes atrav\u00e9s das quais Ele se revelava.<\/p>\n<p>&nbsp;<\/p>\n<h2><strong><img loading=\"lazy\" class=\"alignleft wp-image-77642 size-thumbnail\" src=\"https:\/\/www.adf.org.br\/home\/wp-content\/uploads\/2024\/10\/7-curiosidades-sobre-sao-francisco-de-assis-63446320f02f1-150x150.jpeg\" alt=\"\" width=\"150\" height=\"150\" \/>A juventude e a convers\u00e3o<\/strong><\/h2>\n<p><span style=\"color: #0000ff;\"><a style=\"color: #0000ff;\" href=\"https:\/\/www.adf.org.br\/home\/pagina-de-cadastro\/?origem=31213\" target=\"_blank\" rel=\"noopener\">Francisco<\/a><\/span> trabalhava como comerciante, e mesmo gostando de obter lucros\u00a0jamais se prendeu desesperadamente ao dinheiro e \u00e0s riquezas, gostando, por vezes, de ajudar os pobres.<\/p>\n<p>&nbsp;<\/p>\n<p>Era muito rico, mas n\u00e3o avarento, e sim pr\u00f3digo e gastador; um negociante esperto, mas ao mesmo tempo esbanjador insensato. Era gentil, paciente, af\u00e1vel e manso, mas nem sempre as qualidades se sobressa\u00edam naquele jovem que tinha por objetivo a vida mundana.<\/p>\n<p>Certa vez um pobre adentrou a loja em que estava Francisco ocupado com os neg\u00f3cios, para pedir uma esmola pelo amor de Deus, sendo despedido com rispidez sem nada ganhar. A consci\u00eancia de Francisco logo o acusou, dizendo:<\/p>\n<p>&nbsp;<\/p>\n<blockquote><p><em>\u201cSe ele tivesse pedido algo em nome de algum conde ou bar\u00e3o, com certeza o terias atendido; quanto mais n\u00e3o o deverias ter feito pelo Rei dos reis e Senhor de todos\u201d.<\/em><\/p>\n<p>&nbsp;<\/p><\/blockquote>\n<p>Tomou ali Francisco a decis\u00e3o de nunca mais negar o que lhe fosse pedido em nome de t\u00e3o grande Senhor.<\/p>\n<p>Francisco passou a dar generosas esmolas aos pobres que encontrava, inclusive distribuindo suas roupas e outros bens, procurando assim seguir o mandamento do amor ao pr\u00f3ximo tantas vezes ilustrado pelos fatos e par\u00e1bolas narrados nas Sagradas Escrituras.<\/p>\n<p><strong>Passou ent\u00e3o a ser alvo de cr\u00edticas e deboches por parte dos habitantes da regi\u00e3o<\/strong>, e de grande raiva por parte de seu pai, dotado de profundo apego a todos os bens e riquezas que acumulara no com\u00e9rcio de tecidos em que enriquecera.<\/p>\n<p>&nbsp;<\/p>\n<figure id=\"attachment_3273\" class=\"wp-caption alignleft\" aria-describedby=\"caption-attachment-3273\">\n<figure id=\"attachment_3273\" class=\"wp-caption alignleft\" aria-describedby=\"caption-attachment-3273\"><img loading=\"lazy\" class=\"wp-image-3273\" src=\"http:\/\/soutodoteumaria.com.br\/wp-content\/uploads\/2019\/10\/S-Francisco-e-Sta-Clara.jpg\" alt=\"S\u00e3o Francisco e Santa Clara de Assis\" width=\"269\" height=\"364\" \/><figcaption id=\"caption-attachment-3273\" class=\"wp-caption-text\">S\u00e3o Francisco e Santa Clara de Assis<\/figcaption><\/figure>\n<\/figure>\n<h2><strong>A rejei\u00e7\u00e3o ao mundo e a entrega \u00e0 pobreza<\/strong><\/h2>\n<p>O conflito familiar chegou pois a tal ponto que o pai de Francisco, Pedro de Bernardone, levou o caso ao bispo, acusando o filho de dissipar sua fortuna e exigindo uma compensa\u00e7\u00e3o por tudo o que fora por ele retirado de sua loja para dar aos pobres.<\/p>\n<p>Ent\u00e3o o jovem,\u00a0<strong>inspirado pelo Esp\u00edrito Santo<\/strong>, tomou a decis\u00e3o inimagin\u00e1vel por todos os que ali presenciavam a cena:\u00a0entregou ao avarento progenitor tudo o que tinha consigo, inclusive as pr\u00f3prias roupas, e disse:<\/p>\n<p>&nbsp;<\/p>\n<blockquote><p>&#8220;<em>Adiante, n\u00e3o pois direi \u201cmeu pai Pedro de Bernardone\u201d, e sim \u201cPai nosso que estais no C\u00e9u\u201d.<\/em>&#8221;<\/p>\n<p>&nbsp;<\/p><\/blockquote>\n<h3>Ren\u00fancia ao mundo<\/h3>\n<p>Coberto apenas pelo cil\u00edcio (um \u00e1spero couro animal destinado a incomodar a pele, que usava sob as roupas para combater certos impulsos corporais), <strong><span style=\"color: #0000ff;\"><a style=\"color: #0000ff;\" href=\"https:\/\/www.adf.org.br\/home\/pagina-de-cadastro\/?origem=31213\" target=\"_blank\" rel=\"noopener\">Francisco<\/a> <\/span>foi ent\u00e3o abrigado pela capa cedida pelo bispo, ali renunciando publicamente \u00e0 heran\u00e7a<\/strong>; pediu a b\u00ean\u00e7\u00e3o episcopal e partiu para a vida de pobreza. Passando depois a ter por companheiros v\u00e1rios amigos que quiseram seguir a mesma via de perfei\u00e7\u00e3o.<\/p>\n<p>N\u00e3o chegara sequer aos 25 anos quando esses fatos ocorreram. Era o in\u00edcio da fam\u00edlia franciscana, que n\u00e3o se restringiu ao sexo masculino, pois Francisco, com a jovem Clara \u2013 que se inclinou a seguir os passos desse santo homem. Clara fundou o ramo feminino, que obteve do papa Inoc\u00eancio III o reconhecimento do direito de ser pobre e de nada possuir.<\/p>\n<p>&nbsp;<\/p>\n<p>Diz-se que\u00a0<strong>Francisco e a Pobreza contra\u00edram um casamento m\u00edstico<\/strong>. Na verdade, conforme estudos aprofundados feitos nos antiqu\u00edssimos escritos hist\u00f3ricos e aleg\u00f3ricos a respeito do Fundador e dos primeiros franciscanos,\u00a0nota-se que o que Francisco fez foi uma vassalagem m\u00edstica com a Pobreza, a quem se entregou para servi-la. A ela se referia como \u201cminha senhora\u201d, express\u00e3o que na \u00e9poca caracterizava uma obedi\u00eancia e com a qual se entregava \u00e0quela virtude que tanto admirava.<\/p>\n<p><span style=\"color: #800080;\">Entre as mais famosas e importantes virtudes, que no homem preparam pois um lugar para Deus e ensinam o caminho melhor e mais r\u00e1pido para chegar at\u00e9 Ele. A santa Pobreza sobressai ent\u00e3o a todos por uma certa prerrogativa e supera os t\u00edtulos das outras por uma beleza singular.<\/span><\/p>\n<p>Ela \u00e9\u00a0<strong>fundamento e pois guardi\u00e3 das virtudes todas<\/strong>, e entre as conhecidas virtudes evang\u00e9licas ela tem, merecidamente, um lugar de honra. Essas palavras iniciam pois o texto aleg\u00f3rico que mostra a rela\u00e7\u00e3o m\u00edstica entre o Fundador franciscano e a Senhora Pobreza, esposa de Cristo.<\/p>\n<p>&nbsp;<\/p>\n<h2>Ora\u00e7\u00e3o de S\u00e3o Francisco \u00e0 Virgem Maria<\/h2>\n<figure class=\"wp-caption alignnone\"><img loading=\"lazy\" src=\"https:\/\/wp.pt.aleteia.org\/wp-content\/uploads\/sites\/5\/2021\/10\/WEB3-Francis-of-Assisi-MARY-JESUS-shutterstock_1471180127.jpg\" alt=\"S\u00e3o Francisco de Assis amou profundamente Nossa Senhora\" width=\"553\" height=\"311\" \/><figcaption class=\"wp-caption-text\">Ademais, <span style=\"color: #0000ff;\"><a style=\"color: #0000ff;\" href=\"https:\/\/www.adf.org.br\/home\/pagina-de-cadastro\/?origem=31213\" target=\"_blank\" rel=\"noopener\">S\u00e3o Francisco de Assis<\/a><\/span> amou profundamente <strong>Nossa Senhora<\/strong><\/figcaption><\/figure>\n<p><em>&#8220;Salve \u00f3 Senhora, Rainha Santa,<\/em><br \/>\n<em>M\u00e3e Santa de Deus, \u00f3 Maria, que sois Virgem feita Igreja,<\/em><br \/>\n<em>escolhida pelo Sant\u00edssimo Pai celestial,<\/em><br \/>\n<em>que vos consagrou por seu Sant\u00edssimo e<\/em><br \/>\n<em>dileto Filho e o Esp\u00edrito Santo Par\u00e1clito.<\/em><br \/>\n<em>Em v\u00f3s residiu e reside toda plenitude da gra\u00e7a e todo o bem.<\/em><\/p>\n<p><em>Salve, \u00f3 Pal\u00e1cio do Senhor!<\/em><br \/>\n<em>Tabern\u00e1culo do Senhor!<\/em><br \/>\n<em>Morada do Senhor!<\/em><br \/>\n<em>Manto do Senhor!<\/em><br \/>\n<em>Serva do Senhor!<\/em><br \/>\n<em>M\u00e3e do Senhor!<\/em><\/p>\n<p><em>Salve v\u00f3s, todas santas virtudes derramadas,<\/em><br \/>\n<em>pela gra\u00e7a e ilumina\u00e7\u00e3o do Esp\u00edrito Santo,<\/em><br \/>\n<em>nos cora\u00e7\u00f5es dos fi\u00e9is, transformando-os de infi\u00e9is<\/em><br \/>\n<em>em servos fi\u00e9is de Deus!&#8221;<\/em><\/p>\n<p><em>Am\u00e9m.<\/em><\/p>\n<p>&nbsp;<\/p>\n<p><a href=\"https:\/\/www.adf.org.br\/home\/pagina-de-cadastro\/?origem=31213\" target=\"_blank\" rel=\"noopener\"><img loading=\"lazy\" class=\"aligncenter\" src=\"https:\/\/www.adf.org.br\/home\/wp-content\/uploads\/2021\/01\/boletim-adf.png\" alt=\"\" width=\"600\" height=\"200\" \/><\/a><\/p>\n","protected":false},"excerpt":{"rendered":"<p>A Vida de S\u00e3o Francisco de Assis &nbsp; &nbsp; Hoje, dia 4 de outubro, a Igreja celebra pois a mem\u00f3ria de S\u00e3o Francisco de Assis, ilustre criador da Ordem dos Frades Menores (O.F.M) e de sua Ordem Terceira. &nbsp; Nasceu ent\u00e3o em 1182, tendo partido para a Eternidade em 1226, aos 44 anos de idade. [&hellip;]<\/p>\n","protected":false},"author":9,"featured_media":77644,"comment_status":"open","ping_status":"open","sticky":false,"template":"","format":"standard","meta":[],"categories":[20,2547,5660],"tags":[5667,1096],"yoast_head":"<!-- This site is optimized with the Yoast SEO plugin v17.4 - https:\/\/yoast.com\/wordpress\/plugins\/seo\/ -->\n<title>A Vida de S\u00e3o Francisco de Assis<\/title>\n<meta name=\"description\" content=\"A Vida de S\u00e3o Francisco de Assis, venha conhec\u00ea-la! Conhe\u00e7a esta vida cheia de aventuras extraordin\u00e1rias! Venha ler!\" \/>\n<meta name=\"robots\" content=\"index, follow, max-snippet:-1, max-image-preview:large, max-video-preview:-1\" \/>\n<link rel=\"canonical\" href=\"https:\/\/www.adf.org.br\/home\/a-vida-de-sao-francisco-de-assis\/\" \/>\n<meta property=\"og:locale\" content=\"pt_BR\" \/>\n<meta property=\"og:type\" content=\"article\" \/>\n<meta property=\"og:title\" content=\"A Vida de S\u00e3o Francisco de Assis\" \/>\n<meta property=\"og:description\" content=\"A Vida de S\u00e3o Francisco de Assis, venha conhec\u00ea-la! Conhe\u00e7a esta vida cheia de aventuras extraordin\u00e1rias! Venha ler!\" \/>\n<meta property=\"og:url\" content=\"https:\/\/www.adf.org.br\/home\/a-vida-de-sao-francisco-de-assis\/\" \/>\n<meta property=\"og:site_name\" content=\"Associa\u00e7\u00e3o Devotos de F\u00e1tima\" \/>\n<meta property=\"article:published_time\" content=\"2024-10-04T03:03:59+00:00\" \/>\n<meta property=\"article:modified_time\" content=\"2024-10-03T18:47:42+00:00\" \/>\n<meta property=\"og:image\" content=\"https:\/\/www.adf.org.br\/home\/wp-content\/uploads\/2024\/10\/as-chagas-de-sao-francisco-de-assis-relacionados-1.jpg\" \/>\n\t<meta property=\"og:image:width\" content=\"720\" \/>\n\t<meta property=\"og:image:height\" content=\"405\" \/>\n<meta name=\"twitter:card\" content=\"summary_large_image\" \/>\n<meta name=\"twitter:label1\" content=\"Escrito por\" \/>\n\t<meta name=\"twitter:data1\" content=\"administrador\" \/>\n\t<meta name=\"twitter:label2\" content=\"Est. tempo de leitura\" \/>\n\t<meta name=\"twitter:data2\" content=\"6 minutos\" \/>\n<script type=\"application\/ld+json\" class=\"yoast-schema-graph\">{\"@context\":\"https:\/\/schema.org\",\"@graph\":[{\"@type\":\"WebSite\",\"@id\":\"https:\/\/www.adf.org.br\/home\/#website\",\"url\":\"https:\/\/www.adf.org.br\/home\/\",\"name\":\"Associa\\u00e7\\u00e3o Devotos de F\\u00e1tima\",\"description\":\"Associa\\u00e7\\u00e3o Devotos de F\\u00e1tima\",\"potentialAction\":[{\"@type\":\"SearchAction\",\"target\":{\"@type\":\"EntryPoint\",\"urlTemplate\":\"https:\/\/www.adf.org.br\/home\/?s={search_term_string}\"},\"query-input\":\"required name=search_term_string\"}],\"inLanguage\":\"pt-BR\"},{\"@type\":\"ImageObject\",\"@id\":\"https:\/\/www.adf.org.br\/home\/a-vida-de-sao-francisco-de-assis\/#primaryimage\",\"inLanguage\":\"pt-BR\",\"url\":\"https:\/\/www.adf.org.br\/home\/wp-content\/uploads\/2024\/10\/as-chagas-de-sao-francisco-de-assis-relacionados-1.jpg\",\"contentUrl\":\"https:\/\/www.adf.org.br\/home\/wp-content\/uploads\/2024\/10\/as-chagas-de-sao-francisco-de-assis-relacionados-1.jpg\",\"width\":720,\"height\":405},{\"@type\":\"WebPage\",\"@id\":\"https:\/\/www.adf.org.br\/home\/a-vida-de-sao-francisco-de-assis\/#webpage\",\"url\":\"https:\/\/www.adf.org.br\/home\/a-vida-de-sao-francisco-de-assis\/\",\"name\":\"A Vida de S\\u00e3o Francisco de Assis\",\"isPartOf\":{\"@id\":\"https:\/\/www.adf.org.br\/home\/#website\"},\"primaryImageOfPage\":{\"@id\":\"https:\/\/www.adf.org.br\/home\/a-vida-de-sao-francisco-de-assis\/#primaryimage\"},\"datePublished\":\"2024-10-04T03:03:59+00:00\",\"dateModified\":\"2024-10-03T18:47:42+00:00\",\"author\":{\"@id\":\"https:\/\/www.adf.org.br\/home\/#\/schema\/person\/03b50b7f0711bc818ead306331657cb5\"},\"description\":\"A Vida de S\\u00e3o Francisco de Assis, venha conhec\\u00ea-la! Conhe\\u00e7a esta vida cheia de aventuras extraordin\\u00e1rias! Venha ler!\",\"breadcrumb\":{\"@id\":\"https:\/\/www.adf.org.br\/home\/a-vida-de-sao-francisco-de-assis\/#breadcrumb\"},\"inLanguage\":\"pt-BR\",\"potentialAction\":[{\"@type\":\"ReadAction\",\"target\":[\"https:\/\/www.adf.org.br\/home\/a-vida-de-sao-francisco-de-assis\/\"]}]},{\"@type\":\"BreadcrumbList\",\"@id\":\"https:\/\/www.adf.org.br\/home\/a-vida-de-sao-francisco-de-assis\/#breadcrumb\",\"itemListElement\":[{\"@type\":\"ListItem\",\"position\":1,\"name\":\"Home\",\"item\":\"https:\/\/www.adf.org.br\/home\/\"},{\"@type\":\"ListItem\",\"position\":2,\"name\":\"A Vida de S\\u00e3o Francisco de Assis\"}]},{\"@type\":\"Person\",\"@id\":\"https:\/\/www.adf.org.br\/home\/#\/schema\/person\/03b50b7f0711bc818ead306331657cb5\",\"name\":\"administrador\",\"image\":{\"@type\":\"ImageObject\",\"@id\":\"https:\/\/www.adf.org.br\/home\/#personlogo\",\"inLanguage\":\"pt-BR\",\"url\":\"https:\/\/secure.gravatar.com\/avatar\/2f4d3b4697b7c5df630d1489d9c80573?s=96&d=mm&r=g\",\"contentUrl\":\"https:\/\/secure.gravatar.com\/avatar\/2f4d3b4697b7c5df630d1489d9c80573?s=96&d=mm&r=g\",\"caption\":\"administrador\"},\"url\":\"https:\/\/www.adf.org.br\/home\/author\/administrador\/\"}]}<\/script>\n<!-- \/ Yoast SEO plugin. -->","yoast_head_json":{"title":"A Vida de S\u00e3o Francisco de Assis","description":"A Vida de S\u00e3o Francisco de Assis, venha conhec\u00ea-la! Conhe\u00e7a esta vida cheia de aventuras extraordin\u00e1rias! Venha ler!","robots":{"index":"index","follow":"follow","max-snippet":"max-snippet:-1","max-image-preview":"max-image-preview:large","max-video-preview":"max-video-preview:-1"},"canonical":"https:\/\/www.adf.org.br\/home\/a-vida-de-sao-francisco-de-assis\/","og_locale":"pt_BR","og_type":"article","og_title":"A Vida de S\u00e3o Francisco de Assis","og_description":"A Vida de S\u00e3o Francisco de Assis, venha conhec\u00ea-la! Conhe\u00e7a esta vida cheia de aventuras extraordin\u00e1rias! Venha ler!","og_url":"https:\/\/www.adf.org.br\/home\/a-vida-de-sao-francisco-de-assis\/","og_site_name":"Associa\u00e7\u00e3o Devotos de F\u00e1tima","article_published_time":"2024-10-04T03:03:59+00:00","article_modified_time":"2024-10-03T18:47:42+00:00","og_image":[{"width":720,"height":405,"url":"https:\/\/www.adf.org.br\/home\/wp-content\/uploads\/2024\/10\/as-chagas-de-sao-francisco-de-assis-relacionados-1.jpg","type":"image\/jpeg"}],"twitter_card":"summary_large_image","twitter_misc":{"Escrito por":"administrador","Est. tempo de leitura":"6 minutos"},"schema":{"@context":"https:\/\/schema.org","@graph":[{"@type":"WebSite","@id":"https:\/\/www.adf.org.br\/home\/#website","url":"https:\/\/www.adf.org.br\/home\/","name":"Associa\u00e7\u00e3o Devotos de F\u00e1tima","description":"Associa\u00e7\u00e3o Devotos de F\u00e1tima","potentialAction":[{"@type":"SearchAction","target":{"@type":"EntryPoint","urlTemplate":"https:\/\/www.adf.org.br\/home\/?s={search_term_string}"},"query-input":"required name=search_term_string"}],"inLanguage":"pt-BR"},{"@type":"ImageObject","@id":"https:\/\/www.adf.org.br\/home\/a-vida-de-sao-francisco-de-assis\/#primaryimage","inLanguage":"pt-BR","url":"https:\/\/www.adf.org.br\/home\/wp-content\/uploads\/2024\/10\/as-chagas-de-sao-francisco-de-assis-relacionados-1.jpg","contentUrl":"https:\/\/www.adf.org.br\/home\/wp-content\/uploads\/2024\/10\/as-chagas-de-sao-francisco-de-assis-relacionados-1.jpg","width":720,"height":405},{"@type":"WebPage","@id":"https:\/\/www.adf.org.br\/home\/a-vida-de-sao-francisco-de-assis\/#webpage","url":"https:\/\/www.adf.org.br\/home\/a-vida-de-sao-francisco-de-assis\/","name":"A Vida de S\u00e3o Francisco de Assis","isPartOf":{"@id":"https:\/\/www.adf.org.br\/home\/#website"},"primaryImageOfPage":{"@id":"https:\/\/www.adf.org.br\/home\/a-vida-de-sao-francisco-de-assis\/#primaryimage"},"datePublished":"2024-10-04T03:03:59+00:00","dateModified":"2024-10-03T18:47:42+00:00","author":{"@id":"https:\/\/www.adf.org.br\/home\/#\/schema\/person\/03b50b7f0711bc818ead306331657cb5"},"description":"A Vida de S\u00e3o Francisco de Assis, venha conhec\u00ea-la! Conhe\u00e7a esta vida cheia de aventuras extraordin\u00e1rias! Venha ler!","breadcrumb":{"@id":"https:\/\/www.adf.org.br\/home\/a-vida-de-sao-francisco-de-assis\/#breadcrumb"},"inLanguage":"pt-BR","potentialAction":[{"@type":"ReadAction","target":["https:\/\/www.adf.org.br\/home\/a-vida-de-sao-francisco-de-assis\/"]}]},{"@type":"BreadcrumbList","@id":"https:\/\/www.adf.org.br\/home\/a-vida-de-sao-francisco-de-assis\/#breadcrumb","itemListElement":[{"@type":"ListItem","position":1,"name":"Home","item":"https:\/\/www.adf.org.br\/home\/"},{"@type":"ListItem","position":2,"name":"A Vida de S\u00e3o Francisco de Assis"}]},{"@type":"Person","@id":"https:\/\/www.adf.org.br\/home\/#\/schema\/person\/03b50b7f0711bc818ead306331657cb5","name":"administrador","image":{"@type":"ImageObject","@id":"https:\/\/www.adf.org.br\/home\/#personlogo","inLanguage":"pt-BR","url":"https:\/\/secure.gravatar.com\/avatar\/2f4d3b4697b7c5df630d1489d9c80573?s=96&d=mm&r=g","contentUrl":"https:\/\/secure.gravatar.com\/avatar\/2f4d3b4697b7c5df630d1489d9c80573?s=96&d=mm&r=g","caption":"administrador"},"url":"https:\/\/www.adf.org.br\/home\/author\/administrador\/"}]}},"_links":{"self":[{"href":"https:\/\/www.adf.org.br\/home\/wp-json\/wp\/v2\/posts\/77640"}],"collection":[{"href":"https:\/\/www.adf.org.br\/home\/wp-json\/wp\/v2\/posts"}],"about":[{"href":"https:\/\/www.adf.org.br\/home\/wp-json\/wp\/v2\/types\/post"}],"author":[{"embeddable":true,"href":"https:\/\/www.adf.org.br\/home\/wp-json\/wp\/v2\/users\/9"}],"replies":[{"embeddable":true,"href":"https:\/\/www.adf.org.br\/home\/wp-json\/wp\/v2\/comments?post=77640"}],"version-history":[{"count":2,"href":"https:\/\/www.adf.org.br\/home\/wp-json\/wp\/v2\/posts\/77640\/revisions"}],"predecessor-version":[{"id":77645,"href":"https:\/\/www.adf.org.br\/home\/wp-json\/wp\/v2\/posts\/77640\/revisions\/77645"}],"wp:featuredmedia":[{"embeddable":true,"href":"https:\/\/www.adf.org.br\/home\/wp-json\/wp\/v2\/media\/77644"}],"wp:attachment":[{"href":"https:\/\/www.adf.org.br\/home\/wp-json\/wp\/v2\/media?parent=77640"}],"wp:term":[{"taxonomy":"category","embeddable":true,"href":"https:\/\/www.adf.org.br\/home\/wp-json\/wp\/v2\/categories?post=77640"},{"taxonomy":"post_tag","embeddable":true,"href":"https:\/\/www.adf.org.br\/home\/wp-json\/wp\/v2\/tags?post=77640"}],"curies":[{"name":"wp","href":"https:\/\/api.w.org\/{rel}","templated":true}]}}