{"id":77623,"date":"2024-10-01T07:03:33","date_gmt":"2024-10-01T10:03:33","guid":{"rendered":"https:\/\/www.adf.org.br\/home\/?p=77623"},"modified":"2024-09-30T17:41:06","modified_gmt":"2024-09-30T20:41:06","slug":"santa-teresinha-e-nossa-senhora-uma-dupla-imperdivel","status":"publish","type":"post","link":"https:\/\/www.adf.org.br\/home\/santa-teresinha-e-nossa-senhora-uma-dupla-imperdivel\/","title":{"rendered":"Santa Teresinha e Nossa Senhora: uma dupla imperd\u00edvel!"},"content":{"rendered":"<p><img loading=\"lazy\" class=\"wp-image-77632 aligncenter\" src=\"https:\/\/www.adf.org.br\/home\/wp-content\/uploads\/2024\/09\/formacao_aprendendo-a-ser-missionario-com-santa-teresinha-1-1-1024x768.jpg\" alt=\"\" width=\"824\" height=\"618\" \/><\/p>\n<h2 style=\"text-align: center;\">Santa Teresinha e Nossa Senhora: uma dupla imperd\u00edvel!<\/h2>\n<p>&nbsp;<\/p>\n<p><strong><span style=\"color: #800080;\">T<\/span><\/strong>h\u00e9r\u00e8se Fran\u00e7oise Marie Martin nasceu em Alen\u00e7on, em 2 de janeiro de 1873, de um casal de ourives, canonizados em 2015. &#8220;Dignos mais do c\u00e9u do que da terra&#8221;, como Terezinha os definia.<\/p>\n<p>Ele era pois a \u00faltima de oito filhos, tr\u00eas dos quais morreram quando crian\u00e7as.<\/p>\n<p>&nbsp;<\/p>\n<p>Aos quatro anos e meio, ficando \u00f3rf\u00e3 de m\u00e3e, reviveu o drama do abandono, por causa da entrada progressiva de quatro de suas irm\u00e3s para o Carmelo.<\/p>\n<p><span style=\"color: #800080;\">No entanto, recebia o carinho especial do seu pai, que a chamava &#8220;pequena rainha da Fran\u00e7a&#8221;.<\/span><\/p>\n<p>&nbsp;<\/p>\n<p>Por sua vez, ela tamb\u00e9m entra para o Carmelo de Lisieux, com apenas quinze anos, por especial autoriza\u00e7\u00e3o do Papa Le\u00e3o XIII, ap\u00f3s ter ido suplic\u00e1-lo em Roma.<\/p>\n<p>\u201cVoc\u00ea vai entrar, se Deus quiser\u201d, foi a resposta do Pont\u00edfice.<\/p>\n<p>&nbsp;<\/p>\n<p>O desejo da jovem era pois \u201csalvar as almas\u201d e, sobretudo, &#8220;rezar para ajudar os sacerdotes&#8221;.<\/p>\n<p>Na hora de fazer a profiss\u00e3o dos votos religiosos ela recebeu o nome de Irm\u00e3 Teresa do Menino Jesus e da Santa Face.<\/p>\n<p>&nbsp;<\/p>\n<p>A pedido de sua Superiora, Terezinha come\u00e7ou, imediatamente, a escrever um di\u00e1rio, no qual fez algumas anota\u00e7\u00f5es sobre as etapas da sua vida interior.<\/p>\n<p>Em 1895, escreveu: &#8220;No dia 9 de junho, festa da Sant\u00edssima Trindade, recebi a gra\u00e7a de entender, mais do que nunca, quanto Jesus quer ser amado!&#8221;.<\/p>\n<p>Fonte: <a href=\"http:\/\/Vaticannews.va\">Vaticannews.va<\/a><\/p>\n<p>&nbsp;<\/p>\n<h2><img loading=\"lazy\" class=\"size-medium wp-image-77629 alignleft\" src=\"https:\/\/www.adf.org.br\/home\/wp-content\/uploads\/2024\/09\/WallpaperStaTeresinha-300x300.jpg\" alt=\"\" width=\"300\" height=\"300\" srcset=\"https:\/\/www.adf.org.br\/home\/wp-content\/uploads\/2024\/09\/WallpaperStaTeresinha-300x300.jpg 300w, https:\/\/www.adf.org.br\/home\/wp-content\/uploads\/2024\/09\/WallpaperStaTeresinha-150x150.jpg 150w, https:\/\/www.adf.org.br\/home\/wp-content\/uploads\/2024\/09\/WallpaperStaTeresinha.jpg 735w\" sizes=\"(max-width: 300px) 100vw, 300px\" \/>Pequeno Caminho<\/h2>\n<p>O pensamento franc\u00eas estava cada vez mais secularizado e degenerado. O homem se colocava como Deus e o iluminismo como meta final da humanidade.<\/p>\n<p>Portanto, o monasticismo estava em decl\u00ednio, caracter\u00edstica de uma sociedade morta e endurecida.<\/p>\n<p>&nbsp;<\/p>\n<p>Quando pois, de forma inesperada, um &#8220;vendaval&#8221; atingiu os inimigos da Igreja.<\/p>\n<p><span style=\"color: #800080;\">\u00c9, ent\u00e3o, com estas palavras a forma apropriada de se referir ao absoluto sucesso das obras da freira publicadas de forma p\u00f3stuma!<\/span><\/p>\n<p>&nbsp;<\/p>\n<p>Ademais, o sucesso dos livros da jovem foi tanto que sua face foi pintada em diversos avi\u00f5es franceses durante a Primeira Guerra Mundial.<\/p>\n<p>Se tornou ent\u00e3o no coletivo franc\u00eas quase uma &#8220;segunda Joana D&#8217;Arc&#8221;, com sua festa de canoniza\u00e7\u00e3o tendo sido muito maior do que a festa da pr\u00f3pria santa Joana.<\/p>\n<p>&nbsp;<\/p>\n<h2>A morte<\/h2>\n<p>Com apenas 24 anos de idade, nove destes vividos no convento carmelita, em 3 de setembro de 1897, morreu de tuberculose.<\/p>\n<p>Sua beatifica\u00e7\u00e3o e canoniza\u00e7\u00e3o se deram pois, respectivamente, em 1923 e 1925.<\/p>\n<p>&nbsp;<\/p>\n<p>Teresinha j\u00e1 levava pois a tuberculose como causa de mortifica\u00e7\u00e3o de sua alma, de forma realmente comend\u00e1vel para uma religiosa t\u00e3o jovem.<\/p>\n<p>Se consagrou como a padroeira das miss\u00f5es justamente devido a seu grande e real esp\u00edrito mission\u00e1rio.<\/p>\n<p>&nbsp;<\/p>\n<p>Santa Teresinha foi uma grande devota de Nossa Senhora, da Santa Face de Turim e do Menino Jesus.<\/p>\n<p>O esp\u00edrito servidor muito faz a recordar de Maria, que, vindo por \u00faltimo, foi ent\u00e3o a primeira!<\/p>\n<p>&nbsp;<\/p>\n<p style=\"text-align: center;\">***<\/p>\n<p style=\"text-align: center;\">Para acender a formosa<span style=\"color: #800080;\"> Vela de Santa Teresinha, <a href=\"http:\/\/adf.org.br\/velario\/santateresinha\/?origem=31202\" target=\"_blank\" rel=\"noopener\"><span style=\"color: #0000ff;\"><strong>clique aqui<\/strong><\/span><\/a>!<\/span><\/p>\n<p>&nbsp;<\/p>\n<p>&nbsp;<\/p>\n<p><span style=\"color: #800080;\">Caso queira receber conte\u00fados cat\u00f3licos exclusivos em sua caixa de e-mails, <strong>clique abaixo<\/strong>!<\/span><\/p>\n<p><a href=\"https:\/\/www.adf.org.br\/home\/pagina-de-cadastro\/?origem=31202\" target=\"_blank\" rel=\"noopener\"><img loading=\"lazy\" class=\"aligncenter wp-image-76960 size-full\" src=\"https:\/\/www.adf.org.br\/home\/wp-content\/uploads\/2024\/06\/Conteudos-catolicos-da-Associacao-Devotos-de-fatima-Newsletter.png\" alt=\"pais cat\u00f3licos\" width=\"600\" height=\"200\" srcset=\"https:\/\/www.adf.org.br\/home\/wp-content\/uploads\/2024\/06\/Conteudos-catolicos-da-Associacao-Devotos-de-fatima-Newsletter.png 600w, https:\/\/www.adf.org.br\/home\/wp-content\/uploads\/2024\/06\/Conteudos-catolicos-da-Associacao-Devotos-de-fatima-Newsletter-300x100.png 300w\" sizes=\"(max-width: 600px) 100vw, 600px\" \/><\/a><\/p>\n<p>&nbsp;<\/p>\n<p>&nbsp;<\/p>\n","protected":false},"excerpt":{"rendered":"<p>Santa Teresinha e Nossa Senhora: uma dupla imperd\u00edvel! &nbsp; Th\u00e9r\u00e8se Fran\u00e7oise Marie Martin nasceu em Alen\u00e7on, em 2 de janeiro de 1873, de um casal de ourives, canonizados em 2015. &#8220;Dignos mais do c\u00e9u do que da terra&#8221;, como Terezinha os definia. Ele era pois a \u00faltima de oito filhos, tr\u00eas dos quais morreram quando [&hellip;]<\/p>\n","protected":false},"author":9,"featured_media":77630,"comment_status":"open","ping_status":"open","sticky":false,"template":"","format":"standard","meta":[],"categories":[20,2547,5660],"tags":[2768,2543],"yoast_head":"<!-- This site is optimized with the Yoast SEO plugin v17.4 - https:\/\/yoast.com\/wordpress\/plugins\/seo\/ -->\n<title>Santa Teresinha e Nossa Senhora: uma dupla imperd\u00edvel!<\/title>\n<meta name=\"description\" content=\"Santa Teresinha e Nossa Senhora: uma dupla imperd\u00edvel! Venha conhecer o que conecta ambas! Dica: a humildade...\" \/>\n<meta name=\"robots\" content=\"index, follow, max-snippet:-1, max-image-preview:large, max-video-preview:-1\" \/>\n<link rel=\"canonical\" href=\"https:\/\/www.adf.org.br\/home\/santa-teresinha-e-nossa-senhora-uma-dupla-imperdivel\/\" \/>\n<meta property=\"og:locale\" content=\"pt_BR\" \/>\n<meta property=\"og:type\" content=\"article\" \/>\n<meta property=\"og:title\" content=\"Santa Teresinha e Nossa Senhora: uma dupla imperd\u00edvel!\" \/>\n<meta property=\"og:description\" content=\"Santa Teresinha e Nossa Senhora: uma dupla imperd\u00edvel! Venha conhecer o que conecta ambas! Dica: a humildade...\" \/>\n<meta property=\"og:url\" content=\"https:\/\/www.adf.org.br\/home\/santa-teresinha-e-nossa-senhora-uma-dupla-imperdivel\/\" \/>\n<meta property=\"og:site_name\" content=\"Associa\u00e7\u00e3o Devotos de F\u00e1tima\" \/>\n<meta property=\"article:published_time\" content=\"2024-10-01T10:03:33+00:00\" \/>\n<meta property=\"article:modified_time\" content=\"2024-09-30T20:41:06+00:00\" \/>\n<meta property=\"og:image\" content=\"https:\/\/www.adf.org.br\/home\/wp-content\/uploads\/2024\/09\/formacao_santa-teresinha.jpg\" \/>\n\t<meta property=\"og:image:width\" content=\"1600\" \/>\n\t<meta property=\"og:image:height\" content=\"1200\" \/>\n<meta name=\"twitter:card\" content=\"summary_large_image\" \/>\n<meta name=\"twitter:label1\" content=\"Escrito por\" \/>\n\t<meta name=\"twitter:data1\" content=\"administrador\" \/>\n\t<meta name=\"twitter:label2\" content=\"Est. tempo de leitura\" \/>\n\t<meta name=\"twitter:data2\" content=\"3 minutos\" \/>\n<script type=\"application\/ld+json\" class=\"yoast-schema-graph\">{\"@context\":\"https:\/\/schema.org\",\"@graph\":[{\"@type\":\"WebSite\",\"@id\":\"https:\/\/www.adf.org.br\/home\/#website\",\"url\":\"https:\/\/www.adf.org.br\/home\/\",\"name\":\"Associa\\u00e7\\u00e3o Devotos de F\\u00e1tima\",\"description\":\"Associa\\u00e7\\u00e3o Devotos de F\\u00e1tima\",\"potentialAction\":[{\"@type\":\"SearchAction\",\"target\":{\"@type\":\"EntryPoint\",\"urlTemplate\":\"https:\/\/www.adf.org.br\/home\/?s={search_term_string}\"},\"query-input\":\"required name=search_term_string\"}],\"inLanguage\":\"pt-BR\"},{\"@type\":\"ImageObject\",\"@id\":\"https:\/\/www.adf.org.br\/home\/santa-teresinha-e-nossa-senhora-uma-dupla-imperdivel\/#primaryimage\",\"inLanguage\":\"pt-BR\",\"url\":\"https:\/\/www.adf.org.br\/home\/wp-content\/uploads\/2024\/09\/formacao_santa-teresinha.jpg\",\"contentUrl\":\"https:\/\/www.adf.org.br\/home\/wp-content\/uploads\/2024\/09\/formacao_santa-teresinha.jpg\",\"width\":1600,\"height\":1200},{\"@type\":\"WebPage\",\"@id\":\"https:\/\/www.adf.org.br\/home\/santa-teresinha-e-nossa-senhora-uma-dupla-imperdivel\/#webpage\",\"url\":\"https:\/\/www.adf.org.br\/home\/santa-teresinha-e-nossa-senhora-uma-dupla-imperdivel\/\",\"name\":\"Santa Teresinha e Nossa Senhora: uma dupla imperd\\u00edvel!\",\"isPartOf\":{\"@id\":\"https:\/\/www.adf.org.br\/home\/#website\"},\"primaryImageOfPage\":{\"@id\":\"https:\/\/www.adf.org.br\/home\/santa-teresinha-e-nossa-senhora-uma-dupla-imperdivel\/#primaryimage\"},\"datePublished\":\"2024-10-01T10:03:33+00:00\",\"dateModified\":\"2024-09-30T20:41:06+00:00\",\"author\":{\"@id\":\"https:\/\/www.adf.org.br\/home\/#\/schema\/person\/03b50b7f0711bc818ead306331657cb5\"},\"description\":\"Santa Teresinha e Nossa Senhora: uma dupla imperd\\u00edvel! Venha conhecer o que conecta ambas! Dica: a humildade...\",\"breadcrumb\":{\"@id\":\"https:\/\/www.adf.org.br\/home\/santa-teresinha-e-nossa-senhora-uma-dupla-imperdivel\/#breadcrumb\"},\"inLanguage\":\"pt-BR\",\"potentialAction\":[{\"@type\":\"ReadAction\",\"target\":[\"https:\/\/www.adf.org.br\/home\/santa-teresinha-e-nossa-senhora-uma-dupla-imperdivel\/\"]}]},{\"@type\":\"BreadcrumbList\",\"@id\":\"https:\/\/www.adf.org.br\/home\/santa-teresinha-e-nossa-senhora-uma-dupla-imperdivel\/#breadcrumb\",\"itemListElement\":[{\"@type\":\"ListItem\",\"position\":1,\"name\":\"Home\",\"item\":\"https:\/\/www.adf.org.br\/home\/\"},{\"@type\":\"ListItem\",\"position\":2,\"name\":\"Santa Teresinha e Nossa Senhora: uma dupla imperd\\u00edvel!\"}]},{\"@type\":\"Person\",\"@id\":\"https:\/\/www.adf.org.br\/home\/#\/schema\/person\/03b50b7f0711bc818ead306331657cb5\",\"name\":\"administrador\",\"image\":{\"@type\":\"ImageObject\",\"@id\":\"https:\/\/www.adf.org.br\/home\/#personlogo\",\"inLanguage\":\"pt-BR\",\"url\":\"https:\/\/secure.gravatar.com\/avatar\/2f4d3b4697b7c5df630d1489d9c80573?s=96&d=mm&r=g\",\"contentUrl\":\"https:\/\/secure.gravatar.com\/avatar\/2f4d3b4697b7c5df630d1489d9c80573?s=96&d=mm&r=g\",\"caption\":\"administrador\"},\"url\":\"https:\/\/www.adf.org.br\/home\/author\/administrador\/\"}]}<\/script>\n<!-- \/ Yoast SEO plugin. -->","yoast_head_json":{"title":"Santa Teresinha e Nossa Senhora: uma dupla imperd\u00edvel!","description":"Santa Teresinha e Nossa Senhora: uma dupla imperd\u00edvel! Venha conhecer o que conecta ambas! Dica: a humildade...","robots":{"index":"index","follow":"follow","max-snippet":"max-snippet:-1","max-image-preview":"max-image-preview:large","max-video-preview":"max-video-preview:-1"},"canonical":"https:\/\/www.adf.org.br\/home\/santa-teresinha-e-nossa-senhora-uma-dupla-imperdivel\/","og_locale":"pt_BR","og_type":"article","og_title":"Santa Teresinha e Nossa Senhora: uma dupla imperd\u00edvel!","og_description":"Santa Teresinha e Nossa Senhora: uma dupla imperd\u00edvel! Venha conhecer o que conecta ambas! Dica: a humildade...","og_url":"https:\/\/www.adf.org.br\/home\/santa-teresinha-e-nossa-senhora-uma-dupla-imperdivel\/","og_site_name":"Associa\u00e7\u00e3o Devotos de F\u00e1tima","article_published_time":"2024-10-01T10:03:33+00:00","article_modified_time":"2024-09-30T20:41:06+00:00","og_image":[{"width":1600,"height":1200,"url":"https:\/\/www.adf.org.br\/home\/wp-content\/uploads\/2024\/09\/formacao_santa-teresinha.jpg","type":"image\/jpeg"}],"twitter_card":"summary_large_image","twitter_misc":{"Escrito por":"administrador","Est. tempo de leitura":"3 minutos"},"schema":{"@context":"https:\/\/schema.org","@graph":[{"@type":"WebSite","@id":"https:\/\/www.adf.org.br\/home\/#website","url":"https:\/\/www.adf.org.br\/home\/","name":"Associa\u00e7\u00e3o Devotos de F\u00e1tima","description":"Associa\u00e7\u00e3o Devotos de F\u00e1tima","potentialAction":[{"@type":"SearchAction","target":{"@type":"EntryPoint","urlTemplate":"https:\/\/www.adf.org.br\/home\/?s={search_term_string}"},"query-input":"required name=search_term_string"}],"inLanguage":"pt-BR"},{"@type":"ImageObject","@id":"https:\/\/www.adf.org.br\/home\/santa-teresinha-e-nossa-senhora-uma-dupla-imperdivel\/#primaryimage","inLanguage":"pt-BR","url":"https:\/\/www.adf.org.br\/home\/wp-content\/uploads\/2024\/09\/formacao_santa-teresinha.jpg","contentUrl":"https:\/\/www.adf.org.br\/home\/wp-content\/uploads\/2024\/09\/formacao_santa-teresinha.jpg","width":1600,"height":1200},{"@type":"WebPage","@id":"https:\/\/www.adf.org.br\/home\/santa-teresinha-e-nossa-senhora-uma-dupla-imperdivel\/#webpage","url":"https:\/\/www.adf.org.br\/home\/santa-teresinha-e-nossa-senhora-uma-dupla-imperdivel\/","name":"Santa Teresinha e Nossa Senhora: uma dupla imperd\u00edvel!","isPartOf":{"@id":"https:\/\/www.adf.org.br\/home\/#website"},"primaryImageOfPage":{"@id":"https:\/\/www.adf.org.br\/home\/santa-teresinha-e-nossa-senhora-uma-dupla-imperdivel\/#primaryimage"},"datePublished":"2024-10-01T10:03:33+00:00","dateModified":"2024-09-30T20:41:06+00:00","author":{"@id":"https:\/\/www.adf.org.br\/home\/#\/schema\/person\/03b50b7f0711bc818ead306331657cb5"},"description":"Santa Teresinha e Nossa Senhora: uma dupla imperd\u00edvel! Venha conhecer o que conecta ambas! Dica: a humildade...","breadcrumb":{"@id":"https:\/\/www.adf.org.br\/home\/santa-teresinha-e-nossa-senhora-uma-dupla-imperdivel\/#breadcrumb"},"inLanguage":"pt-BR","potentialAction":[{"@type":"ReadAction","target":["https:\/\/www.adf.org.br\/home\/santa-teresinha-e-nossa-senhora-uma-dupla-imperdivel\/"]}]},{"@type":"BreadcrumbList","@id":"https:\/\/www.adf.org.br\/home\/santa-teresinha-e-nossa-senhora-uma-dupla-imperdivel\/#breadcrumb","itemListElement":[{"@type":"ListItem","position":1,"name":"Home","item":"https:\/\/www.adf.org.br\/home\/"},{"@type":"ListItem","position":2,"name":"Santa Teresinha e Nossa Senhora: uma dupla imperd\u00edvel!"}]},{"@type":"Person","@id":"https:\/\/www.adf.org.br\/home\/#\/schema\/person\/03b50b7f0711bc818ead306331657cb5","name":"administrador","image":{"@type":"ImageObject","@id":"https:\/\/www.adf.org.br\/home\/#personlogo","inLanguage":"pt-BR","url":"https:\/\/secure.gravatar.com\/avatar\/2f4d3b4697b7c5df630d1489d9c80573?s=96&d=mm&r=g","contentUrl":"https:\/\/secure.gravatar.com\/avatar\/2f4d3b4697b7c5df630d1489d9c80573?s=96&d=mm&r=g","caption":"administrador"},"url":"https:\/\/www.adf.org.br\/home\/author\/administrador\/"}]}},"_links":{"self":[{"href":"https:\/\/www.adf.org.br\/home\/wp-json\/wp\/v2\/posts\/77623"}],"collection":[{"href":"https:\/\/www.adf.org.br\/home\/wp-json\/wp\/v2\/posts"}],"about":[{"href":"https:\/\/www.adf.org.br\/home\/wp-json\/wp\/v2\/types\/post"}],"author":[{"embeddable":true,"href":"https:\/\/www.adf.org.br\/home\/wp-json\/wp\/v2\/users\/9"}],"replies":[{"embeddable":true,"href":"https:\/\/www.adf.org.br\/home\/wp-json\/wp\/v2\/comments?post=77623"}],"version-history":[{"count":4,"href":"https:\/\/www.adf.org.br\/home\/wp-json\/wp\/v2\/posts\/77623\/revisions"}],"predecessor-version":[{"id":77634,"href":"https:\/\/www.adf.org.br\/home\/wp-json\/wp\/v2\/posts\/77623\/revisions\/77634"}],"wp:featuredmedia":[{"embeddable":true,"href":"https:\/\/www.adf.org.br\/home\/wp-json\/wp\/v2\/media\/77630"}],"wp:attachment":[{"href":"https:\/\/www.adf.org.br\/home\/wp-json\/wp\/v2\/media?parent=77623"}],"wp:term":[{"taxonomy":"category","embeddable":true,"href":"https:\/\/www.adf.org.br\/home\/wp-json\/wp\/v2\/categories?post=77623"},{"taxonomy":"post_tag","embeddable":true,"href":"https:\/\/www.adf.org.br\/home\/wp-json\/wp\/v2\/tags?post=77623"}],"curies":[{"name":"wp","href":"https:\/\/api.w.org\/{rel}","templated":true}]}}