{"id":77552,"date":"2024-09-23T09:12:52","date_gmt":"2024-09-23T12:12:52","guid":{"rendered":"https:\/\/www.adf.org.br\/home\/?p=77552"},"modified":"2024-09-23T09:15:07","modified_gmt":"2024-09-23T12:15:07","slug":"o-padre-pio-e-nossa-senhora-de-fatima","status":"publish","type":"post","link":"https:\/\/www.adf.org.br\/home\/o-padre-pio-e-nossa-senhora-de-fatima\/","title":{"rendered":"O Padre Pio e Nossa Senhora de F\u00e1tima"},"content":{"rendered":"<p><img loading=\"lazy\" class=\"aligncenter wp-image-73586 size-full\" src=\"https:\/\/www.adf.org.br\/home\/wp-content\/uploads\/2023\/09\/Padre-PIo-e-Nossa-Senhora-de-Fatima.jpg\" alt=\"Padre Pio e Nossa Senhora de F\u00e1tima\" width=\"620\" height=\"415\" srcset=\"https:\/\/www.adf.org.br\/home\/wp-content\/uploads\/2023\/09\/Padre-PIo-e-Nossa-Senhora-de-Fatima.jpg 620w, https:\/\/www.adf.org.br\/home\/wp-content\/uploads\/2023\/09\/Padre-PIo-e-Nossa-Senhora-de-Fatima-300x201.jpg 300w\" sizes=\"(max-width: 620px) 100vw, 620px\" \/><\/p>\n<h2 style=\"text-align: center;\">O Padre Pio e <span style=\"color: #800080;\">Nossa Senhora de F\u00e1tima<\/span><\/h2>\n<p>&nbsp;<\/p>\n<p><span style=\"color: #800080; font-size: 32px;\"><strong>N<\/strong><\/span>este dia 23 de setembro, celebramos com alegria a mem\u00f3ria do <strong><a href=\"https:\/\/www.adf.org.br\/home\/pagina-de-cadastro\/?origem=31151\" target=\"_blank\" rel=\"noopener\"><span style=\"color: #0000ff;\">santo Padre<\/span> Pio<\/a><\/strong>!<\/p>\n<p>Nascido Francesco Forgione na vila de Pietrelcina, no sul do Reino da It\u00e1lia, em 1887.<\/p>\n<p>&nbsp;<\/p>\n<p>Quando ainda era uma crian\u00e7a, um frade visitou sua fam\u00edlia, o que inspirou o pequeno Francesco a seguir o caminho vocacional,<\/p>\n<p>Em 1903, se tornou novi\u00e7o, fazendo seus votos em 1904; em 1910, ordenou-se sacerdote.<\/p>\n<p>&nbsp;<\/p>\n<p>Participou da Primeira Guerra Mundial (1914-1918) auxiliando feridos e rezando. Nesta \u00e9poca, possu\u00eda uma sa\u00fade muito fr\u00e1gil, que impossibilitava pois sua perman\u00eancia no front; alguns anos antes, rec\u00e9m-ordenado, foi ent\u00e3o enviado para sua casa por conta desse tipo de problema.<\/p>\n<p>&nbsp;<\/p>\n<h3>Estigmas<\/h3>\n<p>Em 1911, foi estigmatizado de forma breve, mas escondeu as marcas, pois temia ser mal compreendido.<\/p>\n<p>Todavia, 7 anos depois, em 1918, os estigmas retornaram de forma violenta, estes que lhe causariam problemas pelos pr\u00f3ximos 50 anos.<\/p>\n<p>&nbsp;<\/p>\n<p>Seus seguidores e amigos eram muitos, tanto de <a href=\"https:\/\/www.adf.org.br\/home\/pagina-de-cadastro\/?origem=31151\" target=\"_blank\" rel=\"noopener\"><span style=\"color: #0000ff;\"><strong>San Giovanni Rotondo<\/strong><\/span><\/a> quanto do resto da It\u00e1lia.<\/p>\n<p>&nbsp;<\/p>\n<p>Um deles, Lodovico Montini (irm\u00e3o do futuro papa S\u00e3o Paulo VI), muito auxiliou na obra-prima da vida do Padre Pio: o grande hospital &#8220;La Casa Sollievo della Sofferenza&#8221;, refer\u00eancia no tratamento aos enfermos necessitados.<\/p>\n<p>&nbsp;<\/p>\n<p>Os incr\u00edveis feitos o fizeram ficar conhecido pelo mundo inteiro: Curas inexplic\u00e1veis, leitura de cora\u00e7\u00f5es, profecia e muito mais.<\/p>\n<p>&nbsp;<\/p>\n<p>Faleceu ent\u00e3o <strong>56 anos atr\u00e1s<\/strong>, em 23 de setembro de 1968, aos 81 anos, logo ap\u00f3s celebrar a Santa Missa.<\/p>\n<p>Foi beatificado pelo ent\u00e3o papa S\u00e3o Jo\u00e3o Paulo II, em 2 de maio de 1999. A canoniza\u00e7\u00e3o se deu em 28 de fevereiro de 2002.<\/p>\n<p>&nbsp;<\/p>\n<h3>Intercess\u00e3o de Nossa Senhora de F\u00e1tima<\/h3>\n<p>O Padre sempre deu muito refor\u00e7o \u00e0s<span style=\"color: #0000ff;\"><strong><a style=\"color: #0000ff;\" href=\"https:\/\/www.adf.org.br\/home\/pagina-de-cadastro\/?origem=31151\" target=\"_blank\" rel=\"noopener\"> apari\u00e7\u00f5es em F\u00e1tima<\/a><\/strong><\/span> e sua import\u00e2ncia para a vida cat\u00f3lica.<\/p>\n<p>Ademais, em 1959, o pr\u00f3prio Pio foi curado de uma doen\u00e7a, pleurisia, ap\u00f3s rezar diante de uma imagem peregrina de F\u00e1tima. Era devoto e rezava constantemente por sua intercess\u00e3o!<\/p>\n<p>&nbsp;<\/p>\n<p>&nbsp;<\/p>\n<blockquote>\n<p style=\"text-align: center;\">\u201cInvoquemos sempre o aux\u00edlio de Nossa Senhora\u201d.<\/p>\n<\/blockquote>\n<p>&nbsp;<\/p>\n<p><a href=\"https:\/\/www.adf.org.br\/home\/pagina-de-cadastro\/?origem=31151\" target=\"_blank\" rel=\"noopener\"><img loading=\"lazy\" class=\"aligncenter wp-image-76960 size-full\" src=\"https:\/\/www.adf.org.br\/home\/wp-content\/uploads\/2024\/06\/Conteudos-catolicos-da-Associacao-Devotos-de-fatima-Newsletter.png\" alt=\"pais cat\u00f3licos\" width=\"600\" height=\"200\" srcset=\"https:\/\/www.adf.org.br\/home\/wp-content\/uploads\/2024\/06\/Conteudos-catolicos-da-Associacao-Devotos-de-fatima-Newsletter.png 600w, https:\/\/www.adf.org.br\/home\/wp-content\/uploads\/2024\/06\/Conteudos-catolicos-da-Associacao-Devotos-de-fatima-Newsletter-300x100.png 300w\" sizes=\"(max-width: 600px) 100vw, 600px\" \/><\/a><\/p>\n<p>&nbsp;<\/p>\n","protected":false},"excerpt":{"rendered":"<p>O Padre Pio e Nossa Senhora de F\u00e1tima &nbsp; Neste dia 23 de setembro, celebramos com alegria a mem\u00f3ria do santo Padre Pio! Nascido Francesco Forgione na vila de Pietrelcina, no sul do Reino da It\u00e1lia, em 1887. &nbsp; Quando ainda era uma crian\u00e7a, um frade visitou sua fam\u00edlia, o que inspirou o pequeno Francesco [&hellip;]<\/p>\n","protected":false},"author":9,"featured_media":73586,"comment_status":"open","ping_status":"open","sticky":false,"template":"","format":"standard","meta":[],"categories":[20,2547,23,5660],"tags":[5202,22],"yoast_head":"<!-- This site is optimized with the Yoast SEO plugin v17.4 - https:\/\/yoast.com\/wordpress\/plugins\/seo\/ -->\n<title>O Padre Pio e Nossa Senhora de F\u00e1tima<\/title>\n<meta name=\"description\" content=\"Voc\u00ea conhece a rela\u00e7\u00e3o entre o Padre Pio e Nossa Senhora de F\u00e1tima? Venha ver a hist\u00f3ria completa de ambos!\" \/>\n<meta name=\"robots\" content=\"index, follow, max-snippet:-1, max-image-preview:large, max-video-preview:-1\" \/>\n<link rel=\"canonical\" href=\"https:\/\/www.adf.org.br\/home\/o-padre-pio-e-nossa-senhora-de-fatima\/\" \/>\n<meta property=\"og:locale\" content=\"pt_BR\" \/>\n<meta property=\"og:type\" content=\"article\" \/>\n<meta property=\"og:title\" content=\"O Padre Pio e Nossa Senhora de F\u00e1tima\" \/>\n<meta property=\"og:description\" content=\"Voc\u00ea conhece a rela\u00e7\u00e3o entre o Padre Pio e Nossa Senhora de F\u00e1tima? Venha ver a hist\u00f3ria completa de ambos!\" \/>\n<meta property=\"og:url\" content=\"https:\/\/www.adf.org.br\/home\/o-padre-pio-e-nossa-senhora-de-fatima\/\" \/>\n<meta property=\"og:site_name\" content=\"Associa\u00e7\u00e3o Devotos de F\u00e1tima\" \/>\n<meta property=\"article:published_time\" content=\"2024-09-23T12:12:52+00:00\" \/>\n<meta property=\"article:modified_time\" content=\"2024-09-23T12:15:07+00:00\" \/>\n<meta property=\"og:image\" content=\"https:\/\/www.adf.org.br\/home\/wp-content\/uploads\/2023\/09\/Padre-PIo-e-Nossa-Senhora-de-Fatima.jpg\" \/>\n\t<meta property=\"og:image:width\" content=\"620\" \/>\n\t<meta property=\"og:image:height\" content=\"415\" \/>\n<meta name=\"twitter:card\" content=\"summary_large_image\" \/>\n<meta name=\"twitter:label1\" content=\"Escrito por\" \/>\n\t<meta name=\"twitter:data1\" content=\"administrador\" \/>\n\t<meta name=\"twitter:label2\" content=\"Est. tempo de leitura\" \/>\n\t<meta name=\"twitter:data2\" content=\"2 minutos\" \/>\n<script type=\"application\/ld+json\" class=\"yoast-schema-graph\">{\"@context\":\"https:\/\/schema.org\",\"@graph\":[{\"@type\":\"WebSite\",\"@id\":\"https:\/\/www.adf.org.br\/home\/#website\",\"url\":\"https:\/\/www.adf.org.br\/home\/\",\"name\":\"Associa\\u00e7\\u00e3o Devotos de F\\u00e1tima\",\"description\":\"Associa\\u00e7\\u00e3o Devotos de F\\u00e1tima\",\"potentialAction\":[{\"@type\":\"SearchAction\",\"target\":{\"@type\":\"EntryPoint\",\"urlTemplate\":\"https:\/\/www.adf.org.br\/home\/?s={search_term_string}\"},\"query-input\":\"required name=search_term_string\"}],\"inLanguage\":\"pt-BR\"},{\"@type\":\"ImageObject\",\"@id\":\"https:\/\/www.adf.org.br\/home\/o-padre-pio-e-nossa-senhora-de-fatima\/#primaryimage\",\"inLanguage\":\"pt-BR\",\"url\":\"https:\/\/www.adf.org.br\/home\/wp-content\/uploads\/2023\/09\/Padre-PIo-e-Nossa-Senhora-de-Fatima.jpg\",\"contentUrl\":\"https:\/\/www.adf.org.br\/home\/wp-content\/uploads\/2023\/09\/Padre-PIo-e-Nossa-Senhora-de-Fatima.jpg\",\"width\":620,\"height\":415,\"caption\":\"Padre Pio e Nossa Senhora de F\\u00e1tima\"},{\"@type\":\"WebPage\",\"@id\":\"https:\/\/www.adf.org.br\/home\/o-padre-pio-e-nossa-senhora-de-fatima\/#webpage\",\"url\":\"https:\/\/www.adf.org.br\/home\/o-padre-pio-e-nossa-senhora-de-fatima\/\",\"name\":\"O Padre Pio e Nossa Senhora de F\\u00e1tima\",\"isPartOf\":{\"@id\":\"https:\/\/www.adf.org.br\/home\/#website\"},\"primaryImageOfPage\":{\"@id\":\"https:\/\/www.adf.org.br\/home\/o-padre-pio-e-nossa-senhora-de-fatima\/#primaryimage\"},\"datePublished\":\"2024-09-23T12:12:52+00:00\",\"dateModified\":\"2024-09-23T12:15:07+00:00\",\"author\":{\"@id\":\"https:\/\/www.adf.org.br\/home\/#\/schema\/person\/03b50b7f0711bc818ead306331657cb5\"},\"description\":\"Voc\\u00ea conhece a rela\\u00e7\\u00e3o entre o Padre Pio e Nossa Senhora de F\\u00e1tima? Venha ver a hist\\u00f3ria completa de ambos!\",\"breadcrumb\":{\"@id\":\"https:\/\/www.adf.org.br\/home\/o-padre-pio-e-nossa-senhora-de-fatima\/#breadcrumb\"},\"inLanguage\":\"pt-BR\",\"potentialAction\":[{\"@type\":\"ReadAction\",\"target\":[\"https:\/\/www.adf.org.br\/home\/o-padre-pio-e-nossa-senhora-de-fatima\/\"]}]},{\"@type\":\"BreadcrumbList\",\"@id\":\"https:\/\/www.adf.org.br\/home\/o-padre-pio-e-nossa-senhora-de-fatima\/#breadcrumb\",\"itemListElement\":[{\"@type\":\"ListItem\",\"position\":1,\"name\":\"Home\",\"item\":\"https:\/\/www.adf.org.br\/home\/\"},{\"@type\":\"ListItem\",\"position\":2,\"name\":\"O Padre Pio e Nossa Senhora de F\\u00e1tima\"}]},{\"@type\":\"Person\",\"@id\":\"https:\/\/www.adf.org.br\/home\/#\/schema\/person\/03b50b7f0711bc818ead306331657cb5\",\"name\":\"administrador\",\"image\":{\"@type\":\"ImageObject\",\"@id\":\"https:\/\/www.adf.org.br\/home\/#personlogo\",\"inLanguage\":\"pt-BR\",\"url\":\"https:\/\/secure.gravatar.com\/avatar\/2f4d3b4697b7c5df630d1489d9c80573?s=96&d=mm&r=g\",\"contentUrl\":\"https:\/\/secure.gravatar.com\/avatar\/2f4d3b4697b7c5df630d1489d9c80573?s=96&d=mm&r=g\",\"caption\":\"administrador\"},\"url\":\"https:\/\/www.adf.org.br\/home\/author\/administrador\/\"}]}<\/script>\n<!-- \/ Yoast SEO plugin. -->","yoast_head_json":{"title":"O Padre Pio e Nossa Senhora de F\u00e1tima","description":"Voc\u00ea conhece a rela\u00e7\u00e3o entre o Padre Pio e Nossa Senhora de F\u00e1tima? Venha ver a hist\u00f3ria completa de ambos!","robots":{"index":"index","follow":"follow","max-snippet":"max-snippet:-1","max-image-preview":"max-image-preview:large","max-video-preview":"max-video-preview:-1"},"canonical":"https:\/\/www.adf.org.br\/home\/o-padre-pio-e-nossa-senhora-de-fatima\/","og_locale":"pt_BR","og_type":"article","og_title":"O Padre Pio e Nossa Senhora de F\u00e1tima","og_description":"Voc\u00ea conhece a rela\u00e7\u00e3o entre o Padre Pio e Nossa Senhora de F\u00e1tima? Venha ver a hist\u00f3ria completa de ambos!","og_url":"https:\/\/www.adf.org.br\/home\/o-padre-pio-e-nossa-senhora-de-fatima\/","og_site_name":"Associa\u00e7\u00e3o Devotos de F\u00e1tima","article_published_time":"2024-09-23T12:12:52+00:00","article_modified_time":"2024-09-23T12:15:07+00:00","og_image":[{"width":620,"height":415,"url":"https:\/\/www.adf.org.br\/home\/wp-content\/uploads\/2023\/09\/Padre-PIo-e-Nossa-Senhora-de-Fatima.jpg","type":"image\/jpeg"}],"twitter_card":"summary_large_image","twitter_misc":{"Escrito por":"administrador","Est. tempo de leitura":"2 minutos"},"schema":{"@context":"https:\/\/schema.org","@graph":[{"@type":"WebSite","@id":"https:\/\/www.adf.org.br\/home\/#website","url":"https:\/\/www.adf.org.br\/home\/","name":"Associa\u00e7\u00e3o Devotos de F\u00e1tima","description":"Associa\u00e7\u00e3o Devotos de F\u00e1tima","potentialAction":[{"@type":"SearchAction","target":{"@type":"EntryPoint","urlTemplate":"https:\/\/www.adf.org.br\/home\/?s={search_term_string}"},"query-input":"required name=search_term_string"}],"inLanguage":"pt-BR"},{"@type":"ImageObject","@id":"https:\/\/www.adf.org.br\/home\/o-padre-pio-e-nossa-senhora-de-fatima\/#primaryimage","inLanguage":"pt-BR","url":"https:\/\/www.adf.org.br\/home\/wp-content\/uploads\/2023\/09\/Padre-PIo-e-Nossa-Senhora-de-Fatima.jpg","contentUrl":"https:\/\/www.adf.org.br\/home\/wp-content\/uploads\/2023\/09\/Padre-PIo-e-Nossa-Senhora-de-Fatima.jpg","width":620,"height":415,"caption":"Padre Pio e Nossa Senhora de F\u00e1tima"},{"@type":"WebPage","@id":"https:\/\/www.adf.org.br\/home\/o-padre-pio-e-nossa-senhora-de-fatima\/#webpage","url":"https:\/\/www.adf.org.br\/home\/o-padre-pio-e-nossa-senhora-de-fatima\/","name":"O Padre Pio e Nossa Senhora de F\u00e1tima","isPartOf":{"@id":"https:\/\/www.adf.org.br\/home\/#website"},"primaryImageOfPage":{"@id":"https:\/\/www.adf.org.br\/home\/o-padre-pio-e-nossa-senhora-de-fatima\/#primaryimage"},"datePublished":"2024-09-23T12:12:52+00:00","dateModified":"2024-09-23T12:15:07+00:00","author":{"@id":"https:\/\/www.adf.org.br\/home\/#\/schema\/person\/03b50b7f0711bc818ead306331657cb5"},"description":"Voc\u00ea conhece a rela\u00e7\u00e3o entre o Padre Pio e Nossa Senhora de F\u00e1tima? Venha ver a hist\u00f3ria completa de ambos!","breadcrumb":{"@id":"https:\/\/www.adf.org.br\/home\/o-padre-pio-e-nossa-senhora-de-fatima\/#breadcrumb"},"inLanguage":"pt-BR","potentialAction":[{"@type":"ReadAction","target":["https:\/\/www.adf.org.br\/home\/o-padre-pio-e-nossa-senhora-de-fatima\/"]}]},{"@type":"BreadcrumbList","@id":"https:\/\/www.adf.org.br\/home\/o-padre-pio-e-nossa-senhora-de-fatima\/#breadcrumb","itemListElement":[{"@type":"ListItem","position":1,"name":"Home","item":"https:\/\/www.adf.org.br\/home\/"},{"@type":"ListItem","position":2,"name":"O Padre Pio e Nossa Senhora de F\u00e1tima"}]},{"@type":"Person","@id":"https:\/\/www.adf.org.br\/home\/#\/schema\/person\/03b50b7f0711bc818ead306331657cb5","name":"administrador","image":{"@type":"ImageObject","@id":"https:\/\/www.adf.org.br\/home\/#personlogo","inLanguage":"pt-BR","url":"https:\/\/secure.gravatar.com\/avatar\/2f4d3b4697b7c5df630d1489d9c80573?s=96&d=mm&r=g","contentUrl":"https:\/\/secure.gravatar.com\/avatar\/2f4d3b4697b7c5df630d1489d9c80573?s=96&d=mm&r=g","caption":"administrador"},"url":"https:\/\/www.adf.org.br\/home\/author\/administrador\/"}]}},"_links":{"self":[{"href":"https:\/\/www.adf.org.br\/home\/wp-json\/wp\/v2\/posts\/77552"}],"collection":[{"href":"https:\/\/www.adf.org.br\/home\/wp-json\/wp\/v2\/posts"}],"about":[{"href":"https:\/\/www.adf.org.br\/home\/wp-json\/wp\/v2\/types\/post"}],"author":[{"embeddable":true,"href":"https:\/\/www.adf.org.br\/home\/wp-json\/wp\/v2\/users\/9"}],"replies":[{"embeddable":true,"href":"https:\/\/www.adf.org.br\/home\/wp-json\/wp\/v2\/comments?post=77552"}],"version-history":[{"count":11,"href":"https:\/\/www.adf.org.br\/home\/wp-json\/wp\/v2\/posts\/77552\/revisions"}],"predecessor-version":[{"id":77569,"href":"https:\/\/www.adf.org.br\/home\/wp-json\/wp\/v2\/posts\/77552\/revisions\/77569"}],"wp:featuredmedia":[{"embeddable":true,"href":"https:\/\/www.adf.org.br\/home\/wp-json\/wp\/v2\/media\/73586"}],"wp:attachment":[{"href":"https:\/\/www.adf.org.br\/home\/wp-json\/wp\/v2\/media?parent=77552"}],"wp:term":[{"taxonomy":"category","embeddable":true,"href":"https:\/\/www.adf.org.br\/home\/wp-json\/wp\/v2\/categories?post=77552"},{"taxonomy":"post_tag","embeddable":true,"href":"https:\/\/www.adf.org.br\/home\/wp-json\/wp\/v2\/tags?post=77552"}],"curies":[{"name":"wp","href":"https:\/\/api.w.org\/{rel}","templated":true}]}}