{"id":77538,"date":"2024-09-21T00:03:31","date_gmt":"2024-09-21T03:03:31","guid":{"rendered":"https:\/\/www.adf.org.br\/home\/?p=77538"},"modified":"2024-09-23T11:51:39","modified_gmt":"2024-09-23T14:51:39","slug":"ultima-chamada-para-a-festa-do-padre-pio","status":"publish","type":"post","link":"https:\/\/www.adf.org.br\/home\/ultima-chamada-para-a-festa-do-padre-pio\/","title":{"rendered":"\u00daLTIMA CHAMADA para a Festa do Padre Pio!"},"content":{"rendered":"<p><img loading=\"lazy\" class=\"aligncenter wp-image-77554 size-large\" src=\"https:\/\/www.adf.org.br\/home\/wp-content\/uploads\/2024\/09\/padre-pio-16x9-1-1024x576.jpg\" alt=\"\u00daLTIMA CHAMADA para a Festa do Padre Pio!\" width=\"1024\" height=\"576\" srcset=\"https:\/\/www.adf.org.br\/home\/wp-content\/uploads\/2024\/09\/padre-pio-16x9-1-1024x576.jpg 1024w, https:\/\/www.adf.org.br\/home\/wp-content\/uploads\/2024\/09\/padre-pio-16x9-1-300x169.jpg 300w, https:\/\/www.adf.org.br\/home\/wp-content\/uploads\/2024\/09\/padre-pio-16x9-1-768x432.jpg 768w, https:\/\/www.adf.org.br\/home\/wp-content\/uploads\/2024\/09\/padre-pio-16x9-1-1536x864.jpg 1536w, https:\/\/www.adf.org.br\/home\/wp-content\/uploads\/2024\/09\/padre-pio-16x9-1.jpg 1920w\" sizes=\"(max-width: 1024px) 100vw, 1024px\" \/><\/p>\n<p>&nbsp;<\/p>\n<h2 style=\"text-align: center;\">\u00daLTIMA CHAMADA para a Festa do Padre Pio!<\/h2>\n<p>&nbsp;<\/p>\n<p style=\"text-align: center;\"><strong>#<span style=\"color: #0000ff;\">ADF<\/span>Recomenda<\/strong><\/p>\n<p style=\"text-align: center;\"><span style=\"color: #800080; font-size: 32px;\"><strong>O<\/strong><\/span> santo Padre Pio espera por voc\u00ea neste dia 23!<\/p>\n<p>&nbsp;<\/p>\n<p>O Padre Pio, m\u00edstico e presb\u00edtero, nasceu em uma fam\u00edlia simples de camponeses e, desde pequeno, carregava um desejo implac\u00e1vel: &#8220;ser um frei&#8221;. Nada o desviou desse caminho.<\/p>\n<p>Com apenas 16 anos, ele entrou pois no Noviciado da Ordem dos Frades Menores Capuchinhos (O.F.M. Cap.), em Morcone, e adotou o nome de Frei Pio.<\/p>\n<p>Em 1910, aos 22 anos, j\u00e1 foi ent\u00e3o ordenado sacerdote!<\/p>\n<p style=\"text-align: right;\">.<\/p>\n<p>Posteriormente, foi direto para o convento em San Giovanni Rotondo, onde revolucionou a Confiss\u00e3o. Seu maior prazer? Celebrar a Santa Missa. Ele se definia como &#8220;um pobre frade que reza&#8221;, mas era muito mais que isso.<\/p>\n<p>Ademais, o Padre Pio sofreu brutalmente, perseguido pelos que duvidavam dos seus estigmas \u2014 sinais de uma luta que marcou profundamente sua vida.<\/p>\n<p>Na noite de 23 de setembro de 1968, Padre Pio repousou em Cristo, aos 81 anos.<\/p>\n<p style=\"text-align: right;\">.<\/p>\n<p>Em 16 de junho de 2002, ele foi pois canonizado em uma cerim\u00f4nia solene pelo Papa Jo\u00e3o Paulo II, ap\u00f3s sua canoniza\u00e7\u00e3o, sua hist\u00f3ria se espalhou por todo o mundo!<\/p>\n<p>Ent\u00e3o, no dia 23 de setembro, comemoramos o Padre Pio no calend\u00e1rio lit\u00fargico. E, em 2024,<strong><span style=\"color: #0000ff;\"><a style=\"color: #0000ff;\" href=\"http:\/\/reginafidei.org\" target=\"_blank\" rel=\"noopener\"> a Organiza\u00e7\u00e3o Regina Fidei<\/a><\/span><\/strong> est\u00e1 \u00e0 frente dessa celebra\u00e7\u00e3o inesquec\u00edvel!<\/p>\n<p style=\"text-align: right;\">.<\/p>\n<p>Agora, neste dia 23\/09, \u00e0s 16h, participe da Missa dedicada ao Padre Pio!<\/p>\n<p style=\"text-align: right;\">.<\/p>\n<h4>Local: Capela da Santa Casa de Santo Amaro.<\/h4>\n<p>Av. Adolfo Pinheiro, 235 \u2013 Santo Amaro, S\u00e3o Paulo \u2013 SP, 04753-060.<\/p>\n<p>Hor\u00e1rio: Das 16h \u00e0s 17h30.<\/p>\n<p>Quer mais detalhes sobre a Missa? Acesse o site da <span style=\"color: #0000ff;\"><strong><a style=\"color: #0000ff;\" href=\"http:\/\/reginafidei.org\" target=\"_blank\" rel=\"noopener\">Associa\u00e7\u00e3o Regina Fidei!<\/a><\/strong><\/span><\/p>\n<p style=\"text-align: right;\">.<\/p>\n<p>E \u00e0s 18h, come\u00e7a a grande Festa do Padre Pio!<\/p>\n<p style=\"text-align: right;\">.<\/p>\n<h4>Local: Universidade \u00cdtalo-Brasileira (Uni\u00edtalo).<\/h4>\n<p>Av. Jo\u00e3o Dias, 2046 \u2013 Santo Amaro, S\u00e3o Paulo \u2013 SP, 04724-003.<\/p>\n<p>A apenas 400 metros da Esta\u00e7\u00e3o Jo\u00e3o Dias.<\/p>\n<p style=\"text-align: right;\">.<\/p>\n<p>A Missa \u00e9 gratuita, mas a festa ser\u00e1 paga. Quer garantir seu lugar? Ent\u00e3o corra para se cadastrar e n\u00e3o perca a chance de saborear a famosa macarronada \u00e0 napolitana, o prato favorito de Padre Pio!<\/p>\n<p><strong><span style=\"color: #0000ff;\"><a style=\"color: #0000ff;\" href=\"https:\/\/spazioitalia.com.br\/sao-padre-pio\/\" target=\"_blank\" rel=\"noopener\">Spazio Italia \u2013 Festa do Padre Pio.<\/a><\/span><\/strong><\/p>\n<p>Mais informa\u00e7\u00f5es no<strong><span style=\"color: #0000ff;\"><a style=\"color: #0000ff;\" href=\"http:\/\/reginafidei.org\" target=\"_blank\" rel=\"noopener\"> portal Regina Fidei<\/a><\/span><\/strong><\/p>\n","protected":false},"excerpt":{"rendered":"<p>&nbsp; \u00daLTIMA CHAMADA para a Festa do Padre Pio! &nbsp; #ADFRecomenda O santo Padre Pio espera por voc\u00ea neste dia 23! &nbsp; O Padre Pio, m\u00edstico e presb\u00edtero, nasceu em uma fam\u00edlia simples de camponeses e, desde pequeno, carregava um desejo implac\u00e1vel: &#8220;ser um frei&#8221;. Nada o desviou desse caminho. Com apenas 16 anos, ele [&hellip;]<\/p>\n","protected":false},"author":9,"featured_media":0,"comment_status":"open","ping_status":"open","sticky":false,"template":"","format":"standard","meta":[],"categories":[2224,20,126,5660],"tags":[5202,2151,22],"yoast_head":"<!-- This site is optimized with the Yoast SEO plugin v17.4 - https:\/\/yoast.com\/wordpress\/plugins\/seo\/ -->\n<title>\u00daLTIMA CHAMADA para a Festa do Padre Pio!<\/title>\n<meta name=\"description\" content=\"Esta \u00e9 a \u00daLTIMA CHAMADA para a Festa do Padre Pio! Ir\u00e1 ocorrer nesta segunda-feira, dia 23 de setembro. N\u00e3o perca!\" \/>\n<meta name=\"robots\" content=\"index, follow, max-snippet:-1, max-image-preview:large, max-video-preview:-1\" \/>\n<link rel=\"canonical\" href=\"https:\/\/www.adf.org.br\/home\/ultima-chamada-para-a-festa-do-padre-pio\/\" \/>\n<meta property=\"og:locale\" content=\"pt_BR\" \/>\n<meta property=\"og:type\" content=\"article\" \/>\n<meta property=\"og:title\" content=\"\u00daLTIMA CHAMADA para a Festa do Padre Pio!\" \/>\n<meta property=\"og:description\" content=\"Esta \u00e9 a \u00daLTIMA CHAMADA para a Festa do Padre Pio! Ir\u00e1 ocorrer nesta segunda-feira, dia 23 de setembro. N\u00e3o perca!\" \/>\n<meta property=\"og:url\" content=\"https:\/\/www.adf.org.br\/home\/ultima-chamada-para-a-festa-do-padre-pio\/\" \/>\n<meta property=\"og:site_name\" content=\"Associa\u00e7\u00e3o Devotos de F\u00e1tima\" \/>\n<meta property=\"article:published_time\" content=\"2024-09-21T03:03:31+00:00\" \/>\n<meta property=\"article:modified_time\" content=\"2024-09-23T14:51:39+00:00\" \/>\n<meta property=\"og:image\" content=\"https:\/\/www.adf.org.br\/home\/wp-content\/uploads\/2024\/09\/padre-pio-16x9-1-1024x576.jpg\" \/>\n<meta name=\"twitter:card\" content=\"summary_large_image\" \/>\n<meta name=\"twitter:label1\" content=\"Escrito por\" \/>\n\t<meta name=\"twitter:data1\" content=\"administrador\" \/>\n\t<meta name=\"twitter:label2\" content=\"Est. tempo de leitura\" \/>\n\t<meta name=\"twitter:data2\" content=\"2 minutos\" \/>\n<script type=\"application\/ld+json\" class=\"yoast-schema-graph\">{\"@context\":\"https:\/\/schema.org\",\"@graph\":[{\"@type\":\"WebSite\",\"@id\":\"https:\/\/www.adf.org.br\/home\/#website\",\"url\":\"https:\/\/www.adf.org.br\/home\/\",\"name\":\"Associa\\u00e7\\u00e3o Devotos de F\\u00e1tima\",\"description\":\"Associa\\u00e7\\u00e3o Devotos de F\\u00e1tima\",\"potentialAction\":[{\"@type\":\"SearchAction\",\"target\":{\"@type\":\"EntryPoint\",\"urlTemplate\":\"https:\/\/www.adf.org.br\/home\/?s={search_term_string}\"},\"query-input\":\"required name=search_term_string\"}],\"inLanguage\":\"pt-BR\"},{\"@type\":\"ImageObject\",\"@id\":\"https:\/\/www.adf.org.br\/home\/ultima-chamada-para-a-festa-do-padre-pio\/#primaryimage\",\"inLanguage\":\"pt-BR\",\"url\":\"https:\/\/www.adf.org.br\/home\/wp-content\/uploads\/2024\/09\/padre-pio-16x9-1.jpg\",\"contentUrl\":\"https:\/\/www.adf.org.br\/home\/wp-content\/uploads\/2024\/09\/padre-pio-16x9-1.jpg\",\"width\":1920,\"height\":1080},{\"@type\":\"WebPage\",\"@id\":\"https:\/\/www.adf.org.br\/home\/ultima-chamada-para-a-festa-do-padre-pio\/#webpage\",\"url\":\"https:\/\/www.adf.org.br\/home\/ultima-chamada-para-a-festa-do-padre-pio\/\",\"name\":\"\\u00daLTIMA CHAMADA para a Festa do Padre Pio!\",\"isPartOf\":{\"@id\":\"https:\/\/www.adf.org.br\/home\/#website\"},\"primaryImageOfPage\":{\"@id\":\"https:\/\/www.adf.org.br\/home\/ultima-chamada-para-a-festa-do-padre-pio\/#primaryimage\"},\"datePublished\":\"2024-09-21T03:03:31+00:00\",\"dateModified\":\"2024-09-23T14:51:39+00:00\",\"author\":{\"@id\":\"https:\/\/www.adf.org.br\/home\/#\/schema\/person\/03b50b7f0711bc818ead306331657cb5\"},\"description\":\"Esta \\u00e9 a \\u00daLTIMA CHAMADA para a Festa do Padre Pio! Ir\\u00e1 ocorrer nesta segunda-feira, dia 23 de setembro. N\\u00e3o perca!\",\"breadcrumb\":{\"@id\":\"https:\/\/www.adf.org.br\/home\/ultima-chamada-para-a-festa-do-padre-pio\/#breadcrumb\"},\"inLanguage\":\"pt-BR\",\"potentialAction\":[{\"@type\":\"ReadAction\",\"target\":[\"https:\/\/www.adf.org.br\/home\/ultima-chamada-para-a-festa-do-padre-pio\/\"]}]},{\"@type\":\"BreadcrumbList\",\"@id\":\"https:\/\/www.adf.org.br\/home\/ultima-chamada-para-a-festa-do-padre-pio\/#breadcrumb\",\"itemListElement\":[{\"@type\":\"ListItem\",\"position\":1,\"name\":\"Home\",\"item\":\"https:\/\/www.adf.org.br\/home\/\"},{\"@type\":\"ListItem\",\"position\":2,\"name\":\"\\u00daLTIMA CHAMADA para a Festa do Padre Pio!\"}]},{\"@type\":\"Person\",\"@id\":\"https:\/\/www.adf.org.br\/home\/#\/schema\/person\/03b50b7f0711bc818ead306331657cb5\",\"name\":\"administrador\",\"image\":{\"@type\":\"ImageObject\",\"@id\":\"https:\/\/www.adf.org.br\/home\/#personlogo\",\"inLanguage\":\"pt-BR\",\"url\":\"https:\/\/secure.gravatar.com\/avatar\/2f4d3b4697b7c5df630d1489d9c80573?s=96&d=mm&r=g\",\"contentUrl\":\"https:\/\/secure.gravatar.com\/avatar\/2f4d3b4697b7c5df630d1489d9c80573?s=96&d=mm&r=g\",\"caption\":\"administrador\"},\"url\":\"https:\/\/www.adf.org.br\/home\/author\/administrador\/\"}]}<\/script>\n<!-- \/ Yoast SEO plugin. -->","yoast_head_json":{"title":"\u00daLTIMA CHAMADA para a Festa do Padre Pio!","description":"Esta \u00e9 a \u00daLTIMA CHAMADA para a Festa do Padre Pio! Ir\u00e1 ocorrer nesta segunda-feira, dia 23 de setembro. N\u00e3o perca!","robots":{"index":"index","follow":"follow","max-snippet":"max-snippet:-1","max-image-preview":"max-image-preview:large","max-video-preview":"max-video-preview:-1"},"canonical":"https:\/\/www.adf.org.br\/home\/ultima-chamada-para-a-festa-do-padre-pio\/","og_locale":"pt_BR","og_type":"article","og_title":"\u00daLTIMA CHAMADA para a Festa do Padre Pio!","og_description":"Esta \u00e9 a \u00daLTIMA CHAMADA para a Festa do Padre Pio! Ir\u00e1 ocorrer nesta segunda-feira, dia 23 de setembro. N\u00e3o perca!","og_url":"https:\/\/www.adf.org.br\/home\/ultima-chamada-para-a-festa-do-padre-pio\/","og_site_name":"Associa\u00e7\u00e3o Devotos de F\u00e1tima","article_published_time":"2024-09-21T03:03:31+00:00","article_modified_time":"2024-09-23T14:51:39+00:00","og_image":[{"url":"https:\/\/www.adf.org.br\/home\/wp-content\/uploads\/2024\/09\/padre-pio-16x9-1-1024x576.jpg"}],"twitter_card":"summary_large_image","twitter_misc":{"Escrito por":"administrador","Est. tempo de leitura":"2 minutos"},"schema":{"@context":"https:\/\/schema.org","@graph":[{"@type":"WebSite","@id":"https:\/\/www.adf.org.br\/home\/#website","url":"https:\/\/www.adf.org.br\/home\/","name":"Associa\u00e7\u00e3o Devotos de F\u00e1tima","description":"Associa\u00e7\u00e3o Devotos de F\u00e1tima","potentialAction":[{"@type":"SearchAction","target":{"@type":"EntryPoint","urlTemplate":"https:\/\/www.adf.org.br\/home\/?s={search_term_string}"},"query-input":"required name=search_term_string"}],"inLanguage":"pt-BR"},{"@type":"ImageObject","@id":"https:\/\/www.adf.org.br\/home\/ultima-chamada-para-a-festa-do-padre-pio\/#primaryimage","inLanguage":"pt-BR","url":"https:\/\/www.adf.org.br\/home\/wp-content\/uploads\/2024\/09\/padre-pio-16x9-1.jpg","contentUrl":"https:\/\/www.adf.org.br\/home\/wp-content\/uploads\/2024\/09\/padre-pio-16x9-1.jpg","width":1920,"height":1080},{"@type":"WebPage","@id":"https:\/\/www.adf.org.br\/home\/ultima-chamada-para-a-festa-do-padre-pio\/#webpage","url":"https:\/\/www.adf.org.br\/home\/ultima-chamada-para-a-festa-do-padre-pio\/","name":"\u00daLTIMA CHAMADA para a Festa do Padre Pio!","isPartOf":{"@id":"https:\/\/www.adf.org.br\/home\/#website"},"primaryImageOfPage":{"@id":"https:\/\/www.adf.org.br\/home\/ultima-chamada-para-a-festa-do-padre-pio\/#primaryimage"},"datePublished":"2024-09-21T03:03:31+00:00","dateModified":"2024-09-23T14:51:39+00:00","author":{"@id":"https:\/\/www.adf.org.br\/home\/#\/schema\/person\/03b50b7f0711bc818ead306331657cb5"},"description":"Esta \u00e9 a \u00daLTIMA CHAMADA para a Festa do Padre Pio! Ir\u00e1 ocorrer nesta segunda-feira, dia 23 de setembro. N\u00e3o perca!","breadcrumb":{"@id":"https:\/\/www.adf.org.br\/home\/ultima-chamada-para-a-festa-do-padre-pio\/#breadcrumb"},"inLanguage":"pt-BR","potentialAction":[{"@type":"ReadAction","target":["https:\/\/www.adf.org.br\/home\/ultima-chamada-para-a-festa-do-padre-pio\/"]}]},{"@type":"BreadcrumbList","@id":"https:\/\/www.adf.org.br\/home\/ultima-chamada-para-a-festa-do-padre-pio\/#breadcrumb","itemListElement":[{"@type":"ListItem","position":1,"name":"Home","item":"https:\/\/www.adf.org.br\/home\/"},{"@type":"ListItem","position":2,"name":"\u00daLTIMA CHAMADA para a Festa do Padre Pio!"}]},{"@type":"Person","@id":"https:\/\/www.adf.org.br\/home\/#\/schema\/person\/03b50b7f0711bc818ead306331657cb5","name":"administrador","image":{"@type":"ImageObject","@id":"https:\/\/www.adf.org.br\/home\/#personlogo","inLanguage":"pt-BR","url":"https:\/\/secure.gravatar.com\/avatar\/2f4d3b4697b7c5df630d1489d9c80573?s=96&d=mm&r=g","contentUrl":"https:\/\/secure.gravatar.com\/avatar\/2f4d3b4697b7c5df630d1489d9c80573?s=96&d=mm&r=g","caption":"administrador"},"url":"https:\/\/www.adf.org.br\/home\/author\/administrador\/"}]}},"_links":{"self":[{"href":"https:\/\/www.adf.org.br\/home\/wp-json\/wp\/v2\/posts\/77538"}],"collection":[{"href":"https:\/\/www.adf.org.br\/home\/wp-json\/wp\/v2\/posts"}],"about":[{"href":"https:\/\/www.adf.org.br\/home\/wp-json\/wp\/v2\/types\/post"}],"author":[{"embeddable":true,"href":"https:\/\/www.adf.org.br\/home\/wp-json\/wp\/v2\/users\/9"}],"replies":[{"embeddable":true,"href":"https:\/\/www.adf.org.br\/home\/wp-json\/wp\/v2\/comments?post=77538"}],"version-history":[{"count":9,"href":"https:\/\/www.adf.org.br\/home\/wp-json\/wp\/v2\/posts\/77538\/revisions"}],"predecessor-version":[{"id":77571,"href":"https:\/\/www.adf.org.br\/home\/wp-json\/wp\/v2\/posts\/77538\/revisions\/77571"}],"wp:attachment":[{"href":"https:\/\/www.adf.org.br\/home\/wp-json\/wp\/v2\/media?parent=77538"}],"wp:term":[{"taxonomy":"category","embeddable":true,"href":"https:\/\/www.adf.org.br\/home\/wp-json\/wp\/v2\/categories?post=77538"},{"taxonomy":"post_tag","embeddable":true,"href":"https:\/\/www.adf.org.br\/home\/wp-json\/wp\/v2\/tags?post=77538"}],"curies":[{"name":"wp","href":"https:\/\/api.w.org\/{rel}","templated":true}]}}