{"id":77510,"date":"2024-09-17T00:03:20","date_gmt":"2024-09-17T03:03:20","guid":{"rendered":"https:\/\/www.adf.org.br\/home\/?p=77510"},"modified":"2024-09-18T09:20:31","modified_gmt":"2024-09-18T12:20:31","slug":"o-padre-pio-tem-um-convite-para-voce","status":"publish","type":"post","link":"https:\/\/www.adf.org.br\/home\/o-padre-pio-tem-um-convite-para-voce\/","title":{"rendered":"O Padre Pio lhe traz um convite&#8230;"},"content":{"rendered":"<h3><img loading=\"lazy\" class=\"aligncenter wp-image-77458 size-full\" src=\"https:\/\/www.adf.org.br\/home\/wp-content\/uploads\/2024\/09\/formacao_sao-padre-pio-600x450-1.jpg\" alt=\"\" width=\"600\" height=\"450\" srcset=\"https:\/\/www.adf.org.br\/home\/wp-content\/uploads\/2024\/09\/formacao_sao-padre-pio-600x450-1.jpg 600w, https:\/\/www.adf.org.br\/home\/wp-content\/uploads\/2024\/09\/formacao_sao-padre-pio-600x450-1-300x225.jpg 300w\" sizes=\"(max-width: 600px) 100vw, 600px\" \/><\/h3>\n<h3 style=\"text-align: center;\">O Padre Pio tem um convite para voc\u00ea&#8230;<\/h3>\n<p style=\"text-align: center;\"><strong>#<span style=\"color: #993366;\">ADF<\/span>Recomenda<\/strong><\/p>\n<p>&nbsp;<\/p>\n<p dir=\"ltr\"><span style=\"color: #993366;\"><strong><span style=\"font-size: 32px;\">S<\/span><\/strong><\/span>\u00e3o Pio, <strong>presb\u00edtero e m\u00edstico<\/strong>, nasceu no seio de uma fam\u00edlia de camponeses e, desde crian\u00e7a, sempre foi animado ent\u00e3o pelo desejo de \u201cser um frei\u201d.<\/p>\n<p dir=\"ltr\">Aos 16 anos, portanto, entrou para o Noviciado da Ordem dos Frades Menores Capuchinhos (<strong>O.F.M Cap.<\/strong>) , na localidade de Morcone, adotando o nome de <strong>Frei Pio<\/strong>.<\/p>\n<p dir=\"ltr\">Em 1910, ainda aos 22 anos, foi ordenado sacerdote!<\/p>\n<p dir=\"ltr\">Posteriormente, entrou para um convento em\u00a0<strong>San Giovanni Rotondo<\/strong>, onde popularizar o sacramento da Confiss\u00e3o foi seu grande prazer. O \u00e1pice das suas atividades pastorais era pois a celebra\u00e7\u00e3o da Santa Missa. Ele se definia como \u201cum pobre frade que reza\u201d.<\/p>\n<p dir=\"ltr\">Ademais, grandes sofrimentos marcaram a vida do Padre Pio, sendo perseguido por aqueles que n\u00e3o acreditavam nos estigmas, que tamb\u00e9m o causavam muito sofrimento.<\/p>\n<p dir=\"ltr\">Padre Pio faleceu ent\u00e3o na noite do\u00a0<strong>dia 23 de setembro de 1968, aos 81 anos<\/strong>.<\/p>\n<p dir=\"ltr\">Em 16 de junho de 2002,\u00a0<strong>foi proclamado santo<\/strong> em cerim\u00f4nia solene pelo papa S\u00e3o Jo\u00e3o Paulo II.<\/p>\n<p dir=\"ltr\">Por isso, sendo 23 de setembro a data de sua morte, \u00e9 celebrada a sua festa.<\/p>\n<p dir=\"ltr\">Em 2024, a famosa <a href=\"http:\/\/reginafidei.org.br\/\"><strong>Organiza\u00e7\u00e3o Regina Fidei<\/strong><\/a>\u00a0estar\u00e1 organizando a festa!<\/p>\n<p dir=\"ltr\" style=\"text-align: right;\">.<\/p>\n<h3 dir=\"ltr\">No dia 23\/09, \u00e0s 16:00, haver\u00e1 a Missa do Padre Pio!<\/h3>\n<p style=\"text-align: right;\">.<\/p>\n<blockquote>\n<p dir=\"ltr\">Local:\u00a0<strong>Capela da Santa Casa de Santo Amaro.<\/strong><\/p>\n<p dir=\"ltr\"><strong>Av. Adolfo Pinheiro<\/strong>, 235 &#8211; Santo Amaro, S\u00e3o Paulo &#8211; SP, 04753-060<\/p>\n<\/blockquote>\n<p dir=\"ltr\">Hor\u00e1rio: Das 16:00 at\u00e9 as 17:30.<\/p>\n<p dir=\"ltr\">Caso quiser mais informa\u00e7\u00f5es sobre a Missa,\u00a0<a href=\"http:\/\/reginafidei.org.br\/\"><strong>acesse o site da Associa\u00e7\u00e3o Regina Fidei clicando aqui!<\/strong><\/a><\/p>\n<p dir=\"ltr\" style=\"text-align: right;\">.<\/p>\n<h3 dir=\"ltr\">\u00c0s 18:00 do mesmo dia, come\u00e7ar\u00e1 a\u00a0Festa do Padre Pio!<\/h3>\n<p style=\"text-align: right;\">.<\/p>\n<blockquote>\n<p dir=\"ltr\">Local: <strong>Universidade \u00cdtalo-Brasileira<\/strong> (Uni\u00edtalo)<\/p>\n<\/blockquote>\n<p><strong>Av. Jo\u00e3o Dias<\/strong>, 2046 \u2013 Santo Amaro, S\u00e3o Paulo \u2013 SP, 04724-003<\/p>\n<p>A 400 metros da Esta\u00e7\u00e3o Jo\u00e3o Dias<\/p>\n<p style=\"text-align: right;\">.<\/p>\n<p dir=\"ltr\"><strong>A Missa ser\u00e1 gratuita, mas<\/strong>\u00a0<strong>a festa ser\u00e1 com entrada paga,<\/strong>\u00a0ent\u00e3o, para garantir o melhor pre\u00e7o e acesso \u00e0 famosa macarronada \u00e0 napolitana,\u00a0<strong>favorita do Padre Pio<\/strong>, se registre abaixo!<\/p>\n<p dir=\"ltr\"><strong><a href=\"https:\/\/spazioitalia.com.br\/sao-padre-pio\/\">Spazio Italia \u2013 Festa do Padre Pio.<\/a><\/strong><\/p>\n<p dir=\"ltr\">Para mais informa\u00e7\u00f5es sobre o evento, acesse o <strong><a href=\"http:\/\/reginafidei.org.br\/\">portal Regina Fidei!<\/a><\/strong><\/p>\n","protected":false},"excerpt":{"rendered":"<p>O Padre Pio tem um convite para voc\u00ea&#8230; #ADFRecomenda &nbsp; S\u00e3o Pio, presb\u00edtero e m\u00edstico, nasceu no seio de uma fam\u00edlia de camponeses e, desde crian\u00e7a, sempre foi animado ent\u00e3o pelo desejo de \u201cser um frei\u201d. Aos 16 anos, portanto, entrou para o Noviciado da Ordem dos Frades Menores Capuchinhos (O.F.M Cap.) , na localidade [&hellip;]<\/p>\n","protected":false},"author":9,"featured_media":77458,"comment_status":"open","ping_status":"open","sticky":false,"template":"","format":"standard","meta":[],"categories":[2224,20,126],"tags":[2318,3136,5202,22],"yoast_head":"<!-- This site is optimized with the Yoast SEO plugin v17.4 - https:\/\/yoast.com\/wordpress\/plugins\/seo\/ -->\n<title>O Padre Pio lhe traz um convite... - Associa\u00e7\u00e3o Devotos de F\u00e1tima<\/title>\n<meta name=\"description\" content=\"O Padre Pio tem um convite para voc\u00ea... Sim, para voc\u00ea! Venha participar da Grande Festa do Padre Pio! H\u00e1 muita coisa boa!\" \/>\n<meta name=\"robots\" content=\"index, follow, max-snippet:-1, max-image-preview:large, max-video-preview:-1\" \/>\n<link rel=\"canonical\" href=\"https:\/\/www.adf.org.br\/home\/o-padre-pio-tem-um-convite-para-voce\/\" \/>\n<meta property=\"og:locale\" content=\"pt_BR\" \/>\n<meta property=\"og:type\" content=\"article\" \/>\n<meta property=\"og:title\" content=\"O Padre Pio lhe traz um convite... - Associa\u00e7\u00e3o Devotos de F\u00e1tima\" \/>\n<meta property=\"og:description\" content=\"O Padre Pio tem um convite para voc\u00ea... Sim, para voc\u00ea! Venha participar da Grande Festa do Padre Pio! H\u00e1 muita coisa boa!\" \/>\n<meta property=\"og:url\" content=\"https:\/\/www.adf.org.br\/home\/o-padre-pio-tem-um-convite-para-voce\/\" \/>\n<meta property=\"og:site_name\" content=\"Associa\u00e7\u00e3o Devotos de F\u00e1tima\" \/>\n<meta property=\"article:published_time\" content=\"2024-09-17T03:03:20+00:00\" \/>\n<meta property=\"article:modified_time\" content=\"2024-09-18T12:20:31+00:00\" \/>\n<meta property=\"og:image\" content=\"https:\/\/www.adf.org.br\/home\/wp-content\/uploads\/2024\/09\/formacao_sao-padre-pio-600x450-1.jpg\" \/>\n\t<meta property=\"og:image:width\" content=\"600\" \/>\n\t<meta property=\"og:image:height\" content=\"450\" \/>\n<meta name=\"twitter:card\" content=\"summary_large_image\" \/>\n<meta name=\"twitter:label1\" content=\"Escrito por\" \/>\n\t<meta name=\"twitter:data1\" content=\"administrador\" \/>\n\t<meta name=\"twitter:label2\" content=\"Est. tempo de leitura\" \/>\n\t<meta name=\"twitter:data2\" content=\"2 minutos\" \/>\n<script type=\"application\/ld+json\" class=\"yoast-schema-graph\">{\"@context\":\"https:\/\/schema.org\",\"@graph\":[{\"@type\":\"WebSite\",\"@id\":\"https:\/\/www.adf.org.br\/home\/#website\",\"url\":\"https:\/\/www.adf.org.br\/home\/\",\"name\":\"Associa\\u00e7\\u00e3o Devotos de F\\u00e1tima\",\"description\":\"Associa\\u00e7\\u00e3o Devotos de F\\u00e1tima\",\"potentialAction\":[{\"@type\":\"SearchAction\",\"target\":{\"@type\":\"EntryPoint\",\"urlTemplate\":\"https:\/\/www.adf.org.br\/home\/?s={search_term_string}\"},\"query-input\":\"required name=search_term_string\"}],\"inLanguage\":\"pt-BR\"},{\"@type\":\"ImageObject\",\"@id\":\"https:\/\/www.adf.org.br\/home\/o-padre-pio-tem-um-convite-para-voce\/#primaryimage\",\"inLanguage\":\"pt-BR\",\"url\":\"https:\/\/www.adf.org.br\/home\/wp-content\/uploads\/2024\/09\/formacao_sao-padre-pio-600x450-1.jpg\",\"contentUrl\":\"https:\/\/www.adf.org.br\/home\/wp-content\/uploads\/2024\/09\/formacao_sao-padre-pio-600x450-1.jpg\",\"width\":600,\"height\":450},{\"@type\":\"WebPage\",\"@id\":\"https:\/\/www.adf.org.br\/home\/o-padre-pio-tem-um-convite-para-voce\/#webpage\",\"url\":\"https:\/\/www.adf.org.br\/home\/o-padre-pio-tem-um-convite-para-voce\/\",\"name\":\"O Padre Pio lhe traz um convite... - Associa\\u00e7\\u00e3o Devotos de F\\u00e1tima\",\"isPartOf\":{\"@id\":\"https:\/\/www.adf.org.br\/home\/#website\"},\"primaryImageOfPage\":{\"@id\":\"https:\/\/www.adf.org.br\/home\/o-padre-pio-tem-um-convite-para-voce\/#primaryimage\"},\"datePublished\":\"2024-09-17T03:03:20+00:00\",\"dateModified\":\"2024-09-18T12:20:31+00:00\",\"author\":{\"@id\":\"https:\/\/www.adf.org.br\/home\/#\/schema\/person\/03b50b7f0711bc818ead306331657cb5\"},\"description\":\"O Padre Pio tem um convite para voc\\u00ea... Sim, para voc\\u00ea! Venha participar da Grande Festa do Padre Pio! H\\u00e1 muita coisa boa!\",\"breadcrumb\":{\"@id\":\"https:\/\/www.adf.org.br\/home\/o-padre-pio-tem-um-convite-para-voce\/#breadcrumb\"},\"inLanguage\":\"pt-BR\",\"potentialAction\":[{\"@type\":\"ReadAction\",\"target\":[\"https:\/\/www.adf.org.br\/home\/o-padre-pio-tem-um-convite-para-voce\/\"]}]},{\"@type\":\"BreadcrumbList\",\"@id\":\"https:\/\/www.adf.org.br\/home\/o-padre-pio-tem-um-convite-para-voce\/#breadcrumb\",\"itemListElement\":[{\"@type\":\"ListItem\",\"position\":1,\"name\":\"Home\",\"item\":\"https:\/\/www.adf.org.br\/home\/\"},{\"@type\":\"ListItem\",\"position\":2,\"name\":\"O Padre Pio lhe traz um convite&#8230;\"}]},{\"@type\":\"Person\",\"@id\":\"https:\/\/www.adf.org.br\/home\/#\/schema\/person\/03b50b7f0711bc818ead306331657cb5\",\"name\":\"administrador\",\"image\":{\"@type\":\"ImageObject\",\"@id\":\"https:\/\/www.adf.org.br\/home\/#personlogo\",\"inLanguage\":\"pt-BR\",\"url\":\"https:\/\/secure.gravatar.com\/avatar\/2f4d3b4697b7c5df630d1489d9c80573?s=96&d=mm&r=g\",\"contentUrl\":\"https:\/\/secure.gravatar.com\/avatar\/2f4d3b4697b7c5df630d1489d9c80573?s=96&d=mm&r=g\",\"caption\":\"administrador\"},\"url\":\"https:\/\/www.adf.org.br\/home\/author\/administrador\/\"}]}<\/script>\n<!-- \/ Yoast SEO plugin. -->","yoast_head_json":{"title":"O Padre Pio lhe traz um convite... - Associa\u00e7\u00e3o Devotos de F\u00e1tima","description":"O Padre Pio tem um convite para voc\u00ea... Sim, para voc\u00ea! Venha participar da Grande Festa do Padre Pio! H\u00e1 muita coisa boa!","robots":{"index":"index","follow":"follow","max-snippet":"max-snippet:-1","max-image-preview":"max-image-preview:large","max-video-preview":"max-video-preview:-1"},"canonical":"https:\/\/www.adf.org.br\/home\/o-padre-pio-tem-um-convite-para-voce\/","og_locale":"pt_BR","og_type":"article","og_title":"O Padre Pio lhe traz um convite... - Associa\u00e7\u00e3o Devotos de F\u00e1tima","og_description":"O Padre Pio tem um convite para voc\u00ea... Sim, para voc\u00ea! Venha participar da Grande Festa do Padre Pio! H\u00e1 muita coisa boa!","og_url":"https:\/\/www.adf.org.br\/home\/o-padre-pio-tem-um-convite-para-voce\/","og_site_name":"Associa\u00e7\u00e3o Devotos de F\u00e1tima","article_published_time":"2024-09-17T03:03:20+00:00","article_modified_time":"2024-09-18T12:20:31+00:00","og_image":[{"width":600,"height":450,"url":"https:\/\/www.adf.org.br\/home\/wp-content\/uploads\/2024\/09\/formacao_sao-padre-pio-600x450-1.jpg","type":"image\/jpeg"}],"twitter_card":"summary_large_image","twitter_misc":{"Escrito por":"administrador","Est. tempo de leitura":"2 minutos"},"schema":{"@context":"https:\/\/schema.org","@graph":[{"@type":"WebSite","@id":"https:\/\/www.adf.org.br\/home\/#website","url":"https:\/\/www.adf.org.br\/home\/","name":"Associa\u00e7\u00e3o Devotos de F\u00e1tima","description":"Associa\u00e7\u00e3o Devotos de F\u00e1tima","potentialAction":[{"@type":"SearchAction","target":{"@type":"EntryPoint","urlTemplate":"https:\/\/www.adf.org.br\/home\/?s={search_term_string}"},"query-input":"required name=search_term_string"}],"inLanguage":"pt-BR"},{"@type":"ImageObject","@id":"https:\/\/www.adf.org.br\/home\/o-padre-pio-tem-um-convite-para-voce\/#primaryimage","inLanguage":"pt-BR","url":"https:\/\/www.adf.org.br\/home\/wp-content\/uploads\/2024\/09\/formacao_sao-padre-pio-600x450-1.jpg","contentUrl":"https:\/\/www.adf.org.br\/home\/wp-content\/uploads\/2024\/09\/formacao_sao-padre-pio-600x450-1.jpg","width":600,"height":450},{"@type":"WebPage","@id":"https:\/\/www.adf.org.br\/home\/o-padre-pio-tem-um-convite-para-voce\/#webpage","url":"https:\/\/www.adf.org.br\/home\/o-padre-pio-tem-um-convite-para-voce\/","name":"O Padre Pio lhe traz um convite... - Associa\u00e7\u00e3o Devotos de F\u00e1tima","isPartOf":{"@id":"https:\/\/www.adf.org.br\/home\/#website"},"primaryImageOfPage":{"@id":"https:\/\/www.adf.org.br\/home\/o-padre-pio-tem-um-convite-para-voce\/#primaryimage"},"datePublished":"2024-09-17T03:03:20+00:00","dateModified":"2024-09-18T12:20:31+00:00","author":{"@id":"https:\/\/www.adf.org.br\/home\/#\/schema\/person\/03b50b7f0711bc818ead306331657cb5"},"description":"O Padre Pio tem um convite para voc\u00ea... Sim, para voc\u00ea! Venha participar da Grande Festa do Padre Pio! H\u00e1 muita coisa boa!","breadcrumb":{"@id":"https:\/\/www.adf.org.br\/home\/o-padre-pio-tem-um-convite-para-voce\/#breadcrumb"},"inLanguage":"pt-BR","potentialAction":[{"@type":"ReadAction","target":["https:\/\/www.adf.org.br\/home\/o-padre-pio-tem-um-convite-para-voce\/"]}]},{"@type":"BreadcrumbList","@id":"https:\/\/www.adf.org.br\/home\/o-padre-pio-tem-um-convite-para-voce\/#breadcrumb","itemListElement":[{"@type":"ListItem","position":1,"name":"Home","item":"https:\/\/www.adf.org.br\/home\/"},{"@type":"ListItem","position":2,"name":"O Padre Pio lhe traz um convite&#8230;"}]},{"@type":"Person","@id":"https:\/\/www.adf.org.br\/home\/#\/schema\/person\/03b50b7f0711bc818ead306331657cb5","name":"administrador","image":{"@type":"ImageObject","@id":"https:\/\/www.adf.org.br\/home\/#personlogo","inLanguage":"pt-BR","url":"https:\/\/secure.gravatar.com\/avatar\/2f4d3b4697b7c5df630d1489d9c80573?s=96&d=mm&r=g","contentUrl":"https:\/\/secure.gravatar.com\/avatar\/2f4d3b4697b7c5df630d1489d9c80573?s=96&d=mm&r=g","caption":"administrador"},"url":"https:\/\/www.adf.org.br\/home\/author\/administrador\/"}]}},"_links":{"self":[{"href":"https:\/\/www.adf.org.br\/home\/wp-json\/wp\/v2\/posts\/77510"}],"collection":[{"href":"https:\/\/www.adf.org.br\/home\/wp-json\/wp\/v2\/posts"}],"about":[{"href":"https:\/\/www.adf.org.br\/home\/wp-json\/wp\/v2\/types\/post"}],"author":[{"embeddable":true,"href":"https:\/\/www.adf.org.br\/home\/wp-json\/wp\/v2\/users\/9"}],"replies":[{"embeddable":true,"href":"https:\/\/www.adf.org.br\/home\/wp-json\/wp\/v2\/comments?post=77510"}],"version-history":[{"count":2,"href":"https:\/\/www.adf.org.br\/home\/wp-json\/wp\/v2\/posts\/77510\/revisions"}],"predecessor-version":[{"id":77527,"href":"https:\/\/www.adf.org.br\/home\/wp-json\/wp\/v2\/posts\/77510\/revisions\/77527"}],"wp:featuredmedia":[{"embeddable":true,"href":"https:\/\/www.adf.org.br\/home\/wp-json\/wp\/v2\/media\/77458"}],"wp:attachment":[{"href":"https:\/\/www.adf.org.br\/home\/wp-json\/wp\/v2\/media?parent=77510"}],"wp:term":[{"taxonomy":"category","embeddable":true,"href":"https:\/\/www.adf.org.br\/home\/wp-json\/wp\/v2\/categories?post=77510"},{"taxonomy":"post_tag","embeddable":true,"href":"https:\/\/www.adf.org.br\/home\/wp-json\/wp\/v2\/tags?post=77510"}],"curies":[{"name":"wp","href":"https:\/\/api.w.org\/{rel}","templated":true}]}}