{"id":77378,"date":"2024-08-30T00:03:02","date_gmt":"2024-08-30T03:03:02","guid":{"rendered":"https:\/\/www.adf.org.br\/home\/?p=77378"},"modified":"2024-08-29T15:21:20","modified_gmt":"2024-08-29T18:21:20","slug":"pastorzinhos-fatima-milagre-2013-2024","status":"publish","type":"post","link":"https:\/\/www.adf.org.br\/home\/pastorzinhos-fatima-milagre-2013-2024\/","title":{"rendered":"O milagre que possibilitou a canoniza\u00e7\u00e3o dos pastorzinhos de F\u00e1tima!"},"content":{"rendered":"<h2 style=\"text-align: center;\"><span style=\"color: #000000;\"><strong>O milagre que possibilitou a canoniza\u00e7\u00e3o dos pastorzinhos de F\u00e1tima!<\/strong><\/span><\/h2>\n<p>&nbsp;<\/p>\n<figure id=\"attachment_67942\" aria-describedby=\"caption-attachment-67942\" style=\"width: 600px\" class=\"wp-caption aligncenter\"><img loading=\"lazy\" class=\"wp-image-67942 size-full\" src=\"https:\/\/www.adf.org.br\/home\/wp-content\/uploads\/2022\/04\/Canonizacao-Jacinta-e-Francisco-01.webp\" alt=\"\" width=\"600\" height=\"401\" srcset=\"https:\/\/www.adf.org.br\/home\/wp-content\/uploads\/2022\/04\/Canonizacao-Jacinta-e-Francisco-01.webp 600w, https:\/\/www.adf.org.br\/home\/wp-content\/uploads\/2022\/04\/Canonizacao-Jacinta-e-Francisco-01-300x201.webp 300w\" sizes=\"(max-width: 600px) 100vw, 600px\" \/><figcaption id=\"caption-attachment-67942\" class=\"wp-caption-text\">A fam\u00edlia de Lucas<\/figcaption><\/figure>\n<p>&nbsp;<\/p>\n<p><span style=\"color: #000000;\">No dia 13 de maio de 2017, quando se comemorava o cent\u00e9simo anivers\u00e1rio da primeira apari\u00e7\u00e3o de Nossa Senhora em F\u00e1tima, o Papa Francisco canonizou Francisco e Jacinta, dois dos tr\u00eas pastorzinhos a quem Ela apareceu (conhecidos popularmente como Pastorzinhos de F\u00e1tima), falecidos respectivamente aos 11 e 10 anos.<\/span><\/p>\n<p><span style=\"color: #000000;\">O aut\u00eantico milagre que tornou poss\u00edvel essa canoniza\u00e7\u00e3o ocorreu em 2013 com um menino brasileiro do Paran\u00e1 e nos mostra o poder da ora\u00e7\u00e3o.<\/span><\/p>\n<p><span style=\"color: #000000;\">Jo\u00e3o Batista de Oliveira, pai de Lucas, o miraculado, foi convidado pelo <strong>Santu\u00e1rio de F\u00e1tima<\/strong> para l\u00e1 estar com sua fam\u00edlia naquele festivo dia. <\/span><\/p>\n<p><span style=\"color: #000000;\">Ele contou ent\u00e3o, emocionado, em uma confer\u00eancia de imprensa, os pormenores da cura milagrosa ocorrida com seu filho.<\/span><\/p>\n<p>&nbsp;<\/p>\n<h3><span style=\"color: #000000;\">Grave traumatismo craniano<\/span><\/h3>\n<p><span style=\"color: #000000;\"><img loading=\"lazy\" class=\"alignleft wp-image-67938 size-full\" src=\"https:\/\/www.adf.org.br\/home\/wp-content\/uploads\/2022\/04\/images-6.jpg\" alt=\"\" width=\"173\" height=\"292\" \/>Tudo come\u00e7ou ent\u00e3o no dia 3 de mar\u00e7o de 2013, quando o pequeno Lucas [<strong>foto<\/strong>], com pouco mais de cinco anos, brincava com sua irm\u00e3zinha Eduarda na casa da av\u00f3, na pequena cidade de Juranda, pr\u00f3xima de Campo Mour\u00e3o, no Paran\u00e1. <\/span><\/p>\n<p><span style=\"color: #000000;\">Ao chegarem perto de uma janela, Lucas perdeu o equil\u00edbrio e caiu de uma altura de 6 metros e meio.<\/span><\/p>\n<p><span style=\"color: #000000;\">Conta o pai que o menino &#8220;bateu com a cabe\u00e7a no ch\u00e3o, o que provocou um traumatismo craniano grave, com perda de tecido cerebral no l\u00f3bulo frontal esquerdo&#8221;. <\/span><\/p>\n<p><span style=\"color: #000000;\">Lucas foi levado ao hospital local e, dada a gravidade do caso, transferido para o de Campo Mour\u00e3o, a uma hora de carro, onde o chegou &#8220;em estado de coma muito grave&#8221;. <\/span><\/p>\n<p><span style=\"color: #000000;\">&#8220;Ele teve duas paradas card\u00edacas&#8221; e foi pois submetido a uma cirurgia de urg\u00eancia, apesar desse hospital de Campo Mour\u00e3o n\u00e3o estar preparado para tratar de uma les\u00e3o cerebral com essas caracter\u00edsticas.<\/span><\/p>\n<p><span style=\"color: #000000;\">Ademais, os m\u00e9dicos deram aos desolados pais poucas esperan\u00e7as de sobreviv\u00eancia do menino. Afirmaram que era muito alto o risco de ele morrer, e caso sobrevivesse ficaria para sempre em estado vegetativo, com grandes problemas neurol\u00f3gicos e cognitivos.<\/span><\/p>\n<p><span style=\"color: #000000;\">Portanto, o casal come\u00e7ou ent\u00e3o a rezar com muita f\u00e9 a Deus por meio de Nossa Senhora de F\u00e1tima, pela qual t\u00eam grande devo\u00e7\u00e3o.<\/span><\/p>\n<p>&nbsp;<\/p>\n<h3><span style=\"color: #000000;\">Ora\u00e7\u00e3o das freiras carmelitas aos pastorzinhos<\/span><\/h3>\n<p><span style=\"color: #000000;\">Homem de f\u00e9, Jo\u00e3o Batista conta que, &#8220;no dia seguinte, chamamos ao convento do Carmelo de Campo Mour\u00e3o para pedir \u00e0s irm\u00e3s que orassem pelo menino. A irm\u00e3 que respondeu \u00e0 chamada n\u00e3o transmitiu o recado para a comunidade&#8221;, posto que \u201cestavam na hora de sil\u00eancio, e pensou: &#8220;O menino vai morrer. Vou rezar pela fam\u00edlia&#8221;.\u00a0<\/span><\/p>\n<p><span style=\"color: #000000;\">S\u00f3 no dia seguinte passou a mensagem \u00e0 comunidade.<\/span><\/p>\n<p><span style=\"color: #000000;\">Enquanto isso, diz Jo\u00e3o Batista, &#8220;os dias passavam e Lucas piorava. No dia 6 de mar\u00e7o os m\u00e9dicos pensaram em traslad\u00e1-lo para outro hospital, j\u00e1 que onde estava n\u00e3o tinha os cuidados necess\u00e1rios \u00e0 sua idade&#8221;.<\/span><\/p>\n<p><span style=\"color: #000000;\">No s\u00e9timo dia, segundo o pai, &#8220;voltamos a chamar o convento, e nesse dia a freira transmitiu a mensagem \u00e0 comunidade&#8221;. <\/span><\/p>\n<p><span style=\"color: #000000;\">Uma delas correu para umas rel\u00edquias dos beatos Francisco e Jacinta, que estavam diante do tabern\u00e1culo, e sentiu um impulso de rezar a seguinte ora\u00e7\u00e3o: &#8220;Pastores, salvai este menino, que \u00e9 um menino como v\u00f3s&#8221;, e conseguiu convencer toda a comunidade a rezar para que os pastores intercedessem por ele&#8221;.<\/span><\/p>\n<p>&nbsp;<\/p>\n<h2><span style=\"color: #000000;\">O milagre<\/span><\/h2>\n<figure id=\"attachment_69765\" class=\"wp-caption alignright\" aria-describedby=\"caption-attachment-69765\"><span style=\"color: #000000;\"><img loading=\"lazy\" class=\"alignright wp-image-67939 size-full\" src=\"https:\/\/www.adf.org.br\/home\/wp-content\/uploads\/2022\/04\/8910.webp\" alt=\"\" width=\"281\" height=\"300\" \/><\/span><figcaption id=\"caption-attachment-69765\" class=\"wp-caption-text\"><\/figcaption><\/figure>\n<blockquote><p><span style=\"color: #000000;\">\u201cAssim fizeram, da mesma forma como todos n\u00f3s, na fam\u00edlia, que come\u00e7amos a rezar aos Pastorzinhos&#8221;. <\/span><\/p><\/blockquote>\n<p><span style=\"color: #000000;\">E, dois dias depois, no dia 9 de mar\u00e7o, o Lucas foi desentubado e acordou bem, l\u00facido, e come\u00e7ou a falar, perguntando pela sua irm\u00e3zinha. <\/span><\/p>\n<blockquote><p><span style=\"color: #000000;\">&#8220;No dia 11 de mar\u00e7o saiu da UTI e, no dia 15, ele teve alta&#8221;,\u00a0acrescentou o pai.<\/span><\/p>\n<p><span style=\"color: #000000;\">Desde ent\u00e3o, Lucas &#8220;est\u00e1 completamente bem, e n\u00e3o tem nenhum sintoma ou sequela. <\/span>O que Lucas era antes do acidente, o \u00e9 tamb\u00e9m agora: tem a mesma intelig\u00eancia, o mesmo car\u00e1ter, \u00e9 todo o mesmo&#8221;<span style=\"color: #000000;\">.<\/span><\/p><\/blockquote>\n<p><span style=\"color: #000000;\">Afirmou Jo\u00e3o Batista.<\/span><\/p>\n<blockquote><p><span style=\"color: #000000;\">\u201cOs m\u00e9dicos, entre eles alguns n\u00e3o crentes, disseram que\u00a0sua recupera\u00e7\u00e3o n\u00e3o tinha nenhuma explica\u00e7\u00e3o m\u00e9dica\u201d.<\/span><\/p><\/blockquote>\n<p><span style=\"color: #000000;\">Jo\u00e3o Batista e sua mulher Lucila Yure s\u00e3o agradecidos aos m\u00e9dicos que atenderam o Lucas, como tamb\u00e9m ao postulador da causa de canoniza\u00e7\u00e3o dos pastorzinhos:<\/span><\/p>\n<blockquote><p><span style=\"color: #000000;\"> &#8220;por toda a aten\u00e7\u00e3o prestada ao longo deste processo&#8221;<\/span><\/p><\/blockquote>\n<p><span style=\"color: #000000;\">&#8220;Sentimos uma grande alegria, porque este \u00e9 o milagre que leva \u00e0 canoniza\u00e7\u00e3o [dos pastorzinhos], mas sobretudo sentimos a b\u00ean\u00e7\u00e3o e a amizade destas duas crian\u00e7as que ajudaram ao nosso, e que agora ajudam a nossa fam\u00edlia&#8221;.<\/span><\/p>\n<p><span style=\"color: #000000;\">Disse Jo\u00e3o Batista, sorrindo, acompanhado de sua esposa.<\/span><\/p>\n<p>&nbsp;<\/p>\n<p><strong><em><span style=\"color: #000000;\">Fonte: Ipco.org<\/span><\/em><\/strong><\/p>\n<p>&nbsp;<\/p>\n<p style=\"text-align: center;\"><strong>Clique na imagem abaixo para receber nossas postagens de maneira instant\u00e2nea em sua caixa de e-mails!<\/strong><\/p>\n<p><a href=\"https:\/\/www.adf.org.br\/home\/pagina-de-cadastro\/?origem=31012\" target=\"_blank\" rel=\"noopener\"><img loading=\"lazy\" class=\"aligncenter wp-image-63380 size-full\" src=\"https:\/\/www.adf.org.br\/home\/wp-content\/uploads\/2021\/01\/boletim-adf.png\" sizes=\"(max-width: 417px) 100vw, 417px\" srcset=\"https:\/\/www.adf.org.br\/home\/wp-content\/uploads\/2021\/01\/boletim-adf-300x100.png 300w, https:\/\/www.adf.org.br\/home\/wp-content\/uploads\/2021\/01\/boletim-adf.png 600w\" alt=\"\" width=\"600\" height=\"200\" \/><\/a><\/p>\n","protected":false},"excerpt":{"rendered":"<p>O milagre que possibilitou a canoniza\u00e7\u00e3o dos pastorzinhos de F\u00e1tima! &nbsp; &nbsp; No dia 13 de maio de 2017, quando se comemorava o cent\u00e9simo anivers\u00e1rio da primeira apari\u00e7\u00e3o de Nossa Senhora em F\u00e1tima, o Papa Francisco canonizou Francisco e Jacinta, dois dos tr\u00eas pastorzinhos a quem Ela apareceu (conhecidos popularmente como Pastorzinhos de F\u00e1tima), falecidos [&hellip;]<\/p>\n","protected":false},"author":9,"featured_media":72791,"comment_status":"open","ping_status":"open","sticky":false,"template":"","format":"standard","meta":[],"categories":[20,4802,4707,118,56],"tags":[172,79,2647,230,57],"yoast_head":"<!-- This site is optimized with the Yoast SEO plugin v17.4 - https:\/\/yoast.com\/wordpress\/plugins\/seo\/ -->\n<title>O milagre que possibilitou a canoniza\u00e7\u00e3o dos pastorzinhos de F\u00e1tima!<\/title>\n<meta name=\"description\" content=\"Venha conhecer a incr\u00edvel hist\u00f3ria que causou a canoniza\u00e7\u00e3o dos pastorzinhos de F\u00e1tima: a cura INEXPLIC\u00c1VEL de uma crian\u00e7a!\" \/>\n<meta name=\"robots\" content=\"index, follow, max-snippet:-1, max-image-preview:large, max-video-preview:-1\" \/>\n<link rel=\"canonical\" href=\"https:\/\/www.adf.org.br\/home\/pastorzinhos-fatima-milagre-2013-2024\/\" \/>\n<meta property=\"og:locale\" content=\"pt_BR\" \/>\n<meta property=\"og:type\" content=\"article\" \/>\n<meta property=\"og:title\" content=\"O milagre que possibilitou a canoniza\u00e7\u00e3o dos pastorzinhos de F\u00e1tima!\" \/>\n<meta property=\"og:description\" content=\"Venha conhecer a incr\u00edvel hist\u00f3ria que causou a canoniza\u00e7\u00e3o dos pastorzinhos de F\u00e1tima: a cura INEXPLIC\u00c1VEL de uma crian\u00e7a!\" \/>\n<meta property=\"og:url\" content=\"https:\/\/www.adf.org.br\/home\/pastorzinhos-fatima-milagre-2013-2024\/\" \/>\n<meta property=\"og:site_name\" content=\"Associa\u00e7\u00e3o Devotos de F\u00e1tima\" \/>\n<meta property=\"article:published_time\" content=\"2024-08-30T03:03:02+00:00\" \/>\n<meta property=\"article:modified_time\" content=\"2024-08-29T18:21:20+00:00\" \/>\n<meta property=\"og:image\" content=\"https:\/\/www.adf.org.br\/home\/wp-content\/uploads\/2023\/05\/Pastorinhos-de-Nossa-Senhora-de-Fatima.jpg\" \/>\n\t<meta property=\"og:image:width\" content=\"1086\" \/>\n\t<meta property=\"og:image:height\" content=\"652\" \/>\n<meta name=\"twitter:card\" content=\"summary_large_image\" \/>\n<meta name=\"twitter:label1\" content=\"Escrito por\" \/>\n\t<meta name=\"twitter:data1\" content=\"administrador\" \/>\n\t<meta name=\"twitter:label2\" content=\"Est. tempo de leitura\" \/>\n\t<meta name=\"twitter:data2\" content=\"4 minutos\" \/>\n<script type=\"application\/ld+json\" class=\"yoast-schema-graph\">{\"@context\":\"https:\/\/schema.org\",\"@graph\":[{\"@type\":\"WebSite\",\"@id\":\"https:\/\/www.adf.org.br\/home\/#website\",\"url\":\"https:\/\/www.adf.org.br\/home\/\",\"name\":\"Associa\\u00e7\\u00e3o Devotos de F\\u00e1tima\",\"description\":\"Associa\\u00e7\\u00e3o Devotos de F\\u00e1tima\",\"potentialAction\":[{\"@type\":\"SearchAction\",\"target\":{\"@type\":\"EntryPoint\",\"urlTemplate\":\"https:\/\/www.adf.org.br\/home\/?s={search_term_string}\"},\"query-input\":\"required name=search_term_string\"}],\"inLanguage\":\"pt-BR\"},{\"@type\":\"ImageObject\",\"@id\":\"https:\/\/www.adf.org.br\/home\/pastorzinhos-fatima-milagre-2013-2024\/#primaryimage\",\"inLanguage\":\"pt-BR\",\"url\":\"https:\/\/www.adf.org.br\/home\/wp-content\/uploads\/2023\/05\/Pastorinhos-de-Nossa-Senhora-de-Fatima.jpg\",\"contentUrl\":\"https:\/\/www.adf.org.br\/home\/wp-content\/uploads\/2023\/05\/Pastorinhos-de-Nossa-Senhora-de-Fatima.jpg\",\"width\":1086,\"height\":652,\"caption\":\"Pastorinhos de Nossa Senhora de F\\u00e1tima\"},{\"@type\":\"WebPage\",\"@id\":\"https:\/\/www.adf.org.br\/home\/pastorzinhos-fatima-milagre-2013-2024\/#webpage\",\"url\":\"https:\/\/www.adf.org.br\/home\/pastorzinhos-fatima-milagre-2013-2024\/\",\"name\":\"O milagre que possibilitou a canoniza\\u00e7\\u00e3o dos pastorzinhos de F\\u00e1tima!\",\"isPartOf\":{\"@id\":\"https:\/\/www.adf.org.br\/home\/#website\"},\"primaryImageOfPage\":{\"@id\":\"https:\/\/www.adf.org.br\/home\/pastorzinhos-fatima-milagre-2013-2024\/#primaryimage\"},\"datePublished\":\"2024-08-30T03:03:02+00:00\",\"dateModified\":\"2024-08-29T18:21:20+00:00\",\"author\":{\"@id\":\"https:\/\/www.adf.org.br\/home\/#\/schema\/person\/03b50b7f0711bc818ead306331657cb5\"},\"description\":\"Venha conhecer a incr\\u00edvel hist\\u00f3ria que causou a canoniza\\u00e7\\u00e3o dos pastorzinhos de F\\u00e1tima: a cura INEXPLIC\\u00c1VEL de uma crian\\u00e7a!\",\"breadcrumb\":{\"@id\":\"https:\/\/www.adf.org.br\/home\/pastorzinhos-fatima-milagre-2013-2024\/#breadcrumb\"},\"inLanguage\":\"pt-BR\",\"potentialAction\":[{\"@type\":\"ReadAction\",\"target\":[\"https:\/\/www.adf.org.br\/home\/pastorzinhos-fatima-milagre-2013-2024\/\"]}]},{\"@type\":\"BreadcrumbList\",\"@id\":\"https:\/\/www.adf.org.br\/home\/pastorzinhos-fatima-milagre-2013-2024\/#breadcrumb\",\"itemListElement\":[{\"@type\":\"ListItem\",\"position\":1,\"name\":\"Home\",\"item\":\"https:\/\/www.adf.org.br\/home\/\"},{\"@type\":\"ListItem\",\"position\":2,\"name\":\"O milagre que possibilitou a canoniza\\u00e7\\u00e3o dos pastorzinhos de F\\u00e1tima!\"}]},{\"@type\":\"Person\",\"@id\":\"https:\/\/www.adf.org.br\/home\/#\/schema\/person\/03b50b7f0711bc818ead306331657cb5\",\"name\":\"administrador\",\"image\":{\"@type\":\"ImageObject\",\"@id\":\"https:\/\/www.adf.org.br\/home\/#personlogo\",\"inLanguage\":\"pt-BR\",\"url\":\"https:\/\/secure.gravatar.com\/avatar\/2f4d3b4697b7c5df630d1489d9c80573?s=96&d=mm&r=g\",\"contentUrl\":\"https:\/\/secure.gravatar.com\/avatar\/2f4d3b4697b7c5df630d1489d9c80573?s=96&d=mm&r=g\",\"caption\":\"administrador\"},\"url\":\"https:\/\/www.adf.org.br\/home\/author\/administrador\/\"}]}<\/script>\n<!-- \/ Yoast SEO plugin. -->","yoast_head_json":{"title":"O milagre que possibilitou a canoniza\u00e7\u00e3o dos pastorzinhos de F\u00e1tima!","description":"Venha conhecer a incr\u00edvel hist\u00f3ria que causou a canoniza\u00e7\u00e3o dos pastorzinhos de F\u00e1tima: a cura INEXPLIC\u00c1VEL de uma crian\u00e7a!","robots":{"index":"index","follow":"follow","max-snippet":"max-snippet:-1","max-image-preview":"max-image-preview:large","max-video-preview":"max-video-preview:-1"},"canonical":"https:\/\/www.adf.org.br\/home\/pastorzinhos-fatima-milagre-2013-2024\/","og_locale":"pt_BR","og_type":"article","og_title":"O milagre que possibilitou a canoniza\u00e7\u00e3o dos pastorzinhos de F\u00e1tima!","og_description":"Venha conhecer a incr\u00edvel hist\u00f3ria que causou a canoniza\u00e7\u00e3o dos pastorzinhos de F\u00e1tima: a cura INEXPLIC\u00c1VEL de uma crian\u00e7a!","og_url":"https:\/\/www.adf.org.br\/home\/pastorzinhos-fatima-milagre-2013-2024\/","og_site_name":"Associa\u00e7\u00e3o Devotos de F\u00e1tima","article_published_time":"2024-08-30T03:03:02+00:00","article_modified_time":"2024-08-29T18:21:20+00:00","og_image":[{"width":1086,"height":652,"url":"https:\/\/www.adf.org.br\/home\/wp-content\/uploads\/2023\/05\/Pastorinhos-de-Nossa-Senhora-de-Fatima.jpg","type":"image\/jpeg"}],"twitter_card":"summary_large_image","twitter_misc":{"Escrito por":"administrador","Est. tempo de leitura":"4 minutos"},"schema":{"@context":"https:\/\/schema.org","@graph":[{"@type":"WebSite","@id":"https:\/\/www.adf.org.br\/home\/#website","url":"https:\/\/www.adf.org.br\/home\/","name":"Associa\u00e7\u00e3o Devotos de F\u00e1tima","description":"Associa\u00e7\u00e3o Devotos de F\u00e1tima","potentialAction":[{"@type":"SearchAction","target":{"@type":"EntryPoint","urlTemplate":"https:\/\/www.adf.org.br\/home\/?s={search_term_string}"},"query-input":"required name=search_term_string"}],"inLanguage":"pt-BR"},{"@type":"ImageObject","@id":"https:\/\/www.adf.org.br\/home\/pastorzinhos-fatima-milagre-2013-2024\/#primaryimage","inLanguage":"pt-BR","url":"https:\/\/www.adf.org.br\/home\/wp-content\/uploads\/2023\/05\/Pastorinhos-de-Nossa-Senhora-de-Fatima.jpg","contentUrl":"https:\/\/www.adf.org.br\/home\/wp-content\/uploads\/2023\/05\/Pastorinhos-de-Nossa-Senhora-de-Fatima.jpg","width":1086,"height":652,"caption":"Pastorinhos de Nossa Senhora de F\u00e1tima"},{"@type":"WebPage","@id":"https:\/\/www.adf.org.br\/home\/pastorzinhos-fatima-milagre-2013-2024\/#webpage","url":"https:\/\/www.adf.org.br\/home\/pastorzinhos-fatima-milagre-2013-2024\/","name":"O milagre que possibilitou a canoniza\u00e7\u00e3o dos pastorzinhos de F\u00e1tima!","isPartOf":{"@id":"https:\/\/www.adf.org.br\/home\/#website"},"primaryImageOfPage":{"@id":"https:\/\/www.adf.org.br\/home\/pastorzinhos-fatima-milagre-2013-2024\/#primaryimage"},"datePublished":"2024-08-30T03:03:02+00:00","dateModified":"2024-08-29T18:21:20+00:00","author":{"@id":"https:\/\/www.adf.org.br\/home\/#\/schema\/person\/03b50b7f0711bc818ead306331657cb5"},"description":"Venha conhecer a incr\u00edvel hist\u00f3ria que causou a canoniza\u00e7\u00e3o dos pastorzinhos de F\u00e1tima: a cura INEXPLIC\u00c1VEL de uma crian\u00e7a!","breadcrumb":{"@id":"https:\/\/www.adf.org.br\/home\/pastorzinhos-fatima-milagre-2013-2024\/#breadcrumb"},"inLanguage":"pt-BR","potentialAction":[{"@type":"ReadAction","target":["https:\/\/www.adf.org.br\/home\/pastorzinhos-fatima-milagre-2013-2024\/"]}]},{"@type":"BreadcrumbList","@id":"https:\/\/www.adf.org.br\/home\/pastorzinhos-fatima-milagre-2013-2024\/#breadcrumb","itemListElement":[{"@type":"ListItem","position":1,"name":"Home","item":"https:\/\/www.adf.org.br\/home\/"},{"@type":"ListItem","position":2,"name":"O milagre que possibilitou a canoniza\u00e7\u00e3o dos pastorzinhos de F\u00e1tima!"}]},{"@type":"Person","@id":"https:\/\/www.adf.org.br\/home\/#\/schema\/person\/03b50b7f0711bc818ead306331657cb5","name":"administrador","image":{"@type":"ImageObject","@id":"https:\/\/www.adf.org.br\/home\/#personlogo","inLanguage":"pt-BR","url":"https:\/\/secure.gravatar.com\/avatar\/2f4d3b4697b7c5df630d1489d9c80573?s=96&d=mm&r=g","contentUrl":"https:\/\/secure.gravatar.com\/avatar\/2f4d3b4697b7c5df630d1489d9c80573?s=96&d=mm&r=g","caption":"administrador"},"url":"https:\/\/www.adf.org.br\/home\/author\/administrador\/"}]}},"_links":{"self":[{"href":"https:\/\/www.adf.org.br\/home\/wp-json\/wp\/v2\/posts\/77378"}],"collection":[{"href":"https:\/\/www.adf.org.br\/home\/wp-json\/wp\/v2\/posts"}],"about":[{"href":"https:\/\/www.adf.org.br\/home\/wp-json\/wp\/v2\/types\/post"}],"author":[{"embeddable":true,"href":"https:\/\/www.adf.org.br\/home\/wp-json\/wp\/v2\/users\/9"}],"replies":[{"embeddable":true,"href":"https:\/\/www.adf.org.br\/home\/wp-json\/wp\/v2\/comments?post=77378"}],"version-history":[{"count":4,"href":"https:\/\/www.adf.org.br\/home\/wp-json\/wp\/v2\/posts\/77378\/revisions"}],"predecessor-version":[{"id":77382,"href":"https:\/\/www.adf.org.br\/home\/wp-json\/wp\/v2\/posts\/77378\/revisions\/77382"}],"wp:featuredmedia":[{"embeddable":true,"href":"https:\/\/www.adf.org.br\/home\/wp-json\/wp\/v2\/media\/72791"}],"wp:attachment":[{"href":"https:\/\/www.adf.org.br\/home\/wp-json\/wp\/v2\/media?parent=77378"}],"wp:term":[{"taxonomy":"category","embeddable":true,"href":"https:\/\/www.adf.org.br\/home\/wp-json\/wp\/v2\/categories?post=77378"},{"taxonomy":"post_tag","embeddable":true,"href":"https:\/\/www.adf.org.br\/home\/wp-json\/wp\/v2\/tags?post=77378"}],"curies":[{"name":"wp","href":"https:\/\/api.w.org\/{rel}","templated":true}]}}