{"id":77275,"date":"2024-08-14T07:30:12","date_gmt":"2024-08-14T10:30:12","guid":{"rendered":"https:\/\/www.adf.org.br\/home\/?p=77275"},"modified":"2024-08-14T15:42:28","modified_gmt":"2024-08-14T18:42:28","slug":"oracao-para-nossa-senhora-desatadora-dos-nos","status":"publish","type":"post","link":"https:\/\/www.adf.org.br\/home\/oracao-para-nossa-senhora-desatadora-dos-nos\/","title":{"rendered":"Ora\u00e7\u00e3o a Nossa Senhora Desatadora dos N\u00f3s"},"content":{"rendered":"<h2 style=\"text-align: center;\">Ora\u00e7\u00e3o a Nossa Senhora Desatadora dos N\u00f3s<\/h2>\n<figure id=\"attachment_73325\" aria-describedby=\"caption-attachment-73325\" style=\"width: 620px\" class=\"wp-caption aligncenter\"><img loading=\"lazy\" class=\"wp-image-73325\" src=\"https:\/\/www.adf.org.br\/home\/wp-content\/uploads\/2023\/08\/Desatadora-dos-Nos-300x225.jpg\" alt=\"Desatadora dos N\u00f3s ora\u00e7\u00e3o Nossa Senhora\" width=\"620\" height=\"465\" srcset=\"https:\/\/www.adf.org.br\/home\/wp-content\/uploads\/2023\/08\/Desatadora-dos-Nos-300x225.jpg 300w, https:\/\/www.adf.org.br\/home\/wp-content\/uploads\/2023\/08\/Desatadora-dos-Nos-1024x768.jpg 1024w, https:\/\/www.adf.org.br\/home\/wp-content\/uploads\/2023\/08\/Desatadora-dos-Nos-768x576.jpg 768w, https:\/\/www.adf.org.br\/home\/wp-content\/uploads\/2023\/08\/Desatadora-dos-Nos-1536x1152.jpg 1536w, https:\/\/www.adf.org.br\/home\/wp-content\/uploads\/2023\/08\/Desatadora-dos-Nos.jpg 1600w\" sizes=\"(max-width: 620px) 100vw, 620px\" \/><figcaption id=\"caption-attachment-73325\" class=\"wp-caption-text\">Nossa Senhora Desatadora dos N\u00f3s<\/figcaption><\/figure>\n<p>Caro Devoto,<\/p>\n<p>A festa de Nossa Senhora Desatadora dos N\u00f3s (15\/08) est\u00e1 chegando! Em virtude disso, hoje tenho a honra de trazer uma poderosa ora\u00e7\u00e3o para pedir a intercess\u00e3o de Nossa Senhora Desatadora de N\u00f3s!<\/p>\n<h2>Ora\u00e7\u00e3o:<\/h2>\n<blockquote><p>Virgem Maria, M\u00e3e do belo amor, M\u00e3e que jamais deixa de vir em socorro a um filho aflito, M\u00e3e cujas m\u00e3os n\u00e3o param nunca de servir seus amados filhos, pois s\u00e3o movidas pelo amor divino e a imensa miseric\u00f3rdia que existem em teu cora\u00e7\u00e3o, volta o teu olhar compassivo sobre mim e v\u00ea o emaranhado de n\u00f3s que h\u00e1 em minha vida.<\/p>\n<p>Tu bem conheces o meu desespero, a minha dor e o quanto estou amarrado por causa destes n\u00f3s.<\/p>\n<p>Maria, M\u00e3e que Deus encarregou de desatar os n\u00f3s da vida dos seus filhos, confio hoje a fita da minha vida em tuas m\u00e3os.<\/p>\n<p>Ningu\u00e9m, nem mesmo o maligno, poder\u00e1 tir\u00e1-la do teu precioso amparo.<br \/>\nEm tuas m\u00e3os n\u00e3o h\u00e1 n\u00f3 algum que n\u00e3o poder\u00e1 ser desfeito.<\/p>\n<p>M\u00e3e poderosa, por tua gra\u00e7a e teu poder intercessor, junto a <strong>Teu Filho e Meu Libertador, Jesus<\/strong>, recebe hoje em tuas m\u00e3os este n\u00f3.<br \/>\nPe\u00e7o-te que o desates para a gl\u00f3ria de Deus, e por todo o sempre.<br \/>\nV\u00f3s sois a minha esperan\u00e7a.<\/p>\n<p>\u00d3 Senhora minha, sois a minha \u00fanica consola\u00e7\u00e3o dada por Deus, a fortaleza das minhas d\u00e9beis for\u00e7as, a riqueza das minhas mis\u00e9rias, a liberdade, com Cristo, das minhas cadeias.<br \/>\nOuve minha s\u00faplica.<br \/>\nGuarda-me, guia-me, protege-me, \u00f3 seguro ref\u00fagio!<\/p>\n<p>Maria, Desatadora dos N\u00f3s, roga por mim!<\/p><\/blockquote>\n<p>Caso queira obter uma grande b\u00ean\u00e7\u00e3o de Nossa Senhora Desatadora de N\u00f3s, pe\u00e7a GRATUITAMENTE sua medalha atrav\u00e9s do n\u00famero 0800 608 2128.<\/p>\n<p>Caso esteja no celular, clique na imagem abaixo para discar automaticamente. Ou, caso n\u00e3o funcione, use <a href=\"tel:08006082128\"><span style=\"color: #0000ff;\"><strong><span style=\"text-decoration: underline;\">ESTE LINK<\/span><\/strong><\/span><\/a>.<\/p>\n<p>&nbsp;<\/p>\n<figure id=\"attachment_77281\" aria-describedby=\"caption-attachment-77281\" style=\"width: 600px\" class=\"wp-caption aligncenter\"><a href=\"tel:08006082128\" target=\"_blank\" rel=\"noopener\"><img loading=\"lazy\" class=\"wp-image-77281\" src=\"https:\/\/www.adf.org.br\/home\/wp-content\/uploads\/2024\/08\/unnamed-1-1.png\" alt=\"Ora\u00e7\u00e3o Nossa Senhora Desatadora de N\u00f3s \" width=\"600\" height=\"351\" srcset=\"https:\/\/www.adf.org.br\/home\/wp-content\/uploads\/2024\/08\/unnamed-1-1.png 930w, https:\/\/www.adf.org.br\/home\/wp-content\/uploads\/2024\/08\/unnamed-1-1-300x175.png 300w, https:\/\/www.adf.org.br\/home\/wp-content\/uploads\/2024\/08\/unnamed-1-1-768x449.png 768w\" sizes=\"(max-width: 600px) 100vw, 600px\" \/><\/a><figcaption id=\"caption-attachment-77281\" class=\"wp-caption-text\">O hor\u00e1rio de atendimento \u00e9 das 08:00 \u00e0s 18:00.<\/figcaption><\/figure>\n<p>&nbsp;<\/p>\n","protected":false},"excerpt":{"rendered":"<p>Ora\u00e7\u00e3o a Nossa Senhora Desatadora dos N\u00f3s Caro Devoto, A festa de Nossa Senhora Desatadora dos N\u00f3s (15\/08) est\u00e1 chegando! Em virtude disso, hoje tenho a honra de trazer uma poderosa ora\u00e7\u00e3o para pedir a intercess\u00e3o de Nossa Senhora Desatadora de N\u00f3s! Ora\u00e7\u00e3o: Virgem Maria, M\u00e3e do belo amor, M\u00e3e que jamais deixa de vir [&hellip;]<\/p>\n","protected":false},"author":9,"featured_media":73310,"comment_status":"open","ping_status":"open","sticky":false,"template":"","format":"standard","meta":[],"categories":[20,14],"tags":[5145,1688],"yoast_head":"<!-- This site is optimized with the Yoast SEO plugin v17.4 - https:\/\/yoast.com\/wordpress\/plugins\/seo\/ -->\n<title>Ora\u00e7\u00e3o a Nossa Senhora Desatadora dos N\u00f3s<\/title>\n<meta name=\"description\" content=\"Conhe\u00e7a uma poderosa ora\u00e7\u00e3o para Nossa Senhora Desatadora dos N\u00f3s, devo\u00e7\u00e3o que trata das causas mais dif\u00edceis.\" \/>\n<meta name=\"robots\" content=\"index, follow, max-snippet:-1, max-image-preview:large, max-video-preview:-1\" \/>\n<link rel=\"canonical\" href=\"https:\/\/www.adf.org.br\/home\/oracao-para-nossa-senhora-desatadora-dos-nos\/\" \/>\n<meta property=\"og:locale\" content=\"pt_BR\" \/>\n<meta property=\"og:type\" content=\"article\" \/>\n<meta property=\"og:title\" content=\"Ora\u00e7\u00e3o a Nossa Senhora Desatadora dos N\u00f3s\" \/>\n<meta property=\"og:description\" content=\"Conhe\u00e7a uma poderosa ora\u00e7\u00e3o para Nossa Senhora Desatadora dos N\u00f3s, devo\u00e7\u00e3o que trata das causas mais dif\u00edceis.\" \/>\n<meta property=\"og:url\" content=\"https:\/\/www.adf.org.br\/home\/oracao-para-nossa-senhora-desatadora-dos-nos\/\" \/>\n<meta property=\"og:site_name\" content=\"Associa\u00e7\u00e3o Devotos de F\u00e1tima\" \/>\n<meta property=\"article:published_time\" content=\"2024-08-14T10:30:12+00:00\" \/>\n<meta property=\"article:modified_time\" content=\"2024-08-14T18:42:28+00:00\" \/>\n<meta property=\"og:image\" content=\"https:\/\/www.adf.org.br\/home\/wp-content\/uploads\/2023\/08\/formacao_oracao-a-nossa-senhora-desatadora-de-nos.jpg\" \/>\n\t<meta property=\"og:image:width\" content=\"1600\" \/>\n\t<meta property=\"og:image:height\" content=\"1200\" \/>\n<meta name=\"twitter:card\" content=\"summary_large_image\" \/>\n<meta name=\"twitter:label1\" content=\"Escrito por\" \/>\n\t<meta name=\"twitter:data1\" content=\"administrador\" \/>\n\t<meta name=\"twitter:label2\" content=\"Est. tempo de leitura\" \/>\n\t<meta name=\"twitter:data2\" content=\"2 minutos\" \/>\n<script type=\"application\/ld+json\" class=\"yoast-schema-graph\">{\"@context\":\"https:\/\/schema.org\",\"@graph\":[{\"@type\":\"WebSite\",\"@id\":\"https:\/\/www.adf.org.br\/home\/#website\",\"url\":\"https:\/\/www.adf.org.br\/home\/\",\"name\":\"Associa\\u00e7\\u00e3o Devotos de F\\u00e1tima\",\"description\":\"Associa\\u00e7\\u00e3o Devotos de F\\u00e1tima\",\"potentialAction\":[{\"@type\":\"SearchAction\",\"target\":{\"@type\":\"EntryPoint\",\"urlTemplate\":\"https:\/\/www.adf.org.br\/home\/?s={search_term_string}\"},\"query-input\":\"required name=search_term_string\"}],\"inLanguage\":\"pt-BR\"},{\"@type\":\"ImageObject\",\"@id\":\"https:\/\/www.adf.org.br\/home\/oracao-para-nossa-senhora-desatadora-dos-nos\/#primaryimage\",\"inLanguage\":\"pt-BR\",\"url\":\"https:\/\/www.adf.org.br\/home\/wp-content\/uploads\/2023\/08\/formacao_oracao-a-nossa-senhora-desatadora-de-nos.jpg\",\"contentUrl\":\"https:\/\/www.adf.org.br\/home\/wp-content\/uploads\/2023\/08\/formacao_oracao-a-nossa-senhora-desatadora-de-nos.jpg\",\"width\":1600,\"height\":1200,\"caption\":\"Ora\\u00e7\\u00e3o a Nossa Senhora Desatadora dos N\\u00f3s\"},{\"@type\":\"WebPage\",\"@id\":\"https:\/\/www.adf.org.br\/home\/oracao-para-nossa-senhora-desatadora-dos-nos\/#webpage\",\"url\":\"https:\/\/www.adf.org.br\/home\/oracao-para-nossa-senhora-desatadora-dos-nos\/\",\"name\":\"Ora\\u00e7\\u00e3o a Nossa Senhora Desatadora dos N\\u00f3s\",\"isPartOf\":{\"@id\":\"https:\/\/www.adf.org.br\/home\/#website\"},\"primaryImageOfPage\":{\"@id\":\"https:\/\/www.adf.org.br\/home\/oracao-para-nossa-senhora-desatadora-dos-nos\/#primaryimage\"},\"datePublished\":\"2024-08-14T10:30:12+00:00\",\"dateModified\":\"2024-08-14T18:42:28+00:00\",\"author\":{\"@id\":\"https:\/\/www.adf.org.br\/home\/#\/schema\/person\/03b50b7f0711bc818ead306331657cb5\"},\"description\":\"Conhe\\u00e7a uma poderosa ora\\u00e7\\u00e3o para Nossa Senhora Desatadora dos N\\u00f3s, devo\\u00e7\\u00e3o que trata das causas mais dif\\u00edceis.\",\"breadcrumb\":{\"@id\":\"https:\/\/www.adf.org.br\/home\/oracao-para-nossa-senhora-desatadora-dos-nos\/#breadcrumb\"},\"inLanguage\":\"pt-BR\",\"potentialAction\":[{\"@type\":\"ReadAction\",\"target\":[\"https:\/\/www.adf.org.br\/home\/oracao-para-nossa-senhora-desatadora-dos-nos\/\"]}]},{\"@type\":\"BreadcrumbList\",\"@id\":\"https:\/\/www.adf.org.br\/home\/oracao-para-nossa-senhora-desatadora-dos-nos\/#breadcrumb\",\"itemListElement\":[{\"@type\":\"ListItem\",\"position\":1,\"name\":\"Home\",\"item\":\"https:\/\/www.adf.org.br\/home\/\"},{\"@type\":\"ListItem\",\"position\":2,\"name\":\"Ora\\u00e7\\u00e3o a Nossa Senhora Desatadora dos N\\u00f3s\"}]},{\"@type\":\"Person\",\"@id\":\"https:\/\/www.adf.org.br\/home\/#\/schema\/person\/03b50b7f0711bc818ead306331657cb5\",\"name\":\"administrador\",\"image\":{\"@type\":\"ImageObject\",\"@id\":\"https:\/\/www.adf.org.br\/home\/#personlogo\",\"inLanguage\":\"pt-BR\",\"url\":\"https:\/\/secure.gravatar.com\/avatar\/2f4d3b4697b7c5df630d1489d9c80573?s=96&d=mm&r=g\",\"contentUrl\":\"https:\/\/secure.gravatar.com\/avatar\/2f4d3b4697b7c5df630d1489d9c80573?s=96&d=mm&r=g\",\"caption\":\"administrador\"},\"url\":\"https:\/\/www.adf.org.br\/home\/author\/administrador\/\"}]}<\/script>\n<!-- \/ Yoast SEO plugin. -->","yoast_head_json":{"title":"Ora\u00e7\u00e3o a Nossa Senhora Desatadora dos N\u00f3s","description":"Conhe\u00e7a uma poderosa ora\u00e7\u00e3o para Nossa Senhora Desatadora dos N\u00f3s, devo\u00e7\u00e3o que trata das causas mais dif\u00edceis.","robots":{"index":"index","follow":"follow","max-snippet":"max-snippet:-1","max-image-preview":"max-image-preview:large","max-video-preview":"max-video-preview:-1"},"canonical":"https:\/\/www.adf.org.br\/home\/oracao-para-nossa-senhora-desatadora-dos-nos\/","og_locale":"pt_BR","og_type":"article","og_title":"Ora\u00e7\u00e3o a Nossa Senhora Desatadora dos N\u00f3s","og_description":"Conhe\u00e7a uma poderosa ora\u00e7\u00e3o para Nossa Senhora Desatadora dos N\u00f3s, devo\u00e7\u00e3o que trata das causas mais dif\u00edceis.","og_url":"https:\/\/www.adf.org.br\/home\/oracao-para-nossa-senhora-desatadora-dos-nos\/","og_site_name":"Associa\u00e7\u00e3o Devotos de F\u00e1tima","article_published_time":"2024-08-14T10:30:12+00:00","article_modified_time":"2024-08-14T18:42:28+00:00","og_image":[{"width":1600,"height":1200,"url":"https:\/\/www.adf.org.br\/home\/wp-content\/uploads\/2023\/08\/formacao_oracao-a-nossa-senhora-desatadora-de-nos.jpg","type":"image\/jpeg"}],"twitter_card":"summary_large_image","twitter_misc":{"Escrito por":"administrador","Est. tempo de leitura":"2 minutos"},"schema":{"@context":"https:\/\/schema.org","@graph":[{"@type":"WebSite","@id":"https:\/\/www.adf.org.br\/home\/#website","url":"https:\/\/www.adf.org.br\/home\/","name":"Associa\u00e7\u00e3o Devotos de F\u00e1tima","description":"Associa\u00e7\u00e3o Devotos de F\u00e1tima","potentialAction":[{"@type":"SearchAction","target":{"@type":"EntryPoint","urlTemplate":"https:\/\/www.adf.org.br\/home\/?s={search_term_string}"},"query-input":"required name=search_term_string"}],"inLanguage":"pt-BR"},{"@type":"ImageObject","@id":"https:\/\/www.adf.org.br\/home\/oracao-para-nossa-senhora-desatadora-dos-nos\/#primaryimage","inLanguage":"pt-BR","url":"https:\/\/www.adf.org.br\/home\/wp-content\/uploads\/2023\/08\/formacao_oracao-a-nossa-senhora-desatadora-de-nos.jpg","contentUrl":"https:\/\/www.adf.org.br\/home\/wp-content\/uploads\/2023\/08\/formacao_oracao-a-nossa-senhora-desatadora-de-nos.jpg","width":1600,"height":1200,"caption":"Ora\u00e7\u00e3o a Nossa Senhora Desatadora dos N\u00f3s"},{"@type":"WebPage","@id":"https:\/\/www.adf.org.br\/home\/oracao-para-nossa-senhora-desatadora-dos-nos\/#webpage","url":"https:\/\/www.adf.org.br\/home\/oracao-para-nossa-senhora-desatadora-dos-nos\/","name":"Ora\u00e7\u00e3o a Nossa Senhora Desatadora dos N\u00f3s","isPartOf":{"@id":"https:\/\/www.adf.org.br\/home\/#website"},"primaryImageOfPage":{"@id":"https:\/\/www.adf.org.br\/home\/oracao-para-nossa-senhora-desatadora-dos-nos\/#primaryimage"},"datePublished":"2024-08-14T10:30:12+00:00","dateModified":"2024-08-14T18:42:28+00:00","author":{"@id":"https:\/\/www.adf.org.br\/home\/#\/schema\/person\/03b50b7f0711bc818ead306331657cb5"},"description":"Conhe\u00e7a uma poderosa ora\u00e7\u00e3o para Nossa Senhora Desatadora dos N\u00f3s, devo\u00e7\u00e3o que trata das causas mais dif\u00edceis.","breadcrumb":{"@id":"https:\/\/www.adf.org.br\/home\/oracao-para-nossa-senhora-desatadora-dos-nos\/#breadcrumb"},"inLanguage":"pt-BR","potentialAction":[{"@type":"ReadAction","target":["https:\/\/www.adf.org.br\/home\/oracao-para-nossa-senhora-desatadora-dos-nos\/"]}]},{"@type":"BreadcrumbList","@id":"https:\/\/www.adf.org.br\/home\/oracao-para-nossa-senhora-desatadora-dos-nos\/#breadcrumb","itemListElement":[{"@type":"ListItem","position":1,"name":"Home","item":"https:\/\/www.adf.org.br\/home\/"},{"@type":"ListItem","position":2,"name":"Ora\u00e7\u00e3o a Nossa Senhora Desatadora dos N\u00f3s"}]},{"@type":"Person","@id":"https:\/\/www.adf.org.br\/home\/#\/schema\/person\/03b50b7f0711bc818ead306331657cb5","name":"administrador","image":{"@type":"ImageObject","@id":"https:\/\/www.adf.org.br\/home\/#personlogo","inLanguage":"pt-BR","url":"https:\/\/secure.gravatar.com\/avatar\/2f4d3b4697b7c5df630d1489d9c80573?s=96&d=mm&r=g","contentUrl":"https:\/\/secure.gravatar.com\/avatar\/2f4d3b4697b7c5df630d1489d9c80573?s=96&d=mm&r=g","caption":"administrador"},"url":"https:\/\/www.adf.org.br\/home\/author\/administrador\/"}]}},"_links":{"self":[{"href":"https:\/\/www.adf.org.br\/home\/wp-json\/wp\/v2\/posts\/77275"}],"collection":[{"href":"https:\/\/www.adf.org.br\/home\/wp-json\/wp\/v2\/posts"}],"about":[{"href":"https:\/\/www.adf.org.br\/home\/wp-json\/wp\/v2\/types\/post"}],"author":[{"embeddable":true,"href":"https:\/\/www.adf.org.br\/home\/wp-json\/wp\/v2\/users\/9"}],"replies":[{"embeddable":true,"href":"https:\/\/www.adf.org.br\/home\/wp-json\/wp\/v2\/comments?post=77275"}],"version-history":[{"count":5,"href":"https:\/\/www.adf.org.br\/home\/wp-json\/wp\/v2\/posts\/77275\/revisions"}],"predecessor-version":[{"id":77301,"href":"https:\/\/www.adf.org.br\/home\/wp-json\/wp\/v2\/posts\/77275\/revisions\/77301"}],"wp:featuredmedia":[{"embeddable":true,"href":"https:\/\/www.adf.org.br\/home\/wp-json\/wp\/v2\/media\/73310"}],"wp:attachment":[{"href":"https:\/\/www.adf.org.br\/home\/wp-json\/wp\/v2\/media?parent=77275"}],"wp:term":[{"taxonomy":"category","embeddable":true,"href":"https:\/\/www.adf.org.br\/home\/wp-json\/wp\/v2\/categories?post=77275"},{"taxonomy":"post_tag","embeddable":true,"href":"https:\/\/www.adf.org.br\/home\/wp-json\/wp\/v2\/tags?post=77275"}],"curies":[{"name":"wp","href":"https:\/\/api.w.org\/{rel}","templated":true}]}}