{"id":77265,"date":"2024-08-09T14:50:51","date_gmt":"2024-08-09T17:50:51","guid":{"rendered":"https:\/\/www.adf.org.br\/home\/?p=77265"},"modified":"2024-08-09T14:50:51","modified_gmt":"2024-08-09T17:50:51","slug":"oracao-nossa-senhora-de-fatima-2","status":"publish","type":"post","link":"https:\/\/www.adf.org.br\/home\/oracao-nossa-senhora-de-fatima-2\/","title":{"rendered":"Ora\u00e7\u00e3o para Nossa Senhora de F\u00e1tima"},"content":{"rendered":"<p><img loading=\"lazy\" class=\"aligncenter wp-image-64647 size-full\" src=\"https:\/\/www.adf.org.br\/home\/wp-content\/uploads\/2021\/05\/Nossa-Senhora-de-F\u00e1tima-no-C\u00e9u.jpg\" alt=\"\" width=\"620\" height=\"393\" srcset=\"https:\/\/www.adf.org.br\/home\/wp-content\/uploads\/2021\/05\/Nossa-Senhora-de-F\u00e1tima-no-C\u00e9u.jpg 620w, https:\/\/www.adf.org.br\/home\/wp-content\/uploads\/2021\/05\/Nossa-Senhora-de-F\u00e1tima-no-C\u00e9u-300x190.jpg 300w\" sizes=\"(max-width: 620px) 100vw, 620px\" \/><\/p>\n<h2 style=\"text-align: center;\">Ora\u00e7\u00e3o para Nossa Senhora de F\u00e1tima<\/h2>\n<p>Caro devoto, hoje novamente tenho o prazer de trazer uma poderosa ora\u00e7\u00e3o para Nossa Senhora de F\u00e1tima. \u00c9 poderosa e capaz de ajudar na vida espiritual, pessoal e profissional, pois invoca a M\u00e3e de Deus e solicita por prote\u00e7\u00e3o.<\/p>\n<p>Nossa Senhora de F\u00e1tima, virgem poderosa, recorro \u00e0 vossa prote\u00e7\u00e3o contra todos os assaltos do inimigo, pois v\u00f3s sois o terror das for\u00e7as malignas.<\/p>\n<p>Eu seguro no vosso manto santo e me ref\u00fagio debaixo dele para estar guardado, seguro e protegido de toda viol\u00eancia, que principalmente nos dias de hoje tem atingido tantas fam\u00edlias, v\u00edtimas de assalto, sequestros, amea\u00e7as e medo.<\/p>\n<p>M\u00e3e Sant\u00edssima, ref\u00fagio dos pecadores.<\/p>\n<p>V\u00f3s recebestes de Deus o poder de afugentar os dem\u00f4nios que querem acorrentar os filhos de Deus.<\/p>\n<p>Curvado diante de v\u00f3s, venho pedir a vossa prote\u00e7\u00e3o hoje e cada dia da minha vida, para que vivendo na luz do Vosso Filho, <strong>Nosso Senhor Jesus Cristo<\/strong>, eu possa depois desta caminhada terrena entrar na p\u00e1tria celeste.<\/p>\n<p>Ave Maria, toda cheia de gra\u00e7a, o <strong>Senhor<\/strong> \u00e9 convosco, bendita sois v\u00f3s entre as mulheres, e bendito \u00e9 o fruto do vosso ventre, <strong>Jesus<\/strong>.<\/p>\n<p>Santa Maria, M\u00e3e de Deus, rogai por n\u00f3s pecadores, agora e na hora de nossa morte.<\/p>\n<p>Gl\u00f3ria ao <strong>Pai, ao Filho e ao Esp\u00edrito Santo<\/strong>, como era no princ\u00edpio, agora e sempre. Am\u00e9m.<\/p>\n<p style=\"text-align: center;\"><span style=\"text-decoration: underline;\"><strong>Nossa Senhora de F\u00e1tima, rogai por n\u00f3s!<\/strong><\/span><\/p>\n<p>&nbsp;<\/p>\n<p>Para obter conte\u00fados similares, clique na imagem abaixo para fazer o cadastro em nosso boletim!<\/p>\n<figure id=\"attachment_76960\" aria-describedby=\"caption-attachment-76960\" style=\"width: 600px\" class=\"wp-caption aligncenter\"><a href=\"https:\/\/www.adf.org.br\/home\/pagina-de-cadastro\/?origem=30883\" target=\"_blank\" rel=\"noopener\"><img loading=\"lazy\" class=\"wp-image-76960 size-full\" src=\"https:\/\/www.adf.org.br\/home\/wp-content\/uploads\/2024\/06\/Conteudos-catolicos-da-Associacao-Devotos-de-fatima-Newsletter.png\" alt=\"Ora\u00e7\u00e3o Nossa Senhora de F\u00e1tima \" width=\"600\" height=\"200\" srcset=\"https:\/\/www.adf.org.br\/home\/wp-content\/uploads\/2024\/06\/Conteudos-catolicos-da-Associacao-Devotos-de-fatima-Newsletter.png 600w, https:\/\/www.adf.org.br\/home\/wp-content\/uploads\/2024\/06\/Conteudos-catolicos-da-Associacao-Devotos-de-fatima-Newsletter-300x100.png 300w\" sizes=\"(max-width: 600px) 100vw, 600px\" \/><\/a><figcaption id=\"caption-attachment-76960\" class=\"wp-caption-text\">O hor\u00e1rio de atendimento \u00e9 das 08:00 \u00e0s 18:00.<\/figcaption><\/figure>\n<p>&nbsp;<\/p>\n<p>Leia mais: <a href=\"https:\/\/www.adf.org.br\/home\/oracao-de-santo-afonso-para-nossa-senhora\/\">Ora\u00e7\u00e3o de Santo Afonso para Nossa Senhora<\/a>.<\/p>\n","protected":false},"excerpt":{"rendered":"<p>Ora\u00e7\u00e3o para Nossa Senhora de F\u00e1tima Caro devoto, hoje novamente tenho o prazer de trazer uma poderosa ora\u00e7\u00e3o para Nossa Senhora de F\u00e1tima. \u00c9 poderosa e capaz de ajudar na vida espiritual, pessoal e profissional, pois invoca a M\u00e3e de Deus e solicita por prote\u00e7\u00e3o. Nossa Senhora de F\u00e1tima, virgem poderosa, recorro \u00e0 vossa prote\u00e7\u00e3o [&hellip;]<\/p>\n","protected":false},"author":9,"featured_media":73131,"comment_status":"open","ping_status":"open","sticky":false,"template":"","format":"standard","meta":[],"categories":[20,14],"tags":[57,2373],"yoast_head":"<!-- This site is optimized with the Yoast SEO plugin v17.4 - https:\/\/yoast.com\/wordpress\/plugins\/seo\/ -->\n<title>Ora\u00e7\u00e3o para Nossa Senhora de F\u00e1tima - Associa\u00e7\u00e3o Devotos de F\u00e1tima<\/title>\n<meta name=\"description\" content=\"Conhe\u00e7a uma poderosa ora\u00e7\u00e3o para Nossa Senhora de F\u00e1tima para auxiliar com sua vida pessoal, profissional e para lhe garantir paz de esp\u00edrito.\" \/>\n<meta name=\"robots\" content=\"index, follow, max-snippet:-1, max-image-preview:large, max-video-preview:-1\" \/>\n<link rel=\"canonical\" href=\"https:\/\/www.adf.org.br\/home\/oracao-nossa-senhora-de-fatima-2\/\" \/>\n<meta property=\"og:locale\" content=\"pt_BR\" \/>\n<meta property=\"og:type\" content=\"article\" \/>\n<meta property=\"og:title\" content=\"Ora\u00e7\u00e3o para Nossa Senhora de F\u00e1tima - Associa\u00e7\u00e3o Devotos de F\u00e1tima\" \/>\n<meta property=\"og:description\" content=\"Conhe\u00e7a uma poderosa ora\u00e7\u00e3o para Nossa Senhora de F\u00e1tima para auxiliar com sua vida pessoal, profissional e para lhe garantir paz de esp\u00edrito.\" \/>\n<meta property=\"og:url\" content=\"https:\/\/www.adf.org.br\/home\/oracao-nossa-senhora-de-fatima-2\/\" \/>\n<meta property=\"og:site_name\" content=\"Associa\u00e7\u00e3o Devotos de F\u00e1tima\" \/>\n<meta property=\"article:published_time\" content=\"2024-08-09T17:50:51+00:00\" \/>\n<meta property=\"og:image\" content=\"https:\/\/www.adf.org.br\/home\/wp-content\/uploads\/2023\/07\/Oracao-a-Nossa-Senhora-de-Fatima.jpg\" \/>\n\t<meta property=\"og:image:width\" content=\"1600\" \/>\n\t<meta property=\"og:image:height\" content=\"1064\" \/>\n<meta name=\"twitter:card\" content=\"summary_large_image\" \/>\n<meta name=\"twitter:label1\" content=\"Escrito por\" \/>\n\t<meta name=\"twitter:data1\" content=\"administrador\" \/>\n\t<meta name=\"twitter:label2\" content=\"Est. tempo de leitura\" \/>\n\t<meta name=\"twitter:data2\" content=\"2 minutos\" \/>\n<script type=\"application\/ld+json\" class=\"yoast-schema-graph\">{\"@context\":\"https:\/\/schema.org\",\"@graph\":[{\"@type\":\"WebSite\",\"@id\":\"https:\/\/www.adf.org.br\/home\/#website\",\"url\":\"https:\/\/www.adf.org.br\/home\/\",\"name\":\"Associa\\u00e7\\u00e3o Devotos de F\\u00e1tima\",\"description\":\"Associa\\u00e7\\u00e3o Devotos de F\\u00e1tima\",\"potentialAction\":[{\"@type\":\"SearchAction\",\"target\":{\"@type\":\"EntryPoint\",\"urlTemplate\":\"https:\/\/www.adf.org.br\/home\/?s={search_term_string}\"},\"query-input\":\"required name=search_term_string\"}],\"inLanguage\":\"pt-BR\"},{\"@type\":\"ImageObject\",\"@id\":\"https:\/\/www.adf.org.br\/home\/oracao-nossa-senhora-de-fatima-2\/#primaryimage\",\"inLanguage\":\"pt-BR\",\"url\":\"https:\/\/www.adf.org.br\/home\/wp-content\/uploads\/2023\/07\/Oracao-a-Nossa-Senhora-de-Fatima.jpg\",\"contentUrl\":\"https:\/\/www.adf.org.br\/home\/wp-content\/uploads\/2023\/07\/Oracao-a-Nossa-Senhora-de-Fatima.jpg\",\"width\":1600,\"height\":1064,\"caption\":\"Ora\\u00e7\\u00e3o a Nossa Senhora de Fatima pedindo a Cura e Gra\\u00e7as\"},{\"@type\":\"WebPage\",\"@id\":\"https:\/\/www.adf.org.br\/home\/oracao-nossa-senhora-de-fatima-2\/#webpage\",\"url\":\"https:\/\/www.adf.org.br\/home\/oracao-nossa-senhora-de-fatima-2\/\",\"name\":\"Ora\\u00e7\\u00e3o para Nossa Senhora de F\\u00e1tima - Associa\\u00e7\\u00e3o Devotos de F\\u00e1tima\",\"isPartOf\":{\"@id\":\"https:\/\/www.adf.org.br\/home\/#website\"},\"primaryImageOfPage\":{\"@id\":\"https:\/\/www.adf.org.br\/home\/oracao-nossa-senhora-de-fatima-2\/#primaryimage\"},\"datePublished\":\"2024-08-09T17:50:51+00:00\",\"dateModified\":\"2024-08-09T17:50:51+00:00\",\"author\":{\"@id\":\"https:\/\/www.adf.org.br\/home\/#\/schema\/person\/03b50b7f0711bc818ead306331657cb5\"},\"description\":\"Conhe\\u00e7a uma poderosa ora\\u00e7\\u00e3o para Nossa Senhora de F\\u00e1tima para auxiliar com sua vida pessoal, profissional e para lhe garantir paz de esp\\u00edrito.\",\"breadcrumb\":{\"@id\":\"https:\/\/www.adf.org.br\/home\/oracao-nossa-senhora-de-fatima-2\/#breadcrumb\"},\"inLanguage\":\"pt-BR\",\"potentialAction\":[{\"@type\":\"ReadAction\",\"target\":[\"https:\/\/www.adf.org.br\/home\/oracao-nossa-senhora-de-fatima-2\/\"]}]},{\"@type\":\"BreadcrumbList\",\"@id\":\"https:\/\/www.adf.org.br\/home\/oracao-nossa-senhora-de-fatima-2\/#breadcrumb\",\"itemListElement\":[{\"@type\":\"ListItem\",\"position\":1,\"name\":\"Home\",\"item\":\"https:\/\/www.adf.org.br\/home\/\"},{\"@type\":\"ListItem\",\"position\":2,\"name\":\"Ora\\u00e7\\u00e3o para Nossa Senhora de F\\u00e1tima\"}]},{\"@type\":\"Person\",\"@id\":\"https:\/\/www.adf.org.br\/home\/#\/schema\/person\/03b50b7f0711bc818ead306331657cb5\",\"name\":\"administrador\",\"image\":{\"@type\":\"ImageObject\",\"@id\":\"https:\/\/www.adf.org.br\/home\/#personlogo\",\"inLanguage\":\"pt-BR\",\"url\":\"https:\/\/secure.gravatar.com\/avatar\/2f4d3b4697b7c5df630d1489d9c80573?s=96&d=mm&r=g\",\"contentUrl\":\"https:\/\/secure.gravatar.com\/avatar\/2f4d3b4697b7c5df630d1489d9c80573?s=96&d=mm&r=g\",\"caption\":\"administrador\"},\"url\":\"https:\/\/www.adf.org.br\/home\/author\/administrador\/\"}]}<\/script>\n<!-- \/ Yoast SEO plugin. -->","yoast_head_json":{"title":"Ora\u00e7\u00e3o para Nossa Senhora de F\u00e1tima - Associa\u00e7\u00e3o Devotos de F\u00e1tima","description":"Conhe\u00e7a uma poderosa ora\u00e7\u00e3o para Nossa Senhora de F\u00e1tima para auxiliar com sua vida pessoal, profissional e para lhe garantir paz de esp\u00edrito.","robots":{"index":"index","follow":"follow","max-snippet":"max-snippet:-1","max-image-preview":"max-image-preview:large","max-video-preview":"max-video-preview:-1"},"canonical":"https:\/\/www.adf.org.br\/home\/oracao-nossa-senhora-de-fatima-2\/","og_locale":"pt_BR","og_type":"article","og_title":"Ora\u00e7\u00e3o para Nossa Senhora de F\u00e1tima - Associa\u00e7\u00e3o Devotos de F\u00e1tima","og_description":"Conhe\u00e7a uma poderosa ora\u00e7\u00e3o para Nossa Senhora de F\u00e1tima para auxiliar com sua vida pessoal, profissional e para lhe garantir paz de esp\u00edrito.","og_url":"https:\/\/www.adf.org.br\/home\/oracao-nossa-senhora-de-fatima-2\/","og_site_name":"Associa\u00e7\u00e3o Devotos de F\u00e1tima","article_published_time":"2024-08-09T17:50:51+00:00","og_image":[{"width":1600,"height":1064,"url":"https:\/\/www.adf.org.br\/home\/wp-content\/uploads\/2023\/07\/Oracao-a-Nossa-Senhora-de-Fatima.jpg","type":"image\/jpeg"}],"twitter_card":"summary_large_image","twitter_misc":{"Escrito por":"administrador","Est. tempo de leitura":"2 minutos"},"schema":{"@context":"https:\/\/schema.org","@graph":[{"@type":"WebSite","@id":"https:\/\/www.adf.org.br\/home\/#website","url":"https:\/\/www.adf.org.br\/home\/","name":"Associa\u00e7\u00e3o Devotos de F\u00e1tima","description":"Associa\u00e7\u00e3o Devotos de F\u00e1tima","potentialAction":[{"@type":"SearchAction","target":{"@type":"EntryPoint","urlTemplate":"https:\/\/www.adf.org.br\/home\/?s={search_term_string}"},"query-input":"required name=search_term_string"}],"inLanguage":"pt-BR"},{"@type":"ImageObject","@id":"https:\/\/www.adf.org.br\/home\/oracao-nossa-senhora-de-fatima-2\/#primaryimage","inLanguage":"pt-BR","url":"https:\/\/www.adf.org.br\/home\/wp-content\/uploads\/2023\/07\/Oracao-a-Nossa-Senhora-de-Fatima.jpg","contentUrl":"https:\/\/www.adf.org.br\/home\/wp-content\/uploads\/2023\/07\/Oracao-a-Nossa-Senhora-de-Fatima.jpg","width":1600,"height":1064,"caption":"Ora\u00e7\u00e3o a Nossa Senhora de Fatima pedindo a Cura e Gra\u00e7as"},{"@type":"WebPage","@id":"https:\/\/www.adf.org.br\/home\/oracao-nossa-senhora-de-fatima-2\/#webpage","url":"https:\/\/www.adf.org.br\/home\/oracao-nossa-senhora-de-fatima-2\/","name":"Ora\u00e7\u00e3o para Nossa Senhora de F\u00e1tima - Associa\u00e7\u00e3o Devotos de F\u00e1tima","isPartOf":{"@id":"https:\/\/www.adf.org.br\/home\/#website"},"primaryImageOfPage":{"@id":"https:\/\/www.adf.org.br\/home\/oracao-nossa-senhora-de-fatima-2\/#primaryimage"},"datePublished":"2024-08-09T17:50:51+00:00","dateModified":"2024-08-09T17:50:51+00:00","author":{"@id":"https:\/\/www.adf.org.br\/home\/#\/schema\/person\/03b50b7f0711bc818ead306331657cb5"},"description":"Conhe\u00e7a uma poderosa ora\u00e7\u00e3o para Nossa Senhora de F\u00e1tima para auxiliar com sua vida pessoal, profissional e para lhe garantir paz de esp\u00edrito.","breadcrumb":{"@id":"https:\/\/www.adf.org.br\/home\/oracao-nossa-senhora-de-fatima-2\/#breadcrumb"},"inLanguage":"pt-BR","potentialAction":[{"@type":"ReadAction","target":["https:\/\/www.adf.org.br\/home\/oracao-nossa-senhora-de-fatima-2\/"]}]},{"@type":"BreadcrumbList","@id":"https:\/\/www.adf.org.br\/home\/oracao-nossa-senhora-de-fatima-2\/#breadcrumb","itemListElement":[{"@type":"ListItem","position":1,"name":"Home","item":"https:\/\/www.adf.org.br\/home\/"},{"@type":"ListItem","position":2,"name":"Ora\u00e7\u00e3o para Nossa Senhora de F\u00e1tima"}]},{"@type":"Person","@id":"https:\/\/www.adf.org.br\/home\/#\/schema\/person\/03b50b7f0711bc818ead306331657cb5","name":"administrador","image":{"@type":"ImageObject","@id":"https:\/\/www.adf.org.br\/home\/#personlogo","inLanguage":"pt-BR","url":"https:\/\/secure.gravatar.com\/avatar\/2f4d3b4697b7c5df630d1489d9c80573?s=96&d=mm&r=g","contentUrl":"https:\/\/secure.gravatar.com\/avatar\/2f4d3b4697b7c5df630d1489d9c80573?s=96&d=mm&r=g","caption":"administrador"},"url":"https:\/\/www.adf.org.br\/home\/author\/administrador\/"}]}},"_links":{"self":[{"href":"https:\/\/www.adf.org.br\/home\/wp-json\/wp\/v2\/posts\/77265"}],"collection":[{"href":"https:\/\/www.adf.org.br\/home\/wp-json\/wp\/v2\/posts"}],"about":[{"href":"https:\/\/www.adf.org.br\/home\/wp-json\/wp\/v2\/types\/post"}],"author":[{"embeddable":true,"href":"https:\/\/www.adf.org.br\/home\/wp-json\/wp\/v2\/users\/9"}],"replies":[{"embeddable":true,"href":"https:\/\/www.adf.org.br\/home\/wp-json\/wp\/v2\/comments?post=77265"}],"version-history":[{"count":1,"href":"https:\/\/www.adf.org.br\/home\/wp-json\/wp\/v2\/posts\/77265\/revisions"}],"predecessor-version":[{"id":77266,"href":"https:\/\/www.adf.org.br\/home\/wp-json\/wp\/v2\/posts\/77265\/revisions\/77266"}],"wp:featuredmedia":[{"embeddable":true,"href":"https:\/\/www.adf.org.br\/home\/wp-json\/wp\/v2\/media\/73131"}],"wp:attachment":[{"href":"https:\/\/www.adf.org.br\/home\/wp-json\/wp\/v2\/media?parent=77265"}],"wp:term":[{"taxonomy":"category","embeddable":true,"href":"https:\/\/www.adf.org.br\/home\/wp-json\/wp\/v2\/categories?post=77265"},{"taxonomy":"post_tag","embeddable":true,"href":"https:\/\/www.adf.org.br\/home\/wp-json\/wp\/v2\/tags?post=77265"}],"curies":[{"name":"wp","href":"https:\/\/api.w.org\/{rel}","templated":true}]}}