{"id":77176,"date":"2024-07-28T00:00:18","date_gmt":"2024-07-28T03:00:18","guid":{"rendered":"https:\/\/www.adf.org.br\/home\/?p=77176"},"modified":"2024-07-26T09:38:47","modified_gmt":"2024-07-26T12:38:47","slug":"oracao-a-nossa-senhora-para-se-abrigar-sob-a-sua-protecao","status":"publish","type":"post","link":"https:\/\/www.adf.org.br\/home\/oracao-a-nossa-senhora-para-se-abrigar-sob-a-sua-protecao\/","title":{"rendered":"Ora\u00e7\u00e3o a Nossa Senhora para se abrigar sob a Sua Prote\u00e7\u00e3o"},"content":{"rendered":"<figure id=\"attachment_77178\" aria-describedby=\"caption-attachment-77178\" style=\"width: 650px\" class=\"wp-caption aligncenter\"><img loading=\"lazy\" class=\"wp-image-77178\" src=\"https:\/\/www.adf.org.br\/home\/wp-content\/uploads\/2024\/07\/O-Menino-Jesus-abrigou-se-sobre-os-cuidados-de-Maria-e-assim-como-Ele-devemos-fazer-o-mesmo-1024x1024.png\" alt=\"O Menino Jesus abrigou-se sobre os cuidados de Maria e, assim como Ele, devemos fazer o mesmo\" width=\"650\" height=\"650\" srcset=\"https:\/\/www.adf.org.br\/home\/wp-content\/uploads\/2024\/07\/O-Menino-Jesus-abrigou-se-sobre-os-cuidados-de-Maria-e-assim-como-Ele-devemos-fazer-o-mesmo-1024x1024.png 1024w, https:\/\/www.adf.org.br\/home\/wp-content\/uploads\/2024\/07\/O-Menino-Jesus-abrigou-se-sobre-os-cuidados-de-Maria-e-assim-como-Ele-devemos-fazer-o-mesmo-300x300.png 300w, https:\/\/www.adf.org.br\/home\/wp-content\/uploads\/2024\/07\/O-Menino-Jesus-abrigou-se-sobre-os-cuidados-de-Maria-e-assim-como-Ele-devemos-fazer-o-mesmo-150x150.png 150w, https:\/\/www.adf.org.br\/home\/wp-content\/uploads\/2024\/07\/O-Menino-Jesus-abrigou-se-sobre-os-cuidados-de-Maria-e-assim-como-Ele-devemos-fazer-o-mesmo-768x768.png 768w, https:\/\/www.adf.org.br\/home\/wp-content\/uploads\/2024\/07\/O-Menino-Jesus-abrigou-se-sobre-os-cuidados-de-Maria-e-assim-como-Ele-devemos-fazer-o-mesmo.png 1080w\" sizes=\"(max-width: 650px) 100vw, 650px\" \/><figcaption id=\"caption-attachment-77178\" class=\"wp-caption-text\">O Menino Jesus abrigou-se sobre os cuidados de Maria e, assim como Ele, devemos fazer o mesmo<\/figcaption><\/figure>\n<p><span style=\"color: #000000;\">A <span style=\"text-decoration: underline;\"><strong><span style=\"color: #0000ff; text-decoration: underline;\"><a style=\"color: #0000ff; text-decoration: underline;\" href=\"https:\/\/adf.org.br\/velario\/protecao\" target=\"_blank\" rel=\"noopener\">prote\u00e7\u00e3o de Nossa Senhora<\/a><\/span><\/strong><\/span> \u00e9 um escudo inquebrant\u00e1vel contra as for\u00e7as do mal, uma verdade que ecoa atrav\u00e9s dos s\u00e9culos e \u00e9 reafirmada pelas palavras dos santos. <\/span><\/p>\n<p><span style=\"color: #000000;\"><strong>S\u00e3o Bernardo de Claraval<\/strong> nos lembra que <em>&#8220;nunca se ouviu dizer que algu\u00e9m que tenha recorrido \u00e0 sua prote\u00e7\u00e3o, implorado sua assist\u00eancia, e buscado seu socorro, tenha sido por ela desamparado.&#8221;<\/em> <\/span><\/p>\n<p><span style=\"color: #000000;\">Portanto, <strong>esta confian\u00e7a inabal\u00e1vel em Maria como nossa protetora celeste \u00e9 um pilar essencial da f\u00e9 cat\u00f3lica<\/strong>, oferecendo-nos consolo e seguran\u00e7a em meio \u00e0s tribula\u00e7\u00f5es e tenta\u00e7\u00f5es que enfrentamos diariamente. <\/span><\/p>\n<p><span style=\"color: #000000;\">Assim como uma m\u00e3e amorosa vela por seus filhos, Nossa Senhora intercede por n\u00f3s com ternura e poder, garantindo que, <span style=\"text-decoration: underline;\"><strong><span style=\"color: #0000ff; text-decoration: underline;\"><a style=\"color: #0000ff; text-decoration: underline;\" href=\"https:\/\/adf.org.br\/velario\/protecao\" target=\"_blank\" rel=\"noopener\">sob seu manto sagrado, estamos sempre protegidos<\/a> <\/span><\/strong><\/span>contra as ins\u00eddias do maligno.<\/span><\/p>\n<p><span style=\"color: #000000;\">Ent\u00e3o, vamos rezar&#8230;<\/span><\/p>\n<p>&nbsp;<\/p>\n<h1 style=\"text-align: center;\"><span style=\"color: #800000;\">Ora\u00e7\u00e3o a Nossa Senhora para se abrigar sob a Sua Prote\u00e7\u00e3o<\/span><\/h1>\n<blockquote><p><span style=\"color: #000000;\">Eis prostrado aos vossos p\u00e9s, \u00f3 M\u00e3e de Deus, um miser\u00e1vel pecador, que a v\u00f3s recorre e em v\u00f3s p\u00f5e a sua confian\u00e7a.<\/span><\/p>\n<p><span style=\"color: #000000;\">Eu n\u00e3o mere\u00e7o sequer um olhar vosso, mas sei que, em considera\u00e7\u00e3o de vosso Filho morto para salvar os pecadores, ardentemente desejais socorr\u00ea-los.<\/span><\/p>\n<p><span style=\"color: #000000;\"><strong>\u00d3 M\u00e3e de miseric\u00f3rdia, vede a minha mis\u00e9ria e tende compaix\u00e3o de mim<\/strong>. Ou\u00e7o todo o mundo proclamar-vos ref\u00fagio dos pecadores, esperan\u00e7a daqueles que a n\u00e3o t\u00eam, socorro dos desamparados:<\/span><\/p>\n<p><span style=\"color: #000000;\">v\u00f3s sois ent\u00e3o o meu ref\u00fagio, a minha esperan\u00e7a, o meu socorro; a v\u00f3s toca salvar-me pela vossa intercess\u00e3o.<\/span><\/p>\n<p><span style=\"color: #000000;\"><strong>Socorrei-me pelo amor de Jesus Cristo; estendei a m\u00e3o a um desgra\u00e7ado que, depois da sua queda, se recomenda a v\u00f3s<\/strong>. Sei que folgais de socorrer um pecador quando o podeis: ajudai-me ent\u00e3o agora que o podeis.<\/span><\/p>\n<p><span style=\"color: #000000;\">Pelos meus pecados perdi a divina gra\u00e7a e a minha alma; ponho-me agora entre as vossas m\u00e3os; dize-me o que devo fazer para entrar na gra\u00e7a de meu Deus, e o farei sem demora.<\/span><\/p>\n<p><span style=\"color: #000000;\"><strong>Ele \u00e9 o que me envia para v\u00f3s a fim de me assistirdes; Ele quer que eu recorra \u00e0 vossa miseric\u00f3rdia<\/strong>, a fim de ser ajudado no neg\u00f3cio da minha salva\u00e7\u00e3o,<\/span><\/p>\n<p><span style=\"color: #000000;\">n\u00e3o somente pelos merecimentos de vosso Filho, mas ainda pelas vossas ora\u00e7\u00f5es. Pois bem! a v\u00f3s recorro; rogai a Jesus por mim.<\/span><\/p>\n<p><strong><span style=\"color: #000000;\">Fazei que o mundo conhe\u00e7a o bem que sabeis fazer a todo aquele que em v\u00f3s confia.<\/span><\/strong><\/p>\n<p><span style=\"color: #000000;\">Assim o espero, assim seja.<\/span><\/p><\/blockquote>\n<hr \/>\n<p><span style=\"color: #000000;\">Por fim, quero lhe contar como suplicar por mais prote\u00e7\u00e3o a Nossa Senhora.<\/span><\/p>\n<p><span style=\"color: #000000;\">Voc\u00ea pode fazer isso acessando<\/span> <strong><span style=\"text-decoration: underline;\"><span style=\"color: #0000ff; text-decoration: underline;\"><a style=\"color: #0000ff; text-decoration: underline;\" href=\"https:\/\/adf.org.br\/velario\/protecao\">este site aqui e acendendo a Vela da Prote\u00e7\u00e3o<\/a><\/span><\/span><\/strong>!<\/p>\n<p>&nbsp;<\/p>\n<p>&nbsp;<\/p>\n","protected":false},"excerpt":{"rendered":"<p>A prote\u00e7\u00e3o de Nossa Senhora \u00e9 um escudo inquebrant\u00e1vel contra as for\u00e7as do mal, uma verdade que ecoa atrav\u00e9s dos s\u00e9culos e \u00e9 reafirmada pelas palavras dos santos. S\u00e3o Bernardo de Claraval nos lembra que &#8220;nunca se ouviu dizer que algu\u00e9m que tenha recorrido \u00e0 sua prote\u00e7\u00e3o, implorado sua assist\u00eancia, e buscado seu socorro, tenha [&hellip;]<\/p>\n","protected":false},"author":31,"featured_media":77179,"comment_status":"open","ping_status":"open","sticky":false,"template":"","format":"standard","meta":[],"categories":[14],"tags":[38,5641],"yoast_head":"<!-- This site is optimized with the Yoast SEO plugin v17.4 - https:\/\/yoast.com\/wordpress\/plugins\/seo\/ -->\n<title>Ora\u00e7\u00e3o a Nossa Senhora para se abrigar sob a Sua Prote\u00e7\u00e3o<\/title>\n<meta name=\"description\" content=\"Fa\u00e7a essa ora\u00e7\u00e3o a Nossa Senhora e suplique a Ela pela prote\u00e7\u00e3o que voc\u00ea tanto precisa. Depois, inclua gratuitamente seu nome na MIssa\" \/>\n<meta name=\"robots\" content=\"index, follow, max-snippet:-1, max-image-preview:large, max-video-preview:-1\" \/>\n<link rel=\"canonical\" href=\"https:\/\/www.adf.org.br\/home\/oracao-a-nossa-senhora-para-se-abrigar-sob-a-sua-protecao\/\" \/>\n<meta property=\"og:locale\" content=\"pt_BR\" \/>\n<meta property=\"og:type\" content=\"article\" \/>\n<meta property=\"og:title\" content=\"Ora\u00e7\u00e3o a Nossa Senhora para se abrigar sob a Sua Prote\u00e7\u00e3o\" \/>\n<meta property=\"og:description\" content=\"Fa\u00e7a essa ora\u00e7\u00e3o a Nossa Senhora e suplique a Ela pela prote\u00e7\u00e3o que voc\u00ea tanto precisa. Depois, inclua gratuitamente seu nome na MIssa\" \/>\n<meta property=\"og:url\" content=\"https:\/\/www.adf.org.br\/home\/oracao-a-nossa-senhora-para-se-abrigar-sob-a-sua-protecao\/\" \/>\n<meta property=\"og:site_name\" content=\"Associa\u00e7\u00e3o Devotos de F\u00e1tima\" \/>\n<meta property=\"article:published_time\" content=\"2024-07-28T03:00:18+00:00\" \/>\n<meta property=\"article:modified_time\" content=\"2024-07-26T12:38:47+00:00\" \/>\n<meta property=\"og:image\" content=\"https:\/\/www.adf.org.br\/home\/wp-content\/uploads\/2024\/07\/2_oracao.jpg\" \/>\n\t<meta property=\"og:image:width\" content=\"600\" \/>\n\t<meta property=\"og:image:height\" content=\"200\" \/>\n<meta name=\"twitter:card\" content=\"summary_large_image\" \/>\n<meta name=\"twitter:label1\" content=\"Escrito por\" \/>\n\t<meta name=\"twitter:data1\" content=\"Gabriel Barbosa\" \/>\n\t<meta name=\"twitter:label2\" content=\"Est. tempo de leitura\" \/>\n\t<meta name=\"twitter:data2\" content=\"2 minutos\" \/>\n<script type=\"application\/ld+json\" class=\"yoast-schema-graph\">{\"@context\":\"https:\/\/schema.org\",\"@graph\":[{\"@type\":\"WebSite\",\"@id\":\"https:\/\/www.adf.org.br\/home\/#website\",\"url\":\"https:\/\/www.adf.org.br\/home\/\",\"name\":\"Associa\\u00e7\\u00e3o Devotos de F\\u00e1tima\",\"description\":\"Associa\\u00e7\\u00e3o Devotos de F\\u00e1tima\",\"potentialAction\":[{\"@type\":\"SearchAction\",\"target\":{\"@type\":\"EntryPoint\",\"urlTemplate\":\"https:\/\/www.adf.org.br\/home\/?s={search_term_string}\"},\"query-input\":\"required name=search_term_string\"}],\"inLanguage\":\"pt-BR\"},{\"@type\":\"ImageObject\",\"@id\":\"https:\/\/www.adf.org.br\/home\/oracao-a-nossa-senhora-para-se-abrigar-sob-a-sua-protecao\/#primaryimage\",\"inLanguage\":\"pt-BR\",\"url\":\"https:\/\/www.adf.org.br\/home\/wp-content\/uploads\/2024\/07\/2_oracao.jpg\",\"contentUrl\":\"https:\/\/www.adf.org.br\/home\/wp-content\/uploads\/2024\/07\/2_oracao.jpg\",\"width\":600,\"height\":200},{\"@type\":\"WebPage\",\"@id\":\"https:\/\/www.adf.org.br\/home\/oracao-a-nossa-senhora-para-se-abrigar-sob-a-sua-protecao\/#webpage\",\"url\":\"https:\/\/www.adf.org.br\/home\/oracao-a-nossa-senhora-para-se-abrigar-sob-a-sua-protecao\/\",\"name\":\"Ora\\u00e7\\u00e3o a Nossa Senhora para se abrigar sob a Sua Prote\\u00e7\\u00e3o\",\"isPartOf\":{\"@id\":\"https:\/\/www.adf.org.br\/home\/#website\"},\"primaryImageOfPage\":{\"@id\":\"https:\/\/www.adf.org.br\/home\/oracao-a-nossa-senhora-para-se-abrigar-sob-a-sua-protecao\/#primaryimage\"},\"datePublished\":\"2024-07-28T03:00:18+00:00\",\"dateModified\":\"2024-07-26T12:38:47+00:00\",\"author\":{\"@id\":\"https:\/\/www.adf.org.br\/home\/#\/schema\/person\/f35a5c5aa7728a3dedf4ea9aa1fc2753\"},\"description\":\"Fa\\u00e7a essa ora\\u00e7\\u00e3o a Nossa Senhora e suplique a Ela pela prote\\u00e7\\u00e3o que voc\\u00ea tanto precisa. Depois, inclua gratuitamente seu nome na MIssa\",\"breadcrumb\":{\"@id\":\"https:\/\/www.adf.org.br\/home\/oracao-a-nossa-senhora-para-se-abrigar-sob-a-sua-protecao\/#breadcrumb\"},\"inLanguage\":\"pt-BR\",\"potentialAction\":[{\"@type\":\"ReadAction\",\"target\":[\"https:\/\/www.adf.org.br\/home\/oracao-a-nossa-senhora-para-se-abrigar-sob-a-sua-protecao\/\"]}]},{\"@type\":\"BreadcrumbList\",\"@id\":\"https:\/\/www.adf.org.br\/home\/oracao-a-nossa-senhora-para-se-abrigar-sob-a-sua-protecao\/#breadcrumb\",\"itemListElement\":[{\"@type\":\"ListItem\",\"position\":1,\"name\":\"Home\",\"item\":\"https:\/\/www.adf.org.br\/home\/\"},{\"@type\":\"ListItem\",\"position\":2,\"name\":\"Ora\\u00e7\\u00e3o a Nossa Senhora para se abrigar sob a Sua Prote\\u00e7\\u00e3o\"}]},{\"@type\":\"Person\",\"@id\":\"https:\/\/www.adf.org.br\/home\/#\/schema\/person\/f35a5c5aa7728a3dedf4ea9aa1fc2753\",\"name\":\"Gabriel Barbosa\",\"image\":{\"@type\":\"ImageObject\",\"@id\":\"https:\/\/www.adf.org.br\/home\/#personlogo\",\"inLanguage\":\"pt-BR\",\"url\":\"https:\/\/secure.gravatar.com\/avatar\/2b2cb2f4637682c5605e8d36818f51ef?s=96&d=mm&r=g\",\"contentUrl\":\"https:\/\/secure.gravatar.com\/avatar\/2b2cb2f4637682c5605e8d36818f51ef?s=96&d=mm&r=g\",\"caption\":\"Gabriel Barbosa\"},\"url\":\"https:\/\/www.adf.org.br\/home\/author\/gabrielpmk-com-br\/\"}]}<\/script>\n<!-- \/ Yoast SEO plugin. -->","yoast_head_json":{"title":"Ora\u00e7\u00e3o a Nossa Senhora para se abrigar sob a Sua Prote\u00e7\u00e3o","description":"Fa\u00e7a essa ora\u00e7\u00e3o a Nossa Senhora e suplique a Ela pela prote\u00e7\u00e3o que voc\u00ea tanto precisa. Depois, inclua gratuitamente seu nome na MIssa","robots":{"index":"index","follow":"follow","max-snippet":"max-snippet:-1","max-image-preview":"max-image-preview:large","max-video-preview":"max-video-preview:-1"},"canonical":"https:\/\/www.adf.org.br\/home\/oracao-a-nossa-senhora-para-se-abrigar-sob-a-sua-protecao\/","og_locale":"pt_BR","og_type":"article","og_title":"Ora\u00e7\u00e3o a Nossa Senhora para se abrigar sob a Sua Prote\u00e7\u00e3o","og_description":"Fa\u00e7a essa ora\u00e7\u00e3o a Nossa Senhora e suplique a Ela pela prote\u00e7\u00e3o que voc\u00ea tanto precisa. Depois, inclua gratuitamente seu nome na MIssa","og_url":"https:\/\/www.adf.org.br\/home\/oracao-a-nossa-senhora-para-se-abrigar-sob-a-sua-protecao\/","og_site_name":"Associa\u00e7\u00e3o Devotos de F\u00e1tima","article_published_time":"2024-07-28T03:00:18+00:00","article_modified_time":"2024-07-26T12:38:47+00:00","og_image":[{"width":600,"height":200,"url":"https:\/\/www.adf.org.br\/home\/wp-content\/uploads\/2024\/07\/2_oracao.jpg","type":"image\/jpeg"}],"twitter_card":"summary_large_image","twitter_misc":{"Escrito por":"Gabriel Barbosa","Est. tempo de leitura":"2 minutos"},"schema":{"@context":"https:\/\/schema.org","@graph":[{"@type":"WebSite","@id":"https:\/\/www.adf.org.br\/home\/#website","url":"https:\/\/www.adf.org.br\/home\/","name":"Associa\u00e7\u00e3o Devotos de F\u00e1tima","description":"Associa\u00e7\u00e3o Devotos de F\u00e1tima","potentialAction":[{"@type":"SearchAction","target":{"@type":"EntryPoint","urlTemplate":"https:\/\/www.adf.org.br\/home\/?s={search_term_string}"},"query-input":"required name=search_term_string"}],"inLanguage":"pt-BR"},{"@type":"ImageObject","@id":"https:\/\/www.adf.org.br\/home\/oracao-a-nossa-senhora-para-se-abrigar-sob-a-sua-protecao\/#primaryimage","inLanguage":"pt-BR","url":"https:\/\/www.adf.org.br\/home\/wp-content\/uploads\/2024\/07\/2_oracao.jpg","contentUrl":"https:\/\/www.adf.org.br\/home\/wp-content\/uploads\/2024\/07\/2_oracao.jpg","width":600,"height":200},{"@type":"WebPage","@id":"https:\/\/www.adf.org.br\/home\/oracao-a-nossa-senhora-para-se-abrigar-sob-a-sua-protecao\/#webpage","url":"https:\/\/www.adf.org.br\/home\/oracao-a-nossa-senhora-para-se-abrigar-sob-a-sua-protecao\/","name":"Ora\u00e7\u00e3o a Nossa Senhora para se abrigar sob a Sua Prote\u00e7\u00e3o","isPartOf":{"@id":"https:\/\/www.adf.org.br\/home\/#website"},"primaryImageOfPage":{"@id":"https:\/\/www.adf.org.br\/home\/oracao-a-nossa-senhora-para-se-abrigar-sob-a-sua-protecao\/#primaryimage"},"datePublished":"2024-07-28T03:00:18+00:00","dateModified":"2024-07-26T12:38:47+00:00","author":{"@id":"https:\/\/www.adf.org.br\/home\/#\/schema\/person\/f35a5c5aa7728a3dedf4ea9aa1fc2753"},"description":"Fa\u00e7a essa ora\u00e7\u00e3o a Nossa Senhora e suplique a Ela pela prote\u00e7\u00e3o que voc\u00ea tanto precisa. Depois, inclua gratuitamente seu nome na MIssa","breadcrumb":{"@id":"https:\/\/www.adf.org.br\/home\/oracao-a-nossa-senhora-para-se-abrigar-sob-a-sua-protecao\/#breadcrumb"},"inLanguage":"pt-BR","potentialAction":[{"@type":"ReadAction","target":["https:\/\/www.adf.org.br\/home\/oracao-a-nossa-senhora-para-se-abrigar-sob-a-sua-protecao\/"]}]},{"@type":"BreadcrumbList","@id":"https:\/\/www.adf.org.br\/home\/oracao-a-nossa-senhora-para-se-abrigar-sob-a-sua-protecao\/#breadcrumb","itemListElement":[{"@type":"ListItem","position":1,"name":"Home","item":"https:\/\/www.adf.org.br\/home\/"},{"@type":"ListItem","position":2,"name":"Ora\u00e7\u00e3o a Nossa Senhora para se abrigar sob a Sua Prote\u00e7\u00e3o"}]},{"@type":"Person","@id":"https:\/\/www.adf.org.br\/home\/#\/schema\/person\/f35a5c5aa7728a3dedf4ea9aa1fc2753","name":"Gabriel Barbosa","image":{"@type":"ImageObject","@id":"https:\/\/www.adf.org.br\/home\/#personlogo","inLanguage":"pt-BR","url":"https:\/\/secure.gravatar.com\/avatar\/2b2cb2f4637682c5605e8d36818f51ef?s=96&d=mm&r=g","contentUrl":"https:\/\/secure.gravatar.com\/avatar\/2b2cb2f4637682c5605e8d36818f51ef?s=96&d=mm&r=g","caption":"Gabriel Barbosa"},"url":"https:\/\/www.adf.org.br\/home\/author\/gabrielpmk-com-br\/"}]}},"_links":{"self":[{"href":"https:\/\/www.adf.org.br\/home\/wp-json\/wp\/v2\/posts\/77176"}],"collection":[{"href":"https:\/\/www.adf.org.br\/home\/wp-json\/wp\/v2\/posts"}],"about":[{"href":"https:\/\/www.adf.org.br\/home\/wp-json\/wp\/v2\/types\/post"}],"author":[{"embeddable":true,"href":"https:\/\/www.adf.org.br\/home\/wp-json\/wp\/v2\/users\/31"}],"replies":[{"embeddable":true,"href":"https:\/\/www.adf.org.br\/home\/wp-json\/wp\/v2\/comments?post=77176"}],"version-history":[{"count":7,"href":"https:\/\/www.adf.org.br\/home\/wp-json\/wp\/v2\/posts\/77176\/revisions"}],"predecessor-version":[{"id":77182,"href":"https:\/\/www.adf.org.br\/home\/wp-json\/wp\/v2\/posts\/77176\/revisions\/77182"}],"wp:featuredmedia":[{"embeddable":true,"href":"https:\/\/www.adf.org.br\/home\/wp-json\/wp\/v2\/media\/77179"}],"wp:attachment":[{"href":"https:\/\/www.adf.org.br\/home\/wp-json\/wp\/v2\/media?parent=77176"}],"wp:term":[{"taxonomy":"category","embeddable":true,"href":"https:\/\/www.adf.org.br\/home\/wp-json\/wp\/v2\/categories?post=77176"},{"taxonomy":"post_tag","embeddable":true,"href":"https:\/\/www.adf.org.br\/home\/wp-json\/wp\/v2\/tags?post=77176"}],"curies":[{"name":"wp","href":"https:\/\/api.w.org\/{rel}","templated":true}]}}