{"id":77124,"date":"2024-07-18T00:00:24","date_gmt":"2024-07-18T03:00:24","guid":{"rendered":"https:\/\/www.adf.org.br\/home\/?p=77124"},"modified":"2024-07-17T17:33:39","modified_gmt":"2024-07-17T20:33:39","slug":"fatima-convida-a-humanidade-para-uma-verdadeira-conversao","status":"publish","type":"post","link":"https:\/\/www.adf.org.br\/home\/fatima-convida-a-humanidade-para-uma-verdadeira-conversao\/","title":{"rendered":"F\u00e1tima convida a Humanidade para uma verdadeira Convers\u00e3o"},"content":{"rendered":"<figure id=\"attachment_77126\" aria-describedby=\"caption-attachment-77126\" style=\"width: 581px\" class=\"wp-caption aligncenter\"><img loading=\"lazy\" class=\" wp-image-77126\" src=\"https:\/\/www.adf.org.br\/home\/wp-content\/uploads\/2024\/07\/Mensagens-de-Fatima-convidam-a-humanidade-para-se-converterem.jpg\" alt=\"Mensagens de F\u00e1tima convidam a humanidade para se converterem\" width=\"581\" height=\"387\" srcset=\"https:\/\/www.adf.org.br\/home\/wp-content\/uploads\/2024\/07\/Mensagens-de-Fatima-convidam-a-humanidade-para-se-converterem.jpg 818w, https:\/\/www.adf.org.br\/home\/wp-content\/uploads\/2024\/07\/Mensagens-de-Fatima-convidam-a-humanidade-para-se-converterem-300x200.jpg 300w, https:\/\/www.adf.org.br\/home\/wp-content\/uploads\/2024\/07\/Mensagens-de-Fatima-convidam-a-humanidade-para-se-converterem-768x512.jpg 768w\" sizes=\"(max-width: 581px) 100vw, 581px\" \/><figcaption id=\"caption-attachment-77126\" class=\"wp-caption-text\">Mensagens de F\u00e1tima convidam a humanidade para \u00e0 convers\u00e3o<\/figcaption><\/figure>\n<p><span style=\"color: #000000;\">Todos j\u00e1 ouviram, no fundo da alma, uma voz que inspira uma convers\u00e3o profunda a Deus.<\/span><\/p>\n<p><strong><span style=\"color: #000000;\">Essa voz interior pode ser uma gra\u00e7a divina, sugerindo um desejo sincero de servi-Lo completamente, em um caminho de maior perfei\u00e7\u00e3o e santifica\u00e7\u00e3o.<\/span><\/strong><\/p>\n<p><span style=\"color: #000000;\">Por <em>\u201cconvers\u00e3o\u201d<\/em> n\u00e3o se entende apenas mudar de religi\u00e3o, como no exemplo do Ap\u00f3stolo S\u00e3o Paulo, mas tamb\u00e9m uma mudan\u00e7a completa de vida.<\/span><\/p>\n<p><strong><span style=\"color: #000000;\">Assim, algu\u00e9m que j\u00e1 \u00e9 cat\u00f3lico pode desejar uma convers\u00e3o para se tornar um cat\u00f3lico de verdade, perfeito em suas a\u00e7\u00f5es, praticando virtudes em alto grau.<\/span><\/strong><\/p>\n<p><span style=\"color: #000000;\">Sem d\u00favida, este \u00e9 um caminho dif\u00edcil, especialmente nos dias de hoje.<\/span><\/p>\n<p><span style=\"color: #000000;\">Mas a gra\u00e7a divina pode proporcionar os meios de santifica\u00e7\u00e3o at\u00e9 mesmo para os que est\u00e3o na vida pecaminosa, como no caso conhecido de Santo Agostinho.<\/span><\/p>\n<h3><span style=\"color: #000000;\">A par\u00e1bola do \u201cFilho Pr\u00f3digo\u201d exemplifica bem isso. <\/span><\/h3>\n<p><span style=\"color: #000000;\"><strong>Ap\u00f3s abandonar a casa do pai, esse filho mergulhou no mundo do pecado e dos prazere<\/strong>s. Mas a gra\u00e7a divina tocou seu cora\u00e7\u00e3o, e ele sentiu saudade do pai. Foi o primeiro passo para seu arrependimento, sua convers\u00e3o, seu retorno \u00e0 casa do pai (Lc 15, 11-32).<\/span><\/p>\n<p><strong><span style=\"color: #000000;\">Mesmo que as pessoas de hoje estejam mergulhadas na decad\u00eancia moral, a gra\u00e7a do arrependimento pode tocar suas almas e lev\u00e1-las de volta \u00e0 \u201ccasa paterna\u201d.<\/span><\/strong><\/p>\n<p><span style=\"color: #000000;\">Deus, como pai infinitamente misericordioso, deseja e espera o retorno desses \u201cfilhos pr\u00f3digos\u201d. Para ajud\u00e1-los, Ele oferece a todos uma advogada e m\u00e3e. Ela, que \u00e9 Sua pr\u00f3pria M\u00e3e, a Rainha do C\u00e9u e da Terra, dos anjos e dos homens.<\/span><\/p>\n<p><span style=\"color: #000000;\">A<strong>ntes, durante e depois dos castigos previstos em F\u00e1tima (1917), certamente uma nova, grande e irresist\u00edvel gra\u00e7a, como a de Nossa Senhora do Grand-Retour<\/strong>, pode impulsionar a humanidade ao arrependimento, \u00e0 total convers\u00e3o, a um \u201cGrande Retorno\u201d \u00e0 casa paterna.<\/span><\/p>\n<p><strong><span style=\"color: #000000;\">Um verdadeiro renascimento da Cristandade, rumo ao reinado do Sapiencial e Imaculado Cora\u00e7\u00e3o de Maria.<\/span><\/strong><\/p>\n<h6 style=\"text-align: right;\">Fonte: <span style=\"color: #0000ff;\"><a style=\"color: #0000ff;\" href=\"https:\/\/www.ipco.org.br\/o-grande-retorno-de-nossa-senhora-e-a-conversao-da-humanidade\">IPCO<\/a><\/span>.<\/h6>\n<hr \/>\n<p style=\"text-align: center;\"><a href=\"https:\/\/www.adf.org.br\/home\/pagina-de-cadastro\/\" target=\"_blank\" rel=\"noopener\"><img loading=\"lazy\" class=\"alignnone\" src=\"https:\/\/www.adf.org.br\/home\/wp-content\/uploads\/2024\/06\/Conteudos-catolicos-da-Associacao-Devotos-de-fatima-Newsletter.png\" alt=\"\" width=\"600\" height=\"200\" \/><\/a><\/p>\n","protected":false},"excerpt":{"rendered":"<p>Todos j\u00e1 ouviram, no fundo da alma, uma voz que inspira uma convers\u00e3o profunda a Deus. Essa voz interior pode ser uma gra\u00e7a divina, sugerindo um desejo sincero de servi-Lo completamente, em um caminho de maior perfei\u00e7\u00e3o e santifica\u00e7\u00e3o. Por \u201cconvers\u00e3o\u201d n\u00e3o se entende apenas mudar de religi\u00e3o, como no exemplo do Ap\u00f3stolo S\u00e3o Paulo, [&hellip;]<\/p>\n","protected":false},"author":31,"featured_media":77129,"comment_status":"open","ping_status":"open","sticky":false,"template":"","format":"standard","meta":[],"categories":[20],"tags":[43,89,347,2773,5639,57,923],"yoast_head":"<!-- This site is optimized with the Yoast SEO plugin v17.4 - https:\/\/yoast.com\/wordpress\/plugins\/seo\/ -->\n<title>F\u00e1tima convida a Humanidade para uma verdadeira Convers\u00e3o<\/title>\n<meta name=\"description\" content=\"Nossa Senhora de F\u00e1tima apareceu para convidar a humanidade para uma verdadeira Convers\u00e3o, com o intuito de alcan\u00e7armos a salva\u00e7\u00e3o\" \/>\n<meta name=\"robots\" content=\"index, follow, max-snippet:-1, max-image-preview:large, max-video-preview:-1\" \/>\n<link rel=\"canonical\" href=\"https:\/\/www.adf.org.br\/home\/fatima-convida-a-humanidade-para-uma-verdadeira-conversao\/\" \/>\n<meta property=\"og:locale\" content=\"pt_BR\" \/>\n<meta property=\"og:type\" content=\"article\" \/>\n<meta property=\"og:title\" content=\"F\u00e1tima convida a Humanidade para uma verdadeira Convers\u00e3o\" \/>\n<meta property=\"og:description\" content=\"Nossa Senhora de F\u00e1tima apareceu para convidar a humanidade para uma verdadeira Convers\u00e3o, com o intuito de alcan\u00e7armos a salva\u00e7\u00e3o\" \/>\n<meta property=\"og:url\" content=\"https:\/\/www.adf.org.br\/home\/fatima-convida-a-humanidade-para-uma-verdadeira-conversao\/\" \/>\n<meta property=\"og:site_name\" content=\"Associa\u00e7\u00e3o Devotos de F\u00e1tima\" \/>\n<meta property=\"article:published_time\" content=\"2024-07-18T03:00:24+00:00\" \/>\n<meta property=\"article:modified_time\" content=\"2024-07-17T20:33:39+00:00\" \/>\n<meta property=\"og:image\" content=\"https:\/\/www.adf.org.br\/home\/wp-content\/uploads\/2024\/07\/A-virgem-de-Fatima-convida-toda-humanidade-a-se-converter-1.jpg\" \/>\n\t<meta property=\"og:image:width\" content=\"840\" \/>\n\t<meta property=\"og:image:height\" content=\"560\" \/>\n<meta name=\"twitter:card\" content=\"summary_large_image\" \/>\n<meta name=\"twitter:label1\" content=\"Escrito por\" \/>\n\t<meta name=\"twitter:data1\" content=\"Gabriel Barbosa\" \/>\n\t<meta name=\"twitter:label2\" content=\"Est. tempo de leitura\" \/>\n\t<meta name=\"twitter:data2\" content=\"2 minutos\" \/>\n<script type=\"application\/ld+json\" class=\"yoast-schema-graph\">{\"@context\":\"https:\/\/schema.org\",\"@graph\":[{\"@type\":\"WebSite\",\"@id\":\"https:\/\/www.adf.org.br\/home\/#website\",\"url\":\"https:\/\/www.adf.org.br\/home\/\",\"name\":\"Associa\\u00e7\\u00e3o Devotos de F\\u00e1tima\",\"description\":\"Associa\\u00e7\\u00e3o Devotos de F\\u00e1tima\",\"potentialAction\":[{\"@type\":\"SearchAction\",\"target\":{\"@type\":\"EntryPoint\",\"urlTemplate\":\"https:\/\/www.adf.org.br\/home\/?s={search_term_string}\"},\"query-input\":\"required name=search_term_string\"}],\"inLanguage\":\"pt-BR\"},{\"@type\":\"ImageObject\",\"@id\":\"https:\/\/www.adf.org.br\/home\/fatima-convida-a-humanidade-para-uma-verdadeira-conversao\/#primaryimage\",\"inLanguage\":\"pt-BR\",\"url\":\"https:\/\/www.adf.org.br\/home\/wp-content\/uploads\/2024\/07\/A-virgem-de-Fatima-convida-toda-humanidade-a-se-converter-1.jpg\",\"contentUrl\":\"https:\/\/www.adf.org.br\/home\/wp-content\/uploads\/2024\/07\/A-virgem-de-Fatima-convida-toda-humanidade-a-se-converter-1.jpg\",\"width\":840,\"height\":560},{\"@type\":\"WebPage\",\"@id\":\"https:\/\/www.adf.org.br\/home\/fatima-convida-a-humanidade-para-uma-verdadeira-conversao\/#webpage\",\"url\":\"https:\/\/www.adf.org.br\/home\/fatima-convida-a-humanidade-para-uma-verdadeira-conversao\/\",\"name\":\"F\\u00e1tima convida a Humanidade para uma verdadeira Convers\\u00e3o\",\"isPartOf\":{\"@id\":\"https:\/\/www.adf.org.br\/home\/#website\"},\"primaryImageOfPage\":{\"@id\":\"https:\/\/www.adf.org.br\/home\/fatima-convida-a-humanidade-para-uma-verdadeira-conversao\/#primaryimage\"},\"datePublished\":\"2024-07-18T03:00:24+00:00\",\"dateModified\":\"2024-07-17T20:33:39+00:00\",\"author\":{\"@id\":\"https:\/\/www.adf.org.br\/home\/#\/schema\/person\/f35a5c5aa7728a3dedf4ea9aa1fc2753\"},\"description\":\"Nossa Senhora de F\\u00e1tima apareceu para convidar a humanidade para uma verdadeira Convers\\u00e3o, com o intuito de alcan\\u00e7armos a salva\\u00e7\\u00e3o\",\"breadcrumb\":{\"@id\":\"https:\/\/www.adf.org.br\/home\/fatima-convida-a-humanidade-para-uma-verdadeira-conversao\/#breadcrumb\"},\"inLanguage\":\"pt-BR\",\"potentialAction\":[{\"@type\":\"ReadAction\",\"target\":[\"https:\/\/www.adf.org.br\/home\/fatima-convida-a-humanidade-para-uma-verdadeira-conversao\/\"]}]},{\"@type\":\"BreadcrumbList\",\"@id\":\"https:\/\/www.adf.org.br\/home\/fatima-convida-a-humanidade-para-uma-verdadeira-conversao\/#breadcrumb\",\"itemListElement\":[{\"@type\":\"ListItem\",\"position\":1,\"name\":\"Home\",\"item\":\"https:\/\/www.adf.org.br\/home\/\"},{\"@type\":\"ListItem\",\"position\":2,\"name\":\"F\\u00e1tima convida a Humanidade para uma verdadeira Convers\\u00e3o\"}]},{\"@type\":\"Person\",\"@id\":\"https:\/\/www.adf.org.br\/home\/#\/schema\/person\/f35a5c5aa7728a3dedf4ea9aa1fc2753\",\"name\":\"Gabriel Barbosa\",\"image\":{\"@type\":\"ImageObject\",\"@id\":\"https:\/\/www.adf.org.br\/home\/#personlogo\",\"inLanguage\":\"pt-BR\",\"url\":\"https:\/\/secure.gravatar.com\/avatar\/2b2cb2f4637682c5605e8d36818f51ef?s=96&d=mm&r=g\",\"contentUrl\":\"https:\/\/secure.gravatar.com\/avatar\/2b2cb2f4637682c5605e8d36818f51ef?s=96&d=mm&r=g\",\"caption\":\"Gabriel Barbosa\"},\"url\":\"https:\/\/www.adf.org.br\/home\/author\/gabrielpmk-com-br\/\"}]}<\/script>\n<!-- \/ Yoast SEO plugin. -->","yoast_head_json":{"title":"F\u00e1tima convida a Humanidade para uma verdadeira Convers\u00e3o","description":"Nossa Senhora de F\u00e1tima apareceu para convidar a humanidade para uma verdadeira Convers\u00e3o, com o intuito de alcan\u00e7armos a salva\u00e7\u00e3o","robots":{"index":"index","follow":"follow","max-snippet":"max-snippet:-1","max-image-preview":"max-image-preview:large","max-video-preview":"max-video-preview:-1"},"canonical":"https:\/\/www.adf.org.br\/home\/fatima-convida-a-humanidade-para-uma-verdadeira-conversao\/","og_locale":"pt_BR","og_type":"article","og_title":"F\u00e1tima convida a Humanidade para uma verdadeira Convers\u00e3o","og_description":"Nossa Senhora de F\u00e1tima apareceu para convidar a humanidade para uma verdadeira Convers\u00e3o, com o intuito de alcan\u00e7armos a salva\u00e7\u00e3o","og_url":"https:\/\/www.adf.org.br\/home\/fatima-convida-a-humanidade-para-uma-verdadeira-conversao\/","og_site_name":"Associa\u00e7\u00e3o Devotos de F\u00e1tima","article_published_time":"2024-07-18T03:00:24+00:00","article_modified_time":"2024-07-17T20:33:39+00:00","og_image":[{"width":840,"height":560,"url":"https:\/\/www.adf.org.br\/home\/wp-content\/uploads\/2024\/07\/A-virgem-de-Fatima-convida-toda-humanidade-a-se-converter-1.jpg","type":"image\/jpeg"}],"twitter_card":"summary_large_image","twitter_misc":{"Escrito por":"Gabriel Barbosa","Est. tempo de leitura":"2 minutos"},"schema":{"@context":"https:\/\/schema.org","@graph":[{"@type":"WebSite","@id":"https:\/\/www.adf.org.br\/home\/#website","url":"https:\/\/www.adf.org.br\/home\/","name":"Associa\u00e7\u00e3o Devotos de F\u00e1tima","description":"Associa\u00e7\u00e3o Devotos de F\u00e1tima","potentialAction":[{"@type":"SearchAction","target":{"@type":"EntryPoint","urlTemplate":"https:\/\/www.adf.org.br\/home\/?s={search_term_string}"},"query-input":"required name=search_term_string"}],"inLanguage":"pt-BR"},{"@type":"ImageObject","@id":"https:\/\/www.adf.org.br\/home\/fatima-convida-a-humanidade-para-uma-verdadeira-conversao\/#primaryimage","inLanguage":"pt-BR","url":"https:\/\/www.adf.org.br\/home\/wp-content\/uploads\/2024\/07\/A-virgem-de-Fatima-convida-toda-humanidade-a-se-converter-1.jpg","contentUrl":"https:\/\/www.adf.org.br\/home\/wp-content\/uploads\/2024\/07\/A-virgem-de-Fatima-convida-toda-humanidade-a-se-converter-1.jpg","width":840,"height":560},{"@type":"WebPage","@id":"https:\/\/www.adf.org.br\/home\/fatima-convida-a-humanidade-para-uma-verdadeira-conversao\/#webpage","url":"https:\/\/www.adf.org.br\/home\/fatima-convida-a-humanidade-para-uma-verdadeira-conversao\/","name":"F\u00e1tima convida a Humanidade para uma verdadeira Convers\u00e3o","isPartOf":{"@id":"https:\/\/www.adf.org.br\/home\/#website"},"primaryImageOfPage":{"@id":"https:\/\/www.adf.org.br\/home\/fatima-convida-a-humanidade-para-uma-verdadeira-conversao\/#primaryimage"},"datePublished":"2024-07-18T03:00:24+00:00","dateModified":"2024-07-17T20:33:39+00:00","author":{"@id":"https:\/\/www.adf.org.br\/home\/#\/schema\/person\/f35a5c5aa7728a3dedf4ea9aa1fc2753"},"description":"Nossa Senhora de F\u00e1tima apareceu para convidar a humanidade para uma verdadeira Convers\u00e3o, com o intuito de alcan\u00e7armos a salva\u00e7\u00e3o","breadcrumb":{"@id":"https:\/\/www.adf.org.br\/home\/fatima-convida-a-humanidade-para-uma-verdadeira-conversao\/#breadcrumb"},"inLanguage":"pt-BR","potentialAction":[{"@type":"ReadAction","target":["https:\/\/www.adf.org.br\/home\/fatima-convida-a-humanidade-para-uma-verdadeira-conversao\/"]}]},{"@type":"BreadcrumbList","@id":"https:\/\/www.adf.org.br\/home\/fatima-convida-a-humanidade-para-uma-verdadeira-conversao\/#breadcrumb","itemListElement":[{"@type":"ListItem","position":1,"name":"Home","item":"https:\/\/www.adf.org.br\/home\/"},{"@type":"ListItem","position":2,"name":"F\u00e1tima convida a Humanidade para uma verdadeira Convers\u00e3o"}]},{"@type":"Person","@id":"https:\/\/www.adf.org.br\/home\/#\/schema\/person\/f35a5c5aa7728a3dedf4ea9aa1fc2753","name":"Gabriel Barbosa","image":{"@type":"ImageObject","@id":"https:\/\/www.adf.org.br\/home\/#personlogo","inLanguage":"pt-BR","url":"https:\/\/secure.gravatar.com\/avatar\/2b2cb2f4637682c5605e8d36818f51ef?s=96&d=mm&r=g","contentUrl":"https:\/\/secure.gravatar.com\/avatar\/2b2cb2f4637682c5605e8d36818f51ef?s=96&d=mm&r=g","caption":"Gabriel Barbosa"},"url":"https:\/\/www.adf.org.br\/home\/author\/gabrielpmk-com-br\/"}]}},"_links":{"self":[{"href":"https:\/\/www.adf.org.br\/home\/wp-json\/wp\/v2\/posts\/77124"}],"collection":[{"href":"https:\/\/www.adf.org.br\/home\/wp-json\/wp\/v2\/posts"}],"about":[{"href":"https:\/\/www.adf.org.br\/home\/wp-json\/wp\/v2\/types\/post"}],"author":[{"embeddable":true,"href":"https:\/\/www.adf.org.br\/home\/wp-json\/wp\/v2\/users\/31"}],"replies":[{"embeddable":true,"href":"https:\/\/www.adf.org.br\/home\/wp-json\/wp\/v2\/comments?post=77124"}],"version-history":[{"count":1,"href":"https:\/\/www.adf.org.br\/home\/wp-json\/wp\/v2\/posts\/77124\/revisions"}],"predecessor-version":[{"id":77130,"href":"https:\/\/www.adf.org.br\/home\/wp-json\/wp\/v2\/posts\/77124\/revisions\/77130"}],"wp:featuredmedia":[{"embeddable":true,"href":"https:\/\/www.adf.org.br\/home\/wp-json\/wp\/v2\/media\/77129"}],"wp:attachment":[{"href":"https:\/\/www.adf.org.br\/home\/wp-json\/wp\/v2\/media?parent=77124"}],"wp:term":[{"taxonomy":"category","embeddable":true,"href":"https:\/\/www.adf.org.br\/home\/wp-json\/wp\/v2\/categories?post=77124"},{"taxonomy":"post_tag","embeddable":true,"href":"https:\/\/www.adf.org.br\/home\/wp-json\/wp\/v2\/tags?post=77124"}],"curies":[{"name":"wp","href":"https:\/\/api.w.org\/{rel}","templated":true}]}}