{"id":77059,"date":"2024-07-12T00:00:02","date_gmt":"2024-07-12T03:00:02","guid":{"rendered":"https:\/\/www.adf.org.br\/home\/?p=77059"},"modified":"2024-07-11T16:01:51","modified_gmt":"2024-07-11T19:01:51","slug":"as-lagrimas-de-fatima-sao-um-verdadeiro-alerta-para-a-humanidade","status":"publish","type":"post","link":"https:\/\/www.adf.org.br\/home\/as-lagrimas-de-fatima-sao-um-verdadeiro-alerta-para-a-humanidade\/","title":{"rendered":"As L\u00e1grimas de F\u00e1tima s\u00e3o um verdadeiro alerta para a humanidade"},"content":{"rendered":"<p><span style=\"color: #000000;\">As manifesta\u00e7\u00f5es de dor pelos pecados dos homens transparecem em algumas das apari\u00e7\u00f5es de Nossa Senhora. Por exemplo, durante seu copioso pranto em La Salette, em 1846, Melanie, a pequena vidente, quis consol\u00e1-la. Quem de n\u00f3s n\u00e3o gostaria de fazer o mesmo, e at\u00e9 de chorar com Nossa Senhora? <\/span><\/p>\n<p><span style=\"color: #000000;\">Melanie escreveu: <\/span><\/p>\n<blockquote><p><span style=\"color: #000000;\">\u201cEu quis me jogar nos seus bra\u00e7os e dizer-lhe: \u2018Minha m\u00e3e querida, n\u00e3o choreis! Quero Vos amar por todos os homens da Terra\u2019\u201d. <\/span><\/p><\/blockquote>\n<p><span style=\"color: #000000;\">De fato, essa cena \u00e9 pr\u00f3pria a causar compaix\u00e3o em qualquer cora\u00e7\u00e3o verdadeiramente cat\u00f3lico. A Virgem cobria o rosto com as m\u00e3os e as l\u00e1grimas lhe corriam pelas vestes. <\/span><\/p>\n<p><span style=\"color: #000000;\">Nossa Senhora chorava e lamentava, dentre outras coisas, pelos pecados decorrentes da n\u00e3o observ\u00e2ncia do descanso dominical, das blasf\u00eamias e da degrada\u00e7\u00e3o moral do clero, este \u00faltimo de uma gravidade muito maior.<\/span><\/p>\n<p><span style=\"color: #000000;\">Em F\u00e1tima, do mesmo modo, Nossa Senhora n\u00e3o se apresentou chorando de forma expl\u00edcita aos tr\u00eas pastorinhos. Ela demonstrou apreens\u00e3o pelos \u201cerros da R\u00fassia\u201d que se espalhariam, bem como pelos sofrimentos que se abateriam sobre as na\u00e7\u00f5es e o Santo Padre. <\/span><\/p>\n<p><span style=\"color: #000000;\">Contudo,<strong> o pranto n\u00e3o manifestado em Portugal, durante as apari\u00e7\u00f5es, revelou-se a todo o mundo em 1972, na famosa lacrima\u00e7\u00e3o da Imagem Peregrina de Nossa Senhora de F\u00e1tima<\/strong>, em Nova Orleans, Estados Unidos. <\/span><\/p>\n<figure style=\"width: 259px\" class=\"wp-caption alignleft\"><img loading=\"lazy\" src=\"https:\/\/www.adf.org.br\/home\/wp-content\/uploads\/2022\/03\/nossa-senhora-de-fatima-nova-orleans.jpg\" alt=\"Imagem de F\u00e1tima que verteu l\u00e1grimas em 1972 em Nova Orleans nos Estados Unidos em 1972\" width=\"259\" height=\"300\" \/><figcaption class=\"wp-caption-text\">Imagem de F\u00e1tima que verteu l\u00e1grimas em 1972 em Nova Orleans nos Estados Unidos em 1972<\/figcaption><\/figure>\n<h3><span style=\"color: #000000;\"><strong>Por que Ela quis demonstrar tanta tristeza nessa ocasi\u00e3o<\/strong>? <\/span><\/h3>\n<p><span style=\"color: #000000;\">N\u00e3o houve ent\u00e3o qualquer mensagem para esclarecer a raz\u00e3o das l\u00e1grimas. O pranto da Imagem Peregrina teve como causa os mesmos motivos revelados nas apari\u00e7\u00f5es anteriores: <\/span><\/p>\n<blockquote><p><span style=\"color: #000000;\"><em>Os pecados individuais, os pecados coletivos e sua repercuss\u00e3o na crise interna da Santa Igreja. E esses pecados s\u00e3o constantes. N\u00e3o deram sequer um momento de descanso ao cora\u00e7\u00e3o dolorido da M\u00e3e de Deus<\/em>.<\/span><\/p><\/blockquote>\n<p><span style=\"color: #000000;\">Eis tr\u00eas exemplos deles nos dias atuais. O melhor consolo que poder\u00edamos dar \u00e0 M\u00e3e Celeste consistiria em evitar, em primeiro lugar, todo pecado individual. Se o fizermos, os pecados das na\u00e7\u00f5es e aqueles que s\u00e3o cometidos dentro da Igreja tornar-se-iam de algum modo menos frequentes e menos ofensivos a Deus e a sua M\u00e3e Sant\u00edssima. O pressuposto de tudo que se escreve nesta se\u00e7\u00e3o s\u00e3o os lamentos \u2013 algumas vezes manifestados em l\u00e1grimas \u2013 da Virgem Sant\u00edssima diante da decad\u00eancia do mundo contempor\u00e2neo. Decad\u00eancia que \u00e9 fruto de pecados individuais? Sim! Mas, especialmente, de seus reflexos sobre todas as esferas do agir humano: desde a sociedade temporal at\u00e9 dentro da Igreja.<\/span><\/p>\n<h3><span style=\"color: #000000;\">Anos antes das apari\u00e7\u00f5es de La Salette, em 1830, a M\u00e3e de Deus havia se manifestado a Santa Catarina Labour\u00e9. <\/span><\/h3>\n<p><span style=\"color: #000000;\">Nas vezes em que se mostrou refulgente de raios de luz que brotavam de suas m\u00e3os, Nossa Senhora n\u00e3o chorou. Mas ao dizer as palavras:<\/span><\/p>\n<blockquote><p><em><span style=\"color: #000000;\"> \u201cOs tempos s\u00e3o muito maus, calamidades se precipitar\u00e3o sobre a Fran\u00e7a. O trono ser\u00e1 derrubado. O mundo inteiro ser\u00e1 transtornado por males de toda ordem\u201d<\/span><\/em><\/p><\/blockquote>\n<p><span style=\"color: #000000;\">A vidente notou que Nossa Senhora tinha um ar muito penalizado. As l\u00e1grimas da Virgem Santa a\u00ed n\u00e3o se manifestaram. Talvez tenham permanecido dolorosamente represadas no seu terno cora\u00e7\u00e3o de M\u00e3e, para n\u00e3o alarmarem demais Catarina sobre as crises pol\u00edticas e sociais que se desencadeariam a partir da queda de Carlos X, Rei da Fran\u00e7a, naquele ano de 1830. De qualquer maneira, s\u00e3o lamentos causados pelas graves consequ\u00eancias do pecado contra institui\u00e7\u00f5es milenares da Cristandade. Com efeito, as revela\u00e7\u00f5es a Santa Catarina prenunciam, com d\u00e9cadas de anteced\u00eancia, a revolu\u00e7\u00e3o da Comuna de Paris (1871) e, mais remotamente, a explos\u00e3o do comunismo na R\u00fassia (1917). Tristes acontecimentos que deixaram at\u00e9 hoje seu rastro de destrui\u00e7\u00e3o na civiliza\u00e7\u00e3o crist\u00e3.<\/span><\/p>\n<h3><span style=\"color: #000000;\">Em F\u00e1tima, do mesmo modo, Nossa Senhora n\u00e3o se apresentou chorando de forma expl\u00edcita aos tr\u00eas pastorinhos. <\/span><\/h3>\n<p><span style=\"color: #000000;\">Ela demonstrou apreens\u00e3o pelos \u201cerros da R\u00fassia\u201d que se espalhariam, bem como pelos sofrimentos que se abateriam sobre as na\u00e7\u00f5es e o Santo Padre. <\/span><\/p>\n<p><span style=\"color: #000000;\">Contudo, o pranto n\u00e3o manifestado em Portugal, durante as apari\u00e7\u00f5es, revelou-se a todo o mundo em 1972, na famosa lacrima\u00e7\u00e3o da Imagem Peregrina de Nossa Senhora de F\u00e1tima, em Nova Orleans, Estados Unidos. Por que Ela quis demonstrar tanta tristeza nessa ocasi\u00e3o?<\/span><\/p>\n<p><span style=\"color: #000000;\"> N\u00e3o houve ent\u00e3o qualquer mensagem para esclarecer a raz\u00e3o das l\u00e1grimas. O pranto da Imagem Peregrina teve como causa os mesmos motivos revelados nas apari\u00e7\u00f5es anteriores: os pecados individuais, os pecados coletivos e sua repercuss\u00e3o na crise interna da Santa Igreja. E esses pecados s\u00e3o constantes. <\/span><\/p>\n<p><span style=\"color: #000000;\">N\u00e3o deram sequer um momento de descanso ao cora\u00e7\u00e3o dolorido da M\u00e3e de Deus.<\/span><\/p>\n<h3><span style=\"color: #000000;\">Eis tr\u00eas exemplos deles nos dias atuais.<\/span><\/h3>\n<p><span style=\"color: #000000;\"><strong> Um caso de pecado individual ocorreu em Bras\u00edlia, onde um homem agrediu moralmente uma mulher em um \u00f4nibus coletivo no \u00faltimo m\u00eas de setembro.<\/strong> Curiosamente, este s\u00f3 foi mais um de v\u00e1rios casos similares \u2014 e mais brutais! \u2014 relatados nos \u00faltimos tempos nos jornais do Pa\u00eds.<\/span><\/p>\n<p><span style=\"color: #000000;\"><strong> No Brasil, a recente tentativa de aprovar o aborto em determinadas circunst\u00e2ncias pelo Supremo Tribunal Federal destaca outro exemplo de pecado coletivo<\/strong>. Esse fato evidencia a cont\u00ednua degrada\u00e7\u00e3o moral de uma na\u00e7\u00e3o cat\u00f3lica, mostrando como decis\u00f5es legais impactam profundamente os valores religiosos e morais da sociedade. <\/span><\/p>\n<p><span style=\"color: #000000;\"><strong>Dentro das pr\u00f3prias institui\u00e7\u00f5es da Igreja, observamos situa\u00e7\u00f5es preocupantes, como a inaugura\u00e7\u00e3o de um banheiro<\/strong> &#8220;unissex&#8221; na Pontif\u00edcia Universidade Cat\u00f3lica de S\u00e3o Paulo (PUC-SP). Isso s\u00f3 foi poss\u00edvel com a autoriza\u00e7\u00e3o ou, pelo menos, a coniv\u00eancia de altas autoridades do clero cat\u00f3lico. <\/span><\/p>\n<p><span style=\"color: #000000;\">Mas, o m\u00ednimo que se pode dizer \u00e9 que tais autoridades n\u00e3o se importam com as diferen\u00e7as naturais colocadas por Deus entre homens e mulheres, de onde prov\u00e9m a necessidade imperiosa de separar banheiros por sexo em locais p\u00fablicos. Considerar\u00e1 Nossa Senhora tudo isso com indiferen\u00e7a?<\/span><\/p>\n<p><span style=\"color: #000000;\">Ali\u00e1s, algu\u00e9m seria capaz de relatar esses fatos a Ela enquanto chorava em La Salette, por exemplo? N\u00e3o! <\/span><\/p>\n<p><span style=\"color: #800000;\"><strong>Se n\u00f3s amamos a Virgem Sant\u00edssima, ter\u00edamos o desejo \u00fanico de tentar consol\u00e1-la, a exemplo de Melanie. O melhor consolo que poder\u00edamos dar \u00e0 M\u00e3e Celeste consistiria em evitar, em primeiro lugar, todo pecado individual.<\/strong><\/span><\/p>\n<p><span style=\"color: #000000;\">Ent\u00e3o, se o fizermos, os pecados das na\u00e7\u00f5es e aqueles que s\u00e3o cometidos dentro da Igreja tornar-se-iam de algum modo menos frequentes e menos ofensivos a Deus e a sua M\u00e3e Sant\u00edssima.<\/span><\/p>\n","protected":false},"excerpt":{"rendered":"<p>As manifesta\u00e7\u00f5es de dor pelos pecados dos homens transparecem em algumas das apari\u00e7\u00f5es de Nossa Senhora. Por exemplo, durante seu copioso pranto em La Salette, em 1846, Melanie, a pequena vidente, quis consol\u00e1-la. Quem de n\u00f3s n\u00e3o gostaria de fazer o mesmo, e at\u00e9 de chorar com Nossa Senhora? Melanie escreveu: \u201cEu quis me jogar [&hellip;]<\/p>\n","protected":false},"author":31,"featured_media":77060,"comment_status":"open","ping_status":"open","sticky":false,"template":"","format":"standard","meta":[],"categories":[20],"tags":[5630,2493,5631,2494],"yoast_head":"<!-- This site is optimized with the Yoast SEO plugin v17.4 - https:\/\/yoast.com\/wordpress\/plugins\/seo\/ -->\n<title>As L\u00e1grimas de F\u00e1tima s\u00e3o um verdadeiro alerta para a humanidade<\/title>\n<meta name=\"description\" content=\"Nossa Senhora de F\u00e1tima chorou por todos n\u00f3s, sabendo que a ira de Deu est\u00e1 sobre cada um de n\u00f3s, conforme falou em 1917\" \/>\n<meta name=\"robots\" content=\"index, follow, max-snippet:-1, max-image-preview:large, max-video-preview:-1\" \/>\n<link rel=\"canonical\" href=\"https:\/\/www.adf.org.br\/home\/as-lagrimas-de-fatima-sao-um-verdadeiro-alerta-para-a-humanidade\/\" \/>\n<meta property=\"og:locale\" content=\"pt_BR\" \/>\n<meta property=\"og:type\" content=\"article\" \/>\n<meta property=\"og:title\" content=\"As L\u00e1grimas de F\u00e1tima s\u00e3o um verdadeiro alerta para a humanidade\" \/>\n<meta property=\"og:description\" content=\"Nossa Senhora de F\u00e1tima chorou por todos n\u00f3s, sabendo que a ira de Deu est\u00e1 sobre cada um de n\u00f3s, conforme falou em 1917\" \/>\n<meta property=\"og:url\" content=\"https:\/\/www.adf.org.br\/home\/as-lagrimas-de-fatima-sao-um-verdadeiro-alerta-para-a-humanidade\/\" \/>\n<meta property=\"og:site_name\" content=\"Associa\u00e7\u00e3o Devotos de F\u00e1tima\" \/>\n<meta property=\"article:published_time\" content=\"2024-07-12T03:00:02+00:00\" \/>\n<meta property=\"article:modified_time\" content=\"2024-07-11T19:01:51+00:00\" \/>\n<meta property=\"og:image\" content=\"https:\/\/www.adf.org.br\/home\/wp-content\/uploads\/2024\/07\/a-imagem-de-Nossa-Senhora-de-Fatima-que-verteu-lagrimas.jpg\" \/>\n\t<meta property=\"og:image:width\" content=\"640\" \/>\n\t<meta property=\"og:image:height\" content=\"418\" \/>\n<meta name=\"twitter:card\" content=\"summary_large_image\" \/>\n<meta name=\"twitter:label1\" content=\"Escrito por\" \/>\n\t<meta name=\"twitter:data1\" content=\"Gabriel Barbosa\" \/>\n\t<meta name=\"twitter:label2\" content=\"Est. tempo de leitura\" \/>\n\t<meta name=\"twitter:data2\" content=\"6 minutos\" \/>\n<script type=\"application\/ld+json\" class=\"yoast-schema-graph\">{\"@context\":\"https:\/\/schema.org\",\"@graph\":[{\"@type\":\"WebSite\",\"@id\":\"https:\/\/www.adf.org.br\/home\/#website\",\"url\":\"https:\/\/www.adf.org.br\/home\/\",\"name\":\"Associa\\u00e7\\u00e3o Devotos de F\\u00e1tima\",\"description\":\"Associa\\u00e7\\u00e3o Devotos de F\\u00e1tima\",\"potentialAction\":[{\"@type\":\"SearchAction\",\"target\":{\"@type\":\"EntryPoint\",\"urlTemplate\":\"https:\/\/www.adf.org.br\/home\/?s={search_term_string}\"},\"query-input\":\"required name=search_term_string\"}],\"inLanguage\":\"pt-BR\"},{\"@type\":\"ImageObject\",\"@id\":\"https:\/\/www.adf.org.br\/home\/as-lagrimas-de-fatima-sao-um-verdadeiro-alerta-para-a-humanidade\/#primaryimage\",\"inLanguage\":\"pt-BR\",\"url\":\"https:\/\/www.adf.org.br\/home\/wp-content\/uploads\/2024\/07\/a-imagem-de-Nossa-Senhora-de-Fatima-que-verteu-lagrimas.jpg\",\"contentUrl\":\"https:\/\/www.adf.org.br\/home\/wp-content\/uploads\/2024\/07\/a-imagem-de-Nossa-Senhora-de-Fatima-que-verteu-lagrimas.jpg\",\"width\":640,\"height\":418},{\"@type\":\"WebPage\",\"@id\":\"https:\/\/www.adf.org.br\/home\/as-lagrimas-de-fatima-sao-um-verdadeiro-alerta-para-a-humanidade\/#webpage\",\"url\":\"https:\/\/www.adf.org.br\/home\/as-lagrimas-de-fatima-sao-um-verdadeiro-alerta-para-a-humanidade\/\",\"name\":\"As L\\u00e1grimas de F\\u00e1tima s\\u00e3o um verdadeiro alerta para a humanidade\",\"isPartOf\":{\"@id\":\"https:\/\/www.adf.org.br\/home\/#website\"},\"primaryImageOfPage\":{\"@id\":\"https:\/\/www.adf.org.br\/home\/as-lagrimas-de-fatima-sao-um-verdadeiro-alerta-para-a-humanidade\/#primaryimage\"},\"datePublished\":\"2024-07-12T03:00:02+00:00\",\"dateModified\":\"2024-07-11T19:01:51+00:00\",\"author\":{\"@id\":\"https:\/\/www.adf.org.br\/home\/#\/schema\/person\/f35a5c5aa7728a3dedf4ea9aa1fc2753\"},\"description\":\"Nossa Senhora de F\\u00e1tima chorou por todos n\\u00f3s, sabendo que a ira de Deu est\\u00e1 sobre cada um de n\\u00f3s, conforme falou em 1917\",\"breadcrumb\":{\"@id\":\"https:\/\/www.adf.org.br\/home\/as-lagrimas-de-fatima-sao-um-verdadeiro-alerta-para-a-humanidade\/#breadcrumb\"},\"inLanguage\":\"pt-BR\",\"potentialAction\":[{\"@type\":\"ReadAction\",\"target\":[\"https:\/\/www.adf.org.br\/home\/as-lagrimas-de-fatima-sao-um-verdadeiro-alerta-para-a-humanidade\/\"]}]},{\"@type\":\"BreadcrumbList\",\"@id\":\"https:\/\/www.adf.org.br\/home\/as-lagrimas-de-fatima-sao-um-verdadeiro-alerta-para-a-humanidade\/#breadcrumb\",\"itemListElement\":[{\"@type\":\"ListItem\",\"position\":1,\"name\":\"Home\",\"item\":\"https:\/\/www.adf.org.br\/home\/\"},{\"@type\":\"ListItem\",\"position\":2,\"name\":\"As L\\u00e1grimas de F\\u00e1tima s\\u00e3o um verdadeiro alerta para a humanidade\"}]},{\"@type\":\"Person\",\"@id\":\"https:\/\/www.adf.org.br\/home\/#\/schema\/person\/f35a5c5aa7728a3dedf4ea9aa1fc2753\",\"name\":\"Gabriel Barbosa\",\"image\":{\"@type\":\"ImageObject\",\"@id\":\"https:\/\/www.adf.org.br\/home\/#personlogo\",\"inLanguage\":\"pt-BR\",\"url\":\"https:\/\/secure.gravatar.com\/avatar\/2b2cb2f4637682c5605e8d36818f51ef?s=96&d=mm&r=g\",\"contentUrl\":\"https:\/\/secure.gravatar.com\/avatar\/2b2cb2f4637682c5605e8d36818f51ef?s=96&d=mm&r=g\",\"caption\":\"Gabriel Barbosa\"},\"url\":\"https:\/\/www.adf.org.br\/home\/author\/gabrielpmk-com-br\/\"}]}<\/script>\n<!-- \/ Yoast SEO plugin. -->","yoast_head_json":{"title":"As L\u00e1grimas de F\u00e1tima s\u00e3o um verdadeiro alerta para a humanidade","description":"Nossa Senhora de F\u00e1tima chorou por todos n\u00f3s, sabendo que a ira de Deu est\u00e1 sobre cada um de n\u00f3s, conforme falou em 1917","robots":{"index":"index","follow":"follow","max-snippet":"max-snippet:-1","max-image-preview":"max-image-preview:large","max-video-preview":"max-video-preview:-1"},"canonical":"https:\/\/www.adf.org.br\/home\/as-lagrimas-de-fatima-sao-um-verdadeiro-alerta-para-a-humanidade\/","og_locale":"pt_BR","og_type":"article","og_title":"As L\u00e1grimas de F\u00e1tima s\u00e3o um verdadeiro alerta para a humanidade","og_description":"Nossa Senhora de F\u00e1tima chorou por todos n\u00f3s, sabendo que a ira de Deu est\u00e1 sobre cada um de n\u00f3s, conforme falou em 1917","og_url":"https:\/\/www.adf.org.br\/home\/as-lagrimas-de-fatima-sao-um-verdadeiro-alerta-para-a-humanidade\/","og_site_name":"Associa\u00e7\u00e3o Devotos de F\u00e1tima","article_published_time":"2024-07-12T03:00:02+00:00","article_modified_time":"2024-07-11T19:01:51+00:00","og_image":[{"width":640,"height":418,"url":"https:\/\/www.adf.org.br\/home\/wp-content\/uploads\/2024\/07\/a-imagem-de-Nossa-Senhora-de-Fatima-que-verteu-lagrimas.jpg","type":"image\/jpeg"}],"twitter_card":"summary_large_image","twitter_misc":{"Escrito por":"Gabriel Barbosa","Est. tempo de leitura":"6 minutos"},"schema":{"@context":"https:\/\/schema.org","@graph":[{"@type":"WebSite","@id":"https:\/\/www.adf.org.br\/home\/#website","url":"https:\/\/www.adf.org.br\/home\/","name":"Associa\u00e7\u00e3o Devotos de F\u00e1tima","description":"Associa\u00e7\u00e3o Devotos de F\u00e1tima","potentialAction":[{"@type":"SearchAction","target":{"@type":"EntryPoint","urlTemplate":"https:\/\/www.adf.org.br\/home\/?s={search_term_string}"},"query-input":"required name=search_term_string"}],"inLanguage":"pt-BR"},{"@type":"ImageObject","@id":"https:\/\/www.adf.org.br\/home\/as-lagrimas-de-fatima-sao-um-verdadeiro-alerta-para-a-humanidade\/#primaryimage","inLanguage":"pt-BR","url":"https:\/\/www.adf.org.br\/home\/wp-content\/uploads\/2024\/07\/a-imagem-de-Nossa-Senhora-de-Fatima-que-verteu-lagrimas.jpg","contentUrl":"https:\/\/www.adf.org.br\/home\/wp-content\/uploads\/2024\/07\/a-imagem-de-Nossa-Senhora-de-Fatima-que-verteu-lagrimas.jpg","width":640,"height":418},{"@type":"WebPage","@id":"https:\/\/www.adf.org.br\/home\/as-lagrimas-de-fatima-sao-um-verdadeiro-alerta-para-a-humanidade\/#webpage","url":"https:\/\/www.adf.org.br\/home\/as-lagrimas-de-fatima-sao-um-verdadeiro-alerta-para-a-humanidade\/","name":"As L\u00e1grimas de F\u00e1tima s\u00e3o um verdadeiro alerta para a humanidade","isPartOf":{"@id":"https:\/\/www.adf.org.br\/home\/#website"},"primaryImageOfPage":{"@id":"https:\/\/www.adf.org.br\/home\/as-lagrimas-de-fatima-sao-um-verdadeiro-alerta-para-a-humanidade\/#primaryimage"},"datePublished":"2024-07-12T03:00:02+00:00","dateModified":"2024-07-11T19:01:51+00:00","author":{"@id":"https:\/\/www.adf.org.br\/home\/#\/schema\/person\/f35a5c5aa7728a3dedf4ea9aa1fc2753"},"description":"Nossa Senhora de F\u00e1tima chorou por todos n\u00f3s, sabendo que a ira de Deu est\u00e1 sobre cada um de n\u00f3s, conforme falou em 1917","breadcrumb":{"@id":"https:\/\/www.adf.org.br\/home\/as-lagrimas-de-fatima-sao-um-verdadeiro-alerta-para-a-humanidade\/#breadcrumb"},"inLanguage":"pt-BR","potentialAction":[{"@type":"ReadAction","target":["https:\/\/www.adf.org.br\/home\/as-lagrimas-de-fatima-sao-um-verdadeiro-alerta-para-a-humanidade\/"]}]},{"@type":"BreadcrumbList","@id":"https:\/\/www.adf.org.br\/home\/as-lagrimas-de-fatima-sao-um-verdadeiro-alerta-para-a-humanidade\/#breadcrumb","itemListElement":[{"@type":"ListItem","position":1,"name":"Home","item":"https:\/\/www.adf.org.br\/home\/"},{"@type":"ListItem","position":2,"name":"As L\u00e1grimas de F\u00e1tima s\u00e3o um verdadeiro alerta para a humanidade"}]},{"@type":"Person","@id":"https:\/\/www.adf.org.br\/home\/#\/schema\/person\/f35a5c5aa7728a3dedf4ea9aa1fc2753","name":"Gabriel Barbosa","image":{"@type":"ImageObject","@id":"https:\/\/www.adf.org.br\/home\/#personlogo","inLanguage":"pt-BR","url":"https:\/\/secure.gravatar.com\/avatar\/2b2cb2f4637682c5605e8d36818f51ef?s=96&d=mm&r=g","contentUrl":"https:\/\/secure.gravatar.com\/avatar\/2b2cb2f4637682c5605e8d36818f51ef?s=96&d=mm&r=g","caption":"Gabriel Barbosa"},"url":"https:\/\/www.adf.org.br\/home\/author\/gabrielpmk-com-br\/"}]}},"_links":{"self":[{"href":"https:\/\/www.adf.org.br\/home\/wp-json\/wp\/v2\/posts\/77059"}],"collection":[{"href":"https:\/\/www.adf.org.br\/home\/wp-json\/wp\/v2\/posts"}],"about":[{"href":"https:\/\/www.adf.org.br\/home\/wp-json\/wp\/v2\/types\/post"}],"author":[{"embeddable":true,"href":"https:\/\/www.adf.org.br\/home\/wp-json\/wp\/v2\/users\/31"}],"replies":[{"embeddable":true,"href":"https:\/\/www.adf.org.br\/home\/wp-json\/wp\/v2\/comments?post=77059"}],"version-history":[{"count":3,"href":"https:\/\/www.adf.org.br\/home\/wp-json\/wp\/v2\/posts\/77059\/revisions"}],"predecessor-version":[{"id":77063,"href":"https:\/\/www.adf.org.br\/home\/wp-json\/wp\/v2\/posts\/77059\/revisions\/77063"}],"wp:featuredmedia":[{"embeddable":true,"href":"https:\/\/www.adf.org.br\/home\/wp-json\/wp\/v2\/media\/77060"}],"wp:attachment":[{"href":"https:\/\/www.adf.org.br\/home\/wp-json\/wp\/v2\/media?parent=77059"}],"wp:term":[{"taxonomy":"category","embeddable":true,"href":"https:\/\/www.adf.org.br\/home\/wp-json\/wp\/v2\/categories?post=77059"},{"taxonomy":"post_tag","embeddable":true,"href":"https:\/\/www.adf.org.br\/home\/wp-json\/wp\/v2\/tags?post=77059"}],"curies":[{"name":"wp","href":"https:\/\/api.w.org\/{rel}","templated":true}]}}