{"id":77021,"date":"2024-07-06T00:00:59","date_gmt":"2024-07-06T03:00:59","guid":{"rendered":"https:\/\/www.adf.org.br\/home\/?p=77021"},"modified":"2024-07-05T10:53:59","modified_gmt":"2024-07-05T13:53:59","slug":"vela-virtual-a-nossa-senhora-para-solucionar-os-problemas","status":"publish","type":"post","link":"https:\/\/www.adf.org.br\/home\/vela-virtual-a-nossa-senhora-para-solucionar-os-problemas\/","title":{"rendered":"Vela Virtual \u00e0 Nossa Senhora para Solucionar os Problemas. Acenda aqui. \u00c9 gr\u00e1tis"},"content":{"rendered":"<figure id=\"attachment_76869\" aria-describedby=\"caption-attachment-76869\" style=\"width: 600px\" class=\"wp-caption aligncenter\"><img loading=\"lazy\" class=\"size-full wp-image-76869\" src=\"https:\/\/www.adf.org.br\/home\/wp-content\/uploads\/2024\/06\/header-11.jpg\" alt=\"Acenda uma Vela Virtual a Nossa Senhora e Suplique por Gra\u00e7as\" width=\"600\" height=\"400\" srcset=\"https:\/\/www.adf.org.br\/home\/wp-content\/uploads\/2024\/06\/header-11.jpg 600w, https:\/\/www.adf.org.br\/home\/wp-content\/uploads\/2024\/06\/header-11-300x200.jpg 300w\" sizes=\"(max-width: 600px) 100vw, 600px\" \/><figcaption id=\"caption-attachment-76869\" class=\"wp-caption-text\"><span style=\"color: #000000;\">Acenda uma Vela Virtual a Nossa Senhora e Suplique por Gra\u00e7as<\/span><\/figcaption><\/figure>\n<p><span style=\"color: #000000;\"><b>Pedi para Nossa Senhora levar essa mensagem para os meus amigos que lidam com dificuldades.<\/b><\/span><\/p>\n<p><span style=\"color: #000000;\">Se essa mensagem chegou a voc\u00ea&#8230; Ela ouviu minhas s\u00faplicas e \u00e9 a sua chance de resolver os seus problemas.<\/span><\/p>\n<p><span style=\"color: #000000;\"><strong>Ser\u00e1 celebrada a Missa de S\u00faplicas a Nossa Senhora pela Solu\u00e7\u00e3o dos Problemas<\/strong>.<\/span><\/p>\n<p><span style=\"color: #000000;\"><span style=\"text-decoration: underline;\"><span style=\"color: #0000ff;\"><a style=\"color: #0000ff; text-decoration: underline;\" href=\"https:\/\/adf.org.br\/velario\/problemas?origem=30607\">Acessando este site aqui voc\u00ea pode colocar os seus pedidos<\/a><\/span><\/span>, inten\u00e7\u00f5es e os nomes que desejar nessa Missa.<\/span><\/p>\n<p><span style=\"color: #000000;\"><b>Pe\u00e7a a solu\u00e7\u00e3o de todos os problemas da vida. Pode ser aqueles mais graves ou mais leves.<\/b><\/span><\/p>\n<p><span style=\"color: #000000;\">E se voc\u00ea n\u00e3o est\u00e1 lidando com algum problema, inclua seu nome do mesmo jeito. Fa\u00e7a isso como um gesto de agradecimento a Nossa Senhora pelas gra\u00e7as e pelos livramentos.\u00a0<span style=\"text-decoration: underline;\"><span style=\"color: #0000ff; text-decoration: underline;\"><strong><a style=\"color: #0000ff; text-decoration: underline;\" href=\"https:\/\/adf.org.br\/velario\/problemas?origem=30607\" target=\"_blank\" rel=\"noopener\" data-saferedirecturl=\"https:\/\/www.google.com\/url?q=https:\/\/e.allin.adf.org.br\/bendar\/?atmca%3D11319918%26atmme%3D1%26atmte%3D1%26atmso%3Dck%26utm_content%3D291917679%26atmem%3DZ2FicmllbC5iYXJib3NhLmFhc2NqQGdtYWlsLmNvbQ%3D%3D%26&amp;source=gmail&amp;ust=1720272597648000&amp;usg=AOvVaw2doDU_FP33VIR-V9pZNWY_\">Clique aqui<\/a><\/strong><\/span>.<\/span><\/span><\/p>\n<p><span style=\"color: #000000;\">Devemos sempre agradecer por tudo que a M\u00e3e de Deus faz por n\u00f3s, pois esse gesto nos concede ainda mais gra\u00e7as.<\/span><\/p>\n<p><span style=\"color: #000000;\">Portanto, n\u00e3o deixe de\u00a0<span style=\"text-decoration: underline;\"><span style=\"color: #0000ff;\"><a style=\"color: #0000ff; text-decoration: underline;\" href=\"https:\/\/adf.org.br\/velario\/problemas?origem=30607\" target=\"_blank\" rel=\"noopener\" data-saferedirecturl=\"https:\/\/www.google.com\/url?q=https:\/\/e.allin.adf.org.br\/bendar\/?atmca%3D11319918%26atmme%3D1%26atmte%3D1%26atmso%3Dck%26utm_content%3D291917679%26atmem%3DZ2FicmllbC5iYXJib3NhLmFhc2NqQGdtYWlsLmNvbQ%3D%3D%26&amp;source=gmail&amp;ust=1720272597648000&amp;usg=AOvVaw2doDU_FP33VIR-V9pZNWY_\">acessar aqui para incluir seu nome na Missa de S\u00faplicas a Nossa Senhora pela Solu\u00e7\u00e3o dos Problemas<\/a><\/span><\/span>.<\/span><\/p>\n<p><span style=\"color: #000000;\">N\u00e3o perca essa celebra\u00e7\u00e3o. Pode ser o sinal que voc\u00ea pediu a Nossa M\u00e3e.<\/span><\/p>\n<p><span style=\"color: #000000;\">Em Jesus e Maria,<\/span><\/p>\n<p><span style=\"color: #000000;\"><strong><i>Diretoria de Comunica\u00e7\u00e3o<br \/>\n<\/i><\/strong>Associa\u00e7\u00e3o Devotos de F\u00e1tima<\/span><\/p>\n","protected":false},"excerpt":{"rendered":"<p>Pedi para Nossa Senhora levar essa mensagem para os meus amigos que lidam com dificuldades. Se essa mensagem chegou a voc\u00ea&#8230; Ela ouviu minhas s\u00faplicas e \u00e9 a sua chance de resolver os seus problemas. Ser\u00e1 celebrada a Missa de S\u00faplicas a Nossa Senhora pela Solu\u00e7\u00e3o dos Problemas. Acessando este site aqui voc\u00ea pode colocar [&hellip;]<\/p>\n","protected":false},"author":31,"featured_media":77025,"comment_status":"open","ping_status":"open","sticky":false,"template":"","format":"standard","meta":[],"categories":[2332],"tags":[5182,5622,1397,5623,644],"yoast_head":"<!-- This site is optimized with the Yoast SEO plugin v17.4 - https:\/\/yoast.com\/wordpress\/plugins\/seo\/ -->\n<title>Vela Virtual \u00e0 Nossa Senhora para Solucionar os Problemas.<\/title>\n<meta name=\"description\" content=\"Acenda essa Vela Virtual a Nossa Senhora de F\u00e1tima e fa\u00e7a seus pedidos a ela pelas gra\u00e7as que precisa. \u00c9 gr\u00e1tis\" \/>\n<meta name=\"robots\" content=\"index, follow, max-snippet:-1, max-image-preview:large, max-video-preview:-1\" \/>\n<link rel=\"canonical\" href=\"https:\/\/www.adf.org.br\/home\/vela-virtual-a-nossa-senhora-para-solucionar-os-problemas\/\" \/>\n<meta property=\"og:locale\" content=\"pt_BR\" \/>\n<meta property=\"og:type\" content=\"article\" \/>\n<meta property=\"og:title\" content=\"Vela Virtual \u00e0 Nossa Senhora para Solucionar os Problemas.\" \/>\n<meta property=\"og:description\" content=\"Acenda essa Vela Virtual a Nossa Senhora de F\u00e1tima e fa\u00e7a seus pedidos a ela pelas gra\u00e7as que precisa. \u00c9 gr\u00e1tis\" \/>\n<meta property=\"og:url\" content=\"https:\/\/www.adf.org.br\/home\/vela-virtual-a-nossa-senhora-para-solucionar-os-problemas\/\" \/>\n<meta property=\"og:site_name\" content=\"Associa\u00e7\u00e3o Devotos de F\u00e1tima\" \/>\n<meta property=\"article:published_time\" content=\"2024-07-06T03:00:59+00:00\" \/>\n<meta property=\"article:modified_time\" content=\"2024-07-05T13:53:59+00:00\" \/>\n<meta property=\"og:image\" content=\"https:\/\/www.adf.org.br\/home\/wp-content\/uploads\/2024\/07\/Acenda-Vela-Nossa-Senhora.png\" \/>\n\t<meta property=\"og:image:width\" content=\"1200\" \/>\n\t<meta property=\"og:image:height\" content=\"650\" \/>\n<meta name=\"twitter:card\" content=\"summary_large_image\" \/>\n<meta name=\"twitter:label1\" content=\"Escrito por\" \/>\n\t<meta name=\"twitter:data1\" content=\"Gabriel Barbosa\" \/>\n\t<meta name=\"twitter:label2\" content=\"Est. tempo de leitura\" \/>\n\t<meta name=\"twitter:data2\" content=\"1 minuto\" \/>\n<script type=\"application\/ld+json\" class=\"yoast-schema-graph\">{\"@context\":\"https:\/\/schema.org\",\"@graph\":[{\"@type\":\"WebSite\",\"@id\":\"https:\/\/www.adf.org.br\/home\/#website\",\"url\":\"https:\/\/www.adf.org.br\/home\/\",\"name\":\"Associa\\u00e7\\u00e3o Devotos de F\\u00e1tima\",\"description\":\"Associa\\u00e7\\u00e3o Devotos de F\\u00e1tima\",\"potentialAction\":[{\"@type\":\"SearchAction\",\"target\":{\"@type\":\"EntryPoint\",\"urlTemplate\":\"https:\/\/www.adf.org.br\/home\/?s={search_term_string}\"},\"query-input\":\"required name=search_term_string\"}],\"inLanguage\":\"pt-BR\"},{\"@type\":\"ImageObject\",\"@id\":\"https:\/\/www.adf.org.br\/home\/vela-virtual-a-nossa-senhora-para-solucionar-os-problemas\/#primaryimage\",\"inLanguage\":\"pt-BR\",\"url\":\"https:\/\/www.adf.org.br\/home\/wp-content\/uploads\/2024\/07\/Acenda-Vela-Nossa-Senhora.png\",\"contentUrl\":\"https:\/\/www.adf.org.br\/home\/wp-content\/uploads\/2024\/07\/Acenda-Vela-Nossa-Senhora.png\",\"width\":1200,\"height\":650,\"caption\":\"Acenda Vela Nossa Senhora\"},{\"@type\":\"WebPage\",\"@id\":\"https:\/\/www.adf.org.br\/home\/vela-virtual-a-nossa-senhora-para-solucionar-os-problemas\/#webpage\",\"url\":\"https:\/\/www.adf.org.br\/home\/vela-virtual-a-nossa-senhora-para-solucionar-os-problemas\/\",\"name\":\"Vela Virtual \\u00e0 Nossa Senhora para Solucionar os Problemas.\",\"isPartOf\":{\"@id\":\"https:\/\/www.adf.org.br\/home\/#website\"},\"primaryImageOfPage\":{\"@id\":\"https:\/\/www.adf.org.br\/home\/vela-virtual-a-nossa-senhora-para-solucionar-os-problemas\/#primaryimage\"},\"datePublished\":\"2024-07-06T03:00:59+00:00\",\"dateModified\":\"2024-07-05T13:53:59+00:00\",\"author\":{\"@id\":\"https:\/\/www.adf.org.br\/home\/#\/schema\/person\/f35a5c5aa7728a3dedf4ea9aa1fc2753\"},\"description\":\"Acenda essa Vela Virtual a Nossa Senhora de F\\u00e1tima e fa\\u00e7a seus pedidos a ela pelas gra\\u00e7as que precisa. \\u00c9 gr\\u00e1tis\",\"breadcrumb\":{\"@id\":\"https:\/\/www.adf.org.br\/home\/vela-virtual-a-nossa-senhora-para-solucionar-os-problemas\/#breadcrumb\"},\"inLanguage\":\"pt-BR\",\"potentialAction\":[{\"@type\":\"ReadAction\",\"target\":[\"https:\/\/www.adf.org.br\/home\/vela-virtual-a-nossa-senhora-para-solucionar-os-problemas\/\"]}]},{\"@type\":\"BreadcrumbList\",\"@id\":\"https:\/\/www.adf.org.br\/home\/vela-virtual-a-nossa-senhora-para-solucionar-os-problemas\/#breadcrumb\",\"itemListElement\":[{\"@type\":\"ListItem\",\"position\":1,\"name\":\"Home\",\"item\":\"https:\/\/www.adf.org.br\/home\/\"},{\"@type\":\"ListItem\",\"position\":2,\"name\":\"Vela Virtual \\u00e0 Nossa Senhora para Solucionar os Problemas. Acenda aqui. \\u00c9 gr\\u00e1tis\"}]},{\"@type\":\"Person\",\"@id\":\"https:\/\/www.adf.org.br\/home\/#\/schema\/person\/f35a5c5aa7728a3dedf4ea9aa1fc2753\",\"name\":\"Gabriel Barbosa\",\"image\":{\"@type\":\"ImageObject\",\"@id\":\"https:\/\/www.adf.org.br\/home\/#personlogo\",\"inLanguage\":\"pt-BR\",\"url\":\"https:\/\/secure.gravatar.com\/avatar\/2b2cb2f4637682c5605e8d36818f51ef?s=96&d=mm&r=g\",\"contentUrl\":\"https:\/\/secure.gravatar.com\/avatar\/2b2cb2f4637682c5605e8d36818f51ef?s=96&d=mm&r=g\",\"caption\":\"Gabriel Barbosa\"},\"url\":\"https:\/\/www.adf.org.br\/home\/author\/gabrielpmk-com-br\/\"}]}<\/script>\n<!-- \/ Yoast SEO plugin. -->","yoast_head_json":{"title":"Vela Virtual \u00e0 Nossa Senhora para Solucionar os Problemas.","description":"Acenda essa Vela Virtual a Nossa Senhora de F\u00e1tima e fa\u00e7a seus pedidos a ela pelas gra\u00e7as que precisa. \u00c9 gr\u00e1tis","robots":{"index":"index","follow":"follow","max-snippet":"max-snippet:-1","max-image-preview":"max-image-preview:large","max-video-preview":"max-video-preview:-1"},"canonical":"https:\/\/www.adf.org.br\/home\/vela-virtual-a-nossa-senhora-para-solucionar-os-problemas\/","og_locale":"pt_BR","og_type":"article","og_title":"Vela Virtual \u00e0 Nossa Senhora para Solucionar os Problemas.","og_description":"Acenda essa Vela Virtual a Nossa Senhora de F\u00e1tima e fa\u00e7a seus pedidos a ela pelas gra\u00e7as que precisa. \u00c9 gr\u00e1tis","og_url":"https:\/\/www.adf.org.br\/home\/vela-virtual-a-nossa-senhora-para-solucionar-os-problemas\/","og_site_name":"Associa\u00e7\u00e3o Devotos de F\u00e1tima","article_published_time":"2024-07-06T03:00:59+00:00","article_modified_time":"2024-07-05T13:53:59+00:00","og_image":[{"width":1200,"height":650,"url":"https:\/\/www.adf.org.br\/home\/wp-content\/uploads\/2024\/07\/Acenda-Vela-Nossa-Senhora.png","type":"image\/png"}],"twitter_card":"summary_large_image","twitter_misc":{"Escrito por":"Gabriel Barbosa","Est. tempo de leitura":"1 minuto"},"schema":{"@context":"https:\/\/schema.org","@graph":[{"@type":"WebSite","@id":"https:\/\/www.adf.org.br\/home\/#website","url":"https:\/\/www.adf.org.br\/home\/","name":"Associa\u00e7\u00e3o Devotos de F\u00e1tima","description":"Associa\u00e7\u00e3o Devotos de F\u00e1tima","potentialAction":[{"@type":"SearchAction","target":{"@type":"EntryPoint","urlTemplate":"https:\/\/www.adf.org.br\/home\/?s={search_term_string}"},"query-input":"required name=search_term_string"}],"inLanguage":"pt-BR"},{"@type":"ImageObject","@id":"https:\/\/www.adf.org.br\/home\/vela-virtual-a-nossa-senhora-para-solucionar-os-problemas\/#primaryimage","inLanguage":"pt-BR","url":"https:\/\/www.adf.org.br\/home\/wp-content\/uploads\/2024\/07\/Acenda-Vela-Nossa-Senhora.png","contentUrl":"https:\/\/www.adf.org.br\/home\/wp-content\/uploads\/2024\/07\/Acenda-Vela-Nossa-Senhora.png","width":1200,"height":650,"caption":"Acenda Vela Nossa Senhora"},{"@type":"WebPage","@id":"https:\/\/www.adf.org.br\/home\/vela-virtual-a-nossa-senhora-para-solucionar-os-problemas\/#webpage","url":"https:\/\/www.adf.org.br\/home\/vela-virtual-a-nossa-senhora-para-solucionar-os-problemas\/","name":"Vela Virtual \u00e0 Nossa Senhora para Solucionar os Problemas.","isPartOf":{"@id":"https:\/\/www.adf.org.br\/home\/#website"},"primaryImageOfPage":{"@id":"https:\/\/www.adf.org.br\/home\/vela-virtual-a-nossa-senhora-para-solucionar-os-problemas\/#primaryimage"},"datePublished":"2024-07-06T03:00:59+00:00","dateModified":"2024-07-05T13:53:59+00:00","author":{"@id":"https:\/\/www.adf.org.br\/home\/#\/schema\/person\/f35a5c5aa7728a3dedf4ea9aa1fc2753"},"description":"Acenda essa Vela Virtual a Nossa Senhora de F\u00e1tima e fa\u00e7a seus pedidos a ela pelas gra\u00e7as que precisa. \u00c9 gr\u00e1tis","breadcrumb":{"@id":"https:\/\/www.adf.org.br\/home\/vela-virtual-a-nossa-senhora-para-solucionar-os-problemas\/#breadcrumb"},"inLanguage":"pt-BR","potentialAction":[{"@type":"ReadAction","target":["https:\/\/www.adf.org.br\/home\/vela-virtual-a-nossa-senhora-para-solucionar-os-problemas\/"]}]},{"@type":"BreadcrumbList","@id":"https:\/\/www.adf.org.br\/home\/vela-virtual-a-nossa-senhora-para-solucionar-os-problemas\/#breadcrumb","itemListElement":[{"@type":"ListItem","position":1,"name":"Home","item":"https:\/\/www.adf.org.br\/home\/"},{"@type":"ListItem","position":2,"name":"Vela Virtual \u00e0 Nossa Senhora para Solucionar os Problemas. Acenda aqui. \u00c9 gr\u00e1tis"}]},{"@type":"Person","@id":"https:\/\/www.adf.org.br\/home\/#\/schema\/person\/f35a5c5aa7728a3dedf4ea9aa1fc2753","name":"Gabriel Barbosa","image":{"@type":"ImageObject","@id":"https:\/\/www.adf.org.br\/home\/#personlogo","inLanguage":"pt-BR","url":"https:\/\/secure.gravatar.com\/avatar\/2b2cb2f4637682c5605e8d36818f51ef?s=96&d=mm&r=g","contentUrl":"https:\/\/secure.gravatar.com\/avatar\/2b2cb2f4637682c5605e8d36818f51ef?s=96&d=mm&r=g","caption":"Gabriel Barbosa"},"url":"https:\/\/www.adf.org.br\/home\/author\/gabrielpmk-com-br\/"}]}},"_links":{"self":[{"href":"https:\/\/www.adf.org.br\/home\/wp-json\/wp\/v2\/posts\/77021"}],"collection":[{"href":"https:\/\/www.adf.org.br\/home\/wp-json\/wp\/v2\/posts"}],"about":[{"href":"https:\/\/www.adf.org.br\/home\/wp-json\/wp\/v2\/types\/post"}],"author":[{"embeddable":true,"href":"https:\/\/www.adf.org.br\/home\/wp-json\/wp\/v2\/users\/31"}],"replies":[{"embeddable":true,"href":"https:\/\/www.adf.org.br\/home\/wp-json\/wp\/v2\/comments?post=77021"}],"version-history":[{"count":4,"href":"https:\/\/www.adf.org.br\/home\/wp-json\/wp\/v2\/posts\/77021\/revisions"}],"predecessor-version":[{"id":77026,"href":"https:\/\/www.adf.org.br\/home\/wp-json\/wp\/v2\/posts\/77021\/revisions\/77026"}],"wp:featuredmedia":[{"embeddable":true,"href":"https:\/\/www.adf.org.br\/home\/wp-json\/wp\/v2\/media\/77025"}],"wp:attachment":[{"href":"https:\/\/www.adf.org.br\/home\/wp-json\/wp\/v2\/media?parent=77021"}],"wp:term":[{"taxonomy":"category","embeddable":true,"href":"https:\/\/www.adf.org.br\/home\/wp-json\/wp\/v2\/categories?post=77021"},{"taxonomy":"post_tag","embeddable":true,"href":"https:\/\/www.adf.org.br\/home\/wp-json\/wp\/v2\/tags?post=77021"}],"curies":[{"name":"wp","href":"https:\/\/api.w.org\/{rel}","templated":true}]}}